{"id":10643,"date":"2020-04-11T13:07:30","date_gmt":"2020-04-11T10:07:30","guid":{"rendered":"https:\/\/www.instatakipci.com\/blog\/?p=10643"},"modified":"2025-05-13T18:19:22","modified_gmt":"2025-05-13T15:19:22","slug":"instagram-fotograf-kalitesi-dusuyor-sorunu","status":"publish","type":"post","link":"https:\/\/www.fenomist.com\/blog\/instagram-fotograf-kalitesi-dusuyor-sorunu","title":{"rendered":"Instagram Foto\u011fraf Kalitesi D\u00fc\u015f\u00fcyor Sorunu"},"content":{"rendered":"\n<p>G\u00fcnl\u00fck 1 Milyar civar\u0131 kullan\u0131c\u0131n\u0131n payla\u015f\u0131mlarda bulundu\u011fu dev bir platform haline gelen <strong><a href=\"https:\/\/www.instagram.com\/\">Instagram<\/a> uygulamas\u0131nda, Instagram foto\u011fraf<\/strong> <strong>kalitesi<\/strong> bir\u00e7ok nedene ba\u011fl\u0131 olarak d\u00fc\u015f\u00fc\u015f g\u00f6sterebilmektedir. Hem hikaye payla\u015f\u0131mlar\u0131 hem di\u011fer g\u00f6rsel payla\u015f\u0131mlarda belirli kriterler sa\u011flayarak <strong>foto\u011fraf kalitesi artt\u0131rma<\/strong> y\u00f6ntemlerini deneyebilirsiniz. Hikaye g\u00f6nderimlerde mutlak surette belirli standartlara uyman\u0131z gerekiyor. G\u00f6rsel boyutlar\u0131n\u0131n uygun olmamas\u0131 halinde \u00e7\u00f6z\u00fcn\u00fcrl\u00fck kalitesinde belirgin bir kay\u0131p s\u00f6z konusu olmaktad\u0131r. Ancak <strong>Instagram kaliteli story <\/strong>atma veya kaliteli post atma sorununun engellenmesi basit dokunu\u015flarla m\u00fcmk\u00fcnd\u00fcr. Bu sayede kalitesinden \u00f6d\u00fcn vermeden t\u00fcm <strong>y\u00fcksek \u00e7\u00f6z\u00fcn\u00fcrl\u00fck<\/strong> ile y\u00fckleme yapabilirsiniz. Peki, ama bu nas\u0131l m\u00fcmk\u00fcn olacak?<\/p><div id=\"ez-toc-container\" class=\"ez-toc-v2_0_79_2 counter-hierarchy ez-toc-counter ez-toc-grey ez-toc-container-direction\">\n<div class=\"ez-toc-title-container\">\n<p class=\"ez-toc-title\" style=\"cursor:inherit\">\u0130\u00e7indekiler<\/p>\n<span class=\"ez-toc-title-toggle\"><a href=\"#\" class=\"ez-toc-pull-right ez-toc-btn ez-toc-btn-xs ez-toc-btn-default ez-toc-toggle\" aria-label=\"Toggle Table of Content\"><span class=\"ez-toc-js-icon-con\"><span class=\"\"><span class=\"eztoc-hide\" style=\"display:none;\">Toggle<\/span><span class=\"ez-toc-icon-toggle-span\"><svg style=\"fill: #999;color:#999\" xmlns=\"http:\/\/www.w3.org\/2000\/svg\" class=\"list-377408\" width=\"20px\" height=\"20px\" viewBox=\"0 0 24 24\" fill=\"none\"><path d=\"M6 6H4v2h2V6zm14 0H8v2h12V6zM4 11h2v2H4v-2zm16 0H8v2h12v-2zM4 16h2v2H4v-2zm16 0H8v2h12v-2z\" fill=\"currentColor\"><\/path><\/svg><svg style=\"fill: #999;color:#999\" class=\"arrow-unsorted-368013\" xmlns=\"http:\/\/www.w3.org\/2000\/svg\" width=\"10px\" height=\"10px\" viewBox=\"0 0 24 24\" version=\"1.2\" baseProfile=\"tiny\"><path d=\"M18.2 9.3l-6.2-6.3-6.2 6.3c-.2.2-.3.4-.3.7s.1.5.3.7c.2.2.4.3.7.3h11c.3 0 .5-.1.7-.3.2-.2.3-.5.3-.7s-.1-.5-.3-.7zM5.8 14.7l6.2 6.3 6.2-6.3c.2-.2.3-.5.3-.7s-.1-.5-.3-.7c-.2-.2-.4-.3-.7-.3h-11c-.3 0-.5.1-.7.3-.2.2-.3.5-.3.7s.1.5.3.7z\"\/><\/svg><\/span><\/span><\/span><\/a><\/span><\/div>\n<nav><ul class='ez-toc-list ez-toc-list-level-1 ' ><li class='ez-toc-page-1 ez-toc-heading-level-2'><a class=\"ez-toc-link ez-toc-heading-1\" href=\"https:\/\/www.fenomist.com\/blog\/instagram-fotograf-kalitesi-dusuyor-sorunu\/#Instagramda_Fotograf_Nasil_Paylasilmali\" >Instagram\u2019da Foto\u011fraf Nas\u0131l Payla\u015f\u0131lmal\u0131?<\/a><\/li><li class='ez-toc-page-1 ez-toc-heading-level-2'><a class=\"ez-toc-link ez-toc-heading-2\" href=\"https:\/\/www.fenomist.com\/blog\/instagram-fotograf-kalitesi-dusuyor-sorunu\/#Instagram_Kalite_Bozmadan_Fotograf_Cekimi_Nasil_Yapilir\" >Instagram Kalite Bozmadan Foto\u011fraf \u00c7ekimi Nas\u0131l Yap\u0131l\u0131r?&nbsp;<\/a><\/li><li class='ez-toc-page-1 ez-toc-heading-level-2'><a class=\"ez-toc-link ez-toc-heading-3\" href=\"https:\/\/www.fenomist.com\/blog\/instagram-fotograf-kalitesi-dusuyor-sorunu\/#Yuksek_Kalitede_Instagram_Fotografi_Uygulamalari\" >Y\u00fcksek Kalitede Instagram Foto\u011fraf\u0131 Uygulamalar\u0131<\/a><ul class='ez-toc-list-level-3' ><li class='ez-toc-heading-level-3'><a class=\"ez-toc-link ez-toc-heading-4\" href=\"https:\/\/www.fenomist.com\/blog\/instagram-fotograf-kalitesi-dusuyor-sorunu\/#Bu_makale_faydali_miydi\" >Bu makale faydal\u0131 m\u0131yd\u0131?<\/a><\/li><\/ul><\/li><li class='ez-toc-page-1 ez-toc-heading-level-2'><a class=\"ez-toc-link ez-toc-heading-5\" href=\"https:\/\/www.fenomist.com\/blog\/instagram-fotograf-kalitesi-dusuyor-sorunu\/#Hakkinda_Sikca_Sorulan_Sorular\" >Hakk\u0131nda S\u0131k\u00e7a Sorulan Sorular<\/a><\/li><\/ul><\/nav><\/div>\n\n\n\n\n<figure class=\"wp-block-embed aligncenter is-type-video is-provider-youtube wp-block-embed-youtube wp-embed-aspect-16-9 wp-has-aspect-ratio\"><div class=\"wp-block-embed__wrapper\">\n<iframe title=\"6 Ad\u0131mda Instagram Story - Video ve Foto\u011fraf Kalitesi Artt\u0131rma\" width=\"640\" height=\"360\" src=\"https:\/\/www.youtube.com\/embed\/2JZxwoV9by4?feature=oembed\" frameborder=\"0\" allow=\"accelerometer; autoplay; clipboard-write; encrypted-media; gyroscope; picture-in-picture; web-share\" referrerpolicy=\"strict-origin-when-cross-origin\" allowfullscreen><\/iframe><script type=\"application\/ld+json\">\n    {\n      \"@context\": \"https:\/\/schema.org\",\n      \"@type\": \"VideoObject\",\n      \"name\": \"6 Ad\u0131mda Instagram Story - Video ve Foto\u011fraf Kalitesi Artt\u0131rma\",\n      \"description\": \"Instagram Foto\u011fraf Kalitesi D\u00fc\u015f\u00fcyor Sorunu\",\n      \"thumbnailUrl\": \"https:\/\/i.ytimg.com\/vi_webp\/2JZxwoV9by4\/mqdefault.webp\",\n      \"embedUrl\": \"https:\/\/www.youtube.com\/embed\/2JZxwoV9by4?feature=oembed\",\n      \"uploadDate\": \"May 13, 2025 3:19 pm\"\n    }\n    <\/script>\n<\/div><\/figure>\n\n\n\n<h2 class=\"wp-block-heading\"><span class=\"ez-toc-section\" id=\"Instagramda_Fotograf_Nasil_Paylasilmali\"><\/span>Instagram\u2019da Foto\u011fraf Nas\u0131l Payla\u015f\u0131lmal\u0131?<span class=\"ez-toc-section-end\"><\/span><\/h2>\n\n\n\n<p>Instagrama atmay\u0131 d\u00fc\u015f\u00fcnd\u00fc\u011f\u00fcm\u00fcz foto\u011fraflar\u0131n \u00e7\u00f6z\u00fcn\u00fcrl\u00fcklerini kaybetmemesi i\u00e7in yapabilece\u011finiz <strong>foto\u011fraf kalitesi artt\u0131rma<\/strong> y\u00f6ntemler mevcut. Gelin bu y\u00f6ntemler nelerdir birlikte bakal\u0131m.<\/p>\n\n\n\n<ul class=\"wp-block-list\">\n<li>\u0130lk olarak telefon ile yap\u0131lan \u00e7ekimlerde dikey kullan\u0131m son derece b\u00fcy\u00fck \u00f6nem ta\u015f\u0131maktad\u0131r. Netlik kaybolmamas\u0131 ve <strong>kalite kayb\u0131<\/strong> ya\u015fanmamas\u0131 i\u00e7in <strong>foto\u011fraf <\/strong>\u00e7ekimlerinin bu \u015fekilde olmas\u0131 gerekiyor<\/li>\n\n\n\n<li>1080 x 1920 piksel \u00e7\u00f6z\u00fcn\u00fcrl\u00fc\u011f\u00fc hikaye i\u00e7in, 1080 x 1080 (1:1), 1080 x 1350 (4:5), 1080 x 608 (1.91,1 )  ise <a href=\"https:\/\/www.fenomist.com\/blog\/instagram-post-nedir\">Instagram post<\/a> i\u00e7in en uygun olan\u0131d\u0131r. Bu formatlar Instagram i\u00e7in alt\u0131n oran niteli\u011fi ta\u015f\u0131r. Daha y\u00fcksek oranlarla <strong>foto\u011fraf geni\u015fletmek<\/strong> arad\u0131\u011f\u0131n\u0131 \u00e7\u00f6z\u00fcm olmayabilir. \u00d6l\u00e7\u00fclerin d\u0131\u015f\u0131na \u00e7\u0131kmamaya \u00e7al\u0131\u015f\u0131n.<\/li>\n\n\n\n<li><strong>\u00c7\u00f6z\u00fcn\u00fcrl\u00fck y\u00fckleme<\/strong> durumlar\u0131n\u0131n yap\u0131lmamas\u0131 halinde foto\u011fraflarda \u00e7e\u015fitli kay\u0131plar olabilmektedir. Instagram i\u00e7erisinde y\u00fcksek kalitede foto\u011fraflar eklemek i\u00e7in Instagram \u00fczerinde yapabilece\u011finiz ayarlar mevcut. Instagram profilinizde gidin ve sa\u011f \u00fcst k\u00f6\u015fedeki&nbsp; \u00fc\u00e7 \u00e7izgiye t\u0131klay\u0131n. Ard\u0131ndan Ayarlar\u2019 a gelin ve H\u00fccresel Veri Kullan\u0131m\u0131 ad\u0131mlar\u0131n\u0131 H\u00fccresel + Wifi se\u00e7ece\u011fini i\u015faretleyin. Bu y\u00f6ntem y\u00fcklenen foto\u011fraflar\u0131n s\u0131k\u0131\u015ft\u0131r\u0131lmamas\u0131n\u0131 sa\u011flar ve foto\u011fraflar\u0131n kalitesini artt\u0131r\u0131r.<\/li>\n\n\n\n<li> E\u011fer foto\u011fraflar\u0131n\u0131z\u0131 y\u00fcksek kalitede profesyonel foto\u011fraf makineleri ile \u00e7ektiyseniz ( DSL ) \u00e7ekilen foto\u011fraflar\u0131n Instagram oran ve \u015fartlar\u0131na uygun hale getirmeyi unutmay\u0131n.<\/li>\n<\/ul>\n\n\n<div class=\"bestSellListContainer bestByProduct price w-100\">\n    <div class=\"bestSellList best-card\">\n        <div class=\"bestSell-list bestsell nowrap slick-initialized slick-slider\" data-slide=\"12\">\n            <div class=\"slick-list swiper best-product-slider draggable\">\n                <div class=\"slick-track swiper-wrapper\">\n<div class=\"slide swiper-slide slick-slide\" data-slick-index=\"3\"\n     aria-hidden=\"true\"\n     tabindex=\"-1\">\n    <div class=\"card border-bestSell\">\n        <a href=\"https:\/\/www.fenomist.com\/instagram-turk-takipci?amount=2500&ps4\" class=\"stretched-link blog-product-slider\" target=\"_blank\"\n           tabindex=\"-1\"><\/a>\n        <div class=\"card-header btn-like-color btn-like-bg-color\">\n           <img decoding=\"async\" src=\"https:\/\/www.fenomist.com\/blog\/wp-content\/uploads\/instagram-takipci-slide.webp\" width=\"64\" height=\"64\">\n        <\/div>\n        <div class=\"card-body\">\n            <div class=\"best-name btn-like-color\">Instagram Takip\u00e7i<\/div>\n            <div class=\"best-amount\">2.500<\/div>\n            <hr class=\"border-like\">\n        <\/div>\n        <div class=\"card-footer\">\n            <div class='best-discount'>%36 Discounted<\/div>            <div>\n                <p class='pricesClass pricesOld'> 625\u20ba <\/p>                <p class=\"h4 text-black\">397.25\u20ba<\/p>\n            <\/div>\n            <input type=\"button\" value=\"Buy Now\" class=\"btn-primary btn\">\n        <\/div>\n    <\/div>\n<\/div>\n<div class=\"slide swiper-slide slick-slide\" data-slick-index=\"3\"\n     aria-hidden=\"true\"\n     tabindex=\"-1\">\n    <div class=\"card border-bestSell\">\n        <a href=\"https:\/\/www.fenomist.com\/instagram-begeni-satin-al?amount=250&ps4\" class=\"stretched-link blog-product-slider\" target=\"_blank\"\n           tabindex=\"-1\"><\/a>\n        <div class=\"card-header btn-like-color btn-like-bg-color\">\n           <img decoding=\"async\" src=\"https:\/\/www.fenomist.com\/blog\/wp-content\/uploads\/instagram-begeni-slide.webp\" width=\"64\" height=\"64\">\n        <\/div>\n        <div class=\"card-body\">\n            <div class=\"best-name btn-like-color\">Instagram Be\u011feni<\/div>\n            <div class=\"best-amount\">250<\/div>\n            <hr class=\"border-like\">\n        <\/div>\n        <div class=\"card-footer\">\n            <div class='best-discount'>%40 Discounted<\/div>            <div>\n                <p class='pricesClass pricesOld'> 34.38\u20ba <\/p>                <p class=\"h4 text-black\">20.75\u20ba<\/p>\n            <\/div>\n            <input type=\"button\" value=\"Buy Now\" class=\"btn-primary btn\">\n        <\/div>\n    <\/div>\n<\/div>\n<div class=\"slide swiper-slide slick-slide\" data-slick-index=\"3\"\n     aria-hidden=\"true\"\n     tabindex=\"-1\">\n    <div class=\"card border-bestSell\">\n        <a href=\"https:\/\/www.fenomist.com\/tiktok-takipci-satin-al?amount=2500&ps4\" class=\"stretched-link blog-product-slider\" target=\"_blank\"\n           tabindex=\"-1\"><\/a>\n        <div class=\"card-header btn-like-color btn-like-bg-color\">\n           <img decoding=\"async\" src=\"https:\/\/www.fenomist.com\/blog\/wp-content\/uploads\/tiktok-begeni-slide.webp\" width=\"64\" height=\"64\">\n        <\/div>\n        <div class=\"card-body\">\n            <div class=\"best-name btn-like-color\">TikTok Takip\u00e7i<\/div>\n            <div class=\"best-amount\">2.500<\/div>\n            <hr class=\"border-like\">\n        <\/div>\n        <div class=\"card-footer\">\n            <div class='best-discount'>%65 Discounted<\/div>            <div>\n                <p class='pricesClass pricesOld'> 750\u20ba <\/p>                <p class=\"h4 text-black\">262.5\u20ba<\/p>\n            <\/div>\n            <input type=\"button\" value=\"Buy Now\" class=\"btn-primary btn\">\n        <\/div>\n    <\/div>\n<\/div>\n<div class=\"slide swiper-slide slick-slide\" data-slick-index=\"3\"\n     aria-hidden=\"true\"\n     tabindex=\"-1\">\n    <div class=\"card border-bestSell\">\n        <a href=\"https:\/\/www.fenomist.com\/tiktok-begeni-satin-al?amount=100&ps4\" class=\"stretched-link blog-product-slider\" target=\"_blank\"\n           tabindex=\"-1\"><\/a>\n        <div class=\"card-header btn-like-color btn-like-bg-color\">\n           <img decoding=\"async\" src=\"https:\/\/www.fenomist.com\/blog\/wp-content\/uploads\/tiktok-begeni-slide.webp\" width=\"64\" height=\"64\">\n        <\/div>\n        <div class=\"card-body\">\n            <div class=\"best-name btn-like-color\">TikTok Be\u011feni<\/div>\n            <div class=\"best-amount\">100<\/div>\n            <hr class=\"border-like\">\n        <\/div>\n        <div class=\"card-footer\">\n            <div class='best-discount'>%20 Discounted<\/div>            <div>\n                <p class='pricesClass pricesOld'> 19.9\u20ba <\/p>                <p class=\"h4 text-black\">15.99\u20ba<\/p>\n            <\/div>\n            <input type=\"button\" value=\"Buy Now\" class=\"btn-primary btn\">\n        <\/div>\n    <\/div>\n<\/div>\n<div class=\"slide swiper-slide slick-slide\" data-slick-index=\"3\"\n     aria-hidden=\"true\"\n     tabindex=\"-1\">\n    <div class=\"card border-bestSell\">\n        <a href=\"https:\/\/www.fenomist.com\/instagram-yorum-satin-al?amount=10&ps4\" class=\"stretched-link blog-product-slider\" target=\"_blank\"\n           tabindex=\"-1\"><\/a>\n        <div class=\"card-header btn-like-color btn-like-bg-color\">\n           <img decoding=\"async\" src=\"https:\/\/www.fenomist.com\/blog\/wp-content\/uploads\/instagram-takipci-slide.webp\" width=\"64\" height=\"64\">\n        <\/div>\n        <div class=\"card-body\">\n            <div class=\"best-name btn-like-color\">Instagram Yorum<\/div>\n            <div class=\"best-amount\">10<\/div>\n            <hr class=\"border-like\">\n        <\/div>\n        <div class=\"card-footer\">\n            <div class='best-discount'>%4 Discounted<\/div>            <div>\n                <p class='pricesClass pricesOld'> 30.08\u20ba <\/p>                <p class=\"h4 text-black\">28.85\u20ba<\/p>\n            <\/div>\n            <input type=\"button\" value=\"Buy Now\" class=\"btn-primary btn\">\n        <\/div>\n    <\/div>\n<\/div>\n<\/div>\n<div class=\"custom-pagination swiper-pagination\"><\/div>\n<\/div>\n<\/div>\n<\/div>\n<\/div>\n\n\n\n\n<div class=\"wp-block-image\">\n<figure class=\"aligncenter size-full\"><img loading=\"lazy\" decoding=\"async\" width=\"901\" height=\"566\" src=\"https:\/\/www.fenomist.com\/blog\/wp-content\/uploads\/instagram-fotograf-boyutu-nasil-olmali.png\" alt=\"instagram foto\u011fraf boyutu nas\u0131l olmal\u0131\" class=\"wp-image-36605\" srcset=\"https:\/\/www.fenomist.com\/blog\/wp-content\/uploads\/instagram-fotograf-boyutu-nasil-olmali.png 901w, https:\/\/www.fenomist.com\/blog\/wp-content\/uploads\/instagram-fotograf-boyutu-nasil-olmali-768x482.png 768w\" sizes=\"(max-width: 901px) 100vw, 901px\" \/><\/figure><\/div>\n\n\n<h2 class=\"wp-block-heading\"><span class=\"ez-toc-section\" id=\"Instagram_Kalite_Bozmadan_Fotograf_Cekimi_Nasil_Yapilir\"><\/span>Instagram Kalite Bozmadan Foto\u011fraf \u00c7ekimi Nas\u0131l Yap\u0131l\u0131r?&nbsp;<span class=\"ez-toc-section-end\"><\/span><\/h2>\n\n\n\n<p>Kalitenin bozulmamas\u0131 ad\u0131na cihaz ve \u00e7ekim durumlar\u0131 b\u00fcy\u00fck \u00f6neme sahiptir. S\u0131kl\u0131kla duyulan kalite d\u00fc\u015f\u00fcyor sorunlar\u0131n\u0131n ya\u015fanmamas\u0131 i\u00e7in \u00e7ekim a\u00e7\u0131s\u0131, \u00e7ekim durumu ve \u00e7ekim uzakl\u0131\u011f\u0131 dahi etkili olmaktad\u0131r. Kalite artt\u0131rma noktas\u0131nda yap\u0131lacaklar yaln\u0131zca \u00e7ekim an\u0131nda ve \u00f6ncesinde ile s\u0131n\u0131rl\u0131 de\u011fildir. Sonras\u0131nda da mutlaka \u00e7e\u015fitli de\u011fi\u015fimler, d\u00fczenlemeler olabilmektedir. <\/p>\n\n\n\n<ul class=\"wp-block-list\">\n<li>Bunlardan bir tanesi olan bir ba\u015fka y\u00f6ntem olarak gerek g\u00f6rsel gerek video \u00e7ekimleri sonras\u0131nda \u00e7\u00f6z\u00fcn\u00fcrl\u00fc\u011f\u00fcn bilgisayarla uyumlu hale getirilmesidir. Bilgisayara \u00e7evrimi\u00e7i ba\u011flant\u0131 kurarak g\u00f6rsellerin <strong>\u00e7\u00f6z\u00fcn\u00fcrl\u00fck<\/strong> kalitelerini istedi\u011finiz gibi ayarlayabilirsiniz. <\/li>\n<\/ul>\n\n\n\n<ul class=\"wp-block-list\">\n<li>Ayr\u0131ca bilgisayarda bulunan g\u00f6rsel d\u00fczenleyici programlar\u0131n kullan\u0131m\u0131 da s\u00f6z konusudur. <strong>Instagram foto\u011fraf payla\u015fma<\/strong> yapmadan \u00f6nce k\u0131rpma, k\u00fc\u00e7\u00fcltme, d\u00f6nd\u00fcrme ya da netle\u015ftirme i\u015flemlerini gayet basit \u015fekilde yapabilirsiniz. <\/li>\n<\/ul>\n\n\n\n<ul class=\"wp-block-list\">\n<li>Son olarak son zamanlarda b\u00fct\u00fcn telefonlarda foto\u011fraflar\u0131 \u00e7ekmeden \u00f6nce yapabilece\u011finiz oran \u00f6zellikleri mevcuttur. Telefonunun kameras\u0131 ile foto\u011fraf \u00e7ekmeden \u00f6nce ilgili ayarlar\u0131 yapabilirsiniz.<\/li>\n<\/ul>\n\n\n\n<p>\u0130\u00e7eri\u011fimizi faydal\u0131 bulduysan\u0131z ; <a href=\"https:\/\/www.fenomist.com\/blog\/instagram-hikaye-cozunurlugu-nasil-ayarlanir\">Instagram Hikaye \u00c7\u00f6z\u00fcn\u00fcrl\u00fc\u011f\u00fc Nas\u0131l Ayarlan\u0131r?<\/a> yaz\u0131m\u0131za da g\u00f6z at\u0131n!<\/p>\n\n\n<div class=\"wp-block-image\">\n<figure class=\"aligncenter size-full\"><img loading=\"lazy\" decoding=\"async\" width=\"960\" height=\"480\" src=\"https:\/\/www.fenomist.com\/blog\/wp-content\/uploads\/yu\u0308ksek-kalitede-instagram-fotog\u0306rafi-uygulamalari-.jpg\" alt=\"Y\u00fcksek Kalitede Instagram Foto\u011fraf\u0131 Uygulamalar\u0131 \" class=\"wp-image-44119\" srcset=\"https:\/\/www.fenomist.com\/blog\/wp-content\/uploads\/yu\u0308ksek-kalitede-instagram-fotog\u0306rafi-uygulamalari-.jpg 960w, https:\/\/www.fenomist.com\/blog\/wp-content\/uploads\/yu\u0308ksek-kalitede-instagram-fotog\u0306rafi-uygulamalari--768x384.jpg 768w\" sizes=\"(max-width: 960px) 100vw, 960px\" \/><\/figure><\/div>\n\n\n<h2 class=\"wp-block-heading\"><span class=\"ez-toc-section\" id=\"Yuksek_Kalitede_Instagram_Fotografi_Uygulamalari\"><\/span>Y\u00fcksek Kalitede Instagram Foto\u011fraf\u0131 Uygulamalar\u0131 <span class=\"ez-toc-section-end\"><\/span><\/h2>\n\n\n\n<p>Instagram fenomenleri taraf\u0131ndan da s\u0131kl\u0131kla kullan\u0131lan foto\u011fraf d\u00fczenleyici programlarla \u00e7ok daha etkili payla\u015f\u0131mlar yapabilirsiniz. \u0130stenilen tarzda foto\u011fraflar\u0131 d\u00fczenleyebilirsiniz, Photoshop ve efektler verebilirsiniz, \u00e7ok daha ilgi \u00e7ekici hale gelmelerini sa\u011flayabilirsiniz. Haval\u0131 foto\u011fraf \u00e7ekim \u00f6zellikleri de var olurken en kaliteli filtre kullan\u0131mlar\u0131 da bulunmaktad\u0131r. Do\u011fru foto\u011fraf \u00e7ekimi kadar \u00f6nemli olan uygulamalar\u0131n ba\u015f\u0131nda <strong>Snapseed<\/strong> gelir. \u00c7ok daha profesyonel g\u00f6rsellerin ortaya \u00e7\u0131kmas\u0131 i\u00e7in kullanabilirsiniz. Uygulama olduk\u00e7a detayl\u0131d\u0131r. Ancak yine de pratik ve zahmetsiz kullan\u0131m\u0131ndan dolay\u0131 tercih edebilirsiniz. <strong>Instagram foto\u011fraf<\/strong> <strong>kalitesi<\/strong> y\u00fckseltmek ve etkileyici g\u00f6r\u00fcn\u00fcm\u00fcn yakalanmas\u0131 i\u00e7in \u00f6nerilebilecek uygulamalar\u0131n ba\u015f\u0131nda gelir.<\/p>\n\n\n\n<p>Son y\u0131llarda pop\u00fcler olan hareketli foto\u011fraf \u00e7ekimlerinde <strong>y\u00fcksek \u00e7\u00f6z\u00fcn\u00fcrl\u00fck kalitesi<\/strong> i\u00e7in ilk uygulama <strong>Mextures<\/strong> olmaktad\u0131r. Netli\u011fin korunmas\u0131 sa\u011fland\u0131\u011f\u0131 gibi ayn\u0131 zamanda daha ilgi \u00e7ekici vintage efektleri de bulabilirsiniz. Bu efektler sayesinde payla\u015f\u0131mlar\u0131n\u0131z\u0131n daha fazla etkile\u015fim kazanmas\u0131n\u0131 sa\u011flayabilirsiniz. Tek bir alan\u0131n \u015fa\u015f\u0131rt\u0131c\u0131 \u00e7ekimi i\u00e7in ise <strong>Rokkie Cam<\/strong> uygulamas\u0131n\u0131 tercih edilebilirsiniz. Instagram fenomenlerinin bir hayli yo\u011fun kulland\u0131\u011f\u0131 bir ba\u015fka foto\u011fraf d\u00fczenleme program\u0131 is <strong>VSCO<\/strong> olurken filtre imkanlar\u0131yla benzersizdir. HDR foto\u011fraflar\u0131ndan \u00e7ok daha iyi sonu\u00e7lar sunmas\u0131 da kullan\u0131m\u0131m\u0131n k\u0131sa zamanda yayg\u0131nla\u015fmas\u0131n\u0131 sa\u011flam\u0131\u015ft\u0131r. Gerek foto\u011fraf \u00e7ekiminde dikkat edilecek hususlar\u0131n bilinmesi gerek sonras\u0131ndaki d\u00fczenleyici programlar\u0131n\u0131n kullan\u0131m\u0131yla e\u015fsiz g\u00f6rseller payla\u015f\u0131labilir.<\/p>\n\n\n\n<figure class=\"wp-block-embed is-type-video is-provider-youtube wp-block-embed-youtube wp-embed-aspect-16-9 wp-has-aspect-ratio\"><div class=\"wp-block-embed__wrapper\">\n<iframe title=\"Instagram&#039; a Kaliteli Foto\u011fraf Y\u00fckleme 2019 - 4K\" width=\"640\" height=\"360\" src=\"https:\/\/www.youtube.com\/embed\/mqo3VMA-AaE?feature=oembed\" frameborder=\"0\" allow=\"accelerometer; autoplay; clipboard-write; encrypted-media; gyroscope; picture-in-picture; web-share\" referrerpolicy=\"strict-origin-when-cross-origin\" allowfullscreen><\/iframe><script type=\"application\/ld+json\">\n    {\n      \"@context\": \"https:\/\/schema.org\",\n      \"@type\": \"VideoObject\",\n      \"name\": \"Instagram&#039; a Kaliteli Foto\u011fraf Y\u00fckleme 2019 - 4K\",\n      \"description\": \"Instagram Foto\u011fraf Kalitesi D\u00fc\u015f\u00fcyor Sorunu\",\n      \"thumbnailUrl\": \"https:\/\/i.ytimg.com\/vi_webp\/mqo3VMA-AaE\/mqdefault.webp\",\n      \"embedUrl\": \"https:\/\/www.youtube.com\/embed\/mqo3VMA-AaE?feature=oembed\",\n      \"uploadDate\": \"May 13, 2025 3:19 pm\"\n    }\n    <\/script>\n<\/div><\/figure>\n\n\n\n<div class=\"schema-faq wp-block-yoast-faq-block\">      <\/div>\n\r\n\t\t\t<div id=\"daexthefu-container\"\r\n\t\t\t\tclass=\"daexthefu-container daexthefu-layout-side-by-side daexthefu-alignment-left\"\r\n\t\t\t\tdata-post-id=\"10643\">\r\n\r\n\t\t\t\t<div class=\"daexthefu-feedback\">\r\n\t\t\t\t\t<div class=\"daexthefu-text\">\r\n\t\t\t\t\t\t<h3 class=\"daexthefu-title\"><span class=\"ez-toc-section\" id=\"Bu_makale_faydali_miydi\"><\/span>Bu makale faydal\u0131 m\u0131yd\u0131?<span class=\"ez-toc-section-end\"><\/span><\/h3>\r\n\t\t\t\t\t<\/div>\r\n\t\t\t\t\t<div class=\"daexthefu-buttons-container\">\r\n\t\t\t\t\t\t<div class=\"daexthefu-buttons\">\r\n\t\t\t\t\t\t\t\r\n\t\t\t<div class=\"daexthefu-yes daexthefu-button daexthefu-button-type-text\" data-value=\"1\">\r\n\t\t\t\t<div class=\"daexthefu-button-text\">Faydal\u0131<\/div>\r\n\t\t\t<\/div>\r\n\r\n\t\t\t\t\t\t\t\t\t\t\r\n\t\t\t<div class=\"daexthefu-no daexthefu-button daexthefu-button-type-text\" data-value=\"0\">\r\n\t\t\t\t<div class=\"daexthefu-button-text\">Geli\u015ftirilmeli<\/div>\r\n\t\t\t<\/div>\r\n\r\n\t\t\t\t\t\t\t\t\t<\/div>\r\n\t\t\t\t\t<\/div>\r\n\t\t\t\t<\/div>\r\n\r\n\t\t\t\t<div class=\"daexthefu-comment\">\r\n\t\t\t\t\t<div class=\"daexthefu-comment-top-container\">\r\n\t\t\t\t\t\t<label id=\"daexthefu-comment-label\" class=\"daexthefu-comment-label\"><\/label>\r\n\t\t\t\t\t\t\t\t\t\t\t\t\t<div class=\"daexthefu-comment-character-counter-container\">\r\n\t\t\t\t\t\t\t\t<div id=\"daexthefu-comment-character-counter-number\"\r\n\t\t\t\t\t\t\t\t\tclass=\"daexthefu-comment-character-counter-number\"><\/div>\r\n\t\t\t\t\t\t\t\t<div class=\"daexthefu-comment-character-counter-text\"><\/div>\r\n\t\t\t\t\t\t\t<\/div>\r\n\t\t\t\t\t\t\t\t\t\t\t<\/div>\r\n\t\t\t\t\t<textarea id=\"daexthefu-comment-textarea\" class=\"daexthefu-comment-textarea\"\r\n\t\t\t\t\t\t\t\tplaceholder=\"Mesaj\u0131n\u0131z\u0131 giriniz\"\r\n\t\t\t\t\t\t\t\tmaxlength=\"\r\n\t\t\t\t\t\t\t\t400\t\t\t\t\t\t\t\t\t\"><\/textarea>\r\n\t\t\t\t\t<div class=\"daexthefu-comment-buttons-container\">\r\n\t\t\t\t\t\t<button class=\"daexthefu-comment-submit daexthefu-button\">G\u00f6nder<\/button>\r\n\t\t\t\t\t\t<button class=\"daexthefu-comment-cancel daexthefu-button\">\u0130ptal<\/button>\r\n\t\t\t\t\t<\/div>\r\n\t\t\t\t<\/div>\r\n\r\n\t\t\t\t<div class=\"daexthefu-successful-submission-text\">Geri bildirim i\u00e7in te\u015fekk\u00fcr ederiz!<\/div>\r\n\r\n\t\t\t<\/div>\r\n\r\n\t\t\t\n    <div class=\"container\">\n        <div class=\"faq accordion faq-drop\" id=\"accordion\">\n            <h2 class=\"accordion-title\"><span class=\"ez-toc-section\" id=\"Hakkinda_Sikca_Sorulan_Sorular\"><\/span> Hakk\u0131nda S\u0131k\u00e7a Sorulan Sorular<span class=\"ez-toc-section-end\"><\/span><\/h2>\n            <div class=\"col-md-12 faq-card\">\n                    <div class=\"card faq\">\n                        <div class=\"card-header collapsed d-flex justify-content-between align-items-center\" id=\"heading0\"\n                             data-toggle=\"collapse\" data-target=\"#collapse_0\" aria-expanded=\"true\" role=\"button\"\n                             aria-controls=\"collapse_0\">\n                            <div class=\"btn btn-link text-dark font-weight-bold\">\n                               Instagram Foto\u011fraf Kalitesi Ayarlanabilir Mi?\n                            <\/div>\n                            <div class=\"btn-toogle\">\n                                <span><\/span>\n                                <span><\/span>\n                            <\/div>\n                        <\/div>\n                        <div id=\"collapse_0\" class=\"collapse\" aria-labelledby=\"heading0\" data-parent=\"#accordion\">\n                            <div class=\"card-body\">\n                                <p>Instagram&#8217;a foto\u011fraflar\u0131n\u0131z\u0131 y\u00fcklerken, efekt ve filtre ekleyebilirsiniz. Ancak herhangi bir \u015fekilde kalite se\u00e7meniz maalesef m\u00fcmk\u00fcn de\u011fildir. <\/p>\n                            <\/div>\n                        <\/div>\n                        <\/div>\n                        \n                    <div class=\"card faq\">\n                        <div class=\"card-header collapsed d-flex justify-content-between align-items-center\" id=\"heading1\"\n                             data-toggle=\"collapse\" data-target=\"#collapse_1\" aria-expanded=\"true\" role=\"button\"\n                             aria-controls=\"collapse_1\">\n                            <div class=\"btn btn-link text-dark font-weight-bold\">\n                               Instagram \u0130\u00e7in En Uygun \u00c7\u00f6z\u00fcn\u00fcrl\u00fck Nedir?\n                            <\/div>\n                            <div class=\"btn-toogle\">\n                                <span><\/span>\n                                <span><\/span>\n                            <\/div>\n                        <\/div>\n                        <div id=\"collapse_1\" class=\"collapse\" aria-labelledby=\"heading1\" data-parent=\"#accordion\">\n                            <div class=\"card-body\">\n                                <p>Instagram payla\u015f\u0131mlar\u0131n\u0131z i\u00e7in belirli bir \u00e7\u00f6z\u00fcn\u00fcrl\u00fck, payla\u015f\u0131mlar\u0131n\u0131z\u0131n daha kaliteli olmas\u0131n\u0131 sa\u011flayacakt\u0131r. Tavsiye edilen \u00e7\u00f6z\u00fcn\u00fcrl\u00fck, 1080X1920 \u015feklinde olan \u00e7\u00f6z\u00fcn\u00fcrl\u00fckt\u00fcr. <\/p>\n                            <\/div>\n                        <\/div>\n                        <\/div>\n                        \n                    <div class=\"card faq\">\n                        <div class=\"card-header collapsed d-flex justify-content-between align-items-center\" id=\"heading2\"\n                             data-toggle=\"collapse\" data-target=\"#collapse_2\" aria-expanded=\"true\" role=\"button\"\n                             aria-controls=\"collapse_2\">\n                            <div class=\"btn btn-link text-dark font-weight-bold\">\n                               Instagram Kalite Bozulmadan Foto\u011fraf \u00c7ekmek M\u00fcmk\u00fcn M\u00fc?\n                            <\/div>\n                            <div class=\"btn-toogle\">\n                                <span><\/span>\n                                <span><\/span>\n                            <\/div>\n                        <\/div>\n                        <div id=\"collapse_2\" class=\"collapse\" aria-labelledby=\"heading2\" data-parent=\"#accordion\">\n                            <div class=\"card-body\">\n                                <p>Instagram \u00fczerinden herhangi bir kalite bozuklu\u011fu ya\u015famadan foto\u011fraf \u00e7ekmeniz m\u00fcmk\u00fcnd\u00fcr. Tek yapman\u0131z gereken blog yaz\u0131m\u0131zda ki detaylar\u0131 okumak ve gerekli bilgilere ula\u015fmakt\u0131r. <\/p>\n                            <\/div>\n                        <\/div>\n                        <\/div>\n                        \n                    <div class=\"card faq\">\n                        <div class=\"card-header collapsed d-flex justify-content-between align-items-center\" id=\"heading3\"\n                             data-toggle=\"collapse\" data-target=\"#collapse_3\" aria-expanded=\"true\" role=\"button\"\n                             aria-controls=\"collapse_3\">\n                            <div class=\"btn btn-link text-dark font-weight-bold\">\n                               Y\u00fcksek Foto\u011fraf Kalitesi Ne Gibi Avantajlar Sa\u011flar?\n                            <\/div>\n                            <div class=\"btn-toogle\">\n                                <span><\/span>\n                                <span><\/span>\n                            <\/div>\n                        <\/div>\n                        <div id=\"collapse_3\" class=\"collapse\" aria-labelledby=\"heading3\" data-parent=\"#accordion\">\n                            <div class=\"card-body\">\n                                <p>Y\u00fcksek foto\u011fraf kalitesine sahip olan payla\u015f\u0131mlar daha kolay dikkat \u00e7ekmenizi ve daha \u00e7ok etkile\u015fim kazanman\u0131z\u0131 sa\u011flayacakt\u0131r.<\/p>\n                            <\/div>\n                        <\/div>\n                        <\/div>\n                        \n                    <div class=\"card faq\">\n                        <div class=\"card-header collapsed d-flex justify-content-between align-items-center\" id=\"heading4\"\n                             data-toggle=\"collapse\" data-target=\"#collapse_4\" aria-expanded=\"true\" role=\"button\"\n                             aria-controls=\"collapse_4\">\n                            <div class=\"btn btn-link text-dark font-weight-bold\">\n                               Foto\u011fraf Boyutlar\u0131 Ne Kadar Olmal\u0131?\n                            <\/div>\n                            <div class=\"btn-toogle\">\n                                <span><\/span>\n                                <span><\/span>\n                            <\/div>\n                        <\/div>\n                        <div id=\"collapse_4\" class=\"collapse\" aria-labelledby=\"heading4\" data-parent=\"#accordion\">\n                            <div class=\"card-body\">\n                                <p>Instagram&#8217;a foto\u011fraf y\u00fcklemek i\u00e7in belirli boyutlar\u0131 tercih etmeniz gerekir. En fazla 5MB b\u00fcy\u00fckl\u00fc\u011f\u00fcnde y\u00fckleme yapabilirsiniz. <\/p>\n                            <\/div>\n                        <\/div>\n                        <\/div>\n                        \n                    <div class=\"card faq\">\n                        <div class=\"card-header collapsed d-flex justify-content-between align-items-center\" id=\"heading5\"\n                             data-toggle=\"collapse\" data-target=\"#collapse_5\" aria-expanded=\"true\" role=\"button\"\n                             aria-controls=\"collapse_5\">\n                            <div class=\"btn btn-link text-dark font-weight-bold\">\n                               Instagram Boyutlar\u0131n\u0131 Nas\u0131l D\u00fczenlerim?\n                            <\/div>\n                            <div class=\"btn-toogle\">\n                                <span><\/span>\n                                <span><\/span>\n                            <\/div>\n                        <\/div>\n                        <div id=\"collapse_5\" class=\"collapse\" aria-labelledby=\"heading5\" data-parent=\"#accordion\">\n                            <div class=\"card-body\">\n                                <p>Foto\u011fraflar\u0131n\u0131z\u0131 y\u00fcklemeden \u00f6nce bir resim d\u00fczenleme arac\u0131 tercih ederek foto\u011fraflar\u0131n\u0131z\u0131 d\u00fczenlemenizi sizlere tavsiye ederiz. <\/p>\n                            <\/div>\n                        <\/div>\n                        <\/div>\n                        <\/div><\/div><\/div>","protected":false},"excerpt":{"rendered":"<p>G\u00fcnl\u00fck 1 Milyar civar\u0131 kullan\u0131c\u0131n\u0131n payla\u015f\u0131mlarda bulundu\u011fu dev bir platform haline gelen Instagram uygulamas\u0131nda, Instagram foto\u011fraf kalitesi bir\u00e7ok nedene ba\u011fl\u0131 olarak d\u00fc\u015f\u00fc\u015f g\u00f6sterebilmektedir. Hem hikaye payla\u015f\u0131mlar\u0131 hem di\u011fer g\u00f6rsel payla\u015f\u0131mlarda belirli kriterler sa\u011flayarak foto\u011fraf kalitesi artt\u0131rma y\u00f6ntemlerini deneyebilirsiniz. Hikaye g\u00f6nderimlerde mutlak surette belirli standartlara uyman\u0131z gerekiyor. G\u00f6rsel boyutlar\u0131n\u0131n uygun olmamas\u0131 [&hellip;]<\/p>\n","protected":false},"author":1,"featured_media":44120,"comment_status":"open","ping_status":"closed","sticky":false,"template":"","format":"standard","meta":{"_helpful_status":1,"footnotes":""},"categories":[1753],"tags":[],"class_list":["post-10643","post","type-post","status-publish","format-standard","has-post-thumbnail","hentry","category-instagram-destek","entry"],"yoast_head":"<!-- This site is optimized with the Yoast SEO plugin v26.5 - https:\/\/yoast.com\/wordpress\/plugins\/seo\/ -->\n<title>Instagram Foto\u011fraf Kalitesi D\u00fc\u015f\u00fcyor Sorunu \u00c7\u00f6z\u00fcm\u00fc<\/title>\n<meta name=\"description\" content=\"Instagram foto\u011fraf kalitesi sorunu sizi de mi rahats\u0131z ediyor? Instagram&#039;da daha kaliteli foto\u011fraflar payla\u015fmak i\u00e7in blog yaz\u0131m\u0131za g\u00f6z at\u0131n !\" \/>\n<meta name=\"robots\" content=\"index, follow, max-snippet:-1, max-image-preview:large, max-video-preview:-1\" \/>\n<link rel=\"canonical\" href=\"https:\/\/www.fenomist.com\/blog\/instagram-fotograf-kalitesi-dusuyor-sorunu\" \/>\n<meta property=\"og:locale\" content=\"tr_TR\" \/>\n<meta property=\"og:type\" content=\"article\" \/>\n<meta property=\"og:title\" content=\"Instagram Foto\u011fraf Kalitesi D\u00fc\u015f\u00fcyor Sorunu \u00c7\u00f6z\u00fcm\u00fc\" \/>\n<meta property=\"og:description\" content=\"Instagram foto\u011fraf kalitesi sorunu sizi de mi rahats\u0131z ediyor? Instagram&#039;da daha kaliteli foto\u011fraflar payla\u015fmak i\u00e7in blog yaz\u0131m\u0131za g\u00f6z at\u0131n !\" \/>\n<meta property=\"og:url\" content=\"https:\/\/www.fenomist.com\/blog\/instagram-fotograf-kalitesi-dusuyor-sorunu\" \/>\n<meta property=\"og:site_name\" content=\"Instagram Takip\u00e7i Blog - Son Dakika Haberler\" \/>\n<meta property=\"article:publisher\" content=\"https:\/\/www.facebook.com\/fenomist\" \/>\n<meta property=\"article:published_time\" content=\"2020-04-11T10:07:30+00:00\" \/>\n<meta property=\"article:modified_time\" content=\"2025-05-13T15:19:22+00:00\" \/>\n<meta property=\"og:image\" content=\"https:\/\/www.fenomist.com\/blog\/wp-content\/uploads\/instagram-fotog\u0306raf-kalitesi-du\u0308s\u0327u\u0308yor-sorunu.jpg\" \/>\n\t<meta property=\"og:image:width\" content=\"960\" \/>\n\t<meta property=\"og:image:height\" content=\"640\" \/>\n\t<meta property=\"og:image:type\" content=\"image\/jpeg\" \/>\n<meta name=\"author\" content=\"Enes Bulut\" \/>\n<meta name=\"twitter:card\" content=\"summary_large_image\" \/>\n<meta name=\"twitter:creator\" content=\"@bulut_enesss\" \/>\n<meta name=\"twitter:site\" content=\"@smipuclari\" \/>\n<meta name=\"twitter:label1\" content=\"Yazan:\" \/>\n\t<meta name=\"twitter:data1\" content=\"Enes Bulut\" \/>\n\t<meta name=\"twitter:label2\" content=\"Tahmini okuma s\u00fcresi\" \/>\n\t<meta name=\"twitter:data2\" content=\"5 dakika\" \/>\n<script type=\"application\/ld+json\" class=\"yoast-schema-graph\">{\"@context\":\"https:\/\/schema.org\",\"@graph\":[{\"@type\":\"Article\",\"@id\":\"https:\/\/www.fenomist.com\/blog\/instagram-fotograf-kalitesi-dusuyor-sorunu#article\",\"isPartOf\":{\"@id\":\"https:\/\/www.fenomist.com\/blog\/instagram-fotograf-kalitesi-dusuyor-sorunu\"},\"author\":{\"name\":\"Enes Bulut\",\"@id\":\"https:\/\/www.fenomist.com\/blog\/#\/schema\/person\/235d54527608230f6c9e9d95b6d15f99\"},\"headline\":\"Instagram Foto\u011fraf Kalitesi D\u00fc\u015f\u00fcyor Sorunu\",\"datePublished\":\"2020-04-11T10:07:30+00:00\",\"dateModified\":\"2025-05-13T15:19:22+00:00\",\"mainEntityOfPage\":{\"@id\":\"https:\/\/www.fenomist.com\/blog\/instagram-fotograf-kalitesi-dusuyor-sorunu\"},\"wordCount\":1121,\"commentCount\":4,\"publisher\":{\"@id\":\"https:\/\/www.fenomist.com\/blog\/#organization\"},\"image\":{\"@id\":\"https:\/\/www.fenomist.com\/blog\/instagram-fotograf-kalitesi-dusuyor-sorunu#primaryimage\"},\"thumbnailUrl\":\"https:\/\/www.fenomist.com\/blog\/wp-content\/uploads\/instagram-fotog\u0306raf-kalitesi-du\u0308s\u0327u\u0308yor-sorunu.jpg\",\"articleSection\":[\"Instagram Destek\"],\"inLanguage\":\"tr\",\"potentialAction\":[{\"@type\":\"CommentAction\",\"name\":\"Comment\",\"target\":[\"https:\/\/www.fenomist.com\/blog\/instagram-fotograf-kalitesi-dusuyor-sorunu#respond\"]}]},{\"@type\":[\"WebPage\",\"FAQPage\"],\"@id\":\"https:\/\/www.fenomist.com\/blog\/instagram-fotograf-kalitesi-dusuyor-sorunu\",\"url\":\"https:\/\/www.fenomist.com\/blog\/instagram-fotograf-kalitesi-dusuyor-sorunu\",\"name\":\"Instagram Foto\u011fraf Kalitesi D\u00fc\u015f\u00fcyor Sorunu \u00c7\u00f6z\u00fcm\u00fc\",\"isPartOf\":{\"@id\":\"https:\/\/www.fenomist.com\/blog\/#website\"},\"primaryImageOfPage\":{\"@id\":\"https:\/\/www.fenomist.com\/blog\/instagram-fotograf-kalitesi-dusuyor-sorunu#primaryimage\"},\"image\":{\"@id\":\"https:\/\/www.fenomist.com\/blog\/instagram-fotograf-kalitesi-dusuyor-sorunu#primaryimage\"},\"thumbnailUrl\":\"https:\/\/www.fenomist.com\/blog\/wp-content\/uploads\/instagram-fotog\u0306raf-kalitesi-du\u0308s\u0327u\u0308yor-sorunu.jpg\",\"datePublished\":\"2020-04-11T10:07:30+00:00\",\"dateModified\":\"2025-05-13T15:19:22+00:00\",\"description\":\"Instagram foto\u011fraf kalitesi sorunu sizi de mi rahats\u0131z ediyor? Instagram'da daha kaliteli foto\u011fraflar payla\u015fmak i\u00e7in blog yaz\u0131m\u0131za g\u00f6z at\u0131n !\",\"breadcrumb\":{\"@id\":\"https:\/\/www.fenomist.com\/blog\/instagram-fotograf-kalitesi-dusuyor-sorunu#breadcrumb\"},\"mainEntity\":[{\"@id\":\"https:\/\/www.fenomist.com\/blog\/instagram-fotograf-kalitesi-dusuyor-sorunu#faq-question-1581497902632\"},{\"@id\":\"https:\/\/www.fenomist.com\/blog\/instagram-fotograf-kalitesi-dusuyor-sorunu#faq-question-1581497947835\"},{\"@id\":\"https:\/\/www.fenomist.com\/blog\/instagram-fotograf-kalitesi-dusuyor-sorunu#faq-question-1581498035374\"},{\"@id\":\"https:\/\/www.fenomist.com\/blog\/instagram-fotograf-kalitesi-dusuyor-sorunu#faq-question-1597673771593\"},{\"@id\":\"https:\/\/www.fenomist.com\/blog\/instagram-fotograf-kalitesi-dusuyor-sorunu#faq-question-1597673771695\"},{\"@id\":\"https:\/\/www.fenomist.com\/blog\/instagram-fotograf-kalitesi-dusuyor-sorunu#faq-question-1597673771848\"}],\"inLanguage\":\"tr\",\"potentialAction\":[{\"@type\":\"ReadAction\",\"target\":[\"https:\/\/www.fenomist.com\/blog\/instagram-fotograf-kalitesi-dusuyor-sorunu\"]}]},{\"@type\":\"ImageObject\",\"inLanguage\":\"tr\",\"@id\":\"https:\/\/www.fenomist.com\/blog\/instagram-fotograf-kalitesi-dusuyor-sorunu#primaryimage\",\"url\":\"https:\/\/www.fenomist.com\/blog\/wp-content\/uploads\/instagram-fotog\u0306raf-kalitesi-du\u0308s\u0327u\u0308yor-sorunu.jpg\",\"contentUrl\":\"https:\/\/www.fenomist.com\/blog\/wp-content\/uploads\/instagram-fotog\u0306raf-kalitesi-du\u0308s\u0327u\u0308yor-sorunu.jpg\",\"width\":960,\"height\":640,\"caption\":\"Instagram Foto\u011fraf Kalitesi D\u00fc\u015f\u00fcyor Sorunu\"},{\"@type\":\"BreadcrumbList\",\"@id\":\"https:\/\/www.fenomist.com\/blog\/instagram-fotograf-kalitesi-dusuyor-sorunu#breadcrumb\",\"itemListElement\":[{\"@type\":\"ListItem\",\"position\":1,\"name\":\"Ana sayfa\",\"item\":\"https:\/\/www.fenomist.com\/blog\"},{\"@type\":\"ListItem\",\"position\":2,\"name\":\"Instagram Destek\",\"item\":\"https:\/\/www.fenomist.com\/blog\/instagram-destek\"},{\"@type\":\"ListItem\",\"position\":3,\"name\":\"Instagram Foto\u011fraf Kalitesi D\u00fc\u015f\u00fcyor Sorunu\"}]},{\"@type\":\"WebSite\",\"@id\":\"https:\/\/www.fenomist.com\/blog\/#website\",\"url\":\"https:\/\/www.fenomist.com\/blog\/\",\"name\":\"Sosyal Medya Haberleri - Son Dakika\",\"description\":\"Sosyal Medya Haberleri - Son Dakika\",\"publisher\":{\"@id\":\"https:\/\/www.fenomist.com\/blog\/#organization\"},\"alternateName\":\"fenomist.com\",\"potentialAction\":[{\"@type\":\"SearchAction\",\"target\":{\"@type\":\"EntryPoint\",\"urlTemplate\":\"https:\/\/www.fenomist.com\/blog\/?s={search_term_string}\"},\"query-input\":{\"@type\":\"PropertyValueSpecification\",\"valueRequired\":true,\"valueName\":\"search_term_string\"}}],\"inLanguage\":\"tr\"},{\"@type\":\"Organization\",\"@id\":\"https:\/\/www.fenomist.com\/blog\/#organization\",\"name\":\"Fenomist\",\"alternateName\":\"fenomist.com\",\"url\":\"https:\/\/www.fenomist.com\/blog\/\",\"logo\":{\"@type\":\"ImageObject\",\"inLanguage\":\"tr\",\"@id\":\"https:\/\/www.fenomist.com\/blog\/#\/schema\/logo\/image\/\",\"url\":\"https:\/\/www.fenomist.com\/blog\/wp-content\/uploads\/instagram-takipci-satin-al-blog.svg\",\"contentUrl\":\"https:\/\/www.fenomist.com\/blog\/wp-content\/uploads\/instagram-takipci-satin-al-blog.svg\",\"caption\":\"Fenomist\"},\"image\":{\"@id\":\"https:\/\/www.fenomist.com\/blog\/#\/schema\/logo\/image\/\"},\"sameAs\":[\"https:\/\/www.facebook.com\/fenomist\",\"https:\/\/x.com\/smipuclari\",\"https:\/\/www.instagram.com\/sosyal_fabrika\/\",\"https:\/\/tr.linkedin.com\/in\/instatakipcicom\",\"https:\/\/myspace.com\/instatakipci22\",\"https:\/\/fi.pinterest.com\/instatakipcisosyal\/\",\"https:\/\/www.youtube.com\/instatakipcicom\"]},{\"@type\":\"Person\",\"@id\":\"https:\/\/www.fenomist.com\/blog\/#\/schema\/person\/235d54527608230f6c9e9d95b6d15f99\",\"name\":\"Enes Bulut\",\"image\":{\"@type\":\"ImageObject\",\"inLanguage\":\"tr\",\"@id\":\"https:\/\/www.fenomist.com\/blog\/#\/schema\/person\/image\/\",\"url\":\"https:\/\/www.fenomist.com\/blog\/wp-content\/uploads\/enes-bulut-96x96.webp\",\"contentUrl\":\"https:\/\/www.fenomist.com\/blog\/wp-content\/uploads\/enes-bulut-96x96.webp\",\"caption\":\"Enes Bulut\"},\"description\":\"Ben Enes Bulut, 2014 y\u0131l\u0131nda Yeditepe \u00dcniversitesi Reklamc\u0131l\u0131k b\u00f6l\u00fcm\u00fcn\u00fc tamamlad\u0131ktan sonra \u0130\u00e7erik Yazarl\u0131\u011f\u0131 ve Edit\u00f6rl\u00fck alan\u0131na y\u00f6neldim. Bu alanda yakla\u015f\u0131k 6 y\u0131ld\u0131r fenomist.com b\u00fcnyesinde \u00e7al\u0131\u015f\u0131yorum. Sosyal medya ve dijital pazarlama uzmanl\u0131k alan\u0131m olmak \u00fczere bir\u00e7ok konuda \u00f6zg\u00fcn ve \u00f6zel i\u00e7erikler haz\u0131rl\u0131yorum.\",\"sameAs\":[\"https:\/\/www.fenomist.com\/blog\/author\/enesbulut\",\"https:\/\/x.com\/bulut_enesss\"],\"url\":\"https:\/\/www.fenomist.com\/blog\/author\/enesbulut\"},{\"@type\":\"Question\",\"@id\":\"https:\/\/www.fenomist.com\/blog\/instagram-fotograf-kalitesi-dusuyor-sorunu#faq-question-1581497902632\",\"position\":1,\"url\":\"https:\/\/www.fenomist.com\/blog\/instagram-fotograf-kalitesi-dusuyor-sorunu#faq-question-1581497902632\",\"name\":\"Instagram Foto\u011fraf Kalitesi Ayarlanabilir Mi?\",\"answerCount\":1,\"acceptedAnswer\":{\"@type\":\"Answer\",\"text\":\"Instagram'a foto\u011fraflar\u0131n\u0131z\u0131 y\u00fcklerken, efekt ve filtre ekleyebilirsiniz. Ancak herhangi bir \u015fekilde kalite se\u00e7meniz maalesef m\u00fcmk\u00fcn de\u011fildir. \",\"inLanguage\":\"tr\"},\"inLanguage\":\"tr\"},{\"@type\":\"Question\",\"@id\":\"https:\/\/www.fenomist.com\/blog\/instagram-fotograf-kalitesi-dusuyor-sorunu#faq-question-1581497947835\",\"position\":2,\"url\":\"https:\/\/www.fenomist.com\/blog\/instagram-fotograf-kalitesi-dusuyor-sorunu#faq-question-1581497947835\",\"name\":\"Instagram \u0130\u00e7in En Uygun \u00c7\u00f6z\u00fcn\u00fcrl\u00fck Nedir?\",\"answerCount\":1,\"acceptedAnswer\":{\"@type\":\"Answer\",\"text\":\"Instagram payla\u015f\u0131mlar\u0131n\u0131z i\u00e7in belirli bir \u00e7\u00f6z\u00fcn\u00fcrl\u00fck, payla\u015f\u0131mlar\u0131n\u0131z\u0131n daha kaliteli olmas\u0131n\u0131 sa\u011flayacakt\u0131r. Tavsiye edilen \u00e7\u00f6z\u00fcn\u00fcrl\u00fck, 1080X1920 \u015feklinde olan \u00e7\u00f6z\u00fcn\u00fcrl\u00fckt\u00fcr. \",\"inLanguage\":\"tr\"},\"inLanguage\":\"tr\"},{\"@type\":\"Question\",\"@id\":\"https:\/\/www.fenomist.com\/blog\/instagram-fotograf-kalitesi-dusuyor-sorunu#faq-question-1581498035374\",\"position\":3,\"url\":\"https:\/\/www.fenomist.com\/blog\/instagram-fotograf-kalitesi-dusuyor-sorunu#faq-question-1581498035374\",\"name\":\"Instagram Kalite Bozulmadan Foto\u011fraf \u00c7ekmek M\u00fcmk\u00fcn M\u00fc?\",\"answerCount\":1,\"acceptedAnswer\":{\"@type\":\"Answer\",\"text\":\"Instagram \u00fczerinden herhangi bir kalite bozuklu\u011fu ya\u015famadan foto\u011fraf \u00e7ekmeniz m\u00fcmk\u00fcnd\u00fcr. Tek yapman\u0131z gereken blog yaz\u0131m\u0131zda ki detaylar\u0131 okumak ve gerekli bilgilere ula\u015fmakt\u0131r. \",\"inLanguage\":\"tr\"},\"inLanguage\":\"tr\"},{\"@type\":\"Question\",\"@id\":\"https:\/\/www.fenomist.com\/blog\/instagram-fotograf-kalitesi-dusuyor-sorunu#faq-question-1597673771593\",\"position\":4,\"url\":\"https:\/\/www.fenomist.com\/blog\/instagram-fotograf-kalitesi-dusuyor-sorunu#faq-question-1597673771593\",\"name\":\"Y\u00fcksek Foto\u011fraf Kalitesi Ne Gibi Avantajlar Sa\u011flar?\",\"answerCount\":1,\"acceptedAnswer\":{\"@type\":\"Answer\",\"text\":\"Y\u00fcksek foto\u011fraf kalitesine sahip olan payla\u015f\u0131mlar daha kolay dikkat \u00e7ekmenizi ve daha \u00e7ok etkile\u015fim kazanman\u0131z\u0131 sa\u011flayacakt\u0131r.\",\"inLanguage\":\"tr\"},\"inLanguage\":\"tr\"},{\"@type\":\"Question\",\"@id\":\"https:\/\/www.fenomist.com\/blog\/instagram-fotograf-kalitesi-dusuyor-sorunu#faq-question-1597673771695\",\"position\":5,\"url\":\"https:\/\/www.fenomist.com\/blog\/instagram-fotograf-kalitesi-dusuyor-sorunu#faq-question-1597673771695\",\"name\":\"Foto\u011fraf Boyutlar\u0131 Ne Kadar Olmal\u0131?\",\"answerCount\":1,\"acceptedAnswer\":{\"@type\":\"Answer\",\"text\":\"Instagram'a foto\u011fraf y\u00fcklemek i\u00e7in belirli boyutlar\u0131 tercih etmeniz gerekir. En fazla 5MB b\u00fcy\u00fckl\u00fc\u011f\u00fcnde y\u00fckleme yapabilirsiniz. \",\"inLanguage\":\"tr\"},\"inLanguage\":\"tr\"},{\"@type\":\"Question\",\"@id\":\"https:\/\/www.fenomist.com\/blog\/instagram-fotograf-kalitesi-dusuyor-sorunu#faq-question-1597673771848\",\"position\":6,\"url\":\"https:\/\/www.fenomist.com\/blog\/instagram-fotograf-kalitesi-dusuyor-sorunu#faq-question-1597673771848\",\"name\":\"Instagram Boyutlar\u0131n\u0131 Nas\u0131l D\u00fczenlerim?\",\"answerCount\":1,\"acceptedAnswer\":{\"@type\":\"Answer\",\"text\":\"Foto\u011fraflar\u0131n\u0131z\u0131 y\u00fcklemeden \u00f6nce bir resim d\u00fczenleme arac\u0131 tercih ederek foto\u011fraflar\u0131n\u0131z\u0131 d\u00fczenlemenizi sizlere tavsiye ederiz. \",\"inLanguage\":\"tr\"},\"inLanguage\":\"tr\"}]}<\/script>\n<!-- \/ Yoast SEO plugin. -->","yoast_head_json":{"title":"Instagram Foto\u011fraf Kalitesi D\u00fc\u015f\u00fcyor Sorunu \u00c7\u00f6z\u00fcm\u00fc","description":"Instagram foto\u011fraf kalitesi sorunu sizi de mi rahats\u0131z ediyor? Instagram'da daha kaliteli foto\u011fraflar payla\u015fmak i\u00e7in blog yaz\u0131m\u0131za g\u00f6z at\u0131n !","robots":{"index":"index","follow":"follow","max-snippet":"max-snippet:-1","max-image-preview":"max-image-preview:large","max-video-preview":"max-video-preview:-1"},"canonical":"https:\/\/www.fenomist.com\/blog\/instagram-fotograf-kalitesi-dusuyor-sorunu","og_locale":"tr_TR","og_type":"article","og_title":"Instagram Foto\u011fraf Kalitesi D\u00fc\u015f\u00fcyor Sorunu \u00c7\u00f6z\u00fcm\u00fc","og_description":"Instagram foto\u011fraf kalitesi sorunu sizi de mi rahats\u0131z ediyor? Instagram'da daha kaliteli foto\u011fraflar payla\u015fmak i\u00e7in blog yaz\u0131m\u0131za g\u00f6z at\u0131n !","og_url":"https:\/\/www.fenomist.com\/blog\/instagram-fotograf-kalitesi-dusuyor-sorunu","og_site_name":"Instagram Takip\u00e7i Blog - Son Dakika Haberler","article_publisher":"https:\/\/www.facebook.com\/fenomist","article_published_time":"2020-04-11T10:07:30+00:00","article_modified_time":"2025-05-13T15:19:22+00:00","og_image":[{"width":960,"height":640,"url":"https:\/\/www.fenomist.com\/blog\/wp-content\/uploads\/instagram-fotog\u0306raf-kalitesi-du\u0308s\u0327u\u0308yor-sorunu.jpg","type":"image\/jpeg"}],"author":"Enes Bulut","twitter_card":"summary_large_image","twitter_creator":"@bulut_enesss","twitter_site":"@smipuclari","twitter_misc":{"Yazan:":"Enes Bulut","Tahmini okuma s\u00fcresi":"5 dakika"},"schema":{"@context":"https:\/\/schema.org","@graph":[{"@type":"Article","@id":"https:\/\/www.fenomist.com\/blog\/instagram-fotograf-kalitesi-dusuyor-sorunu#article","isPartOf":{"@id":"https:\/\/www.fenomist.com\/blog\/instagram-fotograf-kalitesi-dusuyor-sorunu"},"author":{"name":"Enes Bulut","@id":"https:\/\/www.fenomist.com\/blog\/#\/schema\/person\/235d54527608230f6c9e9d95b6d15f99"},"headline":"Instagram Foto\u011fraf Kalitesi D\u00fc\u015f\u00fcyor Sorunu","datePublished":"2020-04-11T10:07:30+00:00","dateModified":"2025-05-13T15:19:22+00:00","mainEntityOfPage":{"@id":"https:\/\/www.fenomist.com\/blog\/instagram-fotograf-kalitesi-dusuyor-sorunu"},"wordCount":1121,"commentCount":4,"publisher":{"@id":"https:\/\/www.fenomist.com\/blog\/#organization"},"image":{"@id":"https:\/\/www.fenomist.com\/blog\/instagram-fotograf-kalitesi-dusuyor-sorunu#primaryimage"},"thumbnailUrl":"https:\/\/www.fenomist.com\/blog\/wp-content\/uploads\/instagram-fotog\u0306raf-kalitesi-du\u0308s\u0327u\u0308yor-sorunu.jpg","articleSection":["Instagram Destek"],"inLanguage":"tr","potentialAction":[{"@type":"CommentAction","name":"Comment","target":["https:\/\/www.fenomist.com\/blog\/instagram-fotograf-kalitesi-dusuyor-sorunu#respond"]}]},{"@type":["WebPage","FAQPage"],"@id":"https:\/\/www.fenomist.com\/blog\/instagram-fotograf-kalitesi-dusuyor-sorunu","url":"https:\/\/www.fenomist.com\/blog\/instagram-fotograf-kalitesi-dusuyor-sorunu","name":"Instagram Foto\u011fraf Kalitesi D\u00fc\u015f\u00fcyor Sorunu \u00c7\u00f6z\u00fcm\u00fc","isPartOf":{"@id":"https:\/\/www.fenomist.com\/blog\/#website"},"primaryImageOfPage":{"@id":"https:\/\/www.fenomist.com\/blog\/instagram-fotograf-kalitesi-dusuyor-sorunu#primaryimage"},"image":{"@id":"https:\/\/www.fenomist.com\/blog\/instagram-fotograf-kalitesi-dusuyor-sorunu#primaryimage"},"thumbnailUrl":"https:\/\/www.fenomist.com\/blog\/wp-content\/uploads\/instagram-fotog\u0306raf-kalitesi-du\u0308s\u0327u\u0308yor-sorunu.jpg","datePublished":"2020-04-11T10:07:30+00:00","dateModified":"2025-05-13T15:19:22+00:00","description":"Instagram foto\u011fraf kalitesi sorunu sizi de mi rahats\u0131z ediyor? Instagram'da daha kaliteli foto\u011fraflar payla\u015fmak i\u00e7in blog yaz\u0131m\u0131za g\u00f6z at\u0131n !","breadcrumb":{"@id":"https:\/\/www.fenomist.com\/blog\/instagram-fotograf-kalitesi-dusuyor-sorunu#breadcrumb"},"mainEntity":[{"@id":"https:\/\/www.fenomist.com\/blog\/instagram-fotograf-kalitesi-dusuyor-sorunu#faq-question-1581497902632"},{"@id":"https:\/\/www.fenomist.com\/blog\/instagram-fotograf-kalitesi-dusuyor-sorunu#faq-question-1581497947835"},{"@id":"https:\/\/www.fenomist.com\/blog\/instagram-fotograf-kalitesi-dusuyor-sorunu#faq-question-1581498035374"},{"@id":"https:\/\/www.fenomist.com\/blog\/instagram-fotograf-kalitesi-dusuyor-sorunu#faq-question-1597673771593"},{"@id":"https:\/\/www.fenomist.com\/blog\/instagram-fotograf-kalitesi-dusuyor-sorunu#faq-question-1597673771695"},{"@id":"https:\/\/www.fenomist.com\/blog\/instagram-fotograf-kalitesi-dusuyor-sorunu#faq-question-1597673771848"}],"inLanguage":"tr","potentialAction":[{"@type":"ReadAction","target":["https:\/\/www.fenomist.com\/blog\/instagram-fotograf-kalitesi-dusuyor-sorunu"]}]},{"@type":"ImageObject","inLanguage":"tr","@id":"https:\/\/www.fenomist.com\/blog\/instagram-fotograf-kalitesi-dusuyor-sorunu#primaryimage","url":"https:\/\/www.fenomist.com\/blog\/wp-content\/uploads\/instagram-fotog\u0306raf-kalitesi-du\u0308s\u0327u\u0308yor-sorunu.jpg","contentUrl":"https:\/\/www.fenomist.com\/blog\/wp-content\/uploads\/instagram-fotog\u0306raf-kalitesi-du\u0308s\u0327u\u0308yor-sorunu.jpg","width":960,"height":640,"caption":"Instagram Foto\u011fraf Kalitesi D\u00fc\u015f\u00fcyor Sorunu"},{"@type":"BreadcrumbList","@id":"https:\/\/www.fenomist.com\/blog\/instagram-fotograf-kalitesi-dusuyor-sorunu#breadcrumb","itemListElement":[{"@type":"ListItem","position":1,"name":"Ana sayfa","item":"https:\/\/www.fenomist.com\/blog"},{"@type":"ListItem","position":2,"name":"Instagram Destek","item":"https:\/\/www.fenomist.com\/blog\/instagram-destek"},{"@type":"ListItem","position":3,"name":"Instagram Foto\u011fraf Kalitesi D\u00fc\u015f\u00fcyor Sorunu"}]},{"@type":"WebSite","@id":"https:\/\/www.fenomist.com\/blog\/#website","url":"https:\/\/www.fenomist.com\/blog\/","name":"Sosyal Medya Haberleri - Son Dakika","description":"Sosyal Medya Haberleri - Son Dakika","publisher":{"@id":"https:\/\/www.fenomist.com\/blog\/#organization"},"alternateName":"fenomist.com","potentialAction":[{"@type":"SearchAction","target":{"@type":"EntryPoint","urlTemplate":"https:\/\/www.fenomist.com\/blog\/?s={search_term_string}"},"query-input":{"@type":"PropertyValueSpecification","valueRequired":true,"valueName":"search_term_string"}}],"inLanguage":"tr"},{"@type":"Organization","@id":"https:\/\/www.fenomist.com\/blog\/#organization","name":"Fenomist","alternateName":"fenomist.com","url":"https:\/\/www.fenomist.com\/blog\/","logo":{"@type":"ImageObject","inLanguage":"tr","@id":"https:\/\/www.fenomist.com\/blog\/#\/schema\/logo\/image\/","url":"https:\/\/www.fenomist.com\/blog\/wp-content\/uploads\/instagram-takipci-satin-al-blog.svg","contentUrl":"https:\/\/www.fenomist.com\/blog\/wp-content\/uploads\/instagram-takipci-satin-al-blog.svg","caption":"Fenomist"},"image":{"@id":"https:\/\/www.fenomist.com\/blog\/#\/schema\/logo\/image\/"},"sameAs":["https:\/\/www.facebook.com\/fenomist","https:\/\/x.com\/smipuclari","https:\/\/www.instagram.com\/sosyal_fabrika\/","https:\/\/tr.linkedin.com\/in\/instatakipcicom","https:\/\/myspace.com\/instatakipci22","https:\/\/fi.pinterest.com\/instatakipcisosyal\/","https:\/\/www.youtube.com\/instatakipcicom"]},{"@type":"Person","@id":"https:\/\/www.fenomist.com\/blog\/#\/schema\/person\/235d54527608230f6c9e9d95b6d15f99","name":"Enes Bulut","image":{"@type":"ImageObject","inLanguage":"tr","@id":"https:\/\/www.fenomist.com\/blog\/#\/schema\/person\/image\/","url":"https:\/\/www.fenomist.com\/blog\/wp-content\/uploads\/enes-bulut-96x96.webp","contentUrl":"https:\/\/www.fenomist.com\/blog\/wp-content\/uploads\/enes-bulut-96x96.webp","caption":"Enes Bulut"},"description":"Ben Enes Bulut, 2014 y\u0131l\u0131nda Yeditepe \u00dcniversitesi Reklamc\u0131l\u0131k b\u00f6l\u00fcm\u00fcn\u00fc tamamlad\u0131ktan sonra \u0130\u00e7erik Yazarl\u0131\u011f\u0131 ve Edit\u00f6rl\u00fck alan\u0131na y\u00f6neldim. Bu alanda yakla\u015f\u0131k 6 y\u0131ld\u0131r fenomist.com b\u00fcnyesinde \u00e7al\u0131\u015f\u0131yorum. Sosyal medya ve dijital pazarlama uzmanl\u0131k alan\u0131m olmak \u00fczere bir\u00e7ok konuda \u00f6zg\u00fcn ve \u00f6zel i\u00e7erikler haz\u0131rl\u0131yorum.","sameAs":["https:\/\/www.fenomist.com\/blog\/author\/enesbulut","https:\/\/x.com\/bulut_enesss"],"url":"https:\/\/www.fenomist.com\/blog\/author\/enesbulut"},{"@type":"Question","@id":"https:\/\/www.fenomist.com\/blog\/instagram-fotograf-kalitesi-dusuyor-sorunu#faq-question-1581497902632","position":1,"url":"https:\/\/www.fenomist.com\/blog\/instagram-fotograf-kalitesi-dusuyor-sorunu#faq-question-1581497902632","name":"Instagram Foto\u011fraf Kalitesi Ayarlanabilir Mi?","answerCount":1,"acceptedAnswer":{"@type":"Answer","text":"Instagram'a foto\u011fraflar\u0131n\u0131z\u0131 y\u00fcklerken, efekt ve filtre ekleyebilirsiniz. Ancak herhangi bir \u015fekilde kalite se\u00e7meniz maalesef m\u00fcmk\u00fcn de\u011fildir. ","inLanguage":"tr"},"inLanguage":"tr"},{"@type":"Question","@id":"https:\/\/www.fenomist.com\/blog\/instagram-fotograf-kalitesi-dusuyor-sorunu#faq-question-1581497947835","position":2,"url":"https:\/\/www.fenomist.com\/blog\/instagram-fotograf-kalitesi-dusuyor-sorunu#faq-question-1581497947835","name":"Instagram \u0130\u00e7in En Uygun \u00c7\u00f6z\u00fcn\u00fcrl\u00fck Nedir?","answerCount":1,"acceptedAnswer":{"@type":"Answer","text":"Instagram payla\u015f\u0131mlar\u0131n\u0131z i\u00e7in belirli bir \u00e7\u00f6z\u00fcn\u00fcrl\u00fck, payla\u015f\u0131mlar\u0131n\u0131z\u0131n daha kaliteli olmas\u0131n\u0131 sa\u011flayacakt\u0131r. Tavsiye edilen \u00e7\u00f6z\u00fcn\u00fcrl\u00fck, 1080X1920 \u015feklinde olan \u00e7\u00f6z\u00fcn\u00fcrl\u00fckt\u00fcr. ","inLanguage":"tr"},"inLanguage":"tr"},{"@type":"Question","@id":"https:\/\/www.fenomist.com\/blog\/instagram-fotograf-kalitesi-dusuyor-sorunu#faq-question-1581498035374","position":3,"url":"https:\/\/www.fenomist.com\/blog\/instagram-fotograf-kalitesi-dusuyor-sorunu#faq-question-1581498035374","name":"Instagram Kalite Bozulmadan Foto\u011fraf \u00c7ekmek M\u00fcmk\u00fcn M\u00fc?","answerCount":1,"acceptedAnswer":{"@type":"Answer","text":"Instagram \u00fczerinden herhangi bir kalite bozuklu\u011fu ya\u015famadan foto\u011fraf \u00e7ekmeniz m\u00fcmk\u00fcnd\u00fcr. Tek yapman\u0131z gereken blog yaz\u0131m\u0131zda ki detaylar\u0131 okumak ve gerekli bilgilere ula\u015fmakt\u0131r. ","inLanguage":"tr"},"inLanguage":"tr"},{"@type":"Question","@id":"https:\/\/www.fenomist.com\/blog\/instagram-fotograf-kalitesi-dusuyor-sorunu#faq-question-1597673771593","position":4,"url":"https:\/\/www.fenomist.com\/blog\/instagram-fotograf-kalitesi-dusuyor-sorunu#faq-question-1597673771593","name":"Y\u00fcksek Foto\u011fraf Kalitesi Ne Gibi Avantajlar Sa\u011flar?","answerCount":1,"acceptedAnswer":{"@type":"Answer","text":"Y\u00fcksek foto\u011fraf kalitesine sahip olan payla\u015f\u0131mlar daha kolay dikkat \u00e7ekmenizi ve daha \u00e7ok etkile\u015fim kazanman\u0131z\u0131 sa\u011flayacakt\u0131r.","inLanguage":"tr"},"inLanguage":"tr"},{"@type":"Question","@id":"https:\/\/www.fenomist.com\/blog\/instagram-fotograf-kalitesi-dusuyor-sorunu#faq-question-1597673771695","position":5,"url":"https:\/\/www.fenomist.com\/blog\/instagram-fotograf-kalitesi-dusuyor-sorunu#faq-question-1597673771695","name":"Foto\u011fraf Boyutlar\u0131 Ne Kadar Olmal\u0131?","answerCount":1,"acceptedAnswer":{"@type":"Answer","text":"Instagram'a foto\u011fraf y\u00fcklemek i\u00e7in belirli boyutlar\u0131 tercih etmeniz gerekir. En fazla 5MB b\u00fcy\u00fckl\u00fc\u011f\u00fcnde y\u00fckleme yapabilirsiniz. ","inLanguage":"tr"},"inLanguage":"tr"},{"@type":"Question","@id":"https:\/\/www.fenomist.com\/blog\/instagram-fotograf-kalitesi-dusuyor-sorunu#faq-question-1597673771848","position":6,"url":"https:\/\/www.fenomist.com\/blog\/instagram-fotograf-kalitesi-dusuyor-sorunu#faq-question-1597673771848","name":"Instagram Boyutlar\u0131n\u0131 Nas\u0131l D\u00fczenlerim?","answerCount":1,"acceptedAnswer":{"@type":"Answer","text":"Foto\u011fraflar\u0131n\u0131z\u0131 y\u00fcklemeden \u00f6nce bir resim d\u00fczenleme arac\u0131 tercih ederek foto\u011fraflar\u0131n\u0131z\u0131 d\u00fczenlemenizi sizlere tavsiye ederiz. ","inLanguage":"tr"},"inLanguage":"tr"}]}},"_links":{"self":[{"href":"https:\/\/www.fenomist.com\/blog\/wp-json\/wp\/v2\/posts\/10643","targetHints":{"allow":["GET"]}}],"collection":[{"href":"https:\/\/www.fenomist.com\/blog\/wp-json\/wp\/v2\/posts"}],"about":[{"href":"https:\/\/www.fenomist.com\/blog\/wp-json\/wp\/v2\/types\/post"}],"author":[{"embeddable":true,"href":"https:\/\/www.fenomist.com\/blog\/wp-json\/wp\/v2\/users\/1"}],"replies":[{"embeddable":true,"href":"https:\/\/www.fenomist.com\/blog\/wp-json\/wp\/v2\/comments?post=10643"}],"version-history":[{"count":14,"href":"https:\/\/www.fenomist.com\/blog\/wp-json\/wp\/v2\/posts\/10643\/revisions"}],"predecessor-version":[{"id":46823,"href":"https:\/\/www.fenomist.com\/blog\/wp-json\/wp\/v2\/posts\/10643\/revisions\/46823"}],"wp:featuredmedia":[{"embeddable":true,"href":"https:\/\/www.fenomist.com\/blog\/wp-json\/wp\/v2\/media\/44120"}],"wp:attachment":[{"href":"https:\/\/www.fenomist.com\/blog\/wp-json\/wp\/v2\/media?parent=10643"}],"wp:term":[{"taxonomy":"category","embeddable":true,"href":"https:\/\/www.fenomist.com\/blog\/wp-json\/wp\/v2\/categories?post=10643"},{"taxonomy":"post_tag","embeddable":true,"href":"https:\/\/www.fenomist.com\/blog\/wp-json\/wp\/v2\/tags?post=10643"}],"curies":[{"name":"wp","href":"https:\/\/api.w.org\/{rel}","templated":true}]}}