{"id":11124,"date":"2020-01-15T11:57:58","date_gmt":"2020-01-15T08:57:58","guid":{"rendered":"https:\/\/www.instatakipci.com\/blog\/?p=11124"},"modified":"2023-07-24T16:38:57","modified_gmt":"2023-07-24T13:38:57","slug":"instagram-hikaye-paylasamiyorum-sorunu-cozumu","status":"publish","type":"post","link":"https:\/\/www.fenomist.com\/blog\/instagram-hikaye-paylasamiyorum-sorunu-cozumu","title":{"rendered":"Instagram Hikaye Payla\u015fam\u0131yorum Sorunu \u00c7\u00f6z\u00fcm\u00fc"},"content":{"rendered":"\n<p>Instagram hikaye payla\u015fam\u0131yorum sorunu genellikle g\u00fcncellemeler sonras\u0131 ortaya \u00e7\u0131kar. Ancak Instagram\u2019da pek \u00e7ok sebebe ba\u011fl\u0131 olarak hikaye payla\u015f\u0131lmamas\u0131 sorunu ya\u015fanabilir. Hikaye payla\u015f\u0131lamad\u0131\u011f\u0131 zaman bunun sebepleri farkl\u0131 olabilir. \u00d6rne\u011fin aktif internet ba\u011flant\u0131s\u0131 olmamas\u0131 bu sebeplerden yaln\u0131zca biridir. Hikaye payla\u015famaman\u0131n temel nedeni internet ba\u011flant\u0131s\u0131n\u0131n eksik ya da kesik olmas\u0131d\u0131r.<\/p><div id=\"ez-toc-container\" class=\"ez-toc-v2_0_79_2 counter-hierarchy ez-toc-counter ez-toc-grey ez-toc-container-direction\">\n<div class=\"ez-toc-title-container\">\n<p class=\"ez-toc-title\" style=\"cursor:inherit\">\u0130\u00e7indekiler<\/p>\n<span class=\"ez-toc-title-toggle\"><a href=\"#\" class=\"ez-toc-pull-right ez-toc-btn ez-toc-btn-xs ez-toc-btn-default ez-toc-toggle\" aria-label=\"Toggle Table of Content\"><span class=\"ez-toc-js-icon-con\"><span class=\"\"><span class=\"eztoc-hide\" style=\"display:none;\">Toggle<\/span><span class=\"ez-toc-icon-toggle-span\"><svg style=\"fill: #999;color:#999\" xmlns=\"http:\/\/www.w3.org\/2000\/svg\" class=\"list-377408\" width=\"20px\" height=\"20px\" viewBox=\"0 0 24 24\" fill=\"none\"><path d=\"M6 6H4v2h2V6zm14 0H8v2h12V6zM4 11h2v2H4v-2zm16 0H8v2h12v-2zM4 16h2v2H4v-2zm16 0H8v2h12v-2z\" fill=\"currentColor\"><\/path><\/svg><svg style=\"fill: #999;color:#999\" class=\"arrow-unsorted-368013\" xmlns=\"http:\/\/www.w3.org\/2000\/svg\" width=\"10px\" height=\"10px\" viewBox=\"0 0 24 24\" version=\"1.2\" baseProfile=\"tiny\"><path d=\"M18.2 9.3l-6.2-6.3-6.2 6.3c-.2.2-.3.4-.3.7s.1.5.3.7c.2.2.4.3.7.3h11c.3 0 .5-.1.7-.3.2-.2.3-.5.3-.7s-.1-.5-.3-.7zM5.8 14.7l6.2 6.3 6.2-6.3c.2-.2.3-.5.3-.7s-.1-.5-.3-.7c-.2-.2-.4-.3-.7-.3h-11c-.3 0-.5.1-.7.3-.2.2-.3.5-.3.7s.1.5.3.7z\"\/><\/svg><\/span><\/span><\/span><\/a><\/span><\/div>\n<nav><ul class='ez-toc-list ez-toc-list-level-1 ' ><li class='ez-toc-page-1 ez-toc-heading-level-2'><a class=\"ez-toc-link ez-toc-heading-1\" href=\"https:\/\/www.fenomist.com\/blog\/instagram-hikaye-paylasamiyorum-sorunu-cozumu\/#Instagramda_Hikaye_Paylasamama_Sorunu_Nasil_Cozulur\" >Instagram\u2019da Hikaye Payla\u015famama Sorunu Nas\u0131l \u00c7\u00f6z\u00fcl\u00fcr?<\/a><ul class='ez-toc-list-level-3' ><li class='ez-toc-heading-level-3'><a class=\"ez-toc-link ez-toc-heading-2\" href=\"https:\/\/www.fenomist.com\/blog\/instagram-hikaye-paylasamiyorum-sorunu-cozumu\/#Internet_Ile_Alakali_Problemler\" >\u0130nternet \u0130le Alakal\u0131 Problemler<\/a><\/li><li class='ez-toc-page-1 ez-toc-heading-level-3'><a class=\"ez-toc-link ez-toc-heading-3\" href=\"https:\/\/www.fenomist.com\/blog\/instagram-hikaye-paylasamiyorum-sorunu-cozumu\/#Tarih_ve_Saat_Ayarlarindaki_Uyusmazlik\" >Tarih ve Saat Ayarlar\u0131ndaki Uyu\u015fmazl\u0131k<\/a><\/li><li class='ez-toc-page-1 ez-toc-heading-level-3'><a class=\"ez-toc-link ez-toc-heading-4\" href=\"https:\/\/www.fenomist.com\/blog\/instagram-hikaye-paylasamiyorum-sorunu-cozumu\/#Uygulamanin_Surumunun_Eski_Olmasi_Guncelleme_Yapilmamis_Olmasi\" >Uygulaman\u0131n S\u00fcr\u00fcm\u00fcn\u00fcn Eski Olmas\u0131, G\u00fcncelleme Yap\u0131lmam\u0131\u015f Olmas\u0131<\/a><\/li><li class='ez-toc-page-1 ez-toc-heading-level-3'><a class=\"ez-toc-link ez-toc-heading-5\" href=\"https:\/\/www.fenomist.com\/blog\/instagram-hikaye-paylasamiyorum-sorunu-cozumu\/#Uygulamayi_Silip_Yeniden_Yuklemek\" >Uygulamay\u0131 Silip Yeniden Y\u00fcklemek<\/a><\/li><li class='ez-toc-page-1 ez-toc-heading-level-3'><a class=\"ez-toc-link ez-toc-heading-6\" href=\"https:\/\/www.fenomist.com\/blog\/instagram-hikaye-paylasamiyorum-sorunu-cozumu\/#Instagram_Uygulamasina_Yeniden_Girme\" >Instagram Uygulamas\u0131na Yeniden Girme<\/a><\/li><li class='ez-toc-page-1 ez-toc-heading-level-3'><a class=\"ez-toc-link ez-toc-heading-7\" href=\"https:\/\/www.fenomist.com\/blog\/instagram-hikaye-paylasamiyorum-sorunu-cozumu\/#Bu_makale_faydali_miydi\" >Bu makale faydal\u0131 m\u0131yd\u0131?<\/a><\/li><\/ul><\/li><li class='ez-toc-page-1 ez-toc-heading-level-2'><a class=\"ez-toc-link ez-toc-heading-8\" href=\"https:\/\/www.fenomist.com\/blog\/instagram-hikaye-paylasamiyorum-sorunu-cozumu\/#Hakkinda_Sikca_Sorulan_Sorular\" >Hakk\u0131nda S\u0131k\u00e7a Sorulan Sorular<\/a><\/li><\/ul><\/nav><\/div>\n\n\n\n\n<p>Hikaye payla\u015famama sorunu genellikle kameran\u0131n siyah ekran olarak kalmas\u0131 \u015feklinde kendini g\u00f6sterir. Bu sebeple story \u00e7ekilemez ya da y\u00fcklenemez. Durum b\u00f6yle oldu\u011funda \u00e7e\u015fitli sebeplerden story \u00e7ekilemiyor ya da y\u00fcklenemiyor olabilir. Ekran siyah olarak kal\u0131yor ise a\u015fa\u011f\u0131da yollar denenebilir. Bu \u015fekilde hikaye sorunu veren Instagram storylerinin \u00e7\u00f6z\u00fcm\u00fc de olduk\u00e7a kolayd\u0131r.<\/p>\n\n\n\n<figure class=\"wp-block-embed is-type-video is-provider-youtube wp-block-embed-youtube wp-embed-aspect-16-9 wp-has-aspect-ratio\"><div class=\"wp-block-embed__wrapper\">\n<iframe title=\"\u0130nstagram Hikaye G\u00f6nderilemiyor Sorunu ve \u00c7\u00f6z\u00fcm\u00fc\" width=\"640\" height=\"360\" src=\"https:\/\/www.youtube.com\/embed\/7eqEHWYuzI4?feature=oembed\" frameborder=\"0\" allow=\"accelerometer; autoplay; clipboard-write; encrypted-media; gyroscope; picture-in-picture; web-share\" referrerpolicy=\"strict-origin-when-cross-origin\" allowfullscreen><\/iframe><script type=\"application\/ld+json\">\n    {\n      \"@context\": \"https:\/\/schema.org\",\n      \"@type\": \"VideoObject\",\n      \"name\": \"\u0130nstagram Hikaye G\u00f6nderilemiyor Sorunu ve \u00c7\u00f6z\u00fcm\u00fc\",\n      \"description\": \"Instagram Hikaye Payla\u015fam\u0131yorum Sorunu \u00c7\u00f6z\u00fcm\u00fc\",\n      \"thumbnailUrl\": \"https:\/\/i.ytimg.com\/vi_webp\/7eqEHWYuzI4\/mqdefault.webp\",\n      \"embedUrl\": \"https:\/\/www.youtube.com\/embed\/7eqEHWYuzI4?feature=oembed\",\n      \"uploadDate\": \"July 24, 2023 1:38 pm\"\n    }\n    <\/script>\n<\/div><\/figure>\n\n\n\n<p>\u00d6zellikle de video y\u00fcklerken ortaya \u00e7\u0131kan sorunlardan biri de hikayenin saatlerce y\u00fcklenmemesidir. Bu sorun genellikle internet ba\u011flant\u0131s\u0131n\u0131n zay\u0131f olmas\u0131ndan ya da videonun uzun olmas\u0131ndan kaynaklan\u0131r. Nas\u0131l payla\u015f\u0131l\u0131r diyenler a\u015fa\u011f\u0131da yer alan y\u00f6ntemleri deneyebilir. (<a href=\"https:\/\/help.instagram.com\/\">Instagram Destek<\/a>)<\/p>\n\n\n<div class=\"bestSellListContainer bestByProduct price w-100\">\n    <div class=\"bestSellList best-card\">\n        <div class=\"bestSell-list bestsell nowrap slick-initialized slick-slider\" data-slide=\"12\">\n            <div class=\"slick-list swiper best-product-slider draggable\">\n                <div class=\"slick-track swiper-wrapper\">\n<div class=\"slide swiper-slide slick-slide\" data-slick-index=\"3\"\n     aria-hidden=\"true\"\n     tabindex=\"-1\">\n    <div class=\"card border-bestSell\">\n        <a href=\"https:\/\/www.fenomist.com\/instagram-turk-takipci?amount=2500&ps4\" class=\"stretched-link blog-product-slider\" target=\"_blank\"\n           tabindex=\"-1\"><\/a>\n        <div class=\"card-header btn-like-color btn-like-bg-color\">\n           <img decoding=\"async\" src=\"https:\/\/www.fenomist.com\/blog\/wp-content\/uploads\/instagram-takipci-slide.webp\" width=\"64\" height=\"64\">\n        <\/div>\n        <div class=\"card-body\">\n            <div class=\"best-name btn-like-color\">Instagram Takip\u00e7i<\/div>\n            <div class=\"best-amount\">2.500<\/div>\n            <hr class=\"border-like\">\n        <\/div>\n        <div class=\"card-footer\">\n            <div class='best-discount'>%36 Discounted<\/div>            <div>\n                <p class='pricesClass pricesOld'> 625\u20ba <\/p>                <p class=\"h4 text-black\">397.25\u20ba<\/p>\n            <\/div>\n            <input type=\"button\" value=\"Buy Now\" class=\"btn-primary btn\">\n        <\/div>\n    <\/div>\n<\/div>\n<div class=\"slide swiper-slide slick-slide\" data-slick-index=\"3\"\n     aria-hidden=\"true\"\n     tabindex=\"-1\">\n    <div class=\"card border-bestSell\">\n        <a href=\"https:\/\/www.fenomist.com\/instagram-begeni-satin-al?amount=250&ps4\" class=\"stretched-link blog-product-slider\" target=\"_blank\"\n           tabindex=\"-1\"><\/a>\n        <div class=\"card-header btn-like-color btn-like-bg-color\">\n           <img decoding=\"async\" src=\"https:\/\/www.fenomist.com\/blog\/wp-content\/uploads\/instagram-begeni-slide.webp\" width=\"64\" height=\"64\">\n        <\/div>\n        <div class=\"card-body\">\n            <div class=\"best-name btn-like-color\">Instagram Be\u011feni<\/div>\n            <div class=\"best-amount\">250<\/div>\n            <hr class=\"border-like\">\n        <\/div>\n        <div class=\"card-footer\">\n            <div class='best-discount'>%40 Discounted<\/div>            <div>\n                <p class='pricesClass pricesOld'> 34.38\u20ba <\/p>                <p class=\"h4 text-black\">20.75\u20ba<\/p>\n            <\/div>\n            <input type=\"button\" value=\"Buy Now\" class=\"btn-primary btn\">\n        <\/div>\n    <\/div>\n<\/div>\n<div class=\"slide swiper-slide slick-slide\" data-slick-index=\"3\"\n     aria-hidden=\"true\"\n     tabindex=\"-1\">\n    <div class=\"card border-bestSell\">\n        <a href=\"https:\/\/www.fenomist.com\/tiktok-takipci-satin-al?amount=2500&ps4\" class=\"stretched-link blog-product-slider\" target=\"_blank\"\n           tabindex=\"-1\"><\/a>\n        <div class=\"card-header btn-like-color btn-like-bg-color\">\n           <img decoding=\"async\" src=\"https:\/\/www.fenomist.com\/blog\/wp-content\/uploads\/tiktok-begeni-slide.webp\" width=\"64\" height=\"64\">\n        <\/div>\n        <div class=\"card-body\">\n            <div class=\"best-name btn-like-color\">TikTok Takip\u00e7i<\/div>\n            <div class=\"best-amount\">2.500<\/div>\n            <hr class=\"border-like\">\n        <\/div>\n        <div class=\"card-footer\">\n            <div class='best-discount'>%65 Discounted<\/div>            <div>\n                <p class='pricesClass pricesOld'> 750\u20ba <\/p>                <p class=\"h4 text-black\">262.5\u20ba<\/p>\n            <\/div>\n            <input type=\"button\" value=\"Buy Now\" class=\"btn-primary btn\">\n        <\/div>\n    <\/div>\n<\/div>\n<div class=\"slide swiper-slide slick-slide\" data-slick-index=\"3\"\n     aria-hidden=\"true\"\n     tabindex=\"-1\">\n    <div class=\"card border-bestSell\">\n        <a href=\"https:\/\/www.fenomist.com\/tiktok-begeni-satin-al?amount=100&ps4\" class=\"stretched-link blog-product-slider\" target=\"_blank\"\n           tabindex=\"-1\"><\/a>\n        <div class=\"card-header btn-like-color btn-like-bg-color\">\n           <img decoding=\"async\" src=\"https:\/\/www.fenomist.com\/blog\/wp-content\/uploads\/tiktok-begeni-slide.webp\" width=\"64\" height=\"64\">\n        <\/div>\n        <div class=\"card-body\">\n            <div class=\"best-name btn-like-color\">TikTok Be\u011feni<\/div>\n            <div class=\"best-amount\">100<\/div>\n            <hr class=\"border-like\">\n        <\/div>\n        <div class=\"card-footer\">\n            <div class='best-discount'>%20 Discounted<\/div>            <div>\n                <p class='pricesClass pricesOld'> 19.9\u20ba <\/p>                <p class=\"h4 text-black\">15.99\u20ba<\/p>\n            <\/div>\n            <input type=\"button\" value=\"Buy Now\" class=\"btn-primary btn\">\n        <\/div>\n    <\/div>\n<\/div>\n<div class=\"slide swiper-slide slick-slide\" data-slick-index=\"3\"\n     aria-hidden=\"true\"\n     tabindex=\"-1\">\n    <div class=\"card border-bestSell\">\n        <a href=\"https:\/\/www.fenomist.com\/instagram-yorum-satin-al?amount=10&ps4\" class=\"stretched-link blog-product-slider\" target=\"_blank\"\n           tabindex=\"-1\"><\/a>\n        <div class=\"card-header btn-like-color btn-like-bg-color\">\n           <img decoding=\"async\" src=\"https:\/\/www.fenomist.com\/blog\/wp-content\/uploads\/instagram-takipci-slide.webp\" width=\"64\" height=\"64\">\n        <\/div>\n        <div class=\"card-body\">\n            <div class=\"best-name btn-like-color\">Instagram Yorum<\/div>\n            <div class=\"best-amount\">10<\/div>\n            <hr class=\"border-like\">\n        <\/div>\n        <div class=\"card-footer\">\n            <div class='best-discount'>%4 Discounted<\/div>            <div>\n                <p class='pricesClass pricesOld'> 30.08\u20ba <\/p>                <p class=\"h4 text-black\">28.85\u20ba<\/p>\n            <\/div>\n            <input type=\"button\" value=\"Buy Now\" class=\"btn-primary btn\">\n        <\/div>\n    <\/div>\n<\/div>\n<\/div>\n<div class=\"custom-pagination swiper-pagination\"><\/div>\n<\/div>\n<\/div>\n<\/div>\n<\/div>\n\n\n\n\n\n<h2 class=\"wp-block-heading\"><span class=\"ez-toc-section\" id=\"Instagramda_Hikaye_Paylasamama_Sorunu_Nasil_Cozulur\"><\/span>Instagram\u2019da Hikaye Payla\u015famama Sorunu Nas\u0131l \u00c7\u00f6z\u00fcl\u00fcr?<span class=\"ez-toc-section-end\"><\/span><\/h2>\n\n\n\n<h3 class=\"wp-block-heading\"><span class=\"ez-toc-section\" id=\"Internet_Ile_Alakali_Problemler\"><\/span>\u0130nternet \u0130le Alakal\u0131 Problemler<span class=\"ez-toc-section-end\"><\/span><\/h3>\n\n\n\n<p>Instagram hikaye payla\u015fam\u0131yorum sorunu farkl\u0131 sebeplerden dolay\u0131 ya\u015fanabilir. Bunlar\u0131n en temeli internet ba\u011flant\u0131s\u0131n\u0131n yeterli olmamas\u0131 ya da kesik olmas\u0131d\u0131r. Bu gibi internet ile alakal\u0131 durumlarda hikaye payla\u015f\u0131m\u0131 yap\u0131lamaz. \u0130nternet ba\u011flant\u0131s\u0131 kaliteli \u015fekilde sa\u011fland\u0131\u011f\u0131 zaman hi\u00e7bir s\u0131k\u0131nt\u0131 kalmayacakt\u0131r. \u0130nternet ba\u011flant\u0131s\u0131 var g\u00f6r\u00fcn\u00fcyor ama hikaye y\u00fcklenmiyor ya da Instagram\u2019\u0131n geneli y\u00fcklenmiyor ise farlkl\u0131d\u0131r. Bu sorun internet de\u011fil uygulaman\u0131n s\u00fcr\u00fcm\u00fc ile alakal\u0131 bir hata olabilir.<\/p>\n\n\n<div class=\"wp-block-image\">\n<figure class=\"aligncenter\"><img loading=\"lazy\" decoding=\"async\" width=\"360\" height=\"281\" src=\"https:\/\/www.fenomist.com\/blog\/wp-content\/uploads\/Gorsel-3.jpg\" alt=\"instagram hikaye payla\u015fam\u0131yorum\" class=\"wp-image-11137\" title=\"instagram hikaye payla\u015fam\u0131yorum\"\/><\/figure><\/div>\n\n\n<h3 class=\"wp-block-heading\"><span class=\"ez-toc-section\" id=\"Tarih_ve_Saat_Ayarlarindaki_Uyusmazlik\"><\/span>Tarih ve Saat Ayarlar\u0131ndaki Uyu\u015fmazl\u0131k<span class=\"ez-toc-section-end\"><\/span><\/h3>\n\n\n\n<p><strong>Sorun \u00e7\u00f6z\u00fcm\u00fc<\/strong> i\u00e7in tarih ve saat ayarlar\u0131n\u0131n hikaye payla\u015f\u0131lmadan \u00f6nce kontrol edilmesi \u00f6nemlidir. E\u011fer tarih ve saat uyu\u015fmazl\u0131\u011f\u0131 ya\u015fan\u0131yorsa kolayl\u0131kla ak\u0131ll\u0131 telefon ve tabletlerin ayarlar\u0131ndan bu ayarlar normal hale getirilebilir. Bu \u015fekilde hikaye payla\u015f\u0131rken ya\u015fan\u0131lan sorunlar \u00e7\u00f6z\u00fclebilir.<\/p>\n\n\n\n<p>Tarih ve saat uyu\u015fmazl\u0131\u011f\u0131 olmas\u0131 hesab\u0131n\u0131z\u0131n g\u00fcvensiz alg\u0131lanmas\u0131na ve algoritmalar taraf\u0131ndan \u015f\u00fcpheli bir profil olarak alg\u0131lanmas\u0131na da neden olabilmektedir.&nbsp;<\/p>\n\n\n\n<h3 class=\"wp-block-heading\"><span class=\"ez-toc-section\" id=\"Uygulamanin_Surumunun_Eski_Olmasi_Guncelleme_Yapilmamis_Olmasi\"><\/span>Uygulaman\u0131n S\u00fcr\u00fcm\u00fcn\u00fcn Eski Olmas\u0131, G\u00fcncelleme Yap\u0131lmam\u0131\u015f Olmas\u0131<span class=\"ez-toc-section-end\"><\/span><\/h3>\n\n\n\n<p>Uygulaman\u0131n s\u00fcr\u00fcm\u00fc eski ise g\u00fcncelleme yap\u0131larak kolayl\u0131kla yeni s\u00fcr\u00fcm elde edilmi\u015f olunur. Eski s\u00fcr\u00fcmde kalan uygulamalar genellikle bu hatay\u0131 vermektedir. G\u00fcncelleme yap\u0131ld\u0131\u011f\u0131 zaman bu Instagram hikaye sorunu tamamen ortadan kalkabilir.<\/p>\n\n\n\n<p>G\u00fcncelleme yap\u0131lmayan baz\u0131 ak\u0131ll\u0131 telefon ve tabletlerde bu sorun ortaya \u00e7\u0131kmasa da kendini nadiren de olsa g\u00f6sterebilmektedir ancak uygulaman\u0131n en g\u00fcncel s\u00fcr\u00fcm\u00fcn\u00fc kullanmak her zaman yeniliklerden haberdar olmak ya da uygulaman\u0131n \u00f6zelliklerini eksiksiz kullanmak i\u00e7in en uygun \u00e7\u00f6z\u00fcmd\u00fcr.<\/p>\n\n\n\n<h3 class=\"wp-block-heading\"><span class=\"ez-toc-section\" id=\"Uygulamayi_Silip_Yeniden_Yuklemek\"><\/span>Uygulamay\u0131 Silip Yeniden Y\u00fcklemek<span class=\"ez-toc-section-end\"><\/span><\/h3>\n\n\n\n<p>Uygulaman\u0131n s\u00fcr\u00fcm\u00fcne ba\u011fl\u0131 olarak ya\u015fanabilen hikaye ekleme problemleri, uygulaman\u0131n silinip yeniden y\u00fcklenmesi ile ortadan kalkabilir. S\u00fcr\u00fcme ba\u011fl\u0131 olu\u015fan problemlerin ortadan kalkmas\u0131 i\u00e7in yaln\u0131zca uygulaman\u0131n s\u00fcr\u00fcm\u00fcn\u00fcn g\u00fcncel olup olmad\u0131\u011f\u0131n\u0131n ve s\u00fcr\u00fcmde herhangi bir problem olup olmad\u0131\u011f\u0131n\u0131n kontrol edilmesi yeterlidir. Genellikle g\u00fcncel s\u00fcr\u00fcmlerde bu hata verildi\u011fi zaman en k\u0131sa s\u00fcrede hata telafi edilmektedir ancak uygulama silinip tekrar y\u00fcklendi\u011finde de cihaz ile ilgili bir s\u0131k\u0131nt\u0131 oldu\u011fu da anla\u015f\u0131labilir.<\/p>\n\n\n\n<p>S\u00fcr\u00fcm kaynakl\u0131 bu sorunlar\u0131n \u00e7\u00f6z\u00fcmlenmesi i\u00e7in kesinlikle yaz\u0131l\u0131m\u0131n g\u00fcncel olmas\u0131 \u015fartt\u0131r. Aksi durumda istenilen \u00e7\u00f6z\u00fcme kavu\u015fmak m\u00fcmk\u00fcn olmayacakt\u0131r. Bu nedenle hem cihaz\u0131n\u0131z g\u00fcncel oldu\u011fundan hem de uygulaman\u0131z\u0131n en son s\u00fcr\u00fcm oldu\u011fundan emin olmal\u0131s\u0131n\u0131z.&nbsp;<\/p>\n\n\n\n<h3 class=\"wp-block-heading\"><span class=\"ez-toc-section\" id=\"Instagram_Uygulamasina_Yeniden_Girme\"><\/span>Instagram Uygulamas\u0131na Yeniden Girme<span class=\"ez-toc-section-end\"><\/span><\/h3>\n\n\n\n<p>Yaln\u0131zca uygulamadan ya da hesaptan \u00e7\u0131k\u0131p tekrardan Instagram\u2019a girilmesi de kullan\u0131lan \u00e7\u00f6z\u00fcmlerden biridir. Kolayl\u0131kla hikaye eklenmesi bu \u015fekilde sa\u011flanabilir. Belli yaz\u0131l\u0131msal hatalar sonucu \u0131nstagram hikaye y\u00fckleme sorunu verebilen Instagram, k\u0131sa s\u00fcrede d\u00fczelmektedir.<\/p>\n\n\n\n<figure class=\"wp-block-embed is-type-video is-provider-youtube wp-block-embed-youtube wp-embed-aspect-16-9 wp-has-aspect-ratio\"><div class=\"wp-block-embed__wrapper\">\n<iframe title=\"Instagram Hikaye Y\u00fcklenemedi Sorunu 1 Dakikada Kesin \u00c7\u00f6z\u00fcm 2021 #instagram\" width=\"640\" height=\"360\" src=\"https:\/\/www.youtube.com\/embed\/0P4oMMEmsU0?feature=oembed\" frameborder=\"0\" allow=\"accelerometer; autoplay; clipboard-write; encrypted-media; gyroscope; picture-in-picture; web-share\" referrerpolicy=\"strict-origin-when-cross-origin\" allowfullscreen><\/iframe><script type=\"application\/ld+json\">\n    {\n      \"@context\": \"https:\/\/schema.org\",\n      \"@type\": \"VideoObject\",\n      \"name\": \"Instagram Hikaye Y\u00fcklenemedi Sorunu 1 Dakikada Kesin \u00c7\u00f6z\u00fcm 2021 #instagram\",\n      \"description\": \"Instagram Hikaye Payla\u015fam\u0131yorum Sorunu \u00c7\u00f6z\u00fcm\u00fc\",\n      \"thumbnailUrl\": \"https:\/\/i.ytimg.com\/vi_webp\/0P4oMMEmsU0\/mqdefault.webp\",\n      \"embedUrl\": \"https:\/\/www.youtube.com\/embed\/0P4oMMEmsU0?feature=oembed\",\n      \"uploadDate\": \"July 24, 2023 1:38 pm\"\n    }\n    <\/script>\n<\/div><\/figure>\n\n\n\n<p>Bu yaz\u0131m\u0131z\u0131 be\u011fendiyseniz <a href=\"https:\/\/www.fenomist.com\/blog\/instagram-hikaye-ornekleri\">Etkile\u015fiminizi Artt\u0131racak \u201cInstagram Hikaye \u00d6rnekleri\u201d Nas\u0131l Olmal\u0131?<\/a> yaz\u0131m\u0131z\u0131 da inceleyebilirsiniz! <\/p>\n\n\n\n<div class=\"schema-faq wp-block-yoast-faq-block\">    <\/div>\n\r\n\t\t\t<div id=\"daexthefu-container\"\r\n\t\t\t\tclass=\"daexthefu-container daexthefu-layout-side-by-side daexthefu-alignment-left\"\r\n\t\t\t\tdata-post-id=\"11124\">\r\n\r\n\t\t\t\t<div class=\"daexthefu-feedback\">\r\n\t\t\t\t\t<div class=\"daexthefu-text\">\r\n\t\t\t\t\t\t<h3 class=\"daexthefu-title\"><span class=\"ez-toc-section\" id=\"Bu_makale_faydali_miydi\"><\/span>Bu makale faydal\u0131 m\u0131yd\u0131?<span class=\"ez-toc-section-end\"><\/span><\/h3>\r\n\t\t\t\t\t<\/div>\r\n\t\t\t\t\t<div class=\"daexthefu-buttons-container\">\r\n\t\t\t\t\t\t<div class=\"daexthefu-buttons\">\r\n\t\t\t\t\t\t\t\r\n\t\t\t<div class=\"daexthefu-yes daexthefu-button daexthefu-button-type-text\" data-value=\"1\">\r\n\t\t\t\t<div class=\"daexthefu-button-text\">Faydal\u0131<\/div>\r\n\t\t\t<\/div>\r\n\r\n\t\t\t\t\t\t\t\t\t\t\r\n\t\t\t<div class=\"daexthefu-no daexthefu-button daexthefu-button-type-text\" data-value=\"0\">\r\n\t\t\t\t<div class=\"daexthefu-button-text\">Geli\u015ftirilmeli<\/div>\r\n\t\t\t<\/div>\r\n\r\n\t\t\t\t\t\t\t\t\t<\/div>\r\n\t\t\t\t\t<\/div>\r\n\t\t\t\t<\/div>\r\n\r\n\t\t\t\t<div class=\"daexthefu-comment\">\r\n\t\t\t\t\t<div class=\"daexthefu-comment-top-container\">\r\n\t\t\t\t\t\t<label id=\"daexthefu-comment-label\" class=\"daexthefu-comment-label\"><\/label>\r\n\t\t\t\t\t\t\t\t\t\t\t\t\t<div class=\"daexthefu-comment-character-counter-container\">\r\n\t\t\t\t\t\t\t\t<div id=\"daexthefu-comment-character-counter-number\"\r\n\t\t\t\t\t\t\t\t\tclass=\"daexthefu-comment-character-counter-number\"><\/div>\r\n\t\t\t\t\t\t\t\t<div class=\"daexthefu-comment-character-counter-text\"><\/div>\r\n\t\t\t\t\t\t\t<\/div>\r\n\t\t\t\t\t\t\t\t\t\t\t<\/div>\r\n\t\t\t\t\t<textarea id=\"daexthefu-comment-textarea\" class=\"daexthefu-comment-textarea\"\r\n\t\t\t\t\t\t\t\tplaceholder=\"Mesaj\u0131n\u0131z\u0131 giriniz\"\r\n\t\t\t\t\t\t\t\tmaxlength=\"\r\n\t\t\t\t\t\t\t\t400\t\t\t\t\t\t\t\t\t\"><\/textarea>\r\n\t\t\t\t\t<div class=\"daexthefu-comment-buttons-container\">\r\n\t\t\t\t\t\t<button class=\"daexthefu-comment-submit daexthefu-button\">G\u00f6nder<\/button>\r\n\t\t\t\t\t\t<button class=\"daexthefu-comment-cancel daexthefu-button\">\u0130ptal<\/button>\r\n\t\t\t\t\t<\/div>\r\n\t\t\t\t<\/div>\r\n\r\n\t\t\t\t<div class=\"daexthefu-successful-submission-text\">Geri bildirim i\u00e7in te\u015fekk\u00fcr ederiz!<\/div>\r\n\r\n\t\t\t<\/div>\r\n\r\n\t\t\t\n    <div class=\"container\">\n        <div class=\"faq accordion faq-drop\" id=\"accordion\">\n            <h2 class=\"accordion-title\"><span class=\"ez-toc-section\" id=\"Hakkinda_Sikca_Sorulan_Sorular\"><\/span> Hakk\u0131nda S\u0131k\u00e7a Sorulan Sorular<span class=\"ez-toc-section-end\"><\/span><\/h2>\n            <div class=\"col-md-12 faq-card\">\n                    <div class=\"card faq\">\n                        <div class=\"card-header collapsed d-flex justify-content-between align-items-center\" id=\"heading0\"\n                             data-toggle=\"collapse\" data-target=\"#collapse_0\" aria-expanded=\"true\" role=\"button\"\n                             aria-controls=\"collapse_0\">\n                            <div class=\"btn btn-link text-dark font-weight-bold\">\n                               Instagram Hikaye Payla\u015fam\u0131yorum Ne Yapmal\u0131y\u0131m?\n                            <\/div>\n                            <div class=\"btn-toogle\">\n                                <span><\/span>\n                                <span><\/span>\n                            <\/div>\n                        <\/div>\n                        <div id=\"collapse_0\" class=\"collapse\" aria-labelledby=\"heading0\" data-parent=\"#accordion\">\n                            <div class=\"card-body\">\n                                <p>Instagram \u00fczerinden hikaye payla\u015fmak ile ilgili sorun ya\u015f\u0131yorsan\u0131z sizler i\u00e7in d\u00fczenlemi\u015f oldu\u011fumuz yaz\u0131dan detayl\u0131ca t\u00fcm bilgilere ula\u015f\u0131p  sorununuzu kolayca \u00e7\u00f6zebilirsiniz.<\/p>\n                            <\/div>\n                        <\/div>\n                        <\/div>\n                        \n                    <div class=\"card faq\">\n                        <div class=\"card-header collapsed d-flex justify-content-between align-items-center\" id=\"heading1\"\n                             data-toggle=\"collapse\" data-target=\"#collapse_1\" aria-expanded=\"true\" role=\"button\"\n                             aria-controls=\"collapse_1\">\n                            <div class=\"btn btn-link text-dark font-weight-bold\">\n                               Sundu\u011funuz \u00c7\u00f6z\u00fcmler G\u00fcvenilir mi?\n                            <\/div>\n                            <div class=\"btn-toogle\">\n                                <span><\/span>\n                                <span><\/span>\n                            <\/div>\n                        <\/div>\n                        <div id=\"collapse_1\" class=\"collapse\" aria-labelledby=\"heading1\" data-parent=\"#accordion\">\n                            <div class=\"card-body\">\n                                <p>Instagram Hikaye Payla\u015fam\u0131yorum diyorsan\u0131z, sundu\u011fumuz \u00e7\u00f6z\u00fcmler tam size g\u00f6re! Tamamen zarars\u0131z \u00e7\u00f6z\u00fcmlerimiznden g\u00f6n\u00fcl rahatl\u0131\u011f\u0131 ile yararlanabilirsiniz.<\/p>\n                            <\/div>\n                        <\/div>\n                        <\/div>\n                        \n                    <div class=\"card faq\">\n                        <div class=\"card-header collapsed d-flex justify-content-between align-items-center\" id=\"heading2\"\n                             data-toggle=\"collapse\" data-target=\"#collapse_2\" aria-expanded=\"true\" role=\"button\"\n                             aria-controls=\"collapse_2\">\n                            <div class=\"btn btn-link text-dark font-weight-bold\">\n                               Neden Hikaye Payla\u015fam\u0131yorum?\n                            <\/div>\n                            <div class=\"btn-toogle\">\n                                <span><\/span>\n                                <span><\/span>\n                            <\/div>\n                        <\/div>\n                        <div id=\"collapse_2\" class=\"collapse\" aria-labelledby=\"heading2\" data-parent=\"#accordion\">\n                            <div class=\"card-body\">\n                                <p>Hikaye payla\u015fmak ile ilgili ya\u015fad\u0131\u011f\u0131n\u0131z t\u00fcm sorunlar\u0131n\u0131z ve bunlar\u0131 nedenleri ile ilgili t\u00fcm bilgileri Instagram Hikaye Payla\u015fam\u0131yorum Sorunu \u00c7\u00f6z\u00fcm\u00fc ba\u015fl\u0131kl\u0131 yaz\u0131m\u0131zdan detayl\u0131ca \u00f6\u011frenebilirsiniz.<\/p>\n                            <\/div>\n                        <\/div>\n                        <\/div>\n                        \n                    <div class=\"card faq\">\n                        <div class=\"card-header collapsed d-flex justify-content-between align-items-center\" id=\"heading3\"\n                             data-toggle=\"collapse\" data-target=\"#collapse_3\" aria-expanded=\"true\" role=\"button\"\n                             aria-controls=\"collapse_3\">\n                            <div class=\"btn btn-link text-dark font-weight-bold\">\n                               Instagram Hikaye Engeli Nedir?\n                            <\/div>\n                            <div class=\"btn-toogle\">\n                                <span><\/span>\n                                <span><\/span>\n                            <\/div>\n                        <\/div>\n                        <div id=\"collapse_3\" class=\"collapse\" aria-labelledby=\"heading3\" data-parent=\"#accordion\">\n                            <div class=\"card-body\">\n                                <p>Instagram profiliniz ile \u015f\u00fcpheli i\u015flemler yapman\u0131z, \u015fikayetler alman\u0131z neticesinde hikaye payla\u015fma engeli alm\u0131\u015f olabilirsiniz.<\/p>\n                            <\/div>\n                        <\/div>\n                        <\/div>\n                        <\/div><\/div><\/div>","protected":false},"excerpt":{"rendered":"<p>Instagram hikaye payla\u015fam\u0131yorum sorunu genellikle g\u00fcncellemeler sonras\u0131 ortaya \u00e7\u0131kar. Ancak Instagram\u2019da pek \u00e7ok sebebe ba\u011fl\u0131 olarak hikaye payla\u015f\u0131lmamas\u0131 sorunu ya\u015fanabilir. Hikaye payla\u015f\u0131lamad\u0131\u011f\u0131 zaman bunun sebepleri farkl\u0131 olabilir. \u00d6rne\u011fin aktif internet ba\u011flant\u0131s\u0131 olmamas\u0131 bu sebeplerden yaln\u0131zca biridir. Hikaye payla\u015famaman\u0131n temel nedeni internet ba\u011flant\u0131s\u0131n\u0131n eksik ya da kesik olmas\u0131d\u0131r. Hikaye payla\u015famama sorunu [&hellip;]<\/p>\n","protected":false},"author":1,"featured_media":39933,"comment_status":"open","ping_status":"closed","sticky":false,"template":"","format":"standard","meta":{"_helpful_status":1,"footnotes":""},"categories":[1753],"tags":[],"class_list":["post-11124","post","type-post","status-publish","format-standard","has-post-thumbnail","hentry","category-instagram-destek","entry"],"yoast_head":"<!-- This site is optimized with the Yoast SEO plugin v26.5 - https:\/\/yoast.com\/wordpress\/plugins\/seo\/ -->\n<title>Instagram Hikaye Payla\u015fam\u0131yorum Sorunu \u00c7\u00f6z\u00fcm\u00fc - Fenomist.com<\/title>\n<meta name=\"description\" content=\"Instagram hikaye payla\u015fam\u0131yorum sorunu genellikle g\u00fcncellemeler sonras\u0131 ortaya \u00e7\u0131kar. Sorunun \u00e7\u00f6z\u00fcm\u00fc instatakipci.com blog yaz\u0131m\u0131zda.\" \/>\n<meta name=\"robots\" content=\"index, follow, max-snippet:-1, max-image-preview:large, max-video-preview:-1\" \/>\n<link rel=\"canonical\" href=\"https:\/\/www.fenomist.com\/blog\/instagram-hikaye-paylasamiyorum-sorunu-cozumu\" \/>\n<meta property=\"og:locale\" content=\"tr_TR\" \/>\n<meta property=\"og:type\" content=\"article\" \/>\n<meta property=\"og:title\" content=\"Instagram Hikaye Payla\u015fam\u0131yorum Sorunu \u00c7\u00f6z\u00fcm\u00fc - Fenomist.com\" \/>\n<meta property=\"og:description\" content=\"Instagram hikaye payla\u015fam\u0131yorum sorunu genellikle g\u00fcncellemeler sonras\u0131 ortaya \u00e7\u0131kar. Sorunun \u00e7\u00f6z\u00fcm\u00fc instatakipci.com blog yaz\u0131m\u0131zda.\" \/>\n<meta property=\"og:url\" content=\"https:\/\/www.fenomist.com\/blog\/instagram-hikaye-paylasamiyorum-sorunu-cozumu\" \/>\n<meta property=\"og:site_name\" content=\"Instagram Takip\u00e7i Blog - Son Dakika Haberler\" \/>\n<meta property=\"article:publisher\" content=\"https:\/\/www.facebook.com\/fenomist\" \/>\n<meta property=\"article:published_time\" content=\"2020-01-15T08:57:58+00:00\" \/>\n<meta property=\"article:modified_time\" content=\"2023-07-24T13:38:57+00:00\" \/>\n<meta property=\"og:image\" content=\"https:\/\/www.fenomist.com\/blog\/wp-content\/uploads\/instagram-hikaye-paylasamiyorum.png\" \/>\n\t<meta property=\"og:image:width\" content=\"960\" \/>\n\t<meta property=\"og:image:height\" content=\"640\" \/>\n\t<meta property=\"og:image:type\" content=\"image\/png\" \/>\n<meta name=\"author\" content=\"Enes Bulut\" \/>\n<meta name=\"twitter:card\" content=\"summary_large_image\" \/>\n<meta name=\"twitter:creator\" content=\"@bulut_enesss\" \/>\n<meta name=\"twitter:site\" content=\"@smipuclari\" \/>\n<meta name=\"twitter:label1\" content=\"Yazan:\" \/>\n\t<meta name=\"twitter:data1\" content=\"Enes Bulut\" \/>\n\t<meta name=\"twitter:label2\" content=\"Tahmini okuma s\u00fcresi\" \/>\n\t<meta name=\"twitter:data2\" content=\"4 dakika\" \/>\n<script type=\"application\/ld+json\" class=\"yoast-schema-graph\">{\"@context\":\"https:\/\/schema.org\",\"@graph\":[{\"@type\":\"Article\",\"@id\":\"https:\/\/www.fenomist.com\/blog\/instagram-hikaye-paylasamiyorum-sorunu-cozumu#article\",\"isPartOf\":{\"@id\":\"https:\/\/www.fenomist.com\/blog\/instagram-hikaye-paylasamiyorum-sorunu-cozumu\"},\"author\":{\"name\":\"Enes Bulut\",\"@id\":\"https:\/\/www.fenomist.com\/blog\/#\/schema\/person\/235d54527608230f6c9e9d95b6d15f99\"},\"headline\":\"Instagram Hikaye Payla\u015fam\u0131yorum Sorunu \u00c7\u00f6z\u00fcm\u00fc\",\"datePublished\":\"2020-01-15T08:57:58+00:00\",\"dateModified\":\"2023-07-24T13:38:57+00:00\",\"mainEntityOfPage\":{\"@id\":\"https:\/\/www.fenomist.com\/blog\/instagram-hikaye-paylasamiyorum-sorunu-cozumu\"},\"wordCount\":891,\"commentCount\":164,\"publisher\":{\"@id\":\"https:\/\/www.fenomist.com\/blog\/#organization\"},\"image\":{\"@id\":\"https:\/\/www.fenomist.com\/blog\/instagram-hikaye-paylasamiyorum-sorunu-cozumu#primaryimage\"},\"thumbnailUrl\":\"https:\/\/www.fenomist.com\/blog\/wp-content\/uploads\/instagram-hikaye-paylasamiyorum.png\",\"articleSection\":[\"Instagram Destek\"],\"inLanguage\":\"tr\",\"potentialAction\":[{\"@type\":\"CommentAction\",\"name\":\"Comment\",\"target\":[\"https:\/\/www.fenomist.com\/blog\/instagram-hikaye-paylasamiyorum-sorunu-cozumu#respond\"]}]},{\"@type\":[\"WebPage\",\"FAQPage\"],\"@id\":\"https:\/\/www.fenomist.com\/blog\/instagram-hikaye-paylasamiyorum-sorunu-cozumu\",\"url\":\"https:\/\/www.fenomist.com\/blog\/instagram-hikaye-paylasamiyorum-sorunu-cozumu\",\"name\":\"Instagram Hikaye Payla\u015fam\u0131yorum Sorunu \u00c7\u00f6z\u00fcm\u00fc - Fenomist.com\",\"isPartOf\":{\"@id\":\"https:\/\/www.fenomist.com\/blog\/#website\"},\"primaryImageOfPage\":{\"@id\":\"https:\/\/www.fenomist.com\/blog\/instagram-hikaye-paylasamiyorum-sorunu-cozumu#primaryimage\"},\"image\":{\"@id\":\"https:\/\/www.fenomist.com\/blog\/instagram-hikaye-paylasamiyorum-sorunu-cozumu#primaryimage\"},\"thumbnailUrl\":\"https:\/\/www.fenomist.com\/blog\/wp-content\/uploads\/instagram-hikaye-paylasamiyorum.png\",\"datePublished\":\"2020-01-15T08:57:58+00:00\",\"dateModified\":\"2023-07-24T13:38:57+00:00\",\"description\":\"Instagram hikaye payla\u015fam\u0131yorum sorunu genellikle g\u00fcncellemeler sonras\u0131 ortaya \u00e7\u0131kar. Sorunun \u00e7\u00f6z\u00fcm\u00fc instatakipci.com blog yaz\u0131m\u0131zda.\",\"breadcrumb\":{\"@id\":\"https:\/\/www.fenomist.com\/blog\/instagram-hikaye-paylasamiyorum-sorunu-cozumu#breadcrumb\"},\"mainEntity\":[{\"@id\":\"https:\/\/www.fenomist.com\/blog\/instagram-hikaye-paylasamiyorum-sorunu-cozumu#faq-question-1579078578991\"},{\"@id\":\"https:\/\/www.fenomist.com\/blog\/instagram-hikaye-paylasamiyorum-sorunu-cozumu#faq-question-1579078580089\"},{\"@id\":\"https:\/\/www.fenomist.com\/blog\/instagram-hikaye-paylasamiyorum-sorunu-cozumu#faq-question-1579078580857\"},{\"@id\":\"https:\/\/www.fenomist.com\/blog\/instagram-hikaye-paylasamiyorum-sorunu-cozumu#faq-question-1594734188134\"}],\"inLanguage\":\"tr\",\"potentialAction\":[{\"@type\":\"ReadAction\",\"target\":[\"https:\/\/www.fenomist.com\/blog\/instagram-hikaye-paylasamiyorum-sorunu-cozumu\"]}]},{\"@type\":\"ImageObject\",\"inLanguage\":\"tr\",\"@id\":\"https:\/\/www.fenomist.com\/blog\/instagram-hikaye-paylasamiyorum-sorunu-cozumu#primaryimage\",\"url\":\"https:\/\/www.fenomist.com\/blog\/wp-content\/uploads\/instagram-hikaye-paylasamiyorum.png\",\"contentUrl\":\"https:\/\/www.fenomist.com\/blog\/wp-content\/uploads\/instagram-hikaye-paylasamiyorum.png\",\"width\":960,\"height\":640,\"caption\":\"instagram hikaye payla\u015fam\u0131yorum\"},{\"@type\":\"BreadcrumbList\",\"@id\":\"https:\/\/www.fenomist.com\/blog\/instagram-hikaye-paylasamiyorum-sorunu-cozumu#breadcrumb\",\"itemListElement\":[{\"@type\":\"ListItem\",\"position\":1,\"name\":\"Ana sayfa\",\"item\":\"https:\/\/www.fenomist.com\/blog\"},{\"@type\":\"ListItem\",\"position\":2,\"name\":\"Instagram Destek\",\"item\":\"https:\/\/www.fenomist.com\/blog\/instagram-destek\"},{\"@type\":\"ListItem\",\"position\":3,\"name\":\"Instagram Hikaye Payla\u015fam\u0131yorum Sorunu \u00c7\u00f6z\u00fcm\u00fc\"}]},{\"@type\":\"WebSite\",\"@id\":\"https:\/\/www.fenomist.com\/blog\/#website\",\"url\":\"https:\/\/www.fenomist.com\/blog\/\",\"name\":\"Sosyal Medya Haberleri - Son Dakika\",\"description\":\"Sosyal Medya Haberleri - Son Dakika\",\"publisher\":{\"@id\":\"https:\/\/www.fenomist.com\/blog\/#organization\"},\"alternateName\":\"fenomist.com\",\"potentialAction\":[{\"@type\":\"SearchAction\",\"target\":{\"@type\":\"EntryPoint\",\"urlTemplate\":\"https:\/\/www.fenomist.com\/blog\/?s={search_term_string}\"},\"query-input\":{\"@type\":\"PropertyValueSpecification\",\"valueRequired\":true,\"valueName\":\"search_term_string\"}}],\"inLanguage\":\"tr\"},{\"@type\":\"Organization\",\"@id\":\"https:\/\/www.fenomist.com\/blog\/#organization\",\"name\":\"Fenomist\",\"alternateName\":\"fenomist.com\",\"url\":\"https:\/\/www.fenomist.com\/blog\/\",\"logo\":{\"@type\":\"ImageObject\",\"inLanguage\":\"tr\",\"@id\":\"https:\/\/www.fenomist.com\/blog\/#\/schema\/logo\/image\/\",\"url\":\"https:\/\/www.fenomist.com\/blog\/wp-content\/uploads\/instagram-takipci-satin-al-blog.svg\",\"contentUrl\":\"https:\/\/www.fenomist.com\/blog\/wp-content\/uploads\/instagram-takipci-satin-al-blog.svg\",\"caption\":\"Fenomist\"},\"image\":{\"@id\":\"https:\/\/www.fenomist.com\/blog\/#\/schema\/logo\/image\/\"},\"sameAs\":[\"https:\/\/www.facebook.com\/fenomist\",\"https:\/\/x.com\/smipuclari\",\"https:\/\/www.instagram.com\/sosyal_fabrika\/\",\"https:\/\/tr.linkedin.com\/in\/instatakipcicom\",\"https:\/\/myspace.com\/instatakipci22\",\"https:\/\/fi.pinterest.com\/instatakipcisosyal\/\",\"https:\/\/www.youtube.com\/instatakipcicom\"]},{\"@type\":\"Person\",\"@id\":\"https:\/\/www.fenomist.com\/blog\/#\/schema\/person\/235d54527608230f6c9e9d95b6d15f99\",\"name\":\"Enes Bulut\",\"image\":{\"@type\":\"ImageObject\",\"inLanguage\":\"tr\",\"@id\":\"https:\/\/www.fenomist.com\/blog\/#\/schema\/person\/image\/\",\"url\":\"https:\/\/www.fenomist.com\/blog\/wp-content\/uploads\/enes-bulut-96x96.webp\",\"contentUrl\":\"https:\/\/www.fenomist.com\/blog\/wp-content\/uploads\/enes-bulut-96x96.webp\",\"caption\":\"Enes Bulut\"},\"description\":\"Ben Enes Bulut, 2014 y\u0131l\u0131nda Yeditepe \u00dcniversitesi Reklamc\u0131l\u0131k b\u00f6l\u00fcm\u00fcn\u00fc tamamlad\u0131ktan sonra \u0130\u00e7erik Yazarl\u0131\u011f\u0131 ve Edit\u00f6rl\u00fck alan\u0131na y\u00f6neldim. Bu alanda yakla\u015f\u0131k 6 y\u0131ld\u0131r fenomist.com b\u00fcnyesinde \u00e7al\u0131\u015f\u0131yorum. Sosyal medya ve dijital pazarlama uzmanl\u0131k alan\u0131m olmak \u00fczere bir\u00e7ok konuda \u00f6zg\u00fcn ve \u00f6zel i\u00e7erikler haz\u0131rl\u0131yorum.\",\"sameAs\":[\"https:\/\/www.fenomist.com\/blog\/author\/enesbulut\",\"https:\/\/x.com\/bulut_enesss\"],\"url\":\"https:\/\/www.fenomist.com\/blog\/author\/enesbulut\"},{\"@type\":\"Question\",\"@id\":\"https:\/\/www.fenomist.com\/blog\/instagram-hikaye-paylasamiyorum-sorunu-cozumu#faq-question-1579078578991\",\"position\":1,\"url\":\"https:\/\/www.fenomist.com\/blog\/instagram-hikaye-paylasamiyorum-sorunu-cozumu#faq-question-1579078578991\",\"name\":\"Instagram Hikaye Payla\u015fam\u0131yorum Ne Yapmal\u0131y\u0131m?\",\"answerCount\":1,\"acceptedAnswer\":{\"@type\":\"Answer\",\"text\":\"Instagram \u00fczerinden hikaye payla\u015fmak ile ilgili sorun ya\u015f\u0131yorsan\u0131z sizler i\u00e7in d\u00fczenlemi\u015f oldu\u011fumuz yaz\u0131dan detayl\u0131ca t\u00fcm bilgilere ula\u015f\u0131p  sorununuzu kolayca \u00e7\u00f6zebilirsiniz.\",\"inLanguage\":\"tr\"},\"inLanguage\":\"tr\"},{\"@type\":\"Question\",\"@id\":\"https:\/\/www.fenomist.com\/blog\/instagram-hikaye-paylasamiyorum-sorunu-cozumu#faq-question-1579078580089\",\"position\":2,\"url\":\"https:\/\/www.fenomist.com\/blog\/instagram-hikaye-paylasamiyorum-sorunu-cozumu#faq-question-1579078580089\",\"name\":\"Sundu\u011funuz \u00c7\u00f6z\u00fcmler G\u00fcvenilir mi?\",\"answerCount\":1,\"acceptedAnswer\":{\"@type\":\"Answer\",\"text\":\"Instagram Hikaye Payla\u015fam\u0131yorum diyorsan\u0131z, sundu\u011fumuz \u00e7\u00f6z\u00fcmler tam size g\u00f6re! Tamamen zarars\u0131z \u00e7\u00f6z\u00fcmlerimiznden g\u00f6n\u00fcl rahatl\u0131\u011f\u0131 ile yararlanabilirsiniz.\",\"inLanguage\":\"tr\"},\"inLanguage\":\"tr\"},{\"@type\":\"Question\",\"@id\":\"https:\/\/www.fenomist.com\/blog\/instagram-hikaye-paylasamiyorum-sorunu-cozumu#faq-question-1579078580857\",\"position\":3,\"url\":\"https:\/\/www.fenomist.com\/blog\/instagram-hikaye-paylasamiyorum-sorunu-cozumu#faq-question-1579078580857\",\"name\":\"Neden Hikaye Payla\u015fam\u0131yorum?\",\"answerCount\":1,\"acceptedAnswer\":{\"@type\":\"Answer\",\"text\":\"Hikaye payla\u015fmak ile ilgili ya\u015fad\u0131\u011f\u0131n\u0131z t\u00fcm sorunlar\u0131n\u0131z ve bunlar\u0131 nedenleri ile ilgili t\u00fcm bilgileri Instagram Hikaye Payla\u015fam\u0131yorum Sorunu \u00c7\u00f6z\u00fcm\u00fc ba\u015fl\u0131kl\u0131 yaz\u0131m\u0131zdan detayl\u0131ca \u00f6\u011frenebilirsiniz.\",\"inLanguage\":\"tr\"},\"inLanguage\":\"tr\"},{\"@type\":\"Question\",\"@id\":\"https:\/\/www.fenomist.com\/blog\/instagram-hikaye-paylasamiyorum-sorunu-cozumu#faq-question-1594734188134\",\"position\":4,\"url\":\"https:\/\/www.fenomist.com\/blog\/instagram-hikaye-paylasamiyorum-sorunu-cozumu#faq-question-1594734188134\",\"name\":\"Instagram Hikaye Engeli Nedir?\",\"answerCount\":1,\"acceptedAnswer\":{\"@type\":\"Answer\",\"text\":\"Instagram profiliniz ile \u015f\u00fcpheli i\u015flemler yapman\u0131z, \u015fikayetler alman\u0131z neticesinde hikaye payla\u015fma engeli alm\u0131\u015f olabilirsiniz.\",\"inLanguage\":\"tr\"},\"inLanguage\":\"tr\"}]}<\/script>\n<!-- \/ Yoast SEO plugin. -->","yoast_head_json":{"title":"Instagram Hikaye Payla\u015fam\u0131yorum Sorunu \u00c7\u00f6z\u00fcm\u00fc - Fenomist.com","description":"Instagram hikaye payla\u015fam\u0131yorum sorunu genellikle g\u00fcncellemeler sonras\u0131 ortaya \u00e7\u0131kar. Sorunun \u00e7\u00f6z\u00fcm\u00fc instatakipci.com blog yaz\u0131m\u0131zda.","robots":{"index":"index","follow":"follow","max-snippet":"max-snippet:-1","max-image-preview":"max-image-preview:large","max-video-preview":"max-video-preview:-1"},"canonical":"https:\/\/www.fenomist.com\/blog\/instagram-hikaye-paylasamiyorum-sorunu-cozumu","og_locale":"tr_TR","og_type":"article","og_title":"Instagram Hikaye Payla\u015fam\u0131yorum Sorunu \u00c7\u00f6z\u00fcm\u00fc - Fenomist.com","og_description":"Instagram hikaye payla\u015fam\u0131yorum sorunu genellikle g\u00fcncellemeler sonras\u0131 ortaya \u00e7\u0131kar. Sorunun \u00e7\u00f6z\u00fcm\u00fc instatakipci.com blog yaz\u0131m\u0131zda.","og_url":"https:\/\/www.fenomist.com\/blog\/instagram-hikaye-paylasamiyorum-sorunu-cozumu","og_site_name":"Instagram Takip\u00e7i Blog - Son Dakika Haberler","article_publisher":"https:\/\/www.facebook.com\/fenomist","article_published_time":"2020-01-15T08:57:58+00:00","article_modified_time":"2023-07-24T13:38:57+00:00","og_image":[{"width":960,"height":640,"url":"https:\/\/www.fenomist.com\/blog\/wp-content\/uploads\/instagram-hikaye-paylasamiyorum.png","type":"image\/png"}],"author":"Enes Bulut","twitter_card":"summary_large_image","twitter_creator":"@bulut_enesss","twitter_site":"@smipuclari","twitter_misc":{"Yazan:":"Enes Bulut","Tahmini okuma s\u00fcresi":"4 dakika"},"schema":{"@context":"https:\/\/schema.org","@graph":[{"@type":"Article","@id":"https:\/\/www.fenomist.com\/blog\/instagram-hikaye-paylasamiyorum-sorunu-cozumu#article","isPartOf":{"@id":"https:\/\/www.fenomist.com\/blog\/instagram-hikaye-paylasamiyorum-sorunu-cozumu"},"author":{"name":"Enes Bulut","@id":"https:\/\/www.fenomist.com\/blog\/#\/schema\/person\/235d54527608230f6c9e9d95b6d15f99"},"headline":"Instagram Hikaye Payla\u015fam\u0131yorum Sorunu \u00c7\u00f6z\u00fcm\u00fc","datePublished":"2020-01-15T08:57:58+00:00","dateModified":"2023-07-24T13:38:57+00:00","mainEntityOfPage":{"@id":"https:\/\/www.fenomist.com\/blog\/instagram-hikaye-paylasamiyorum-sorunu-cozumu"},"wordCount":891,"commentCount":164,"publisher":{"@id":"https:\/\/www.fenomist.com\/blog\/#organization"},"image":{"@id":"https:\/\/www.fenomist.com\/blog\/instagram-hikaye-paylasamiyorum-sorunu-cozumu#primaryimage"},"thumbnailUrl":"https:\/\/www.fenomist.com\/blog\/wp-content\/uploads\/instagram-hikaye-paylasamiyorum.png","articleSection":["Instagram Destek"],"inLanguage":"tr","potentialAction":[{"@type":"CommentAction","name":"Comment","target":["https:\/\/www.fenomist.com\/blog\/instagram-hikaye-paylasamiyorum-sorunu-cozumu#respond"]}]},{"@type":["WebPage","FAQPage"],"@id":"https:\/\/www.fenomist.com\/blog\/instagram-hikaye-paylasamiyorum-sorunu-cozumu","url":"https:\/\/www.fenomist.com\/blog\/instagram-hikaye-paylasamiyorum-sorunu-cozumu","name":"Instagram Hikaye Payla\u015fam\u0131yorum Sorunu \u00c7\u00f6z\u00fcm\u00fc - Fenomist.com","isPartOf":{"@id":"https:\/\/www.fenomist.com\/blog\/#website"},"primaryImageOfPage":{"@id":"https:\/\/www.fenomist.com\/blog\/instagram-hikaye-paylasamiyorum-sorunu-cozumu#primaryimage"},"image":{"@id":"https:\/\/www.fenomist.com\/blog\/instagram-hikaye-paylasamiyorum-sorunu-cozumu#primaryimage"},"thumbnailUrl":"https:\/\/www.fenomist.com\/blog\/wp-content\/uploads\/instagram-hikaye-paylasamiyorum.png","datePublished":"2020-01-15T08:57:58+00:00","dateModified":"2023-07-24T13:38:57+00:00","description":"Instagram hikaye payla\u015fam\u0131yorum sorunu genellikle g\u00fcncellemeler sonras\u0131 ortaya \u00e7\u0131kar. Sorunun \u00e7\u00f6z\u00fcm\u00fc instatakipci.com blog yaz\u0131m\u0131zda.","breadcrumb":{"@id":"https:\/\/www.fenomist.com\/blog\/instagram-hikaye-paylasamiyorum-sorunu-cozumu#breadcrumb"},"mainEntity":[{"@id":"https:\/\/www.fenomist.com\/blog\/instagram-hikaye-paylasamiyorum-sorunu-cozumu#faq-question-1579078578991"},{"@id":"https:\/\/www.fenomist.com\/blog\/instagram-hikaye-paylasamiyorum-sorunu-cozumu#faq-question-1579078580089"},{"@id":"https:\/\/www.fenomist.com\/blog\/instagram-hikaye-paylasamiyorum-sorunu-cozumu#faq-question-1579078580857"},{"@id":"https:\/\/www.fenomist.com\/blog\/instagram-hikaye-paylasamiyorum-sorunu-cozumu#faq-question-1594734188134"}],"inLanguage":"tr","potentialAction":[{"@type":"ReadAction","target":["https:\/\/www.fenomist.com\/blog\/instagram-hikaye-paylasamiyorum-sorunu-cozumu"]}]},{"@type":"ImageObject","inLanguage":"tr","@id":"https:\/\/www.fenomist.com\/blog\/instagram-hikaye-paylasamiyorum-sorunu-cozumu#primaryimage","url":"https:\/\/www.fenomist.com\/blog\/wp-content\/uploads\/instagram-hikaye-paylasamiyorum.png","contentUrl":"https:\/\/www.fenomist.com\/blog\/wp-content\/uploads\/instagram-hikaye-paylasamiyorum.png","width":960,"height":640,"caption":"instagram hikaye payla\u015fam\u0131yorum"},{"@type":"BreadcrumbList","@id":"https:\/\/www.fenomist.com\/blog\/instagram-hikaye-paylasamiyorum-sorunu-cozumu#breadcrumb","itemListElement":[{"@type":"ListItem","position":1,"name":"Ana sayfa","item":"https:\/\/www.fenomist.com\/blog"},{"@type":"ListItem","position":2,"name":"Instagram Destek","item":"https:\/\/www.fenomist.com\/blog\/instagram-destek"},{"@type":"ListItem","position":3,"name":"Instagram Hikaye Payla\u015fam\u0131yorum Sorunu \u00c7\u00f6z\u00fcm\u00fc"}]},{"@type":"WebSite","@id":"https:\/\/www.fenomist.com\/blog\/#website","url":"https:\/\/www.fenomist.com\/blog\/","name":"Sosyal Medya Haberleri - Son Dakika","description":"Sosyal Medya Haberleri - Son Dakika","publisher":{"@id":"https:\/\/www.fenomist.com\/blog\/#organization"},"alternateName":"fenomist.com","potentialAction":[{"@type":"SearchAction","target":{"@type":"EntryPoint","urlTemplate":"https:\/\/www.fenomist.com\/blog\/?s={search_term_string}"},"query-input":{"@type":"PropertyValueSpecification","valueRequired":true,"valueName":"search_term_string"}}],"inLanguage":"tr"},{"@type":"Organization","@id":"https:\/\/www.fenomist.com\/blog\/#organization","name":"Fenomist","alternateName":"fenomist.com","url":"https:\/\/www.fenomist.com\/blog\/","logo":{"@type":"ImageObject","inLanguage":"tr","@id":"https:\/\/www.fenomist.com\/blog\/#\/schema\/logo\/image\/","url":"https:\/\/www.fenomist.com\/blog\/wp-content\/uploads\/instagram-takipci-satin-al-blog.svg","contentUrl":"https:\/\/www.fenomist.com\/blog\/wp-content\/uploads\/instagram-takipci-satin-al-blog.svg","caption":"Fenomist"},"image":{"@id":"https:\/\/www.fenomist.com\/blog\/#\/schema\/logo\/image\/"},"sameAs":["https:\/\/www.facebook.com\/fenomist","https:\/\/x.com\/smipuclari","https:\/\/www.instagram.com\/sosyal_fabrika\/","https:\/\/tr.linkedin.com\/in\/instatakipcicom","https:\/\/myspace.com\/instatakipci22","https:\/\/fi.pinterest.com\/instatakipcisosyal\/","https:\/\/www.youtube.com\/instatakipcicom"]},{"@type":"Person","@id":"https:\/\/www.fenomist.com\/blog\/#\/schema\/person\/235d54527608230f6c9e9d95b6d15f99","name":"Enes Bulut","image":{"@type":"ImageObject","inLanguage":"tr","@id":"https:\/\/www.fenomist.com\/blog\/#\/schema\/person\/image\/","url":"https:\/\/www.fenomist.com\/blog\/wp-content\/uploads\/enes-bulut-96x96.webp","contentUrl":"https:\/\/www.fenomist.com\/blog\/wp-content\/uploads\/enes-bulut-96x96.webp","caption":"Enes Bulut"},"description":"Ben Enes Bulut, 2014 y\u0131l\u0131nda Yeditepe \u00dcniversitesi Reklamc\u0131l\u0131k b\u00f6l\u00fcm\u00fcn\u00fc tamamlad\u0131ktan sonra \u0130\u00e7erik Yazarl\u0131\u011f\u0131 ve Edit\u00f6rl\u00fck alan\u0131na y\u00f6neldim. Bu alanda yakla\u015f\u0131k 6 y\u0131ld\u0131r fenomist.com b\u00fcnyesinde \u00e7al\u0131\u015f\u0131yorum. Sosyal medya ve dijital pazarlama uzmanl\u0131k alan\u0131m olmak \u00fczere bir\u00e7ok konuda \u00f6zg\u00fcn ve \u00f6zel i\u00e7erikler haz\u0131rl\u0131yorum.","sameAs":["https:\/\/www.fenomist.com\/blog\/author\/enesbulut","https:\/\/x.com\/bulut_enesss"],"url":"https:\/\/www.fenomist.com\/blog\/author\/enesbulut"},{"@type":"Question","@id":"https:\/\/www.fenomist.com\/blog\/instagram-hikaye-paylasamiyorum-sorunu-cozumu#faq-question-1579078578991","position":1,"url":"https:\/\/www.fenomist.com\/blog\/instagram-hikaye-paylasamiyorum-sorunu-cozumu#faq-question-1579078578991","name":"Instagram Hikaye Payla\u015fam\u0131yorum Ne Yapmal\u0131y\u0131m?","answerCount":1,"acceptedAnswer":{"@type":"Answer","text":"Instagram \u00fczerinden hikaye payla\u015fmak ile ilgili sorun ya\u015f\u0131yorsan\u0131z sizler i\u00e7in d\u00fczenlemi\u015f oldu\u011fumuz yaz\u0131dan detayl\u0131ca t\u00fcm bilgilere ula\u015f\u0131p  sorununuzu kolayca \u00e7\u00f6zebilirsiniz.","inLanguage":"tr"},"inLanguage":"tr"},{"@type":"Question","@id":"https:\/\/www.fenomist.com\/blog\/instagram-hikaye-paylasamiyorum-sorunu-cozumu#faq-question-1579078580089","position":2,"url":"https:\/\/www.fenomist.com\/blog\/instagram-hikaye-paylasamiyorum-sorunu-cozumu#faq-question-1579078580089","name":"Sundu\u011funuz \u00c7\u00f6z\u00fcmler G\u00fcvenilir mi?","answerCount":1,"acceptedAnswer":{"@type":"Answer","text":"Instagram Hikaye Payla\u015fam\u0131yorum diyorsan\u0131z, sundu\u011fumuz \u00e7\u00f6z\u00fcmler tam size g\u00f6re! Tamamen zarars\u0131z \u00e7\u00f6z\u00fcmlerimiznden g\u00f6n\u00fcl rahatl\u0131\u011f\u0131 ile yararlanabilirsiniz.","inLanguage":"tr"},"inLanguage":"tr"},{"@type":"Question","@id":"https:\/\/www.fenomist.com\/blog\/instagram-hikaye-paylasamiyorum-sorunu-cozumu#faq-question-1579078580857","position":3,"url":"https:\/\/www.fenomist.com\/blog\/instagram-hikaye-paylasamiyorum-sorunu-cozumu#faq-question-1579078580857","name":"Neden Hikaye Payla\u015fam\u0131yorum?","answerCount":1,"acceptedAnswer":{"@type":"Answer","text":"Hikaye payla\u015fmak ile ilgili ya\u015fad\u0131\u011f\u0131n\u0131z t\u00fcm sorunlar\u0131n\u0131z ve bunlar\u0131 nedenleri ile ilgili t\u00fcm bilgileri Instagram Hikaye Payla\u015fam\u0131yorum Sorunu \u00c7\u00f6z\u00fcm\u00fc ba\u015fl\u0131kl\u0131 yaz\u0131m\u0131zdan detayl\u0131ca \u00f6\u011frenebilirsiniz.","inLanguage":"tr"},"inLanguage":"tr"},{"@type":"Question","@id":"https:\/\/www.fenomist.com\/blog\/instagram-hikaye-paylasamiyorum-sorunu-cozumu#faq-question-1594734188134","position":4,"url":"https:\/\/www.fenomist.com\/blog\/instagram-hikaye-paylasamiyorum-sorunu-cozumu#faq-question-1594734188134","name":"Instagram Hikaye Engeli Nedir?","answerCount":1,"acceptedAnswer":{"@type":"Answer","text":"Instagram profiliniz ile \u015f\u00fcpheli i\u015flemler yapman\u0131z, \u015fikayetler alman\u0131z neticesinde hikaye payla\u015fma engeli alm\u0131\u015f olabilirsiniz.","inLanguage":"tr"},"inLanguage":"tr"}]}},"_links":{"self":[{"href":"https:\/\/www.fenomist.com\/blog\/wp-json\/wp\/v2\/posts\/11124","targetHints":{"allow":["GET"]}}],"collection":[{"href":"https:\/\/www.fenomist.com\/blog\/wp-json\/wp\/v2\/posts"}],"about":[{"href":"https:\/\/www.fenomist.com\/blog\/wp-json\/wp\/v2\/types\/post"}],"author":[{"embeddable":true,"href":"https:\/\/www.fenomist.com\/blog\/wp-json\/wp\/v2\/users\/1"}],"replies":[{"embeddable":true,"href":"https:\/\/www.fenomist.com\/blog\/wp-json\/wp\/v2\/comments?post=11124"}],"version-history":[{"count":5,"href":"https:\/\/www.fenomist.com\/blog\/wp-json\/wp\/v2\/posts\/11124\/revisions"}],"predecessor-version":[{"id":43234,"href":"https:\/\/www.fenomist.com\/blog\/wp-json\/wp\/v2\/posts\/11124\/revisions\/43234"}],"wp:featuredmedia":[{"embeddable":true,"href":"https:\/\/www.fenomist.com\/blog\/wp-json\/wp\/v2\/media\/39933"}],"wp:attachment":[{"href":"https:\/\/www.fenomist.com\/blog\/wp-json\/wp\/v2\/media?parent=11124"}],"wp:term":[{"taxonomy":"category","embeddable":true,"href":"https:\/\/www.fenomist.com\/blog\/wp-json\/wp\/v2\/categories?post=11124"},{"taxonomy":"post_tag","embeddable":true,"href":"https:\/\/www.fenomist.com\/blog\/wp-json\/wp\/v2\/tags?post=11124"}],"curies":[{"name":"wp","href":"https:\/\/api.w.org\/{rel}","templated":true}]}}