{"id":14163,"date":"2020-02-25T12:02:57","date_gmt":"2020-02-25T09:02:57","guid":{"rendered":"https:\/\/www.instatakipci.com\/blog\/?p=14163"},"modified":"2025-05-13T18:41:02","modified_gmt":"2025-05-13T15:41:02","slug":"instagram-neden-acilmiyor","status":"publish","type":"post","link":"https:\/\/www.fenomist.com\/blog\/instagram-neden-acilmiyor","title":{"rendered":"Instagram Neden A\u00e7\u0131lm\u0131yor"},"content":{"rendered":"\n<p>Son zamanlarda s\u0131kl\u0131kla kar\u015f\u0131la\u015f\u0131lan hatalar sonucunda <strong>Instagram neden a\u00e7\u0131lm\u0131yor<\/strong> veya <strong>instagram neden yava\u015f<\/strong> diyebilirsiniz. En pop\u00fcler sosyal medya a\u011flar\u0131n\u0131n ba\u015f\u0131nda Instagram gelmektedir. \u00d6yle ki Instagram D\u00fcnyan\u0131n en fazla kullan\u0131c\u0131ya sahip sosyal medya <strong>payla\u015f\u0131m platformu<\/strong> olarak kar\u015f\u0131m\u0131za \u00e7\u0131kmaktad\u0131r. G\u00fcn\u00fcm\u00fczde yakla\u015f\u0131k olarak 400 milyon kullan\u0131c\u0131s\u0131 oldu\u011fu bilinmekte olan Instagram, 2010 y\u0131l\u0131ndan itibaren \u00e7e\u015fitli kanallarda kullan\u0131lmaya ba\u015flanm\u0131\u015ft\u0131r. Ba\u015fta iOS olmak \u00fczere Android, Windows vb. i\u015fletim kanallar\u0131nda bu uygulamay\u0131 kullanabilirsiniz. Yap\u0131lan ara\u015ft\u0131rmalar 2017 y\u0131l\u0131nda toplamda 100 milyondan fazla kullan\u0131c\u0131n\u0131n oldu\u011funu ortaya koydu. Peki, Instagram uygulamas\u0131 ne i\u015fe yarar? Bu uygulama s\u0131ras\u0131nda kar\u015f\u0131m\u0131za \u00e7\u0131kabilecek hatalar nelerdir? Bizler merak edilenleri sizler i\u00e7in i\u00e7eri\u011fimizde a\u00e7\u0131kl\u0131yoruz. <\/p><div id=\"ez-toc-container\" class=\"ez-toc-v2_0_79_2 counter-hierarchy ez-toc-counter ez-toc-grey ez-toc-container-direction\">\n<div class=\"ez-toc-title-container\">\n<p class=\"ez-toc-title\" style=\"cursor:inherit\">\u0130\u00e7indekiler<\/p>\n<span class=\"ez-toc-title-toggle\"><a href=\"#\" class=\"ez-toc-pull-right ez-toc-btn ez-toc-btn-xs ez-toc-btn-default ez-toc-toggle\" aria-label=\"Toggle Table of Content\"><span class=\"ez-toc-js-icon-con\"><span class=\"\"><span class=\"eztoc-hide\" style=\"display:none;\">Toggle<\/span><span class=\"ez-toc-icon-toggle-span\"><svg style=\"fill: #999;color:#999\" xmlns=\"http:\/\/www.w3.org\/2000\/svg\" class=\"list-377408\" width=\"20px\" height=\"20px\" viewBox=\"0 0 24 24\" fill=\"none\"><path d=\"M6 6H4v2h2V6zm14 0H8v2h12V6zM4 11h2v2H4v-2zm16 0H8v2h12v-2zM4 16h2v2H4v-2zm16 0H8v2h12v-2z\" fill=\"currentColor\"><\/path><\/svg><svg style=\"fill: #999;color:#999\" class=\"arrow-unsorted-368013\" xmlns=\"http:\/\/www.w3.org\/2000\/svg\" width=\"10px\" height=\"10px\" viewBox=\"0 0 24 24\" version=\"1.2\" baseProfile=\"tiny\"><path d=\"M18.2 9.3l-6.2-6.3-6.2 6.3c-.2.2-.3.4-.3.7s.1.5.3.7c.2.2.4.3.7.3h11c.3 0 .5-.1.7-.3.2-.2.3-.5.3-.7s-.1-.5-.3-.7zM5.8 14.7l6.2 6.3 6.2-6.3c.2-.2.3-.5.3-.7s-.1-.5-.3-.7c-.2-.2-.4-.3-.7-.3h-11c-.3 0-.5.1-.7.3-.2.2-.3.5-.3.7s.1.5.3.7z\"\/><\/svg><\/span><\/span><\/span><\/a><\/span><\/div>\n<nav><ul class='ez-toc-list ez-toc-list-level-1 ' ><li class='ez-toc-page-1 ez-toc-heading-level-2'><a class=\"ez-toc-link ez-toc-heading-1\" href=\"https:\/\/www.fenomist.com\/blog\/instagram-neden-acilmiyor\/#Instagram_Ne_Ise_Yaramaktadir\" >Instagram Ne \u0130\u015fe Yaramaktad\u0131r?<\/a><\/li><li class='ez-toc-page-1 ez-toc-heading-level-2'><a class=\"ez-toc-link ez-toc-heading-2\" href=\"https:\/\/www.fenomist.com\/blog\/instagram-neden-acilmiyor\/#Instagram_Hatalari_Hakkinda\" >Instagram Hatalar\u0131 Hakk\u0131nda<\/a><\/li><li class='ez-toc-page-1 ez-toc-heading-level-2'><a class=\"ez-toc-link ez-toc-heading-3\" href=\"https:\/\/www.fenomist.com\/blog\/instagram-neden-acilmiyor\/#Instagram_Hatalari_ve_Cozumleri\" >Instagram Hatalar\u0131 ve \u00c7\u00f6z\u00fcmleri<\/a><ul class='ez-toc-list-level-3' ><li class='ez-toc-heading-level-3'><a class=\"ez-toc-link ez-toc-heading-4\" href=\"https:\/\/www.fenomist.com\/blog\/instagram-neden-acilmiyor\/#Baglanti_Sorunlari\" >Ba\u011flant\u0131 Sorunlar\u0131<\/a><\/li><li class='ez-toc-page-1 ez-toc-heading-level-3'><a class=\"ez-toc-link ez-toc-heading-5\" href=\"https:\/\/www.fenomist.com\/blog\/instagram-neden-acilmiyor\/#Cihazinizdan_Kaynakli_Sorunlar\" >Cihaz\u0131n\u0131zdan Kaynakl\u0131 Sorunlar<\/a><\/li><li class='ez-toc-page-1 ez-toc-heading-level-3'><a class=\"ez-toc-link ez-toc-heading-6\" href=\"https:\/\/www.fenomist.com\/blog\/instagram-neden-acilmiyor\/#Uygulamadan_Kaynakli_Sorunlar\" >Uygulamadan Kaynakl\u0131 Sorunlar<\/a><\/li><li class='ez-toc-page-1 ez-toc-heading-level-3'><a class=\"ez-toc-link ez-toc-heading-7\" href=\"https:\/\/www.fenomist.com\/blog\/instagram-neden-acilmiyor\/#Instagram_Topluluk_Kurallarindan_Kaynakli_Sorunlar\" >Instagram Topluluk Kurallar\u0131ndan Kaynakl\u0131 Sorunlar<\/a><\/li><li class='ez-toc-page-1 ez-toc-heading-level-3'><a class=\"ez-toc-link ez-toc-heading-8\" href=\"https:\/\/www.fenomist.com\/blog\/instagram-neden-acilmiyor\/#Bu_makale_faydali_miydi\" >Bu makale faydal\u0131 m\u0131yd\u0131?<\/a><\/li><\/ul><\/li><li class='ez-toc-page-1 ez-toc-heading-level-2'><a class=\"ez-toc-link ez-toc-heading-9\" href=\"https:\/\/www.fenomist.com\/blog\/instagram-neden-acilmiyor\/#Hakkinda_Sikca_Sorulan_Sorular\" >Hakk\u0131nda S\u0131k\u00e7a Sorulan Sorular<\/a><\/li><\/ul><\/nav><\/div>\n\n\n\n\n<figure class=\"wp-block-embed aligncenter is-type-video is-provider-youtube wp-block-embed-youtube wp-embed-aspect-16-9 wp-has-aspect-ratio\"><div class=\"wp-block-embed__wrapper\">\n<iframe title=\"\u0130nstagram a\u00e7\u0131lm\u0131yor s\u00fcrekli duruyor!!! Sorunu kesin \u00e7\u00f6z\u00fcm\u00fc ile kar\u015f\u0131n\u0131zday\u0131z( 30 Mart 2021)\" width=\"640\" height=\"360\" src=\"https:\/\/www.youtube.com\/embed\/Xyvqab8KKNY?feature=oembed\" frameborder=\"0\" allow=\"accelerometer; autoplay; clipboard-write; encrypted-media; gyroscope; picture-in-picture; web-share\" referrerpolicy=\"strict-origin-when-cross-origin\" allowfullscreen><\/iframe><script type=\"application\/ld+json\">\n    {\n      \"@context\": \"https:\/\/schema.org\",\n      \"@type\": \"VideoObject\",\n      \"name\": \"\u0130nstagram a\u00e7\u0131lm\u0131yor s\u00fcrekli duruyor!!! Sorunu kesin \u00e7\u00f6z\u00fcm\u00fc ile kar\u015f\u0131n\u0131zday\u0131z( 30 Mart 2021)\",\n      \"description\": \"Instagram Neden A\u00e7\u0131lm\u0131yor\",\n      \"thumbnailUrl\": \"https:\/\/i.ytimg.com\/vi_webp\/Xyvqab8KKNY\/mqdefault.webp\",\n      \"embedUrl\": \"https:\/\/www.youtube.com\/embed\/Xyvqab8KKNY?feature=oembed\",\n      \"uploadDate\": \"May 13, 2025 3:41 pm\"\n    }\n    <\/script>\n<\/div><\/figure>\n\n\n\n<h2 class=\"wp-block-heading\"><span class=\"ez-toc-section\" id=\"Instagram_Ne_Ise_Yaramaktadir\"><\/span>Instagram Ne \u0130\u015fe Yaramaktad\u0131r?<span class=\"ez-toc-section-end\"><\/span><\/h2>\n\n\n\n<p>Instagram uygulamas\u0131 kullan\u0131c\u0131lara video ve g\u00f6rsel payla\u015fma imk\u00e2n\u0131 sunar. Her ge\u00e7en g\u00fcn daha fazla kullan\u0131c\u0131ya sahip olan uygulama, d\u00fcnyan\u0131n pek \u00e7ok yerinde kullan\u0131lmaktad\u0131r. Payla\u015f\u0131mlara dilerseniz etiket ekleyerek daha fazla ki\u015fiye ula\u015fabilirsiniz.<\/p>\n\n\n\n<p>DM kutusu sayesinde de uygulama i\u00e7erisindeki pek \u00e7ok kullan\u0131c\u0131ya bir arada ula\u015fabilirsiniz. 24 saat boyunca, hik\u00e2ye k\u0131sm\u0131ndan g\u00f6r\u00fcnt\u00fcler ya da videolar atabilirsiniz. Instagram uygulamas\u0131, sadece T\u00fcrk de\u011fil, d\u00fcnyan\u0131n pek \u00e7ok yerindeki hesaplara izin vermektedir. Bu sebeple d\u00fcnyaya a\u00e7\u0131lan bir uygulamad\u0131r. Ancak uygulaman\u0131n bu kadar \u00e7ok kullan\u0131labiliyor olmas\u0131, baz\u0131 durumlarda hatalar\u0131 da beraberinde getirmektedir. \u00d6zellikle sunucularda meydana gelen a\u015f\u0131r\u0131 y\u00fcklenmeden dolay\u0131 s\u0131k s\u0131k uygulamaya eri\u015fememe durumu olu\u015fabilmektedir. Bu nedenle en s\u0131k ya\u015fanan sorular\u0131n ba\u015f\u0131nda <strong>Instagram a\u00e7\u0131lm\u0131yor<\/strong>, <strong>Instagram neden \u00e7\u00f6kt\u00fc<\/strong> gelmektedir. Instagram uygulamas\u0131 \u00e7e\u015fitli sebeplerden a\u00e7\u0131lmayabiliyor. Ancak belirtmemiz gerekiyor ki, sorunlar\u0131n b\u00fcy\u00fck bir k\u0131sm\u0131, \u00e7\u00f6kme ya da internet vb. sorunlardan kaynaklanmaktad\u0131r. <\/p>\n\n\n<div class=\"bestSellListContainer bestByProduct price w-100\">\n    <div class=\"bestSellList best-card\">\n        <div class=\"bestSell-list bestsell nowrap slick-initialized slick-slider\" data-slide=\"12\">\n            <div class=\"slick-list swiper best-product-slider draggable\">\n                <div class=\"slick-track swiper-wrapper\">\n<div class=\"slide swiper-slide slick-slide\" data-slick-index=\"3\"\n     aria-hidden=\"true\"\n     tabindex=\"-1\">\n    <div class=\"card border-bestSell\">\n        <a href=\"https:\/\/www.fenomist.com\/instagram-turk-takipci?amount=2500&ps4\" class=\"stretched-link blog-product-slider\" target=\"_blank\"\n           tabindex=\"-1\"><\/a>\n        <div class=\"card-header btn-like-color btn-like-bg-color\">\n           <img decoding=\"async\" src=\"https:\/\/www.fenomist.com\/blog\/wp-content\/uploads\/instagram-takipci-slide.webp\" width=\"64\" height=\"64\">\n        <\/div>\n        <div class=\"card-body\">\n            <div class=\"best-name btn-like-color\">Instagram Takip\u00e7i<\/div>\n            <div class=\"best-amount\">2.500<\/div>\n            <hr class=\"border-like\">\n        <\/div>\n        <div class=\"card-footer\">\n            <div class='best-discount'>%36 Discounted<\/div>            <div>\n                <p class='pricesClass pricesOld'> 625\u20ba <\/p>                <p class=\"h4 text-black\">397.25\u20ba<\/p>\n            <\/div>\n            <input type=\"button\" value=\"Buy Now\" class=\"btn-primary btn\">\n        <\/div>\n    <\/div>\n<\/div>\n<div class=\"slide swiper-slide slick-slide\" data-slick-index=\"3\"\n     aria-hidden=\"true\"\n     tabindex=\"-1\">\n    <div class=\"card border-bestSell\">\n        <a href=\"https:\/\/www.fenomist.com\/instagram-begeni-satin-al?amount=250&ps4\" class=\"stretched-link blog-product-slider\" target=\"_blank\"\n           tabindex=\"-1\"><\/a>\n        <div class=\"card-header btn-like-color btn-like-bg-color\">\n           <img decoding=\"async\" src=\"https:\/\/www.fenomist.com\/blog\/wp-content\/uploads\/instagram-begeni-slide.webp\" width=\"64\" height=\"64\">\n        <\/div>\n        <div class=\"card-body\">\n            <div class=\"best-name btn-like-color\">Instagram Be\u011feni<\/div>\n            <div class=\"best-amount\">250<\/div>\n            <hr class=\"border-like\">\n        <\/div>\n        <div class=\"card-footer\">\n            <div class='best-discount'>%40 Discounted<\/div>            <div>\n                <p class='pricesClass pricesOld'> 34.38\u20ba <\/p>                <p class=\"h4 text-black\">20.75\u20ba<\/p>\n            <\/div>\n            <input type=\"button\" value=\"Buy Now\" class=\"btn-primary btn\">\n        <\/div>\n    <\/div>\n<\/div>\n<div class=\"slide swiper-slide slick-slide\" data-slick-index=\"3\"\n     aria-hidden=\"true\"\n     tabindex=\"-1\">\n    <div class=\"card border-bestSell\">\n        <a href=\"https:\/\/www.fenomist.com\/tiktok-takipci-satin-al?amount=2500&ps4\" class=\"stretched-link blog-product-slider\" target=\"_blank\"\n           tabindex=\"-1\"><\/a>\n        <div class=\"card-header btn-like-color btn-like-bg-color\">\n           <img decoding=\"async\" src=\"https:\/\/www.fenomist.com\/blog\/wp-content\/uploads\/tiktok-begeni-slide.webp\" width=\"64\" height=\"64\">\n        <\/div>\n        <div class=\"card-body\">\n            <div class=\"best-name btn-like-color\">TikTok Takip\u00e7i<\/div>\n            <div class=\"best-amount\">2.500<\/div>\n            <hr class=\"border-like\">\n        <\/div>\n        <div class=\"card-footer\">\n            <div class='best-discount'>%65 Discounted<\/div>            <div>\n                <p class='pricesClass pricesOld'> 750\u20ba <\/p>                <p class=\"h4 text-black\">262.5\u20ba<\/p>\n            <\/div>\n            <input type=\"button\" value=\"Buy Now\" class=\"btn-primary btn\">\n        <\/div>\n    <\/div>\n<\/div>\n<div class=\"slide swiper-slide slick-slide\" data-slick-index=\"3\"\n     aria-hidden=\"true\"\n     tabindex=\"-1\">\n    <div class=\"card border-bestSell\">\n        <a href=\"https:\/\/www.fenomist.com\/tiktok-begeni-satin-al?amount=100&ps4\" class=\"stretched-link blog-product-slider\" target=\"_blank\"\n           tabindex=\"-1\"><\/a>\n        <div class=\"card-header btn-like-color btn-like-bg-color\">\n           <img decoding=\"async\" src=\"https:\/\/www.fenomist.com\/blog\/wp-content\/uploads\/tiktok-begeni-slide.webp\" width=\"64\" height=\"64\">\n        <\/div>\n        <div class=\"card-body\">\n            <div class=\"best-name btn-like-color\">TikTok Be\u011feni<\/div>\n            <div class=\"best-amount\">100<\/div>\n            <hr class=\"border-like\">\n        <\/div>\n        <div class=\"card-footer\">\n            <div class='best-discount'>%20 Discounted<\/div>            <div>\n                <p class='pricesClass pricesOld'> 19.9\u20ba <\/p>                <p class=\"h4 text-black\">15.99\u20ba<\/p>\n            <\/div>\n            <input type=\"button\" value=\"Buy Now\" class=\"btn-primary btn\">\n        <\/div>\n    <\/div>\n<\/div>\n<div class=\"slide swiper-slide slick-slide\" data-slick-index=\"3\"\n     aria-hidden=\"true\"\n     tabindex=\"-1\">\n    <div class=\"card border-bestSell\">\n        <a href=\"https:\/\/www.fenomist.com\/instagram-yorum-satin-al?amount=10&ps4\" class=\"stretched-link blog-product-slider\" target=\"_blank\"\n           tabindex=\"-1\"><\/a>\n        <div class=\"card-header btn-like-color btn-like-bg-color\">\n           <img decoding=\"async\" src=\"https:\/\/www.fenomist.com\/blog\/wp-content\/uploads\/instagram-takipci-slide.webp\" width=\"64\" height=\"64\">\n        <\/div>\n        <div class=\"card-body\">\n            <div class=\"best-name btn-like-color\">Instagram Yorum<\/div>\n            <div class=\"best-amount\">10<\/div>\n            <hr class=\"border-like\">\n        <\/div>\n        <div class=\"card-footer\">\n            <div class='best-discount'>%4 Discounted<\/div>            <div>\n                <p class='pricesClass pricesOld'> 30.08\u20ba <\/p>                <p class=\"h4 text-black\">28.85\u20ba<\/p>\n            <\/div>\n            <input type=\"button\" value=\"Buy Now\" class=\"btn-primary btn\">\n        <\/div>\n    <\/div>\n<\/div>\n<\/div>\n<div class=\"custom-pagination swiper-pagination\"><\/div>\n<\/div>\n<\/div>\n<\/div>\n<\/div>\n\n\n\n\n<div class=\"wp-block-image\">\n<figure class=\"aligncenter size-full\"><img loading=\"lazy\" decoding=\"async\" width=\"1070\" height=\"600\" src=\"https:\/\/www.fenomist.com\/blog\/wp-content\/uploads\/instagram-neden-acilmiyor-bazi-hatalar.png\" alt=\"instagram neden a\u00e7\u0131lm\u0131yor\" class=\"wp-image-33699\" srcset=\"https:\/\/www.fenomist.com\/blog\/wp-content\/uploads\/instagram-neden-acilmiyor-bazi-hatalar.png 1070w, https:\/\/www.fenomist.com\/blog\/wp-content\/uploads\/instagram-neden-acilmiyor-bazi-hatalar-768x431.png 768w\" sizes=\"(max-width: 1070px) 100vw, 1070px\" \/><\/figure><\/div>\n\n\n<h2 class=\"wp-block-heading\"><span class=\"ez-toc-section\" id=\"Instagram_Hatalari_Hakkinda\"><\/span>Instagram Hatalar\u0131 Hakk\u0131nda<span class=\"ez-toc-section-end\"><\/span><\/h2>\n\n\n\n<p><strong>Instagram neden a\u00e7\u0131lm\u0131yor<\/strong>? sorusunun Instagram hatalar\u0131n\u0131n ba\u015f\u0131nda geldi\u011fini s\u00f6yledik. Bu sorular\u0131n en temel sebebi \u201c\u00dczg\u00fcn\u00fcm iste\u011finiz ile alakal\u0131 bir sorun medyana geldi\u201d i\u00e7eri\u011fidir. E\u011fer siz de &#8221;<a href=\"https:\/\/www.fenomist.com\/blog\/instagram-hata-veriyor\" target=\"_blank\" rel=\"noopener\">Instagram hata veriyor<\/a>&#8221; sorunuyla kar\u015f\u0131la\u015f\u0131yorsan\u0131z, yapabilece\u011finiz baz\u0131 \u00e7\u00f6z\u00fcmler bulunmaktad\u0131r. <\/p>\n\n\n\n<ul class=\"wp-block-list\">\n<li>Bu hatay\u0131 yok etmek istiyorsan\u0131z, ilk olarak internet ba\u011flant\u0131n\u0131z\u0131 kontrol etmeniz gerekmektedir. Bir a\u011fa ba\u011fl\u0131 oldu\u011funuzdan emin olunuz. <\/li>\n\n\n\n<li>Bunun d\u0131\u015f\u0131nda VPN \u2013 Proxy sistemini kontrol etmeniz gerekmektedir. <\/li>\n\n\n\n<li>Bunun d\u0131\u015f\u0131nda kendi internet h\u0131z\u0131n\u0131z\u0131 ya da paketinizi kontrol edebilirsiniz. Bazen paketiniz bitti\u011finde ya da Wi\u2013Fi\u2019de baz\u0131 sorunlar oldu\u011funda bu uyar\u0131lar ile kar\u015f\u0131la\u015fmaktad\u0131r. <\/li>\n\n\n\n<li><a href=\"https:\/\/help.instagram.com\/\" target=\"_blank\" rel=\"noopener\">Instagram Yard\u0131m Merkezi<\/a>&#8216;nden de konuyla ilgili yard\u0131m alabilirsiniz.<\/li>\n<\/ul>\n\n\n\n<p><strong>Instagram uygulama a\u00e7\u0131lm\u0131yor<\/strong> ise, ge\u00e7ici olarak <a href=\"https:\/\/www.fenomist.com\/blog\/instagram-hesap-dondurma\" target=\"_blank\" rel=\"noopener\">Instagram hesap dondurma<\/a> i\u015flemini uygulayabilirsiniz. Bu i\u015flem \u201cHesab\u0131 ge\u00e7ici olarak kapatma\u201d olarak ge\u00e7mektedir. Ancak bu a\u015famada hesab\u0131n\u0131z\u0131 yanl\u0131\u015fl\u0131kla kal\u0131c\u0131 olarak silmemeye dikkat ediniz. Hesab\u0131n\u0131z\u0131 dondurup geri a\u00e7t\u0131\u011f\u0131n\u0131zda Instagram hesab\u0131m a\u00e7\u0131lm\u0131yor sorununu \u00e7\u00f6zebilirsiniz. Bu \u015fekilde sorunlar y\u00fczde 90 oran\u0131nda \u00e7\u00f6z\u00fcmlenmektedir. Hesap dondurma i\u015flemleri \u015fu \u015fekilde yap\u0131lmaktad\u0131r:<\/p>\n\n\n\n<ul class=\"wp-block-list\">\n<li>\u0130lk olarak <a href=\"https:\/\/www.instagram.com\/\" target=\"_blank\" rel=\"noopener\">Instagram<\/a>\u2019a hesap bilgileriniz ile giri\u015f yap\u0131n. M\u00fcmk\u00fcnse bunu internet taray\u0131c\u0131s\u0131 (bilgisayar) \u00fczerinden yapman\u0131z gerekmektedir. Baz\u0131 durumlarda s\u0131k\u0131nt\u0131 mobil uygulamadan kaynaklanabilmektedir. Bu sebeple bilgisayar\u0131n\u0131zdan uygulamaya girmekte yarar var. <\/li>\n\n\n\n<li>Hesaba girdi\u011finiz zaman \u201cProfili D\u00fczenle\u201d se\u00e7ene\u011fine t\u0131klaman\u0131z gerekmektedir. <\/li>\n\n\n\n<li>Buraya t\u0131klad\u0131\u011f\u0131n\u0131z zaman \u201cHesab\u0131 Kapat\u201d se\u00e7ene\u011fi \u00e7\u0131kacakt\u0131r. <\/li>\n\n\n\n<li>Buraya t\u0131klad\u0131\u011f\u0131n\u0131zda hesab\u0131n\u0131z\u0131 ge\u00e7ici olarak kapatm\u0131\u015f olacaks\u0131n\u0131z Ayr\u0131ca dilerseniz istedi\u011finiz zaman hesab\u0131n\u0131za giri\u015f yaparak, uygulamay\u0131 kullanmaya devam edebilirsiniz. <\/li>\n\n\n\n<li>Hesab\u0131n\u0131z\u0131 kapatmak istedi\u011finizde kar\u015f\u0131n\u0131za birtak\u0131m sorular \u00e7\u0131kacakt\u0131r. Instagram uygulamas\u0131, hesab\u0131n\u0131z\u0131 neden dondurmak istedi\u011finizle alakal\u0131 size farkl\u0131 se\u00e7enekler sunacakt\u0131r. <\/li>\n<\/ul>\n\n\n<div class=\"wp-block-image\">\n<figure class=\"aligncenter size-full\"><img loading=\"lazy\" decoding=\"async\" width=\"706\" height=\"459\" src=\"https:\/\/www.fenomist.com\/blog\/wp-content\/uploads\/instagram-neden-acilmiyor-instagram-durduruldu-hatasi.jpg\" alt=\"instagram hatalari\" class=\"wp-image-33703\"\/><\/figure><\/div>\n\n\n<h2 class=\"wp-block-heading\"><span class=\"ez-toc-section\" id=\"Instagram_Hatalari_ve_Cozumleri\"><\/span>Instagram Hatalar\u0131 ve \u00c7\u00f6z\u00fcmleri<span class=\"ez-toc-section-end\"><\/span><\/h2>\n\n\n\n<p>Farkl\u0131 sebeplerden dolay\u0131 kaynaklanabilen &#8221;<a href=\"https:\/\/www.fenomist.com\/blog\/instagram-durduruldu-sorunu\" target=\"_blank\" rel=\"noopener\">Instagram durduruldu<\/a>&#8221; gibi hatalar\u0131n\u0131n \u00e7\u00f6z\u00fcmleri olduk\u00e7a kolayd\u0131r. Bu hatalar\u0131 gidermek i\u00e7in a\u015fa\u011f\u0131daki Instagram hatalar\u0131 ve \u00e7\u00f6z\u00fcmleri maddelerimizi inceleyerek gidereceksiniz.<\/p>\n\n\n\n<h3 class=\"wp-block-heading\"><span class=\"ez-toc-section\" id=\"Baglanti_Sorunlari\"><\/span>Ba\u011flant\u0131 Sorunlar\u0131<span class=\"ez-toc-section-end\"><\/span><\/h3>\n\n\n\n<ul class=\"wp-block-list\">\n<li>\u0130nternet probleminiz olup olmad\u0131\u011f\u0131n\u0131z internetinize h\u0131z testi yaparak sorgulayabilirsiniz.<\/li>\n\n\n\n<li>\u0130nternetinizin problemli oldu\u011funuzu d\u00fc\u015f\u00fcn\u00fcyorsan\u0131z, modeminize reset at\u0131n veya mobil veri \u00fczerinden ba\u011flanmay\u0131 deneyin.<\/li>\n\n\n\n<li>Bu y\u00f6ntemler ile bir sonuca varamad\u0131ysan\u0131z bir VPN uygulamas\u0131 ile tekrar giri\u015f yaparak sorunu giderebilirsiniz.<\/li>\n<\/ul>\n\n\n\n<h3 class=\"wp-block-heading\"><span class=\"ez-toc-section\" id=\"Cihazinizdan_Kaynakli_Sorunlar\"><\/span>Cihaz\u0131n\u0131zdan Kaynakl\u0131 Sorunlar<span class=\"ez-toc-section-end\"><\/span><\/h3>\n\n\n\n<ul class=\"wp-block-list\">\n<li>Hatan\u0131n tespiti i\u00e7in cihaz\u0131n\u0131zdan farkl\u0131 bir hesaba giri\u015f yapmay\u0131 deneyin.<\/li>\n\n\n\n<li>Telefonunuzdan deniyorsan\u0131z bilgisayar\u0131n\u0131zdan giri\u015f i\u015flemini ger\u00e7ekle\u015ftirmeyi deneyin. E\u011fer bilgisayar\u0131n\u0131z ile giri\u015f yapabilirseniz hata telefonunuzdan kaynaklan\u0131yor demektir.<\/li>\n<\/ul>\n\n\n\n<h3 class=\"wp-block-heading\"><span class=\"ez-toc-section\" id=\"Uygulamadan_Kaynakli_Sorunlar\"><\/span>Uygulamadan Kaynakl\u0131 Sorunlar<span class=\"ez-toc-section-end\"><\/span><\/h3>\n\n\n\n<ul class=\"wp-block-list\">\n<li>\u00d6ncelikle Instagram uygulaman\u0131z\u0131n g\u00fcncellik durumunu kontrol edin. G\u00fcncel de\u011fil ise g\u00fcncelleyin. <a href=\"https:\/\/www.fenomist.com\/blog\/instagram-guncelleme-nasil-yapilir\" target=\"_blank\" rel=\"noopener\">Instagram g\u00fcncelleme nas\u0131l yap\u0131l\u0131r<\/a> blog yaz\u0131m\u0131zdaki ad\u0131mlar\u0131 izleyerek kolayca g\u00fcncelleme yapabilirsiniz.<\/li>\n\n\n\n<li><a href=\"https:\/\/www.fenomist.com\/blog\/instagram-onbellek-temizleme\" target=\"_blank\" rel=\"noopener\">Instagram \u00f6nbelle\u011fini temizleyin<\/a> ve tekrar deneyin. <\/li>\n\n\n\n<li>Son \u00e7are olarak Instagram uygulamas\u0131n\u0131 kald\u0131r\u0131p ba\u015ftan y\u00fckleyin.<\/li>\n<\/ul>\n\n\n\n<h3 class=\"wp-block-heading\"><span class=\"ez-toc-section\" id=\"Instagram_Topluluk_Kurallarindan_Kaynakli_Sorunlar\"><\/span>Instagram Topluluk Kurallar\u0131ndan Kaynakl\u0131 Sorunlar<span class=\"ez-toc-section-end\"><\/span><\/h3>\n\n\n\n<ul class=\"wp-block-list\">\n<li>Instagram kurallar\u0131na uymad\u0131\u011f\u0131n\u0131z i\u00e7in hesab\u0131n\u0131z ge\u00e7ici olarak ask\u0131ya al\u0131nm\u0131\u015f olabilir.<\/li>\n\n\n\n<li>Bunun i\u00e7in <a href=\"https:\/\/help.instagram.com\/\" target=\"_blank\" rel=\"noopener\">Instagram destek<\/a> ile ileti\u015fime ge\u00e7erek \u00e7\u00f6z\u00fcm \u00fcretebilirsiniz.<\/li>\n<\/ul>\n\n\n\n<p>Sizler de bu \u015fekilde Instagram sorunlar\u0131n\u0131z\u0131 \u00e7\u00f6z\u00fcme kavu\u015fturabilirsiniz. <\/p>\n\n\n\n<figure class=\"wp-block-embed aligncenter is-type-video is-provider-youtube wp-block-embed-youtube wp-embed-aspect-16-9 wp-has-aspect-ratio\"><div class=\"wp-block-embed__wrapper\">\n<iframe title=\"Nas\u0131l sayfa a\u00e7\u0131lm\u0131yor instagram sorunu (2023) | Sorunu d\u00fczeltin instagram sayfas\u0131 kullan\u0131lam\u0131yor\" width=\"640\" height=\"360\" src=\"https:\/\/www.youtube.com\/embed\/lUSMpTLglrc?feature=oembed\" frameborder=\"0\" allow=\"accelerometer; autoplay; clipboard-write; encrypted-media; gyroscope; picture-in-picture; web-share\" referrerpolicy=\"strict-origin-when-cross-origin\" allowfullscreen><\/iframe><script type=\"application\/ld+json\">\n    {\n      \"@context\": \"https:\/\/schema.org\",\n      \"@type\": \"VideoObject\",\n      \"name\": \"Nas\u0131l sayfa a\u00e7\u0131lm\u0131yor instagram sorunu (2023) | Sorunu d\u00fczeltin instagram sayfas\u0131 kullan\u0131lam\u0131yor\",\n      \"description\": \"Instagram Neden A\u00e7\u0131lm\u0131yor\",\n      \"thumbnailUrl\": \"https:\/\/i.ytimg.com\/vi_webp\/lUSMpTLglrc\/mqdefault.webp\",\n      \"embedUrl\": \"https:\/\/www.youtube.com\/embed\/lUSMpTLglrc?feature=oembed\",\n      \"uploadDate\": \"May 13, 2025 3:41 pm\"\n    }\n    <\/script>\n<\/div><\/figure>\n\n\n\n<p>Instagram hesaplar\u0131n\u0131z\u0131 geli\u015ftirmek ve y\u00fckseltmek i\u00e7in <a href=\"https:\/\/www.fenomist.com\/\" target=\"_blank\" rel=\"noopener\">Instatakip\u00e7i<\/a> sitemizi ziyaret edebilirsiniz.<\/p>\n\n\n\n<div class=\"schema-faq wp-block-yoast-faq-block\">      <\/div>\n\r\n\t\t\t<div id=\"daexthefu-container\"\r\n\t\t\t\tclass=\"daexthefu-container daexthefu-layout-side-by-side daexthefu-alignment-left\"\r\n\t\t\t\tdata-post-id=\"14163\">\r\n\r\n\t\t\t\t<div class=\"daexthefu-feedback\">\r\n\t\t\t\t\t<div class=\"daexthefu-text\">\r\n\t\t\t\t\t\t<h3 class=\"daexthefu-title\"><span class=\"ez-toc-section\" id=\"Bu_makale_faydali_miydi\"><\/span>Bu makale faydal\u0131 m\u0131yd\u0131?<span class=\"ez-toc-section-end\"><\/span><\/h3>\r\n\t\t\t\t\t<\/div>\r\n\t\t\t\t\t<div class=\"daexthefu-buttons-container\">\r\n\t\t\t\t\t\t<div class=\"daexthefu-buttons\">\r\n\t\t\t\t\t\t\t\r\n\t\t\t<div class=\"daexthefu-yes daexthefu-button daexthefu-button-type-text\" data-value=\"1\">\r\n\t\t\t\t<div class=\"daexthefu-button-text\">Faydal\u0131<\/div>\r\n\t\t\t<\/div>\r\n\r\n\t\t\t\t\t\t\t\t\t\t\r\n\t\t\t<div class=\"daexthefu-no daexthefu-button daexthefu-button-type-text\" data-value=\"0\">\r\n\t\t\t\t<div class=\"daexthefu-button-text\">Geli\u015ftirilmeli<\/div>\r\n\t\t\t<\/div>\r\n\r\n\t\t\t\t\t\t\t\t\t<\/div>\r\n\t\t\t\t\t<\/div>\r\n\t\t\t\t<\/div>\r\n\r\n\t\t\t\t<div class=\"daexthefu-comment\">\r\n\t\t\t\t\t<div class=\"daexthefu-comment-top-container\">\r\n\t\t\t\t\t\t<label id=\"daexthefu-comment-label\" class=\"daexthefu-comment-label\"><\/label>\r\n\t\t\t\t\t\t\t\t\t\t\t\t\t<div class=\"daexthefu-comment-character-counter-container\">\r\n\t\t\t\t\t\t\t\t<div id=\"daexthefu-comment-character-counter-number\"\r\n\t\t\t\t\t\t\t\t\tclass=\"daexthefu-comment-character-counter-number\"><\/div>\r\n\t\t\t\t\t\t\t\t<div class=\"daexthefu-comment-character-counter-text\"><\/div>\r\n\t\t\t\t\t\t\t<\/div>\r\n\t\t\t\t\t\t\t\t\t\t\t<\/div>\r\n\t\t\t\t\t<textarea id=\"daexthefu-comment-textarea\" class=\"daexthefu-comment-textarea\"\r\n\t\t\t\t\t\t\t\tplaceholder=\"Mesaj\u0131n\u0131z\u0131 giriniz\"\r\n\t\t\t\t\t\t\t\tmaxlength=\"\r\n\t\t\t\t\t\t\t\t400\t\t\t\t\t\t\t\t\t\"><\/textarea>\r\n\t\t\t\t\t<div class=\"daexthefu-comment-buttons-container\">\r\n\t\t\t\t\t\t<button class=\"daexthefu-comment-submit daexthefu-button\">G\u00f6nder<\/button>\r\n\t\t\t\t\t\t<button class=\"daexthefu-comment-cancel daexthefu-button\">\u0130ptal<\/button>\r\n\t\t\t\t\t<\/div>\r\n\t\t\t\t<\/div>\r\n\r\n\t\t\t\t<div class=\"daexthefu-successful-submission-text\">Geri bildirim i\u00e7in te\u015fekk\u00fcr ederiz!<\/div>\r\n\r\n\t\t\t<\/div>\r\n\r\n\t\t\t\n    <div class=\"container\">\n        <div class=\"faq accordion faq-drop\" id=\"accordion\">\n            <h2 class=\"accordion-title\"><span class=\"ez-toc-section\" id=\"Hakkinda_Sikca_Sorulan_Sorular\"><\/span> Hakk\u0131nda S\u0131k\u00e7a Sorulan Sorular<span class=\"ez-toc-section-end\"><\/span><\/h2>\n            <div class=\"col-md-12 faq-card\">\n                    <div class=\"card faq\">\n                        <div class=\"card-header collapsed d-flex justify-content-between align-items-center\" id=\"heading0\"\n                             data-toggle=\"collapse\" data-target=\"#collapse_0\" aria-expanded=\"true\" role=\"button\"\n                             aria-controls=\"collapse_0\">\n                            <div class=\"btn btn-link text-dark font-weight-bold\">\n                               Instagram A\u00e7\u0131lm\u0131yor. Ne Yapmal\u0131y\u0131m? \n                            <\/div>\n                            <div class=\"btn-toogle\">\n                                <span><\/span>\n                                <span><\/span>\n                            <\/div>\n                        <\/div>\n                        <div id=\"collapse_0\" class=\"collapse\" aria-labelledby=\"heading0\" data-parent=\"#accordion\">\n                            <div class=\"card-body\">\n                                <p>Instagram hesab\u0131n\u0131za giremiyorsan\u0131z, internet ba\u011flant\u0131n\u0131zda bir problem olabilir. E\u011fer internet ba\u011flant\u0131n\u0131z\u0131n sorunsuz oldu\u011fundan eminseniz sorun Instagram\u0131n sunucular\u0131ndan kaynaklanabilir.<\/p>\n                            <\/div>\n                        <\/div>\n                        <\/div>\n                        \n                    <div class=\"card faq\">\n                        <div class=\"card-header collapsed d-flex justify-content-between align-items-center\" id=\"heading1\"\n                             data-toggle=\"collapse\" data-target=\"#collapse_1\" aria-expanded=\"true\" role=\"button\"\n                             aria-controls=\"collapse_1\">\n                            <div class=\"btn btn-link text-dark font-weight-bold\">\n                               Instagram \u00c7\u00f6kt\u00fc m\u00fc? \n                            <\/div>\n                            <div class=\"btn-toogle\">\n                                <span><\/span>\n                                <span><\/span>\n                            <\/div>\n                        <\/div>\n                        <div id=\"collapse_1\" class=\"collapse\" aria-labelledby=\"heading1\" data-parent=\"#accordion\">\n                            <div class=\"card-body\">\n                                <p>Instagram D\u00fcnya \u00fczerinde en \u00e7ok kullan\u0131lan sosyal medyad\u0131r bundan dolay\u0131 sunucular\u0131nda zaman zaman s\u0131k\u0131nt\u0131lar ya\u015fanabilmektedir. Bu ya\u015fanan s\u0131k\u0131nt\u0131lara genel olarak \u00e7\u00f6kme denmektedir. Bu gibi durumlar\u0131n ya\u015fanmas\u0131 \u00e7ok olas\u0131d\u0131r. Zaman i\u00e7erisinde \u00e7\u00f6kmeler d\u00fczelecektir. <\/p>\n                            <\/div>\n                        <\/div>\n                        <\/div>\n                        \n                    <div class=\"card faq\">\n                        <div class=\"card-header collapsed d-flex justify-content-between align-items-center\" id=\"heading2\"\n                             data-toggle=\"collapse\" data-target=\"#collapse_2\" aria-expanded=\"true\" role=\"button\"\n                             aria-controls=\"collapse_2\">\n                            <div class=\"btn btn-link text-dark font-weight-bold\">\n                               Instagram Hesab\u0131m A\u00e7\u0131lm\u0131yor. Engellenmi\u015f Olabilir miyim? \n                            <\/div>\n                            <div class=\"btn-toogle\">\n                                <span><\/span>\n                                <span><\/span>\n                            <\/div>\n                        <\/div>\n                        <div id=\"collapse_2\" class=\"collapse\" aria-labelledby=\"heading2\" data-parent=\"#accordion\">\n                            <div class=\"card-body\">\n                                <p>Instagrama girerken bu tarz bir problem ile kar\u015f\u0131la\u015f\u0131yorsan\u0131z engellenmi\u015f olma ihtimaliniz de bulunmaktad\u0131r. Ancak engellenmeniz durumunda \u2018Hesab\u0131n\u0131z Engellendi\u2019 \u015feklinde bir ikaz alman\u0131z gerekir. E\u011fer b\u00f6yle bir ikaz ile kar\u015f\u0131la\u015fmad\u0131ysan\u0131z korkmay\u0131n.   <\/p>\n                            <\/div>\n                        <\/div>\n                        <\/div>\n                        \n                    <div class=\"card faq\">\n                        <div class=\"card-header collapsed d-flex justify-content-between align-items-center\" id=\"heading3\"\n                             data-toggle=\"collapse\" data-target=\"#collapse_3\" aria-expanded=\"true\" role=\"button\"\n                             aria-controls=\"collapse_3\">\n                            <div class=\"btn btn-link text-dark font-weight-bold\">\n                               Eylem Engeli Nedir?\n                            <\/div>\n                            <div class=\"btn-toogle\">\n                                <span><\/span>\n                                <span><\/span>\n                            <\/div>\n                        <\/div>\n                        <div id=\"collapse_3\" class=\"collapse\" aria-labelledby=\"heading3\" data-parent=\"#accordion\">\n                            <div class=\"card-body\">\n                                <p>Instagram eylem engeli g\u00fcn i\u00e7erisinde \u00e7ok fazla say\u0131da etkile\u015fimde bulunman\u0131z ve bu durumun \u015f\u00fcphe \u00e7ekmesi neticesinde alaca\u011f\u0131n\u0131z engel t\u00fcr\u00fcd\u00fcr.<\/p>\n                            <\/div>\n                        <\/div>\n                        <\/div>\n                        \n                    <div class=\"card faq\">\n                        <div class=\"card-header collapsed d-flex justify-content-between align-items-center\" id=\"heading4\"\n                             data-toggle=\"collapse\" data-target=\"#collapse_4\" aria-expanded=\"true\" role=\"button\"\n                             aria-controls=\"collapse_4\">\n                            <div class=\"btn btn-link text-dark font-weight-bold\">\n                               Hesab\u0131m \u00c7al\u0131nabilir mi?\n                            <\/div>\n                            <div class=\"btn-toogle\">\n                                <span><\/span>\n                                <span><\/span>\n                            <\/div>\n                        <\/div>\n                        <div id=\"collapse_4\" class=\"collapse\" aria-labelledby=\"heading4\" data-parent=\"#accordion\">\n                            <div class=\"card-body\">\n                                <p>Instagram hesab\u0131n\u0131z g\u00fcvenlik \u00f6nlemlerini yerine getirmedi\u011finiz taktirde \u00e7al\u0131nabilir. \u00c7ift a\u015famal\u0131 do\u011frulama y\u00f6ntemlerini kullanmal\u0131s\u0131n\u0131z.<\/p>\n                            <\/div>\n                        <\/div>\n                        <\/div>\n                        \n                    <div class=\"card faq\">\n                        <div class=\"card-header collapsed d-flex justify-content-between align-items-center\" id=\"heading5\"\n                             data-toggle=\"collapse\" data-target=\"#collapse_5\" aria-expanded=\"true\" role=\"button\"\n                             aria-controls=\"collapse_5\">\n                            <div class=\"btn btn-link text-dark font-weight-bold\">\n                               Instagram S\u00fcr\u00fcm\u00fcm \u00d6nemli mi?\n                            <\/div>\n                            <div class=\"btn-toogle\">\n                                <span><\/span>\n                                <span><\/span>\n                            <\/div>\n                        <\/div>\n                        <div id=\"collapse_5\" class=\"collapse\" aria-labelledby=\"heading5\" data-parent=\"#accordion\">\n                            <div class=\"card-body\">\n                                <p>Instagram s\u00fcr\u00fcm\u00fcn\u00fcz en g\u00fcncel s\u00fcr\u00fcm de\u011fil ise baz\u0131 \u00f6zellikleri kullanmak a\u00e7\u0131s\u0131ndan problem ya\u015fayabilirsiniz. <\/p>\n                            <\/div>\n                        <\/div>\n                        <\/div>\n                        <\/div><\/div><\/div>","protected":false},"excerpt":{"rendered":"<p>Son zamanlarda s\u0131kl\u0131kla kar\u015f\u0131la\u015f\u0131lan hatalar sonucunda Instagram neden a\u00e7\u0131lm\u0131yor veya instagram neden yava\u015f diyebilirsiniz. En pop\u00fcler sosyal medya a\u011flar\u0131n\u0131n ba\u015f\u0131nda Instagram gelmektedir. \u00d6yle ki Instagram D\u00fcnyan\u0131n en fazla kullan\u0131c\u0131ya sahip sosyal medya payla\u015f\u0131m platformu olarak kar\u015f\u0131m\u0131za \u00e7\u0131kmaktad\u0131r. G\u00fcn\u00fcm\u00fczde yakla\u015f\u0131k olarak 400 milyon kullan\u0131c\u0131s\u0131 oldu\u011fu bilinmekte olan Instagram, 2010 y\u0131l\u0131ndan itibaren [&hellip;]<\/p>\n","protected":false},"author":1,"featured_media":36451,"comment_status":"open","ping_status":"closed","sticky":false,"template":"","format":"standard","meta":{"_helpful_status":1,"footnotes":""},"categories":[1753],"tags":[],"class_list":["post-14163","post","type-post","status-publish","format-standard","has-post-thumbnail","hentry","category-instagram-destek","entry"],"yoast_head":"<!-- This site is optimized with the Yoast SEO plugin v26.5 - https:\/\/yoast.com\/wordpress\/plugins\/seo\/ -->\n<title>Instagram Neden A\u00e7\u0131lm\u0131yor Sorunu (Videolu \u00c7\u00f6z\u00fcm\u00fc) - Instatakipci<\/title>\n<meta name=\"description\" content=\"Instagram neden a\u00e7\u0131lm\u0131yor sorununu siz de ya\u015f\u0131yor musunuz? Instagram sorunlar\u0131n\u0131z\u0131 \u00e7\u00f6zmek i\u00e7in detayl\u0131 bu yaz\u0131y\u0131 sizin i\u00e7in derledik.\" \/>\n<meta name=\"robots\" content=\"index, follow, max-snippet:-1, max-image-preview:large, max-video-preview:-1\" \/>\n<link rel=\"canonical\" href=\"https:\/\/www.fenomist.com\/blog\/instagram-neden-acilmiyor\" \/>\n<meta property=\"og:locale\" content=\"tr_TR\" \/>\n<meta property=\"og:type\" content=\"article\" \/>\n<meta property=\"og:title\" content=\"Instagram Neden A\u00e7\u0131lm\u0131yor Sorunu (Videolu \u00c7\u00f6z\u00fcm\u00fc) - Instatakipci\" \/>\n<meta property=\"og:description\" content=\"Instagram neden a\u00e7\u0131lm\u0131yor sorununu siz de ya\u015f\u0131yor musunuz? Instagram sorunlar\u0131n\u0131z\u0131 \u00e7\u00f6zmek i\u00e7in detayl\u0131 bu yaz\u0131y\u0131 sizin i\u00e7in derledik.\" \/>\n<meta property=\"og:url\" content=\"https:\/\/www.fenomist.com\/blog\/instagram-neden-acilmiyor\" \/>\n<meta property=\"og:site_name\" content=\"Instagram Takip\u00e7i Blog - Son Dakika Haberler\" \/>\n<meta property=\"article:publisher\" content=\"https:\/\/www.facebook.com\/fenomist\" \/>\n<meta property=\"article:published_time\" content=\"2020-02-25T09:02:57+00:00\" \/>\n<meta property=\"article:modified_time\" content=\"2025-05-13T15:41:02+00:00\" \/>\n<meta property=\"og:image\" content=\"https:\/\/www.fenomist.com\/blog\/wp-content\/uploads\/instagram-neden-acilmiyor-hatalar-ve-cozumler.jpg\" \/>\n\t<meta property=\"og:image:width\" content=\"960\" \/>\n\t<meta property=\"og:image:height\" content=\"640\" \/>\n\t<meta property=\"og:image:type\" content=\"image\/jpeg\" \/>\n<meta name=\"author\" content=\"Enes Bulut\" \/>\n<meta name=\"twitter:card\" content=\"summary_large_image\" \/>\n<meta name=\"twitter:creator\" content=\"@bulut_enesss\" \/>\n<meta name=\"twitter:site\" content=\"@smipuclari\" \/>\n<meta name=\"twitter:label1\" content=\"Yazan:\" \/>\n\t<meta name=\"twitter:data1\" content=\"Enes Bulut\" \/>\n\t<meta name=\"twitter:label2\" content=\"Tahmini okuma s\u00fcresi\" \/>\n\t<meta name=\"twitter:data2\" content=\"1 dakika\" \/>\n<script type=\"application\/ld+json\" class=\"yoast-schema-graph\">{\"@context\":\"https:\/\/schema.org\",\"@graph\":[{\"@type\":\"Article\",\"@id\":\"https:\/\/www.fenomist.com\/blog\/instagram-neden-acilmiyor#article\",\"isPartOf\":{\"@id\":\"https:\/\/www.fenomist.com\/blog\/instagram-neden-acilmiyor\"},\"author\":{\"name\":\"Enes Bulut\",\"@id\":\"https:\/\/www.fenomist.com\/blog\/#\/schema\/person\/235d54527608230f6c9e9d95b6d15f99\"},\"headline\":\"Instagram Neden A\u00e7\u0131lm\u0131yor\",\"datePublished\":\"2020-02-25T09:02:57+00:00\",\"dateModified\":\"2025-05-13T15:41:02+00:00\",\"mainEntityOfPage\":{\"@id\":\"https:\/\/www.fenomist.com\/blog\/instagram-neden-acilmiyor\"},\"wordCount\":1207,\"commentCount\":25,\"publisher\":{\"@id\":\"https:\/\/www.fenomist.com\/blog\/#organization\"},\"image\":{\"@id\":\"https:\/\/www.fenomist.com\/blog\/instagram-neden-acilmiyor#primaryimage\"},\"thumbnailUrl\":\"https:\/\/www.fenomist.com\/blog\/wp-content\/uploads\/instagram-neden-acilmiyor-hatalar-ve-cozumler.jpg\",\"articleSection\":[\"Instagram Destek\"],\"inLanguage\":\"tr\",\"potentialAction\":[{\"@type\":\"CommentAction\",\"name\":\"Comment\",\"target\":[\"https:\/\/www.fenomist.com\/blog\/instagram-neden-acilmiyor#respond\"]}]},{\"@type\":[\"WebPage\",\"FAQPage\"],\"@id\":\"https:\/\/www.fenomist.com\/blog\/instagram-neden-acilmiyor\",\"url\":\"https:\/\/www.fenomist.com\/blog\/instagram-neden-acilmiyor\",\"name\":\"Instagram Neden A\u00e7\u0131lm\u0131yor Sorunu (Videolu \u00c7\u00f6z\u00fcm\u00fc) - Instatakipci\",\"isPartOf\":{\"@id\":\"https:\/\/www.fenomist.com\/blog\/#website\"},\"primaryImageOfPage\":{\"@id\":\"https:\/\/www.fenomist.com\/blog\/instagram-neden-acilmiyor#primaryimage\"},\"image\":{\"@id\":\"https:\/\/www.fenomist.com\/blog\/instagram-neden-acilmiyor#primaryimage\"},\"thumbnailUrl\":\"https:\/\/www.fenomist.com\/blog\/wp-content\/uploads\/instagram-neden-acilmiyor-hatalar-ve-cozumler.jpg\",\"datePublished\":\"2020-02-25T09:02:57+00:00\",\"dateModified\":\"2025-05-13T15:41:02+00:00\",\"description\":\"Instagram neden a\u00e7\u0131lm\u0131yor sorununu siz de ya\u015f\u0131yor musunuz? Instagram sorunlar\u0131n\u0131z\u0131 \u00e7\u00f6zmek i\u00e7in detayl\u0131 bu yaz\u0131y\u0131 sizin i\u00e7in derledik.\",\"breadcrumb\":{\"@id\":\"https:\/\/www.fenomist.com\/blog\/instagram-neden-acilmiyor#breadcrumb\"},\"mainEntity\":[{\"@id\":\"https:\/\/www.fenomist.com\/blog\/instagram-neden-acilmiyor#faq-question-1582559158477\"},{\"@id\":\"https:\/\/www.fenomist.com\/blog\/instagram-neden-acilmiyor#faq-question-1582559204921\"},{\"@id\":\"https:\/\/www.fenomist.com\/blog\/instagram-neden-acilmiyor#faq-question-1582559205709\"},{\"@id\":\"https:\/\/www.fenomist.com\/blog\/instagram-neden-acilmiyor#faq-question-1597653951462\"},{\"@id\":\"https:\/\/www.fenomist.com\/blog\/instagram-neden-acilmiyor#faq-question-1597653951564\"},{\"@id\":\"https:\/\/www.fenomist.com\/blog\/instagram-neden-acilmiyor#faq-question-1597653951718\"}],\"inLanguage\":\"tr\",\"potentialAction\":[{\"@type\":\"ReadAction\",\"target\":[\"https:\/\/www.fenomist.com\/blog\/instagram-neden-acilmiyor\"]}]},{\"@type\":\"ImageObject\",\"inLanguage\":\"tr\",\"@id\":\"https:\/\/www.fenomist.com\/blog\/instagram-neden-acilmiyor#primaryimage\",\"url\":\"https:\/\/www.fenomist.com\/blog\/wp-content\/uploads\/instagram-neden-acilmiyor-hatalar-ve-cozumler.jpg\",\"contentUrl\":\"https:\/\/www.fenomist.com\/blog\/wp-content\/uploads\/instagram-neden-acilmiyor-hatalar-ve-cozumler.jpg\",\"width\":960,\"height\":640,\"caption\":\"instagram a\u00e7\u0131lm\u0131yor\"},{\"@type\":\"BreadcrumbList\",\"@id\":\"https:\/\/www.fenomist.com\/blog\/instagram-neden-acilmiyor#breadcrumb\",\"itemListElement\":[{\"@type\":\"ListItem\",\"position\":1,\"name\":\"Ana sayfa\",\"item\":\"https:\/\/www.fenomist.com\/blog\"},{\"@type\":\"ListItem\",\"position\":2,\"name\":\"Instagram Destek\",\"item\":\"https:\/\/www.fenomist.com\/blog\/instagram-destek\"},{\"@type\":\"ListItem\",\"position\":3,\"name\":\"Instagram Neden A\u00e7\u0131lm\u0131yor\"}]},{\"@type\":\"WebSite\",\"@id\":\"https:\/\/www.fenomist.com\/blog\/#website\",\"url\":\"https:\/\/www.fenomist.com\/blog\/\",\"name\":\"Sosyal Medya Haberleri - Son Dakika\",\"description\":\"Sosyal Medya Haberleri - Son Dakika\",\"publisher\":{\"@id\":\"https:\/\/www.fenomist.com\/blog\/#organization\"},\"alternateName\":\"fenomist.com\",\"potentialAction\":[{\"@type\":\"SearchAction\",\"target\":{\"@type\":\"EntryPoint\",\"urlTemplate\":\"https:\/\/www.fenomist.com\/blog\/?s={search_term_string}\"},\"query-input\":{\"@type\":\"PropertyValueSpecification\",\"valueRequired\":true,\"valueName\":\"search_term_string\"}}],\"inLanguage\":\"tr\"},{\"@type\":\"Organization\",\"@id\":\"https:\/\/www.fenomist.com\/blog\/#organization\",\"name\":\"Fenomist\",\"alternateName\":\"fenomist.com\",\"url\":\"https:\/\/www.fenomist.com\/blog\/\",\"logo\":{\"@type\":\"ImageObject\",\"inLanguage\":\"tr\",\"@id\":\"https:\/\/www.fenomist.com\/blog\/#\/schema\/logo\/image\/\",\"url\":\"https:\/\/www.fenomist.com\/blog\/wp-content\/uploads\/instagram-takipci-satin-al-blog.svg\",\"contentUrl\":\"https:\/\/www.fenomist.com\/blog\/wp-content\/uploads\/instagram-takipci-satin-al-blog.svg\",\"caption\":\"Fenomist\"},\"image\":{\"@id\":\"https:\/\/www.fenomist.com\/blog\/#\/schema\/logo\/image\/\"},\"sameAs\":[\"https:\/\/www.facebook.com\/fenomist\",\"https:\/\/x.com\/smipuclari\",\"https:\/\/www.instagram.com\/sosyal_fabrika\/\",\"https:\/\/tr.linkedin.com\/in\/instatakipcicom\",\"https:\/\/myspace.com\/instatakipci22\",\"https:\/\/fi.pinterest.com\/instatakipcisosyal\/\",\"https:\/\/www.youtube.com\/instatakipcicom\"]},{\"@type\":\"Person\",\"@id\":\"https:\/\/www.fenomist.com\/blog\/#\/schema\/person\/235d54527608230f6c9e9d95b6d15f99\",\"name\":\"Enes Bulut\",\"image\":{\"@type\":\"ImageObject\",\"inLanguage\":\"tr\",\"@id\":\"https:\/\/www.fenomist.com\/blog\/#\/schema\/person\/image\/\",\"url\":\"https:\/\/www.fenomist.com\/blog\/wp-content\/uploads\/enes-bulut-96x96.webp\",\"contentUrl\":\"https:\/\/www.fenomist.com\/blog\/wp-content\/uploads\/enes-bulut-96x96.webp\",\"caption\":\"Enes Bulut\"},\"description\":\"Ben Enes Bulut, 2014 y\u0131l\u0131nda Yeditepe \u00dcniversitesi Reklamc\u0131l\u0131k b\u00f6l\u00fcm\u00fcn\u00fc tamamlad\u0131ktan sonra \u0130\u00e7erik Yazarl\u0131\u011f\u0131 ve Edit\u00f6rl\u00fck alan\u0131na y\u00f6neldim. Bu alanda yakla\u015f\u0131k 6 y\u0131ld\u0131r fenomist.com b\u00fcnyesinde \u00e7al\u0131\u015f\u0131yorum. Sosyal medya ve dijital pazarlama uzmanl\u0131k alan\u0131m olmak \u00fczere bir\u00e7ok konuda \u00f6zg\u00fcn ve \u00f6zel i\u00e7erikler haz\u0131rl\u0131yorum.\",\"sameAs\":[\"https:\/\/www.fenomist.com\/blog\/author\/enesbulut\",\"https:\/\/x.com\/bulut_enesss\"],\"url\":\"https:\/\/www.fenomist.com\/blog\/author\/enesbulut\"},{\"@type\":\"Question\",\"@id\":\"https:\/\/www.fenomist.com\/blog\/instagram-neden-acilmiyor#faq-question-1582559158477\",\"position\":1,\"url\":\"https:\/\/www.fenomist.com\/blog\/instagram-neden-acilmiyor#faq-question-1582559158477\",\"name\":\"Instagram A\u00e7\u0131lm\u0131yor. Ne Yapmal\u0131y\u0131m?\",\"answerCount\":1,\"acceptedAnswer\":{\"@type\":\"Answer\",\"text\":\"Instagram hesab\u0131n\u0131za giremiyorsan\u0131z, internet ba\u011flant\u0131n\u0131zda bir problem olabilir. E\u011fer internet ba\u011flant\u0131n\u0131z\u0131n sorunsuz oldu\u011fundan eminseniz sorun Instagram\u0131n sunucular\u0131ndan kaynaklanabilir.\",\"inLanguage\":\"tr\"},\"inLanguage\":\"tr\"},{\"@type\":\"Question\",\"@id\":\"https:\/\/www.fenomist.com\/blog\/instagram-neden-acilmiyor#faq-question-1582559204921\",\"position\":2,\"url\":\"https:\/\/www.fenomist.com\/blog\/instagram-neden-acilmiyor#faq-question-1582559204921\",\"name\":\"Instagram \u00c7\u00f6kt\u00fc m\u00fc?\",\"answerCount\":1,\"acceptedAnswer\":{\"@type\":\"Answer\",\"text\":\"Instagram D\u00fcnya \u00fczerinde en \u00e7ok kullan\u0131lan sosyal medyad\u0131r bundan dolay\u0131 sunucular\u0131nda zaman zaman s\u0131k\u0131nt\u0131lar ya\u015fanabilmektedir. Bu ya\u015fanan s\u0131k\u0131nt\u0131lara genel olarak \u00e7\u00f6kme denmektedir. Bu gibi durumlar\u0131n ya\u015fanmas\u0131 \u00e7ok olas\u0131d\u0131r. Zaman i\u00e7erisinde \u00e7\u00f6kmeler d\u00fczelecektir. \",\"inLanguage\":\"tr\"},\"inLanguage\":\"tr\"},{\"@type\":\"Question\",\"@id\":\"https:\/\/www.fenomist.com\/blog\/instagram-neden-acilmiyor#faq-question-1582559205709\",\"position\":3,\"url\":\"https:\/\/www.fenomist.com\/blog\/instagram-neden-acilmiyor#faq-question-1582559205709\",\"name\":\"Instagram Hesab\u0131m A\u00e7\u0131lm\u0131yor. Engellenmi\u015f Olabilir miyim?\",\"answerCount\":1,\"acceptedAnswer\":{\"@type\":\"Answer\",\"text\":\"Instagrama girerken bu tarz bir problem ile kar\u015f\u0131la\u015f\u0131yorsan\u0131z engellenmi\u015f olma ihtimaliniz de bulunmaktad\u0131r. Ancak engellenmeniz durumunda \u2018Hesab\u0131n\u0131z Engellendi\u2019 \u015feklinde bir ikaz alman\u0131z gerekir. E\u011fer b\u00f6yle bir ikaz ile kar\u015f\u0131la\u015fmad\u0131ysan\u0131z korkmay\u0131n.   \",\"inLanguage\":\"tr\"},\"inLanguage\":\"tr\"},{\"@type\":\"Question\",\"@id\":\"https:\/\/www.fenomist.com\/blog\/instagram-neden-acilmiyor#faq-question-1597653951462\",\"position\":4,\"url\":\"https:\/\/www.fenomist.com\/blog\/instagram-neden-acilmiyor#faq-question-1597653951462\",\"name\":\"Eylem Engeli Nedir?\",\"answerCount\":1,\"acceptedAnswer\":{\"@type\":\"Answer\",\"text\":\"Instagram eylem engeli g\u00fcn i\u00e7erisinde \u00e7ok fazla say\u0131da etkile\u015fimde bulunman\u0131z ve bu durumun \u015f\u00fcphe \u00e7ekmesi neticesinde alaca\u011f\u0131n\u0131z engel t\u00fcr\u00fcd\u00fcr.\",\"inLanguage\":\"tr\"},\"inLanguage\":\"tr\"},{\"@type\":\"Question\",\"@id\":\"https:\/\/www.fenomist.com\/blog\/instagram-neden-acilmiyor#faq-question-1597653951564\",\"position\":5,\"url\":\"https:\/\/www.fenomist.com\/blog\/instagram-neden-acilmiyor#faq-question-1597653951564\",\"name\":\"Hesab\u0131m \u00c7al\u0131nabilir mi?\",\"answerCount\":1,\"acceptedAnswer\":{\"@type\":\"Answer\",\"text\":\"Instagram hesab\u0131n\u0131z g\u00fcvenlik \u00f6nlemlerini yerine getirmedi\u011finiz taktirde \u00e7al\u0131nabilir. \u00c7ift a\u015famal\u0131 do\u011frulama y\u00f6ntemlerini kullanmal\u0131s\u0131n\u0131z.\",\"inLanguage\":\"tr\"},\"inLanguage\":\"tr\"},{\"@type\":\"Question\",\"@id\":\"https:\/\/www.fenomist.com\/blog\/instagram-neden-acilmiyor#faq-question-1597653951718\",\"position\":6,\"url\":\"https:\/\/www.fenomist.com\/blog\/instagram-neden-acilmiyor#faq-question-1597653951718\",\"name\":\"Instagram S\u00fcr\u00fcm\u00fcm \u00d6nemli mi?\",\"answerCount\":1,\"acceptedAnswer\":{\"@type\":\"Answer\",\"text\":\"Instagram s\u00fcr\u00fcm\u00fcn\u00fcz en g\u00fcncel s\u00fcr\u00fcm de\u011fil ise baz\u0131 \u00f6zellikleri kullanmak a\u00e7\u0131s\u0131ndan problem ya\u015fayabilirsiniz. \",\"inLanguage\":\"tr\"},\"inLanguage\":\"tr\"}]}<\/script>\n<!-- \/ Yoast SEO plugin. -->","yoast_head_json":{"title":"Instagram Neden A\u00e7\u0131lm\u0131yor Sorunu (Videolu \u00c7\u00f6z\u00fcm\u00fc) - Instatakipci","description":"Instagram neden a\u00e7\u0131lm\u0131yor sorununu siz de ya\u015f\u0131yor musunuz? Instagram sorunlar\u0131n\u0131z\u0131 \u00e7\u00f6zmek i\u00e7in detayl\u0131 bu yaz\u0131y\u0131 sizin i\u00e7in derledik.","robots":{"index":"index","follow":"follow","max-snippet":"max-snippet:-1","max-image-preview":"max-image-preview:large","max-video-preview":"max-video-preview:-1"},"canonical":"https:\/\/www.fenomist.com\/blog\/instagram-neden-acilmiyor","og_locale":"tr_TR","og_type":"article","og_title":"Instagram Neden A\u00e7\u0131lm\u0131yor Sorunu (Videolu \u00c7\u00f6z\u00fcm\u00fc) - Instatakipci","og_description":"Instagram neden a\u00e7\u0131lm\u0131yor sorununu siz de ya\u015f\u0131yor musunuz? Instagram sorunlar\u0131n\u0131z\u0131 \u00e7\u00f6zmek i\u00e7in detayl\u0131 bu yaz\u0131y\u0131 sizin i\u00e7in derledik.","og_url":"https:\/\/www.fenomist.com\/blog\/instagram-neden-acilmiyor","og_site_name":"Instagram Takip\u00e7i Blog - Son Dakika Haberler","article_publisher":"https:\/\/www.facebook.com\/fenomist","article_published_time":"2020-02-25T09:02:57+00:00","article_modified_time":"2025-05-13T15:41:02+00:00","og_image":[{"width":960,"height":640,"url":"https:\/\/www.fenomist.com\/blog\/wp-content\/uploads\/instagram-neden-acilmiyor-hatalar-ve-cozumler.jpg","type":"image\/jpeg"}],"author":"Enes Bulut","twitter_card":"summary_large_image","twitter_creator":"@bulut_enesss","twitter_site":"@smipuclari","twitter_misc":{"Yazan:":"Enes Bulut","Tahmini okuma s\u00fcresi":"1 dakika"},"schema":{"@context":"https:\/\/schema.org","@graph":[{"@type":"Article","@id":"https:\/\/www.fenomist.com\/blog\/instagram-neden-acilmiyor#article","isPartOf":{"@id":"https:\/\/www.fenomist.com\/blog\/instagram-neden-acilmiyor"},"author":{"name":"Enes Bulut","@id":"https:\/\/www.fenomist.com\/blog\/#\/schema\/person\/235d54527608230f6c9e9d95b6d15f99"},"headline":"Instagram Neden A\u00e7\u0131lm\u0131yor","datePublished":"2020-02-25T09:02:57+00:00","dateModified":"2025-05-13T15:41:02+00:00","mainEntityOfPage":{"@id":"https:\/\/www.fenomist.com\/blog\/instagram-neden-acilmiyor"},"wordCount":1207,"commentCount":25,"publisher":{"@id":"https:\/\/www.fenomist.com\/blog\/#organization"},"image":{"@id":"https:\/\/www.fenomist.com\/blog\/instagram-neden-acilmiyor#primaryimage"},"thumbnailUrl":"https:\/\/www.fenomist.com\/blog\/wp-content\/uploads\/instagram-neden-acilmiyor-hatalar-ve-cozumler.jpg","articleSection":["Instagram Destek"],"inLanguage":"tr","potentialAction":[{"@type":"CommentAction","name":"Comment","target":["https:\/\/www.fenomist.com\/blog\/instagram-neden-acilmiyor#respond"]}]},{"@type":["WebPage","FAQPage"],"@id":"https:\/\/www.fenomist.com\/blog\/instagram-neden-acilmiyor","url":"https:\/\/www.fenomist.com\/blog\/instagram-neden-acilmiyor","name":"Instagram Neden A\u00e7\u0131lm\u0131yor Sorunu (Videolu \u00c7\u00f6z\u00fcm\u00fc) - Instatakipci","isPartOf":{"@id":"https:\/\/www.fenomist.com\/blog\/#website"},"primaryImageOfPage":{"@id":"https:\/\/www.fenomist.com\/blog\/instagram-neden-acilmiyor#primaryimage"},"image":{"@id":"https:\/\/www.fenomist.com\/blog\/instagram-neden-acilmiyor#primaryimage"},"thumbnailUrl":"https:\/\/www.fenomist.com\/blog\/wp-content\/uploads\/instagram-neden-acilmiyor-hatalar-ve-cozumler.jpg","datePublished":"2020-02-25T09:02:57+00:00","dateModified":"2025-05-13T15:41:02+00:00","description":"Instagram neden a\u00e7\u0131lm\u0131yor sorununu siz de ya\u015f\u0131yor musunuz? Instagram sorunlar\u0131n\u0131z\u0131 \u00e7\u00f6zmek i\u00e7in detayl\u0131 bu yaz\u0131y\u0131 sizin i\u00e7in derledik.","breadcrumb":{"@id":"https:\/\/www.fenomist.com\/blog\/instagram-neden-acilmiyor#breadcrumb"},"mainEntity":[{"@id":"https:\/\/www.fenomist.com\/blog\/instagram-neden-acilmiyor#faq-question-1582559158477"},{"@id":"https:\/\/www.fenomist.com\/blog\/instagram-neden-acilmiyor#faq-question-1582559204921"},{"@id":"https:\/\/www.fenomist.com\/blog\/instagram-neden-acilmiyor#faq-question-1582559205709"},{"@id":"https:\/\/www.fenomist.com\/blog\/instagram-neden-acilmiyor#faq-question-1597653951462"},{"@id":"https:\/\/www.fenomist.com\/blog\/instagram-neden-acilmiyor#faq-question-1597653951564"},{"@id":"https:\/\/www.fenomist.com\/blog\/instagram-neden-acilmiyor#faq-question-1597653951718"}],"inLanguage":"tr","potentialAction":[{"@type":"ReadAction","target":["https:\/\/www.fenomist.com\/blog\/instagram-neden-acilmiyor"]}]},{"@type":"ImageObject","inLanguage":"tr","@id":"https:\/\/www.fenomist.com\/blog\/instagram-neden-acilmiyor#primaryimage","url":"https:\/\/www.fenomist.com\/blog\/wp-content\/uploads\/instagram-neden-acilmiyor-hatalar-ve-cozumler.jpg","contentUrl":"https:\/\/www.fenomist.com\/blog\/wp-content\/uploads\/instagram-neden-acilmiyor-hatalar-ve-cozumler.jpg","width":960,"height":640,"caption":"instagram a\u00e7\u0131lm\u0131yor"},{"@type":"BreadcrumbList","@id":"https:\/\/www.fenomist.com\/blog\/instagram-neden-acilmiyor#breadcrumb","itemListElement":[{"@type":"ListItem","position":1,"name":"Ana sayfa","item":"https:\/\/www.fenomist.com\/blog"},{"@type":"ListItem","position":2,"name":"Instagram Destek","item":"https:\/\/www.fenomist.com\/blog\/instagram-destek"},{"@type":"ListItem","position":3,"name":"Instagram Neden A\u00e7\u0131lm\u0131yor"}]},{"@type":"WebSite","@id":"https:\/\/www.fenomist.com\/blog\/#website","url":"https:\/\/www.fenomist.com\/blog\/","name":"Sosyal Medya Haberleri - Son Dakika","description":"Sosyal Medya Haberleri - Son Dakika","publisher":{"@id":"https:\/\/www.fenomist.com\/blog\/#organization"},"alternateName":"fenomist.com","potentialAction":[{"@type":"SearchAction","target":{"@type":"EntryPoint","urlTemplate":"https:\/\/www.fenomist.com\/blog\/?s={search_term_string}"},"query-input":{"@type":"PropertyValueSpecification","valueRequired":true,"valueName":"search_term_string"}}],"inLanguage":"tr"},{"@type":"Organization","@id":"https:\/\/www.fenomist.com\/blog\/#organization","name":"Fenomist","alternateName":"fenomist.com","url":"https:\/\/www.fenomist.com\/blog\/","logo":{"@type":"ImageObject","inLanguage":"tr","@id":"https:\/\/www.fenomist.com\/blog\/#\/schema\/logo\/image\/","url":"https:\/\/www.fenomist.com\/blog\/wp-content\/uploads\/instagram-takipci-satin-al-blog.svg","contentUrl":"https:\/\/www.fenomist.com\/blog\/wp-content\/uploads\/instagram-takipci-satin-al-blog.svg","caption":"Fenomist"},"image":{"@id":"https:\/\/www.fenomist.com\/blog\/#\/schema\/logo\/image\/"},"sameAs":["https:\/\/www.facebook.com\/fenomist","https:\/\/x.com\/smipuclari","https:\/\/www.instagram.com\/sosyal_fabrika\/","https:\/\/tr.linkedin.com\/in\/instatakipcicom","https:\/\/myspace.com\/instatakipci22","https:\/\/fi.pinterest.com\/instatakipcisosyal\/","https:\/\/www.youtube.com\/instatakipcicom"]},{"@type":"Person","@id":"https:\/\/www.fenomist.com\/blog\/#\/schema\/person\/235d54527608230f6c9e9d95b6d15f99","name":"Enes Bulut","image":{"@type":"ImageObject","inLanguage":"tr","@id":"https:\/\/www.fenomist.com\/blog\/#\/schema\/person\/image\/","url":"https:\/\/www.fenomist.com\/blog\/wp-content\/uploads\/enes-bulut-96x96.webp","contentUrl":"https:\/\/www.fenomist.com\/blog\/wp-content\/uploads\/enes-bulut-96x96.webp","caption":"Enes Bulut"},"description":"Ben Enes Bulut, 2014 y\u0131l\u0131nda Yeditepe \u00dcniversitesi Reklamc\u0131l\u0131k b\u00f6l\u00fcm\u00fcn\u00fc tamamlad\u0131ktan sonra \u0130\u00e7erik Yazarl\u0131\u011f\u0131 ve Edit\u00f6rl\u00fck alan\u0131na y\u00f6neldim. Bu alanda yakla\u015f\u0131k 6 y\u0131ld\u0131r fenomist.com b\u00fcnyesinde \u00e7al\u0131\u015f\u0131yorum. Sosyal medya ve dijital pazarlama uzmanl\u0131k alan\u0131m olmak \u00fczere bir\u00e7ok konuda \u00f6zg\u00fcn ve \u00f6zel i\u00e7erikler haz\u0131rl\u0131yorum.","sameAs":["https:\/\/www.fenomist.com\/blog\/author\/enesbulut","https:\/\/x.com\/bulut_enesss"],"url":"https:\/\/www.fenomist.com\/blog\/author\/enesbulut"},{"@type":"Question","@id":"https:\/\/www.fenomist.com\/blog\/instagram-neden-acilmiyor#faq-question-1582559158477","position":1,"url":"https:\/\/www.fenomist.com\/blog\/instagram-neden-acilmiyor#faq-question-1582559158477","name":"Instagram A\u00e7\u0131lm\u0131yor. Ne Yapmal\u0131y\u0131m?","answerCount":1,"acceptedAnswer":{"@type":"Answer","text":"Instagram hesab\u0131n\u0131za giremiyorsan\u0131z, internet ba\u011flant\u0131n\u0131zda bir problem olabilir. E\u011fer internet ba\u011flant\u0131n\u0131z\u0131n sorunsuz oldu\u011fundan eminseniz sorun Instagram\u0131n sunucular\u0131ndan kaynaklanabilir.","inLanguage":"tr"},"inLanguage":"tr"},{"@type":"Question","@id":"https:\/\/www.fenomist.com\/blog\/instagram-neden-acilmiyor#faq-question-1582559204921","position":2,"url":"https:\/\/www.fenomist.com\/blog\/instagram-neden-acilmiyor#faq-question-1582559204921","name":"Instagram \u00c7\u00f6kt\u00fc m\u00fc?","answerCount":1,"acceptedAnswer":{"@type":"Answer","text":"Instagram D\u00fcnya \u00fczerinde en \u00e7ok kullan\u0131lan sosyal medyad\u0131r bundan dolay\u0131 sunucular\u0131nda zaman zaman s\u0131k\u0131nt\u0131lar ya\u015fanabilmektedir. Bu ya\u015fanan s\u0131k\u0131nt\u0131lara genel olarak \u00e7\u00f6kme denmektedir. Bu gibi durumlar\u0131n ya\u015fanmas\u0131 \u00e7ok olas\u0131d\u0131r. Zaman i\u00e7erisinde \u00e7\u00f6kmeler d\u00fczelecektir. ","inLanguage":"tr"},"inLanguage":"tr"},{"@type":"Question","@id":"https:\/\/www.fenomist.com\/blog\/instagram-neden-acilmiyor#faq-question-1582559205709","position":3,"url":"https:\/\/www.fenomist.com\/blog\/instagram-neden-acilmiyor#faq-question-1582559205709","name":"Instagram Hesab\u0131m A\u00e7\u0131lm\u0131yor. Engellenmi\u015f Olabilir miyim?","answerCount":1,"acceptedAnswer":{"@type":"Answer","text":"Instagrama girerken bu tarz bir problem ile kar\u015f\u0131la\u015f\u0131yorsan\u0131z engellenmi\u015f olma ihtimaliniz de bulunmaktad\u0131r. Ancak engellenmeniz durumunda \u2018Hesab\u0131n\u0131z Engellendi\u2019 \u015feklinde bir ikaz alman\u0131z gerekir. E\u011fer b\u00f6yle bir ikaz ile kar\u015f\u0131la\u015fmad\u0131ysan\u0131z korkmay\u0131n.   ","inLanguage":"tr"},"inLanguage":"tr"},{"@type":"Question","@id":"https:\/\/www.fenomist.com\/blog\/instagram-neden-acilmiyor#faq-question-1597653951462","position":4,"url":"https:\/\/www.fenomist.com\/blog\/instagram-neden-acilmiyor#faq-question-1597653951462","name":"Eylem Engeli Nedir?","answerCount":1,"acceptedAnswer":{"@type":"Answer","text":"Instagram eylem engeli g\u00fcn i\u00e7erisinde \u00e7ok fazla say\u0131da etkile\u015fimde bulunman\u0131z ve bu durumun \u015f\u00fcphe \u00e7ekmesi neticesinde alaca\u011f\u0131n\u0131z engel t\u00fcr\u00fcd\u00fcr.","inLanguage":"tr"},"inLanguage":"tr"},{"@type":"Question","@id":"https:\/\/www.fenomist.com\/blog\/instagram-neden-acilmiyor#faq-question-1597653951564","position":5,"url":"https:\/\/www.fenomist.com\/blog\/instagram-neden-acilmiyor#faq-question-1597653951564","name":"Hesab\u0131m \u00c7al\u0131nabilir mi?","answerCount":1,"acceptedAnswer":{"@type":"Answer","text":"Instagram hesab\u0131n\u0131z g\u00fcvenlik \u00f6nlemlerini yerine getirmedi\u011finiz taktirde \u00e7al\u0131nabilir. \u00c7ift a\u015famal\u0131 do\u011frulama y\u00f6ntemlerini kullanmal\u0131s\u0131n\u0131z.","inLanguage":"tr"},"inLanguage":"tr"},{"@type":"Question","@id":"https:\/\/www.fenomist.com\/blog\/instagram-neden-acilmiyor#faq-question-1597653951718","position":6,"url":"https:\/\/www.fenomist.com\/blog\/instagram-neden-acilmiyor#faq-question-1597653951718","name":"Instagram S\u00fcr\u00fcm\u00fcm \u00d6nemli mi?","answerCount":1,"acceptedAnswer":{"@type":"Answer","text":"Instagram s\u00fcr\u00fcm\u00fcn\u00fcz en g\u00fcncel s\u00fcr\u00fcm de\u011fil ise baz\u0131 \u00f6zellikleri kullanmak a\u00e7\u0131s\u0131ndan problem ya\u015fayabilirsiniz. ","inLanguage":"tr"},"inLanguage":"tr"}]}},"_links":{"self":[{"href":"https:\/\/www.fenomist.com\/blog\/wp-json\/wp\/v2\/posts\/14163","targetHints":{"allow":["GET"]}}],"collection":[{"href":"https:\/\/www.fenomist.com\/blog\/wp-json\/wp\/v2\/posts"}],"about":[{"href":"https:\/\/www.fenomist.com\/blog\/wp-json\/wp\/v2\/types\/post"}],"author":[{"embeddable":true,"href":"https:\/\/www.fenomist.com\/blog\/wp-json\/wp\/v2\/users\/1"}],"replies":[{"embeddable":true,"href":"https:\/\/www.fenomist.com\/blog\/wp-json\/wp\/v2\/comments?post=14163"}],"version-history":[{"count":21,"href":"https:\/\/www.fenomist.com\/blog\/wp-json\/wp\/v2\/posts\/14163\/revisions"}],"predecessor-version":[{"id":46874,"href":"https:\/\/www.fenomist.com\/blog\/wp-json\/wp\/v2\/posts\/14163\/revisions\/46874"}],"wp:featuredmedia":[{"embeddable":true,"href":"https:\/\/www.fenomist.com\/blog\/wp-json\/wp\/v2\/media\/36451"}],"wp:attachment":[{"href":"https:\/\/www.fenomist.com\/blog\/wp-json\/wp\/v2\/media?parent=14163"}],"wp:term":[{"taxonomy":"category","embeddable":true,"href":"https:\/\/www.fenomist.com\/blog\/wp-json\/wp\/v2\/categories?post=14163"},{"taxonomy":"post_tag","embeddable":true,"href":"https:\/\/www.fenomist.com\/blog\/wp-json\/wp\/v2\/tags?post=14163"}],"curies":[{"name":"wp","href":"https:\/\/api.w.org\/{rel}","templated":true}]}}