{"id":21696,"date":"2020-07-09T15:51:52","date_gmt":"2020-07-09T12:51:52","guid":{"rendered":"https:\/\/www.instatakipci.com\/blog\/?p=21696"},"modified":"2025-07-17T16:54:45","modified_gmt":"2025-07-17T13:54:45","slug":"instagram-kullanici-adi-degistirme","status":"publish","type":"post","link":"https:\/\/www.fenomist.com\/blog\/instagram-kullanici-adi-degistirme","title":{"rendered":"Instagram Kullan\u0131c\u0131 Ad\u0131 (Username) De\u011fi\u015ftirme Nas\u0131l Yap\u0131l\u0131r?"},"content":{"rendered":"\n<p>Instagram, d\u00fcnya \u00fczerinde pek \u00e7ok kullan\u0131c\u0131n\u0131n istedi\u011fi kullan\u0131c\u0131 ad\u0131n\u0131 alarak foto\u011fraf, video benzeri payla\u015f\u0131mlar\u0131 yapabildi\u011fi bir platformdur. Bu platformda kullan\u0131c\u0131 ad\u0131n\u0131 ise istenilen zamanda de\u011fi\u015ftirmek m\u00fcmk\u00fcnd\u00fcr. Kullan\u0131c\u0131 ad\u0131n\u0131 de\u011fi\u015ftirmek olduk\u00e7a kolayd\u0131r ancak kullan\u0131c\u0131 ad\u0131 de\u011fi\u015ftirilirken ba\u015fka biri ile birebir ayn\u0131 kullan\u0131c\u0131 ad\u0131n\u0131n al\u0131namayaca\u011f\u0131 da unutulmamal\u0131d\u0131r. \u0130\u015fte <strong>Instagram kullan\u0131c\u0131 ad\u0131 de\u011fi\u015ftirme<\/strong> ile ilgili t\u00fcm detaylar.<\/p><div id=\"ez-toc-container\" class=\"ez-toc-v2_0_79_2 counter-hierarchy ez-toc-counter ez-toc-grey ez-toc-container-direction\">\n<div class=\"ez-toc-title-container\">\n<p class=\"ez-toc-title\" style=\"cursor:inherit\">\u0130\u00e7indekiler<\/p>\n<span class=\"ez-toc-title-toggle\"><a href=\"#\" class=\"ez-toc-pull-right ez-toc-btn ez-toc-btn-xs ez-toc-btn-default ez-toc-toggle\" aria-label=\"Toggle Table of Content\"><span class=\"ez-toc-js-icon-con\"><span class=\"\"><span class=\"eztoc-hide\" style=\"display:none;\">Toggle<\/span><span class=\"ez-toc-icon-toggle-span\"><svg style=\"fill: #999;color:#999\" xmlns=\"http:\/\/www.w3.org\/2000\/svg\" class=\"list-377408\" width=\"20px\" height=\"20px\" viewBox=\"0 0 24 24\" fill=\"none\"><path d=\"M6 6H4v2h2V6zm14 0H8v2h12V6zM4 11h2v2H4v-2zm16 0H8v2h12v-2zM4 16h2v2H4v-2zm16 0H8v2h12v-2z\" fill=\"currentColor\"><\/path><\/svg><svg style=\"fill: #999;color:#999\" class=\"arrow-unsorted-368013\" xmlns=\"http:\/\/www.w3.org\/2000\/svg\" width=\"10px\" height=\"10px\" viewBox=\"0 0 24 24\" version=\"1.2\" baseProfile=\"tiny\"><path d=\"M18.2 9.3l-6.2-6.3-6.2 6.3c-.2.2-.3.4-.3.7s.1.5.3.7c.2.2.4.3.7.3h11c.3 0 .5-.1.7-.3.2-.2.3-.5.3-.7s-.1-.5-.3-.7zM5.8 14.7l6.2 6.3 6.2-6.3c.2-.2.3-.5.3-.7s-.1-.5-.3-.7c-.2-.2-.4-.3-.7-.3h-11c-.3 0-.5.1-.7.3-.2.2-.3.5-.3.7s.1.5.3.7z\"\/><\/svg><\/span><\/span><\/span><\/a><\/span><\/div>\n<nav><ul class='ez-toc-list ez-toc-list-level-1 ' ><li class='ez-toc-page-1 ez-toc-heading-level-2'><a class=\"ez-toc-link ez-toc-heading-1\" href=\"https:\/\/www.fenomist.com\/blog\/instagram-kullanici-adi-degistirme\/#Instagram_Kullanici_Adi_Degistirmek\" >Instagram Kullan\u0131c\u0131 Ad\u0131 De\u011fi\u015ftirmek<\/a><\/li><li class='ez-toc-page-1 ez-toc-heading-level-2'><a class=\"ez-toc-link ez-toc-heading-2\" href=\"https:\/\/www.fenomist.com\/blog\/instagram-kullanici-adi-degistirme\/#Form_Araciligiyla_Instagram_Kullanici_Adi_Almak\" >Form Arac\u0131l\u0131\u011f\u0131yla Instagram Kullan\u0131c\u0131 Ad\u0131 Almak<\/a><\/li><li class='ez-toc-page-1 ez-toc-heading-level-2'><a class=\"ez-toc-link ez-toc-heading-3\" href=\"https:\/\/www.fenomist.com\/blog\/instagram-kullanici-adi-degistirme\/#Instagramda_Tescilli_Markanizin_Alan_Adini_Almak\" >Instagram&#8217;da Tescilli Markan\u0131z\u0131n Alan Ad\u0131n\u0131 Almak<\/a><\/li><li class='ez-toc-page-1 ez-toc-heading-level-2'><a class=\"ez-toc-link ez-toc-heading-4\" href=\"https:\/\/www.fenomist.com\/blog\/instagram-kullanici-adi-degistirme\/#Instagramda_Kullanici_Adi_Olustururken_Nelere_Dikkat_Etmek_Gerekir\" >Instagram\u2019da Kullan\u0131c\u0131 Ad\u0131 Olu\u015ftururken Nelere Dikkat Etmek Gerekir?<\/a><\/li><li class='ez-toc-page-1 ez-toc-heading-level-2'><a class=\"ez-toc-link ez-toc-heading-5\" href=\"https:\/\/www.fenomist.com\/blog\/instagram-kullanici-adi-degistirme\/#Instagram_Kullanilmayan_Kullanici_Adi_Alma_Yontemi\" >Instagram Kullan\u0131lmayan Kullan\u0131c\u0131 Ad\u0131 Alma Y\u00f6ntemi<\/a><ul class='ez-toc-list-level-3' ><li class='ez-toc-heading-level-3'><a class=\"ez-toc-link ez-toc-heading-6\" href=\"https:\/\/www.fenomist.com\/blog\/instagram-kullanici-adi-degistirme\/#Bu_makale_faydali_miydi\" >Bu makale faydal\u0131 m\u0131yd\u0131?<\/a><\/li><\/ul><\/li><li class='ez-toc-page-1 ez-toc-heading-level-2'><a class=\"ez-toc-link ez-toc-heading-7\" href=\"https:\/\/www.fenomist.com\/blog\/instagram-kullanici-adi-degistirme\/#Hakkinda_Sikca_Sorulan_Sorular\" >Hakk\u0131nda S\u0131k\u00e7a Sorulan Sorular<\/a><\/li><\/ul><\/nav><\/div>\n\n\n\n\n<figure class=\"wp-block-embed aligncenter is-type-video is-provider-youtube wp-block-embed-youtube wp-embed-aspect-16-9 wp-has-aspect-ratio\"><div class=\"wp-block-embed__wrapper\">\n<iframe title=\"Instagram Kullan\u0131c\u0131 Ad\u0131 Nas\u0131l De\u011fi\u015ftirilir?\" width=\"640\" height=\"360\" src=\"https:\/\/www.youtube.com\/embed\/ztc5MmYrJM4?feature=oembed\" frameborder=\"0\" allow=\"accelerometer; autoplay; clipboard-write; encrypted-media; gyroscope; picture-in-picture; web-share\" referrerpolicy=\"strict-origin-when-cross-origin\" allowfullscreen><\/iframe><script type=\"application\/ld+json\">\n    {\n      \"@context\": \"https:\/\/schema.org\",\n      \"@type\": \"VideoObject\",\n      \"name\": \"Instagram Kullan\u0131c\u0131 Ad\u0131 Nas\u0131l De\u011fi\u015ftirilir?\",\n      \"description\": \"Instagram Kullan\u0131c\u0131 Ad\u0131 (Username) De\u011fi\u015ftirme Nas\u0131l Yap\u0131l\u0131r?\",\n      \"thumbnailUrl\": \"https:\/\/i.ytimg.com\/vi_webp\/ztc5MmYrJM4\/mqdefault.webp\",\n      \"embedUrl\": \"https:\/\/www.youtube.com\/embed\/ztc5MmYrJM4?feature=oembed\",\n      \"uploadDate\": \"July 17, 2025 1:54 pm\"\n    }\n    <\/script>\n<\/div><\/figure>\n\n\n\n<p>Instagram\u2019da belli kurallara uyularak istenildi\u011fi kadar kullan\u0131c\u0131 ad\u0131 de\u011fi\u015ftirilebilir, bununla ilgili herhangi bir s\u0131n\u0131rlama bulunmaz. <strong>Kullan\u0131c\u0131 ad\u0131n\u0131 de\u011fi\u015ftirmek<\/strong> de a\u015fa\u011f\u0131da belirtilen ad\u0131mlara uyuldu\u011fu zaman olduk\u00e7a kolayd\u0131r ve an\u0131nda kullan\u0131c\u0131 ad\u0131n\u0131 de\u011fi\u015ftirmek de bu sayede m\u00fcmk\u00fcn hale gelir. <a href=\"https:\/\/www.fenomist.com\/blog\/instagram-kullanici-adlari\" target=\"_blank\" rel=\"noopener\">\u0130nstagram kullan\u0131c\u0131 adlar\u0131 <\/a>yaz\u0131m\u0131z ile yarat\u0131c\u0131 kullan\u0131c\u0131 adlar\u0131 i\u00e7erisinden se\u00e7im yapabilirsiniz.<\/p>\n\n\n<div class=\"bestSellListContainer bestByProduct price w-100\">\n    <div class=\"bestSellList best-card\">\n        <div class=\"bestSell-list bestsell nowrap slick-initialized slick-slider\" data-slide=\"12\">\n            <div class=\"slick-list swiper best-product-slider draggable\">\n                <div class=\"slick-track swiper-wrapper\">\n<div class=\"slide swiper-slide slick-slide\" data-slick-index=\"3\"\n     aria-hidden=\"true\"\n     tabindex=\"-1\">\n    <div class=\"card border-bestSell\">\n        <a href=\"https:\/\/www.fenomist.com\/instagram-turk-takipci?amount=2500&ps4\" class=\"stretched-link blog-product-slider\" target=\"_blank\"\n           tabindex=\"-1\"><\/a>\n        <div class=\"card-header btn-like-color btn-like-bg-color\">\n           <img decoding=\"async\" src=\"https:\/\/www.fenomist.com\/blog\/wp-content\/uploads\/instagram-takipci-slide.webp\" width=\"64\" height=\"64\">\n        <\/div>\n        <div class=\"card-body\">\n            <div class=\"best-name btn-like-color\">Instagram Takip\u00e7i<\/div>\n            <div class=\"best-amount\">2.500<\/div>\n            <hr class=\"border-like\">\n        <\/div>\n        <div class=\"card-footer\">\n            <div class='best-discount'>%36 Discounted<\/div>            <div>\n                <p class='pricesClass pricesOld'> 625\u20ba <\/p>                <p class=\"h4 text-black\">397.25\u20ba<\/p>\n            <\/div>\n            <input type=\"button\" value=\"Buy Now\" class=\"btn-primary btn\">\n        <\/div>\n    <\/div>\n<\/div>\n<div class=\"slide swiper-slide slick-slide\" data-slick-index=\"3\"\n     aria-hidden=\"true\"\n     tabindex=\"-1\">\n    <div class=\"card border-bestSell\">\n        <a href=\"https:\/\/www.fenomist.com\/instagram-begeni-satin-al?amount=250&ps4\" class=\"stretched-link blog-product-slider\" target=\"_blank\"\n           tabindex=\"-1\"><\/a>\n        <div class=\"card-header btn-like-color btn-like-bg-color\">\n           <img decoding=\"async\" src=\"https:\/\/www.fenomist.com\/blog\/wp-content\/uploads\/instagram-begeni-slide.webp\" width=\"64\" height=\"64\">\n        <\/div>\n        <div class=\"card-body\">\n            <div class=\"best-name btn-like-color\">Instagram Be\u011feni<\/div>\n            <div class=\"best-amount\">250<\/div>\n            <hr class=\"border-like\">\n        <\/div>\n        <div class=\"card-footer\">\n            <div class='best-discount'>%40 Discounted<\/div>            <div>\n                <p class='pricesClass pricesOld'> 34.38\u20ba <\/p>                <p class=\"h4 text-black\">20.75\u20ba<\/p>\n            <\/div>\n            <input type=\"button\" value=\"Buy Now\" class=\"btn-primary btn\">\n        <\/div>\n    <\/div>\n<\/div>\n<div class=\"slide swiper-slide slick-slide\" data-slick-index=\"3\"\n     aria-hidden=\"true\"\n     tabindex=\"-1\">\n    <div class=\"card border-bestSell\">\n        <a href=\"https:\/\/www.fenomist.com\/tiktok-takipci-satin-al?amount=2500&ps4\" class=\"stretched-link blog-product-slider\" target=\"_blank\"\n           tabindex=\"-1\"><\/a>\n        <div class=\"card-header btn-like-color btn-like-bg-color\">\n           <img decoding=\"async\" src=\"https:\/\/www.fenomist.com\/blog\/wp-content\/uploads\/tiktok-begeni-slide.webp\" width=\"64\" height=\"64\">\n        <\/div>\n        <div class=\"card-body\">\n            <div class=\"best-name btn-like-color\">TikTok Takip\u00e7i<\/div>\n            <div class=\"best-amount\">2.500<\/div>\n            <hr class=\"border-like\">\n        <\/div>\n        <div class=\"card-footer\">\n            <div class='best-discount'>%65 Discounted<\/div>            <div>\n                <p class='pricesClass pricesOld'> 750\u20ba <\/p>                <p class=\"h4 text-black\">262.5\u20ba<\/p>\n            <\/div>\n            <input type=\"button\" value=\"Buy Now\" class=\"btn-primary btn\">\n        <\/div>\n    <\/div>\n<\/div>\n<div class=\"slide swiper-slide slick-slide\" data-slick-index=\"3\"\n     aria-hidden=\"true\"\n     tabindex=\"-1\">\n    <div class=\"card border-bestSell\">\n        <a href=\"https:\/\/www.fenomist.com\/tiktok-begeni-satin-al?amount=100&ps4\" class=\"stretched-link blog-product-slider\" target=\"_blank\"\n           tabindex=\"-1\"><\/a>\n        <div class=\"card-header btn-like-color btn-like-bg-color\">\n           <img decoding=\"async\" src=\"https:\/\/www.fenomist.com\/blog\/wp-content\/uploads\/tiktok-begeni-slide.webp\" width=\"64\" height=\"64\">\n        <\/div>\n        <div class=\"card-body\">\n            <div class=\"best-name btn-like-color\">TikTok Be\u011feni<\/div>\n            <div class=\"best-amount\">100<\/div>\n            <hr class=\"border-like\">\n        <\/div>\n        <div class=\"card-footer\">\n            <div class='best-discount'>%20 Discounted<\/div>            <div>\n                <p class='pricesClass pricesOld'> 19.9\u20ba <\/p>                <p class=\"h4 text-black\">15.99\u20ba<\/p>\n            <\/div>\n            <input type=\"button\" value=\"Buy Now\" class=\"btn-primary btn\">\n        <\/div>\n    <\/div>\n<\/div>\n<div class=\"slide swiper-slide slick-slide\" data-slick-index=\"3\"\n     aria-hidden=\"true\"\n     tabindex=\"-1\">\n    <div class=\"card border-bestSell\">\n        <a href=\"https:\/\/www.fenomist.com\/instagram-yorum-satin-al?amount=10&ps4\" class=\"stretched-link blog-product-slider\" target=\"_blank\"\n           tabindex=\"-1\"><\/a>\n        <div class=\"card-header btn-like-color btn-like-bg-color\">\n           <img decoding=\"async\" src=\"https:\/\/www.fenomist.com\/blog\/wp-content\/uploads\/instagram-takipci-slide.webp\" width=\"64\" height=\"64\">\n        <\/div>\n        <div class=\"card-body\">\n            <div class=\"best-name btn-like-color\">Instagram Yorum<\/div>\n            <div class=\"best-amount\">10<\/div>\n            <hr class=\"border-like\">\n        <\/div>\n        <div class=\"card-footer\">\n            <div class='best-discount'>%4 Discounted<\/div>            <div>\n                <p class='pricesClass pricesOld'> 30.08\u20ba <\/p>                <p class=\"h4 text-black\">28.85\u20ba<\/p>\n            <\/div>\n            <input type=\"button\" value=\"Buy Now\" class=\"btn-primary btn\">\n        <\/div>\n    <\/div>\n<\/div>\n<\/div>\n<div class=\"custom-pagination swiper-pagination\"><\/div>\n<\/div>\n<\/div>\n<\/div>\n<\/div>\n\n\n\n\n\n<h2 class=\"wp-block-heading\"><span class=\"ez-toc-section\" id=\"Instagram_Kullanici_Adi_Degistirmek\"><\/span>Instagram Kullan\u0131c\u0131 Ad\u0131 De\u011fi\u015ftirmek<span class=\"ez-toc-section-end\"><\/span><\/h2>\n\n\n\n<p><strong><a href=\"https:\/\/www.instagram.com\/\" target=\"_blank\" rel=\"noopener\">Instagram<\/a> kullan\u0131c\u0131 ad\u0131 de\u011fi\u015ftirme<\/strong> i\u00e7in izlenmesi gereken ad\u0131mlar olduk\u00e7a kolayd\u0131r. Profil d\u00fczenleme b\u00f6l\u00fcm\u00fcnden yap\u0131lmas\u0131 gerekenleri \u015fu \u015fekildedir:<\/p>\n\n\n\n<ul class=\"wp-block-list\">\n<li>\u00d6ncelikle Instagram profilinize girmeniz gerekir.<\/li>\n\n\n\n<li>Instagram profilinizde yer alan \u201cprofili d\u00fczenle\u201d sekmesine girin.<\/li>\n\n\n\n<li>Bu sekmede yer alan \u201ckullan\u0131c\u0131 ad\u0131\u201d sekmesine girin.<\/li>\n\n\n\n<li>Bu b\u00f6l\u00fcmde a\u00e7\u0131lan panele yeni kullan\u0131c\u0131 ad\u0131n\u0131z\u0131 girin ve \u201dkaydet\u201d se\u00e7ene\u011fine t\u0131klay\u0131n ve kullan\u0131c\u0131 ad\u0131n\u0131z de\u011fi\u015fti. <\/li>\n<\/ul>\n\n\n\n<p>Bu k\u0131sa ad\u0131mlar takip edilerek k\u0131sa s\u00fcrede farkl\u0131 bir kullan\u0131c\u0131 ad\u0131na sahip olmak m\u00fcmk\u00fcnd\u00fcr. Fakat kullan\u0131c\u0131 ad\u0131 de\u011fi\u015ftirilirken dikkat edilmesi gereken baz\u0131 kurallar mevcuttur. Ayr\u0131ca kullan\u0131c\u0131 ad\u0131n\u0131z\u0131 de\u011fi\u015ftirdi\u011finiz zaman eski kullan\u0131c\u0131 ad\u0131n\u0131z\u0131 bir ba\u015fkas\u0131n\u0131n alma durumu vard\u0131r. E\u011fer 14 g\u00fcn boyunca eski kullan\u0131c\u0131 ad\u0131n\u0131za d\u00f6nmezseniz, eski kullan\u0131c\u0131 ad\u0131n\u0131z di\u011fer kullan\u0131c\u0131lara a\u00e7\u0131k hale gelir. 14 g\u00fcn i\u00e7inde eski kullan\u0131c\u0131 ad\u0131n\u0131za d\u00f6nerseniz bu ad\u0131n al\u0131nma ihtimali ortadan kalkar.<\/p>\n\n\n\n<p><strong>Instagram\u2019da kullan\u0131c\u0131 ad\u0131<\/strong> yaln\u0131zca uygulamadan de\u011fil ayn\u0131 zamanda da Instagram internet sitesinden de de\u011fi\u015ftirilebilmektedir. Dilerseniz uygulamadan dilerseniz de internet sitesinden farkl\u0131 cihazlardan oturum a\u00e7arak da kolayl\u0131kla Instagram kullan\u0131c\u0131 ad\u0131n\u0131z\u0131 de\u011fi\u015ftirmeniz m\u00fcmk\u00fcnd\u00fcr. \u0130nternet sitesi \u00fczerinden yapaca\u011f\u0131n\u0131z de\u011fi\u015fiklikler, t\u0131pk\u0131 mobil uygulama \u00fczerinden yapt\u0131\u011f\u0131n\u0131z d\u00fczenlemeler gibi \u00e7ok h\u0131zl\u0131 bir \u015fekilde ge\u00e7erlilik kazanmaktad\u0131r. <\/p>\n\n\n\n<h2 class=\"wp-block-heading\"><span class=\"ez-toc-section\" id=\"Form_Araciligiyla_Instagram_Kullanici_Adi_Almak\"><\/span>Form Arac\u0131l\u0131\u011f\u0131yla Instagram Kullan\u0131c\u0131 Ad\u0131 Almak<span class=\"ez-toc-section-end\"><\/span><\/h2>\n\n\n\n<p>Instagram kullan\u0131c\u0131 ad\u0131n\u0131z\u0131 de\u011fi\u015ftirmek i\u00e7in izlemeniz gereken ad\u0131mlar asl\u0131nda olduk\u00e7a basittir. Ancak baz\u0131 durumlarda, belirli bir kullan\u0131c\u0131 ad\u0131n\u0131 almakta zorlanabilirsiniz. \u0130\u015fte bu noktada, Instagram&#8217;\u0131n sa\u011flad\u0131\u011f\u0131 \u00f6zel form arac\u0131l\u0131\u011f\u0131yla <strong>instagram kullan\u0131c\u0131 ad\u0131 alma<\/strong> talebinde bulunabilirsiniz. \u015eimdi size, bu i\u015flemi ad\u0131m ad\u0131m nas\u0131l yapabilece\u011finizi anlataca\u011f\u0131z.<\/p>\n\n\n\n<ol class=\"wp-block-list\">\n<li><strong>Instagram&#8217;a Giri\u015f Yap\u0131n<\/strong>: \u0130lk olarak, Instagram hesab\u0131n\u0131za giri\u015f yapman\u0131z gerekiyor. Bunu uygulama \u00fczerinden veya web taray\u0131c\u0131n\u0131z\u0131 kullanarak yapabilirsiniz.<\/li>\n\n\n\n<li><strong>Yard\u0131m Merkezi&#8217;ne Git<\/strong>: Instagram uygulamas\u0131nda veya web sitesinde bulunan &#8220;Ayarlar&#8221; men\u00fcs\u00fcne t\u0131klad\u0131ktan sonra &#8220;Yard\u0131m&#8221; se\u00e7ene\u011fini se\u00e7in ve ard\u0131ndan &#8220;Yard\u0131m Merkezi&#8221;ne t\u0131klay\u0131n.<\/li>\n\n\n\n<li><strong>Kullan\u0131c\u0131 Ad\u0131 Formunu Bulun<\/strong>: Yard\u0131m Merkezi&#8217;nde, &#8220;Hesab\u0131m\u0131 Y\u00f6net&#8221; ba\u015fl\u0131\u011f\u0131 alt\u0131nda &#8220;Kullan\u0131c\u0131 Ad\u0131 De\u011fi\u015ftirme Formu&#8221;nu bulun.<\/li>\n\n\n\n<li><strong>Formu Doldurun<\/strong>: Kar\u015f\u0131n\u0131za \u00e7\u0131kan formu doldurun. \u0130stenen bilgiler aras\u0131nda mevcut kullan\u0131c\u0131 ad\u0131n\u0131z, istedi\u011finiz kullan\u0131c\u0131 ad\u0131 ve neden bu kullan\u0131c\u0131 ad\u0131n\u0131 de\u011fi\u015ftirmek istedi\u011finize dair bir a\u00e7\u0131klama bulunacakt\u0131r.<\/li>\n\n\n\n<li><strong>G\u00f6nderim Yap\u0131n<\/strong>: Formu doldurduktan sonra, &#8220;G\u00f6nder&#8221; d\u00fc\u011fmesine basarak formu Instagram&#8217;a g\u00f6nderin.<\/li>\n<\/ol>\n\n\n\n<p>Bu i\u015flemden sonra, Instagram talebinizi de\u011ferlendirecek ve kullan\u0131c\u0131 ad\u0131 de\u011fi\u015fikli\u011finizi onaylay\u0131p onaylamad\u0131\u011f\u0131na dair size bir e-posta ile d\u00f6n\u00fc\u015f yapacakt\u0131r. Belirtmek gerekir ki, her talep otomatik olarak kabul edilmez. Instagram&#8217;\u0131n politikas\u0131 ve mevcut kullan\u0131c\u0131 ad\u0131 durumu, sonucu etkileyen fakt\u00f6rler aras\u0131ndad\u0131r.<\/p>\n\n\n\n<h2 class=\"wp-block-heading\"><span class=\"ez-toc-section\" id=\"Instagramda_Tescilli_Markanizin_Alan_Adini_Almak\"><\/span>Instagram&#8217;da Tescilli Markan\u0131z\u0131n Alan Ad\u0131n\u0131 Almak<span class=\"ez-toc-section-end\"><\/span><\/h2>\n\n\n\n<p>Instagram&#8217;da markan\u0131z\u0131n tescilli alan ad\u0131n\u0131 (kullan\u0131c\u0131 ad\u0131n\u0131) almak, markan\u0131z\u0131n dijital varl\u0131\u011f\u0131n\u0131 korumak ve geni\u015fletmek i\u00e7in \u00f6nemli bir ad\u0131md\u0131r. Bu, markan\u0131z\u0131n kimli\u011fini ve itibar\u0131n\u0131 g\u00fc\u00e7lendirirken, ayn\u0131 zamanda m\u00fc\u015fterilerinizin ve takip\u00e7ilerinizin sizinle daha kolay ileti\u015fim kurmas\u0131n\u0131 sa\u011flar. \u0130\u015fte Instagram&#8217;da tescilli markan\u0131z\u0131n alan ad\u0131n\u0131 almak i\u00e7in izlemeniz gereken ad\u0131mlar:<\/p>\n\n\n\n<ol class=\"wp-block-list\">\n<li><strong>Instagram Hesab\u0131n\u0131za Giri\u015f Yap\u0131n<\/strong>: \u0130lk olarak, tescilli marka ad\u0131n\u0131z\u0131n alan ad\u0131n\u0131 almak istedi\u011finiz Instagram hesab\u0131n\u0131za giri\u015f yap\u0131n.<\/li>\n\n\n\n<li><strong>Ayarlar Men\u00fcs\u00fcne Git<\/strong>: Instagram uygulamas\u0131ndaki profil sayfan\u0131zda sa\u011f \u00fcst k\u00f6\u015fede bulunan men\u00fc simgesine t\u0131klay\u0131n ve &#8220;Ayarlar&#8221; se\u00e7ene\u011fini se\u00e7in.<\/li>\n\n\n\n<li><strong>Kullan\u0131c\u0131 Ad\u0131n\u0131z\u0131 De\u011fi\u015ftirin<\/strong>: &#8220;Hesap&#8221; sekmesine gidin ve &#8220;Kullan\u0131c\u0131 Ad\u0131&#8221; se\u00e7ene\u011fini bulun. Burada, tescilli marka ad\u0131n\u0131z\u0131 alan ad\u0131 olarak belirlemek i\u00e7in mevcut kullan\u0131c\u0131 ad\u0131n\u0131z\u0131 de\u011fi\u015ftirebilirsiniz.<\/li>\n\n\n\n<li><strong>Alan Ad\u0131n\u0131 Kaydedin<\/strong>: Yeni kullan\u0131c\u0131 ad\u0131n\u0131z\u0131 (alan ad\u0131n\u0131z\u0131) girdikten sonra, de\u011fi\u015fiklikleri kaydetmek i\u00e7in &#8220;Tamam&#8221; veya &#8220;G\u00f6nder&#8221; se\u00e7ene\u011fine t\u0131klay\u0131n.<\/li>\n<\/ol>\n\n\n\n<p>Bu s\u00fcreci tamamlad\u0131ktan sonra, Instagram profiliniz tescilli marka ad\u0131n\u0131z\u0131n alan ad\u0131n\u0131 kullanacakt\u0131r. Ancak, unutmay\u0131n ki Instagram kullan\u0131c\u0131 adlar\u0131 benzersiz olmal\u0131d\u0131r. E\u011fer markan\u0131z\u0131n ad\u0131 ba\u015fka bir kullan\u0131c\u0131 taraf\u0131ndan zaten al\u0131nm\u0131\u015fsa, bu ad\u0131 almak i\u00e7in Instagram&#8217;la ileti\u015fime ge\u00e7meniz ve durumu \u00e7\u00f6zmeniz gerekebilir. Bu durumda, marka tescil belgelerinizi sunarak Instagram&#8217;dan kullan\u0131c\u0131 ad\u0131n\u0131z\u0131n size ait oldu\u011funu do\u011frulamas\u0131n\u0131 isteyebilirsiniz.<\/p>\n\n\n\n<p>E\u011fer tescilli markan\u0131z\u0131n alan ad\u0131n\u0131n al\u0131nd\u0131\u011f\u0131n\u0131 d\u00fc\u015f\u00fcn\u00fcyorsan\u0131z link \u00fczerinden \u015fikayette bulunabilirsiniz:<\/p>\n\n\n\n<p><a href=\"https:\/\/help.instagram.com\/contact\/230197320740525\">https:\/\/help.instagram.com\/contact\/230197320740525<\/a><\/p>\n\n\n<div class=\"wp-block-image\">\n<figure class=\"aligncenter size-full\"><img loading=\"lazy\" decoding=\"async\" width=\"1059\" height=\"1080\" src=\"https:\/\/www.fenomist.com\/blog\/wp-content\/uploads\/instagram-kullanicinin-adini-degistirme.jpg\" alt=\"instagram kullan\u0131c\u0131 ad\u0131 de\u011fi\u015ftirmek\" class=\"wp-image-33334\" srcset=\"https:\/\/www.fenomist.com\/blog\/wp-content\/uploads\/instagram-kullanicinin-adini-degistirme.jpg 1059w, https:\/\/www.fenomist.com\/blog\/wp-content\/uploads\/instagram-kullanicinin-adini-degistirme-768x783.jpg 768w\" sizes=\"(max-width: 1059px) 100vw, 1059px\" \/><\/figure><\/div>\n\n\n<h2 class=\"wp-block-heading\"><span class=\"ez-toc-section\" id=\"Instagramda_Kullanici_Adi_Olustururken_Nelere_Dikkat_Etmek_Gerekir\"><\/span>Instagram\u2019da Kullan\u0131c\u0131 Ad\u0131 Olu\u015ftururken Nelere Dikkat Etmek Gerekir?<span class=\"ez-toc-section-end\"><\/span><\/h2>\n\n\n\n<p><strong>Instagram kullan\u0131c\u0131 ad\u0131 bulma<\/strong> konusunda dikkat edilmesi gereken noktalar vard\u0131r. Bunlar;<\/p>\n\n\n\n<ul class=\"wp-block-list\">\n<li>Zaten bir kullan\u0131c\u0131da mevcut olan bir kullan\u0131c\u0131 ad\u0131 birebir ayn\u0131 olacak \u015fekilde al\u0131namaz ancak tek karakterinin dahi de\u011fi\u015fmesi yeterlidir.<\/li>\n\n\n\n<li>Kullan\u0131c\u0131 ad\u0131 al\u0131rken maksimum karakter s\u0131n\u0131r\u0131 30 karakterdir. Kullan\u0131c\u0131 ad\u0131nda 30 karakterden fazla karakter kullan\u0131lamaz.<\/li>\n\n\n\n<li>Instagram kullan\u0131c\u0131 adlar\u0131nda k\u00fcf\u00fcr, hakaret \u00f6geleri i\u00e7eren kullan\u0131c\u0131lara k\u0131s\u0131tlama getirebilmektedir. Bu sebeple de kullan\u0131c\u0131 ad\u0131n\u0131z\u0131n bu t\u00fcr ifadeler i\u00e7ermemesine dikkat edin.<\/li>\n\n\n\n<li>Kullan\u0131c\u0131 ad\u0131 al\u0131rken T\u00fcrk\u00e7e karakter kullan\u0131lamaz. \u00dc, \u00f6, \u00e7 gibi karakterler i\u00e7erecek bir kullan\u0131c\u0131 ad\u0131 almak istiyorsan\u0131z onlar\u0131 u, o, c \u015feklinde yazabilirsiniz.<\/li>\n\n\n\n<li>Kullan\u0131c\u0131 ad\u0131n\u0131zda noktalama i\u015faretlerini kullanabilirsiniz ancak emoji kullan\u0131m\u0131 yapamazs\u0131n\u0131z.<\/li>\n<\/ul>\n\n\n<div class=\"wp-block-image\">\n<figure class=\"aligncenter size-full\"><img loading=\"lazy\" decoding=\"async\" width=\"1000\" height=\"462\" src=\"https:\/\/www.fenomist.com\/blog\/wp-content\/uploads\/instagram-kullanici-adi-nasil-degisir.jpg\" alt=\"instagram kullan\u0131c\u0131 ad\u0131 nas\u0131l de\u011fi\u015ftirilir\" class=\"wp-image-33336\" srcset=\"https:\/\/www.fenomist.com\/blog\/wp-content\/uploads\/instagram-kullanici-adi-nasil-degisir.jpg 1000w, https:\/\/www.fenomist.com\/blog\/wp-content\/uploads\/instagram-kullanici-adi-nasil-degisir-768x355.jpg 768w\" sizes=\"(max-width: 1000px) 100vw, 1000px\" \/><\/figure><\/div>\n\n\n<p>Bu kurallar <strong>instagram kullan\u0131c\u0131 ad\u0131 olu\u015fturma<\/strong> a\u015famas\u0131nda Instagram taraf\u0131ndan dikkat edilen hususlard\u0131r. Herhangi bir sorun te\u015fkil etmez, ayr\u0131ca sizinle birebir ayn\u0131 kullan\u0131c\u0131 ad\u0131na sahip biri de olamaz. Kullan\u0131c\u0131 ad\u0131n\u0131z\u0131 ise istedi\u011finiz zaman de\u011fi\u015ftirmeniz m\u00fcmk\u00fcnd\u00fcr. Kullan\u0131c\u0131 ad\u0131n\u0131 de\u011fi\u015ftirmek i\u00e7in belli bir k\u0131s\u0131tlama da yoktur. \u0130stedi\u011finiz zaman istedi\u011finiz kadar kullan\u0131c\u0131 ad\u0131 de\u011fi\u015ftirmeniz m\u00fcmk\u00fcnd\u00fcr.<\/p>\n\n\n\n<p>En g\u00fczel <strong>instagram kullan\u0131c\u0131 ad\u0131 \u00f6nerileri<\/strong> i\u00e7in <a href=\"https:\/\/www.fenomist.com\/blog\/instagram-kullanici-adlari\" target=\"_blank\" rel=\"noopener\">Instagram Kullan\u0131c\u0131 Adlar\u0131<\/a> yaz\u0131m\u0131z\u0131 da inceleyebilirsiniz.<\/p>\n\n\n\n<p>Daha \u00f6nceden var olan bir kullan\u0131c\u0131 ad\u0131na \u00e7ok benzer yeni bir kullan\u0131c\u0131 ad\u0131 olu\u015fturmak, profilinizin di\u011fer profiller ile kar\u0131\u015ft\u0131r\u0131lmas\u0131na neden olur. Bu nedenle bizim tavsiyemiz, tamamen benzersiz bir Instagram kullan\u0131c\u0131 ad\u0131 olu\u015fturman\u0131z olacakt\u0131r. Bu sayede profiliniz daha benzersiz ve eri\u015filebilir olacakt\u0131r. <\/p>\n\n\n\n<h2 class=\"wp-block-heading\"><span class=\"ez-toc-section\" id=\"Instagram_Kullanilmayan_Kullanici_Adi_Alma_Yontemi\"><\/span>Instagram Kullan\u0131lmayan Kullan\u0131c\u0131 Ad\u0131 Alma Y\u00f6ntemi<span class=\"ez-toc-section-end\"><\/span><\/h2>\n\n\n\n<p>Instagram&#8217;da ba\u015fkas\u0131 taraf\u0131ndan al\u0131nm\u0131\u015f fakat aktif olmayan bir kullan\u0131c\u0131 ad\u0131n\u0131 almak genellikle zordur ve Instagram&#8217;\u0131n belirli bir politikas\u0131 yoktur. Ancak, a\u015fa\u011f\u0131da baz\u0131 \u00f6neriler sunulmaktad\u0131r:<\/p>\n\n\n\n<p><strong>\u0130leti\u015fim Kurun:<\/strong> Kullan\u0131c\u0131 ad\u0131n\u0131 kullanmayan bir hesap sahibiyle ileti\u015fime ge\u00e7ebilirsiniz. Hesap aktif olmasa bile, sahibi mesajlar\u0131 kontrol ediyor olabilir. Kibarca kullan\u0131c\u0131 ad\u0131n\u0131 serbest b\u0131rakmas\u0131n\u0131 isteyebilirsiniz.<\/p>\n\n\n\n<p><strong>Instagram&#8217;a Ba\u015fvurun:<\/strong> Instagram&#8217;a ba\u015fvurarak, kullan\u0131c\u0131 ad\u0131n\u0131n aktif olmayan bir hesap taraf\u0131ndan al\u0131nd\u0131\u011f\u0131n\u0131 ve sizin o kullan\u0131c\u0131 ad\u0131n\u0131 istedi\u011finizi belirtebilirsiniz. Ancak, Instagram&#8217;\u0131n hesaplar\u0131 veya kullan\u0131c\u0131 adlar\u0131n\u0131 \u00e7o\u011fu durumda transfer etmedi\u011fini unutmay\u0131n.<\/p>\n\n\n\n<p><strong>Bekleyin:<\/strong> Instagram, uzun s\u00fcre aktif olmayan hesaplar\u0131 temizleyebilir. Bu durumda, kullan\u0131c\u0131 ad\u0131 kullan\u0131labilir hale gelebilir. Ancak, bu s\u00fcrecin ne zaman ger\u00e7ekle\u015fece\u011fi belirsizdir ve bu nedenle kullan\u0131c\u0131 ad\u0131n\u0131 hemen almay\u0131 planlamamal\u0131s\u0131n\u0131z.<\/p>\n\n\n\n<p>Sonu\u00e7 olarak, Instagram&#8217;da ba\u015fkas\u0131 taraf\u0131ndan al\u0131nm\u0131\u015f ama aktif olmayan bir hesab\u0131n kullan\u0131c\u0131 ad\u0131n\u0131 almak genellikle zordur ve genellikle Instagram&#8217;\u0131n kullan\u0131c\u0131 ad\u0131n\u0131 serbest b\u0131rakmas\u0131n\u0131 beklemek gerekebilir.<\/p>\n\n\n\n<figure class=\"wp-block-embed is-type-video is-provider-youtube wp-block-embed-youtube wp-embed-aspect-16-9 wp-has-aspect-ratio\"><div class=\"wp-block-embed__wrapper\">\n<iframe title=\"INSTAGRAM KULLANICI ADI DE\u011e\u0130\u015eT\u0130RME\" width=\"640\" height=\"360\" src=\"https:\/\/www.youtube.com\/embed\/sKhTXYhrUkc?feature=oembed\" frameborder=\"0\" allow=\"accelerometer; autoplay; clipboard-write; encrypted-media; gyroscope; picture-in-picture; web-share\" referrerpolicy=\"strict-origin-when-cross-origin\" allowfullscreen><\/iframe><script type=\"application\/ld+json\">\n    {\n      \"@context\": \"https:\/\/schema.org\",\n      \"@type\": \"VideoObject\",\n      \"name\": \"INSTAGRAM KULLANICI ADI DE\u011e\u0130\u015eT\u0130RME\",\n      \"description\": \"Instagram Kullan\u0131c\u0131 Ad\u0131 (Username) De\u011fi\u015ftirme Nas\u0131l Yap\u0131l\u0131r?\",\n      \"thumbnailUrl\": \"https:\/\/i.ytimg.com\/vi_webp\/sKhTXYhrUkc\/mqdefault.webp\",\n      \"embedUrl\": \"https:\/\/www.youtube.com\/embed\/sKhTXYhrUkc?feature=oembed\",\n      \"uploadDate\": \"July 17, 2025 1:54 pm\"\n    }\n    <\/script>\n<\/div><\/figure>\n\n\n\n<p><a href=\"https:\/\/www.fenomist.com\/blog\/instagram-destek\">Instagram Destek<\/a>&nbsp;yaz\u0131lar\u0131m\u0131z ile ya\u015fad\u0131\u011f\u0131n\u0131z t\u00fcm Instagram sorunlar\u0131n\u0131 \u00e7\u00f6z\u00fcme kavu\u015fturun!<\/p>\n\n\n\n<div class=\"schema-faq wp-block-yoast-faq-block\">        <\/div>\n\r\n\t\t\t<div id=\"daexthefu-container\"\r\n\t\t\t\tclass=\"daexthefu-container daexthefu-layout-side-by-side daexthefu-alignment-left\"\r\n\t\t\t\tdata-post-id=\"21696\">\r\n\r\n\t\t\t\t<div class=\"daexthefu-feedback\">\r\n\t\t\t\t\t<div class=\"daexthefu-text\">\r\n\t\t\t\t\t\t<h3 class=\"daexthefu-title\"><span class=\"ez-toc-section\" id=\"Bu_makale_faydali_miydi\"><\/span>Bu makale faydal\u0131 m\u0131yd\u0131?<span class=\"ez-toc-section-end\"><\/span><\/h3>\r\n\t\t\t\t\t<\/div>\r\n\t\t\t\t\t<div class=\"daexthefu-buttons-container\">\r\n\t\t\t\t\t\t<div class=\"daexthefu-buttons\">\r\n\t\t\t\t\t\t\t\r\n\t\t\t<div class=\"daexthefu-yes daexthefu-button daexthefu-button-type-text\" data-value=\"1\">\r\n\t\t\t\t<div class=\"daexthefu-button-text\">Faydal\u0131<\/div>\r\n\t\t\t<\/div>\r\n\r\n\t\t\t\t\t\t\t\t\t\t\r\n\t\t\t<div class=\"daexthefu-no daexthefu-button daexthefu-button-type-text\" data-value=\"0\">\r\n\t\t\t\t<div class=\"daexthefu-button-text\">Geli\u015ftirilmeli<\/div>\r\n\t\t\t<\/div>\r\n\r\n\t\t\t\t\t\t\t\t\t<\/div>\r\n\t\t\t\t\t<\/div>\r\n\t\t\t\t<\/div>\r\n\r\n\t\t\t\t<div class=\"daexthefu-comment\">\r\n\t\t\t\t\t<div class=\"daexthefu-comment-top-container\">\r\n\t\t\t\t\t\t<label id=\"daexthefu-comment-label\" class=\"daexthefu-comment-label\"><\/label>\r\n\t\t\t\t\t\t\t\t\t\t\t\t\t<div class=\"daexthefu-comment-character-counter-container\">\r\n\t\t\t\t\t\t\t\t<div id=\"daexthefu-comment-character-counter-number\"\r\n\t\t\t\t\t\t\t\t\tclass=\"daexthefu-comment-character-counter-number\"><\/div>\r\n\t\t\t\t\t\t\t\t<div class=\"daexthefu-comment-character-counter-text\"><\/div>\r\n\t\t\t\t\t\t\t<\/div>\r\n\t\t\t\t\t\t\t\t\t\t\t<\/div>\r\n\t\t\t\t\t<textarea id=\"daexthefu-comment-textarea\" class=\"daexthefu-comment-textarea\"\r\n\t\t\t\t\t\t\t\tplaceholder=\"Mesaj\u0131n\u0131z\u0131 giriniz\"\r\n\t\t\t\t\t\t\t\tmaxlength=\"\r\n\t\t\t\t\t\t\t\t400\t\t\t\t\t\t\t\t\t\"><\/textarea>\r\n\t\t\t\t\t<div class=\"daexthefu-comment-buttons-container\">\r\n\t\t\t\t\t\t<button class=\"daexthefu-comment-submit daexthefu-button\">G\u00f6nder<\/button>\r\n\t\t\t\t\t\t<button class=\"daexthefu-comment-cancel daexthefu-button\">\u0130ptal<\/button>\r\n\t\t\t\t\t<\/div>\r\n\t\t\t\t<\/div>\r\n\r\n\t\t\t\t<div class=\"daexthefu-successful-submission-text\">Geri bildirim i\u00e7in te\u015fekk\u00fcr ederiz!<\/div>\r\n\r\n\t\t\t<\/div>\r\n\r\n\t\t\t\n    <div class=\"container\">\n        <div class=\"faq accordion faq-drop\" id=\"accordion\">\n            <h2 class=\"accordion-title\"><span class=\"ez-toc-section\" id=\"Hakkinda_Sikca_Sorulan_Sorular\"><\/span> Hakk\u0131nda S\u0131k\u00e7a Sorulan Sorular<span class=\"ez-toc-section-end\"><\/span><\/h2>\n            <div class=\"col-md-12 faq-card\">\n                    <div class=\"card faq\">\n                        <div class=\"card-header collapsed d-flex justify-content-between align-items-center\" id=\"heading0\"\n                             data-toggle=\"collapse\" data-target=\"#collapse_0\" aria-expanded=\"true\" role=\"button\"\n                             aria-controls=\"collapse_0\">\n                            <div class=\"btn btn-link text-dark font-weight-bold\">\n                               Instagram Kullan\u0131c\u0131 Ad\u0131 De\u011fi\u015ftirme M\u00fcmk\u00fcn m\u00fc?\n                            <\/div>\n                            <div class=\"btn-toogle\">\n                                <span><\/span>\n                                <span><\/span>\n                            <\/div>\n                        <\/div>\n                        <div id=\"collapse_0\" class=\"collapse\" aria-labelledby=\"heading0\" data-parent=\"#accordion\">\n                            <div class=\"card-body\">\n                                <p>Instagram kullan\u0131c\u0131 ad\u0131n\u0131z\u0131 de\u011fi\u015ftirmek istemeniz durumunda e\u011fer yeni kullan\u0131c\u0131 ad\u0131n\u0131z kullan\u0131lmamakta ise de\u011fi\u015ftirme yapabilirsiniz.<\/p>\n                            <\/div>\n                        <\/div>\n                        <\/div>\n                        \n                    <div class=\"card faq\">\n                        <div class=\"card-header collapsed d-flex justify-content-between align-items-center\" id=\"heading1\"\n                             data-toggle=\"collapse\" data-target=\"#collapse_1\" aria-expanded=\"true\" role=\"button\"\n                             aria-controls=\"collapse_1\">\n                            <div class=\"btn btn-link text-dark font-weight-bold\">\n                               Eski Kullan\u0131c\u0131 Ad\u0131m\u0131 Geri Alabilir miyim?\n                            <\/div>\n                            <div class=\"btn-toogle\">\n                                <span><\/span>\n                                <span><\/span>\n                            <\/div>\n                        <\/div>\n                        <div id=\"collapse_1\" class=\"collapse\" aria-labelledby=\"heading1\" data-parent=\"#accordion\">\n                            <div class=\"card-body\">\n                                <p>Instagram\u2019da daha \u00f6nceden kulland\u0131\u011f\u0131n\u0131z ve de\u011fi\u015ftirdi\u011finiz kullan\u0131c\u0131 ad\u0131n\u0131z\u0131 tekrar geri alman\u0131z m\u00fcmk\u00fcn olmayacakt\u0131r.<\/p>\n                            <\/div>\n                        <\/div>\n                        <\/div>\n                        \n                    <div class=\"card faq\">\n                        <div class=\"card-header collapsed d-flex justify-content-between align-items-center\" id=\"heading2\"\n                             data-toggle=\"collapse\" data-target=\"#collapse_2\" aria-expanded=\"true\" role=\"button\"\n                             aria-controls=\"collapse_2\">\n                            <div class=\"btn btn-link text-dark font-weight-bold\">\n                               Kullan\u0131c\u0131 Ad\u0131m\u0131 Ne S\u00fcre ile De\u011fi\u015ftirebilirim?\n                            <\/div>\n                            <div class=\"btn-toogle\">\n                                <span><\/span>\n                                <span><\/span>\n                            <\/div>\n                        <\/div>\n                        <div id=\"collapse_2\" class=\"collapse\" aria-labelledby=\"heading2\" data-parent=\"#accordion\">\n                            <div class=\"card-body\">\n                                <p>Kullan\u0131c\u0131 ad\u0131n\u0131z\u0131 30 g\u00fcn ara ile de\u011fi\u015ftiremezsiniz. De\u011fi\u015ftirme s\u00fcreleriniz aras\u0131nda en az 30 g\u00fcnl\u00fck bir zaman ge\u00e7mesi gerekmektedir.<\/p>\n                            <\/div>\n                        <\/div>\n                        <\/div>\n                        \n                    <div class=\"card faq\">\n                        <div class=\"card-header collapsed d-flex justify-content-between align-items-center\" id=\"heading3\"\n                             data-toggle=\"collapse\" data-target=\"#collapse_3\" aria-expanded=\"true\" role=\"button\"\n                             aria-controls=\"collapse_3\">\n                            <div class=\"btn btn-link text-dark font-weight-bold\">\n                               Kullan\u0131c\u0131 Ad\u0131 De\u011fi\u015ftirirken Nelere Dikkat Etmek Gerekir?\n                            <\/div>\n                            <div class=\"btn-toogle\">\n                                <span><\/span>\n                                <span><\/span>\n                            <\/div>\n                        <\/div>\n                        <div id=\"collapse_3\" class=\"collapse\" aria-labelledby=\"heading3\" data-parent=\"#accordion\">\n                            <div class=\"card-body\">\n                                <p>Kullan\u0131c\u0131 ad\u0131n\u0131z\u0131n hat\u0131rlanabilir ve benzersiz olmas\u0131na dikkat edin. Bu durum sizin pop\u00fcler olman\u0131z ad\u0131na \u00f6nem arz eder. <\/p>\n                            <\/div>\n                        <\/div>\n                        <\/div>\n                        \n                    <div class=\"card faq\">\n                        <div class=\"card-header collapsed d-flex justify-content-between align-items-center\" id=\"heading4\"\n                             data-toggle=\"collapse\" data-target=\"#collapse_4\" aria-expanded=\"true\" role=\"button\"\n                             aria-controls=\"collapse_4\">\n                            <div class=\"btn btn-link text-dark font-weight-bold\">\n                               Kullan\u0131c\u0131 Ad\u0131 ile Profil Bulunabilir mi?\n                            <\/div>\n                            <div class=\"btn-toogle\">\n                                <span><\/span>\n                                <span><\/span>\n                            <\/div>\n                        <\/div>\n                        <div id=\"collapse_4\" class=\"collapse\" aria-labelledby=\"heading4\" data-parent=\"#accordion\">\n                            <div class=\"card-body\">\n                                <p>Instagram uygulamas\u0131 ile kullan\u0131c\u0131 adlar\u0131 \u00fczerinden arama yaparak, arkada\u015flar\u0131n\u0131z\u0131n profillerini kolayl\u0131kla bulabilirsiniz. <\/p>\n                            <\/div>\n                        <\/div>\n                        <\/div>\n                        \n                    <div class=\"card faq\">\n                        <div class=\"card-header collapsed d-flex justify-content-between align-items-center\" id=\"heading5\"\n                             data-toggle=\"collapse\" data-target=\"#collapse_5\" aria-expanded=\"true\" role=\"button\"\n                             aria-controls=\"collapse_5\">\n                            <div class=\"btn btn-link text-dark font-weight-bold\">\n                               S\u00fcrekli Olarak Kullan\u0131c\u0131 Ad\u0131 De\u011fi\u015ftirmek Zararl\u0131 m\u0131?\n                            <\/div>\n                            <div class=\"btn-toogle\">\n                                <span><\/span>\n                                <span><\/span>\n                            <\/div>\n                        <\/div>\n                        <div id=\"collapse_5\" class=\"collapse\" aria-labelledby=\"heading5\" data-parent=\"#accordion\">\n                            <div class=\"card-body\">\n                                <p>Kullan\u0131c\u0131 ad\u0131 de\u011fi\u015ftirme i\u015flemleriniz, profilleriniz i\u00e7in zarar arz edebilir. S\u00fcrekli olarak de\u011fi\u015fen kullan\u0131c\u0131 ad\u0131, daha zor bulunman\u0131za neden olabilir ve pop\u00fclerli\u011finizi d\u00fc\u015f\u00fcr\u00fcr. <\/p>\n                            <\/div>\n                        <\/div>\n                        <\/div>\n                        \n                    <div class=\"card faq\">\n                        <div class=\"card-header collapsed d-flex justify-content-between align-items-center\" id=\"heading6\"\n                             data-toggle=\"collapse\" data-target=\"#collapse_6\" aria-expanded=\"true\" role=\"button\"\n                             aria-controls=\"collapse_6\">\n                            <div class=\"btn btn-link text-dark font-weight-bold\">\n                               Instagram Kullan\u0131c\u0131 Ad\u0131 Nas\u0131l Olmal\u0131?\n                            <\/div>\n                            <div class=\"btn-toogle\">\n                                <span><\/span>\n                                <span><\/span>\n                            <\/div>\n                        <\/div>\n                        <div id=\"collapse_6\" class=\"collapse\" aria-labelledby=\"heading6\" data-parent=\"#accordion\">\n                            <div class=\"card-body\">\n                                <p>Instagram kullan\u0131c\u0131 ad\u0131n\u0131z, sizin veya markan\u0131z\u0131n kimli\u011fini yans\u0131tmal\u0131d\u0131r. M\u00fcmk\u00fcn oldu\u011funca basit, \u00f6zg\u00fcn ve k\u0131sa olmal\u0131d\u0131r. Bu, kullan\u0131c\u0131lar\u0131n sizi daha kolay bulabilmesine yard\u0131mc\u0131 olur. Ayr\u0131ca, kullan\u0131c\u0131 ad\u0131n\u0131z\u0131n profesyonel olmas\u0131 da \u00f6nemlidir, \u00f6zellikle Instagram&#8217;\u0131 bir i\u015f veya marka i\u00e7in kullan\u0131yorsan\u0131z. Unutmay\u0131n, Instagram kullan\u0131c\u0131 adlar\u0131 benzersiz olmal\u0131d\u0131r. Instagram&#8217;\u0131n belirlemi\u015f oldu\u011fu kullan\u0131c\u0131 ad\u0131 standartlar\u0131na da uymal\u0131d\u0131r.<\/p>\n                            <\/div>\n                        <\/div>\n                        <\/div>\n                        \n                    <div class=\"card faq\">\n                        <div class=\"card-header collapsed d-flex justify-content-between align-items-center\" id=\"heading7\"\n                             data-toggle=\"collapse\" data-target=\"#collapse_7\" aria-expanded=\"true\" role=\"button\"\n                             aria-controls=\"collapse_7\">\n                            <div class=\"btn btn-link text-dark font-weight-bold\">\n                               Instagram Kullan\u0131c\u0131 Ad\u0131 Ne Zaman Bo\u015fa D\u00fc\u015fer?\n                            <\/div>\n                            <div class=\"btn-toogle\">\n                                <span><\/span>\n                                <span><\/span>\n                            <\/div>\n                        <\/div>\n                        <div id=\"collapse_7\" class=\"collapse\" aria-labelledby=\"heading7\" data-parent=\"#accordion\">\n                            <div class=\"card-body\">\n                                <p>Bu soruya kesin bir cevap verilemez. E\u011fer kullan\u0131c\u0131 ad\u0131n\u0131n kullan\u0131c\u0131 hesab\u0131n\u0131 kapat\u0131rsa bir \u015fans\u0131n\u0131z olabilir. Ya da tescilli markan\u0131z\u0131n isminin kullan\u0131ld\u0131\u011f\u0131n\u0131 d\u00fc\u015f\u00fcn\u00fcyorsan\u0131z bu konuda Instagram&#8217;dan yard\u0131m alabilirsiniz.<\/p>\n                            <\/div>\n                        <\/div>\n                        <\/div>\n                        <\/div><\/div><\/div>","protected":false},"excerpt":{"rendered":"<p>Instagram, d\u00fcnya \u00fczerinde pek \u00e7ok kullan\u0131c\u0131n\u0131n istedi\u011fi kullan\u0131c\u0131 ad\u0131n\u0131 alarak foto\u011fraf, video benzeri payla\u015f\u0131mlar\u0131 yapabildi\u011fi bir platformdur. Bu platformda kullan\u0131c\u0131 ad\u0131n\u0131 ise istenilen zamanda de\u011fi\u015ftirmek m\u00fcmk\u00fcnd\u00fcr. Kullan\u0131c\u0131 ad\u0131n\u0131 de\u011fi\u015ftirmek olduk\u00e7a kolayd\u0131r ancak kullan\u0131c\u0131 ad\u0131 de\u011fi\u015ftirilirken ba\u015fka biri ile birebir ayn\u0131 kullan\u0131c\u0131 ad\u0131n\u0131n al\u0131namayaca\u011f\u0131 da unutulmamal\u0131d\u0131r. \u0130\u015fte Instagram kullan\u0131c\u0131 ad\u0131 de\u011fi\u015ftirme [&hellip;]<\/p>\n","protected":false},"author":1,"featured_media":36166,"comment_status":"open","ping_status":"closed","sticky":false,"template":"","format":"standard","meta":{"_helpful_status":1,"footnotes":""},"categories":[1753],"tags":[],"class_list":["post-21696","post","type-post","status-publish","format-standard","has-post-thumbnail","hentry","category-instagram-destek","entry"],"yoast_head":"<!-- This site is optimized with the Yoast SEO plugin v26.5 - https:\/\/yoast.com\/wordpress\/plugins\/seo\/ -->\n<title>Instagram Kullan\u0131c\u0131 Ad\u0131 De\u011fi\u015ftirme Nas\u0131l Yap\u0131l\u0131r? | Instatakipci<\/title>\n<meta name=\"description\" content=\"Instagram kullan\u0131c\u0131 ad\u0131 de\u011fi\u015ftirme nas\u0131l yap\u0131l\u0131r? Instagram kullan\u0131c\u0131 ad\u0131 de\u011fi\u015ftirme ile ilgi merak etti\u011finiz t\u00fcm detaylar burada!\" \/>\n<meta name=\"robots\" content=\"index, follow, max-snippet:-1, max-image-preview:large, max-video-preview:-1\" \/>\n<link rel=\"canonical\" href=\"https:\/\/www.fenomist.com\/blog\/instagram-kullanici-adi-degistirme\" \/>\n<meta property=\"og:locale\" content=\"tr_TR\" \/>\n<meta property=\"og:type\" content=\"article\" \/>\n<meta property=\"og:title\" content=\"Instagram Kullan\u0131c\u0131 Ad\u0131 De\u011fi\u015ftirme Nas\u0131l Yap\u0131l\u0131r? | Instatakipci\" \/>\n<meta property=\"og:description\" content=\"Instagram kullan\u0131c\u0131 ad\u0131 de\u011fi\u015ftirme nas\u0131l yap\u0131l\u0131r? Instagram kullan\u0131c\u0131 ad\u0131 de\u011fi\u015ftirme ile ilgi merak etti\u011finiz t\u00fcm detaylar burada!\" \/>\n<meta property=\"og:url\" content=\"https:\/\/www.fenomist.com\/blog\/instagram-kullanici-adi-degistirme\" \/>\n<meta property=\"og:site_name\" content=\"Instagram Takip\u00e7i Blog - Son Dakika Haberler\" \/>\n<meta property=\"article:publisher\" content=\"https:\/\/www.facebook.com\/fenomist\" \/>\n<meta property=\"article:published_time\" content=\"2020-07-09T12:51:52+00:00\" \/>\n<meta property=\"article:modified_time\" content=\"2025-07-17T13:54:45+00:00\" \/>\n<meta property=\"og:image\" content=\"https:\/\/www.fenomist.com\/blog\/wp-content\/uploads\/instagram-kullanici-adi-degistitme.jpg\" \/>\n\t<meta property=\"og:image:width\" content=\"960\" \/>\n\t<meta property=\"og:image:height\" content=\"640\" \/>\n\t<meta property=\"og:image:type\" content=\"image\/jpeg\" \/>\n<meta name=\"author\" content=\"Enes Bulut\" \/>\n<meta name=\"twitter:card\" content=\"summary_large_image\" \/>\n<meta name=\"twitter:creator\" content=\"@bulut_enesss\" \/>\n<meta name=\"twitter:site\" content=\"@smipuclari\" \/>\n<meta name=\"twitter:label1\" content=\"Yazan:\" \/>\n\t<meta name=\"twitter:data1\" content=\"Enes Bulut\" \/>\n\t<meta name=\"twitter:label2\" content=\"Tahmini okuma s\u00fcresi\" \/>\n\t<meta name=\"twitter:data2\" content=\"9 dakika\" \/>\n<script type=\"application\/ld+json\" class=\"yoast-schema-graph\">{\"@context\":\"https:\/\/schema.org\",\"@graph\":[{\"@type\":\"Article\",\"@id\":\"https:\/\/www.fenomist.com\/blog\/instagram-kullanici-adi-degistirme#article\",\"isPartOf\":{\"@id\":\"https:\/\/www.fenomist.com\/blog\/instagram-kullanici-adi-degistirme\"},\"author\":{\"name\":\"Enes Bulut\",\"@id\":\"https:\/\/www.fenomist.com\/blog\/#\/schema\/person\/235d54527608230f6c9e9d95b6d15f99\"},\"headline\":\"Instagram Kullan\u0131c\u0131 Ad\u0131 (Username) De\u011fi\u015ftirme Nas\u0131l Yap\u0131l\u0131r?\",\"datePublished\":\"2020-07-09T12:51:52+00:00\",\"dateModified\":\"2025-07-17T13:54:45+00:00\",\"mainEntityOfPage\":{\"@id\":\"https:\/\/www.fenomist.com\/blog\/instagram-kullanici-adi-degistirme\"},\"wordCount\":1971,\"commentCount\":2,\"publisher\":{\"@id\":\"https:\/\/www.fenomist.com\/blog\/#organization\"},\"image\":{\"@id\":\"https:\/\/www.fenomist.com\/blog\/instagram-kullanici-adi-degistirme#primaryimage\"},\"thumbnailUrl\":\"https:\/\/www.fenomist.com\/blog\/wp-content\/uploads\/instagram-kullanici-adi-degistitme.jpg\",\"articleSection\":[\"Instagram Destek\"],\"inLanguage\":\"tr\",\"potentialAction\":[{\"@type\":\"CommentAction\",\"name\":\"Comment\",\"target\":[\"https:\/\/www.fenomist.com\/blog\/instagram-kullanici-adi-degistirme#respond\"]}]},{\"@type\":[\"WebPage\",\"FAQPage\"],\"@id\":\"https:\/\/www.fenomist.com\/blog\/instagram-kullanici-adi-degistirme\",\"url\":\"https:\/\/www.fenomist.com\/blog\/instagram-kullanici-adi-degistirme\",\"name\":\"Instagram Kullan\u0131c\u0131 Ad\u0131 De\u011fi\u015ftirme Nas\u0131l Yap\u0131l\u0131r? | Instatakipci\",\"isPartOf\":{\"@id\":\"https:\/\/www.fenomist.com\/blog\/#website\"},\"primaryImageOfPage\":{\"@id\":\"https:\/\/www.fenomist.com\/blog\/instagram-kullanici-adi-degistirme#primaryimage\"},\"image\":{\"@id\":\"https:\/\/www.fenomist.com\/blog\/instagram-kullanici-adi-degistirme#primaryimage\"},\"thumbnailUrl\":\"https:\/\/www.fenomist.com\/blog\/wp-content\/uploads\/instagram-kullanici-adi-degistitme.jpg\",\"datePublished\":\"2020-07-09T12:51:52+00:00\",\"dateModified\":\"2025-07-17T13:54:45+00:00\",\"description\":\"Instagram kullan\u0131c\u0131 ad\u0131 de\u011fi\u015ftirme nas\u0131l yap\u0131l\u0131r? Instagram kullan\u0131c\u0131 ad\u0131 de\u011fi\u015ftirme ile ilgi merak etti\u011finiz t\u00fcm detaylar burada!\",\"breadcrumb\":{\"@id\":\"https:\/\/www.fenomist.com\/blog\/instagram-kullanici-adi-degistirme#breadcrumb\"},\"mainEntity\":[{\"@id\":\"https:\/\/www.fenomist.com\/blog\/instagram-kullanici-adi-degistirme#faq-question-1594298586625\"},{\"@id\":\"https:\/\/www.fenomist.com\/blog\/instagram-kullanici-adi-degistirme#faq-question-1594298587429\"},{\"@id\":\"https:\/\/www.fenomist.com\/blog\/instagram-kullanici-adi-degistirme#faq-question-1594298587941\"},{\"@id\":\"https:\/\/www.fenomist.com\/blog\/instagram-kullanici-adi-degistirme#faq-question-1601629861239\"},{\"@id\":\"https:\/\/www.fenomist.com\/blog\/instagram-kullanici-adi-degistirme#faq-question-1601629861588\"},{\"@id\":\"https:\/\/www.fenomist.com\/blog\/instagram-kullanici-adi-degistirme#faq-question-1601629861774\"},{\"@id\":\"https:\/\/www.fenomist.com\/blog\/instagram-kullanici-adi-degistirme#faq-question-1690553626091\"},{\"@id\":\"https:\/\/www.fenomist.com\/blog\/instagram-kullanici-adi-degistirme#faq-question-1690553755778\"}],\"inLanguage\":\"tr\",\"potentialAction\":[{\"@type\":\"ReadAction\",\"target\":[\"https:\/\/www.fenomist.com\/blog\/instagram-kullanici-adi-degistirme\"]}]},{\"@type\":\"ImageObject\",\"inLanguage\":\"tr\",\"@id\":\"https:\/\/www.fenomist.com\/blog\/instagram-kullanici-adi-degistirme#primaryimage\",\"url\":\"https:\/\/www.fenomist.com\/blog\/wp-content\/uploads\/instagram-kullanici-adi-degistitme.jpg\",\"contentUrl\":\"https:\/\/www.fenomist.com\/blog\/wp-content\/uploads\/instagram-kullanici-adi-degistitme.jpg\",\"width\":960,\"height\":640,\"caption\":\"instagram kullan\u0131c\u0131 ad\u0131 de\u011fi\u015ftirme\"},{\"@type\":\"BreadcrumbList\",\"@id\":\"https:\/\/www.fenomist.com\/blog\/instagram-kullanici-adi-degistirme#breadcrumb\",\"itemListElement\":[{\"@type\":\"ListItem\",\"position\":1,\"name\":\"Ana sayfa\",\"item\":\"https:\/\/www.fenomist.com\/blog\"},{\"@type\":\"ListItem\",\"position\":2,\"name\":\"Instagram Destek\",\"item\":\"https:\/\/www.fenomist.com\/blog\/instagram-destek\"},{\"@type\":\"ListItem\",\"position\":3,\"name\":\"Instagram Kullan\u0131c\u0131 Ad\u0131 (Username) De\u011fi\u015ftirme Nas\u0131l Yap\u0131l\u0131r?\"}]},{\"@type\":\"WebSite\",\"@id\":\"https:\/\/www.fenomist.com\/blog\/#website\",\"url\":\"https:\/\/www.fenomist.com\/blog\/\",\"name\":\"Sosyal Medya Haberleri - Son Dakika\",\"description\":\"Sosyal Medya Haberleri - Son Dakika\",\"publisher\":{\"@id\":\"https:\/\/www.fenomist.com\/blog\/#organization\"},\"alternateName\":\"fenomist.com\",\"potentialAction\":[{\"@type\":\"SearchAction\",\"target\":{\"@type\":\"EntryPoint\",\"urlTemplate\":\"https:\/\/www.fenomist.com\/blog\/?s={search_term_string}\"},\"query-input\":{\"@type\":\"PropertyValueSpecification\",\"valueRequired\":true,\"valueName\":\"search_term_string\"}}],\"inLanguage\":\"tr\"},{\"@type\":\"Organization\",\"@id\":\"https:\/\/www.fenomist.com\/blog\/#organization\",\"name\":\"Fenomist\",\"alternateName\":\"fenomist.com\",\"url\":\"https:\/\/www.fenomist.com\/blog\/\",\"logo\":{\"@type\":\"ImageObject\",\"inLanguage\":\"tr\",\"@id\":\"https:\/\/www.fenomist.com\/blog\/#\/schema\/logo\/image\/\",\"url\":\"https:\/\/www.fenomist.com\/blog\/wp-content\/uploads\/instagram-takipci-satin-al-blog.svg\",\"contentUrl\":\"https:\/\/www.fenomist.com\/blog\/wp-content\/uploads\/instagram-takipci-satin-al-blog.svg\",\"caption\":\"Fenomist\"},\"image\":{\"@id\":\"https:\/\/www.fenomist.com\/blog\/#\/schema\/logo\/image\/\"},\"sameAs\":[\"https:\/\/www.facebook.com\/fenomist\",\"https:\/\/x.com\/smipuclari\",\"https:\/\/www.instagram.com\/sosyal_fabrika\/\",\"https:\/\/tr.linkedin.com\/in\/instatakipcicom\",\"https:\/\/myspace.com\/instatakipci22\",\"https:\/\/fi.pinterest.com\/instatakipcisosyal\/\",\"https:\/\/www.youtube.com\/instatakipcicom\"]},{\"@type\":\"Person\",\"@id\":\"https:\/\/www.fenomist.com\/blog\/#\/schema\/person\/235d54527608230f6c9e9d95b6d15f99\",\"name\":\"Enes Bulut\",\"image\":{\"@type\":\"ImageObject\",\"inLanguage\":\"tr\",\"@id\":\"https:\/\/www.fenomist.com\/blog\/#\/schema\/person\/image\/\",\"url\":\"https:\/\/www.fenomist.com\/blog\/wp-content\/uploads\/enes-bulut-96x96.webp\",\"contentUrl\":\"https:\/\/www.fenomist.com\/blog\/wp-content\/uploads\/enes-bulut-96x96.webp\",\"caption\":\"Enes Bulut\"},\"description\":\"Ben Enes Bulut, 2014 y\u0131l\u0131nda Yeditepe \u00dcniversitesi Reklamc\u0131l\u0131k b\u00f6l\u00fcm\u00fcn\u00fc tamamlad\u0131ktan sonra \u0130\u00e7erik Yazarl\u0131\u011f\u0131 ve Edit\u00f6rl\u00fck alan\u0131na y\u00f6neldim. Bu alanda yakla\u015f\u0131k 6 y\u0131ld\u0131r fenomist.com b\u00fcnyesinde \u00e7al\u0131\u015f\u0131yorum. Sosyal medya ve dijital pazarlama uzmanl\u0131k alan\u0131m olmak \u00fczere bir\u00e7ok konuda \u00f6zg\u00fcn ve \u00f6zel i\u00e7erikler haz\u0131rl\u0131yorum.\",\"sameAs\":[\"https:\/\/www.fenomist.com\/blog\/author\/enesbulut\",\"https:\/\/x.com\/bulut_enesss\"],\"url\":\"https:\/\/www.fenomist.com\/blog\/author\/enesbulut\"},{\"@type\":\"Question\",\"@id\":\"https:\/\/www.fenomist.com\/blog\/instagram-kullanici-adi-degistirme#faq-question-1594298586625\",\"position\":1,\"url\":\"https:\/\/www.fenomist.com\/blog\/instagram-kullanici-adi-degistirme#faq-question-1594298586625\",\"name\":\"Instagram Kullan\u0131c\u0131 Ad\u0131 De\u011fi\u015ftirme M\u00fcmk\u00fcn m\u00fc?\",\"answerCount\":1,\"acceptedAnswer\":{\"@type\":\"Answer\",\"text\":\"Instagram kullan\u0131c\u0131 ad\u0131n\u0131z\u0131 de\u011fi\u015ftirmek istemeniz durumunda e\u011fer yeni kullan\u0131c\u0131 ad\u0131n\u0131z kullan\u0131lmamakta ise de\u011fi\u015ftirme yapabilirsiniz.\",\"inLanguage\":\"tr\"},\"inLanguage\":\"tr\"},{\"@type\":\"Question\",\"@id\":\"https:\/\/www.fenomist.com\/blog\/instagram-kullanici-adi-degistirme#faq-question-1594298587429\",\"position\":2,\"url\":\"https:\/\/www.fenomist.com\/blog\/instagram-kullanici-adi-degistirme#faq-question-1594298587429\",\"name\":\"Eski Kullan\u0131c\u0131 Ad\u0131m\u0131 Geri Alabilir miyim?\",\"answerCount\":1,\"acceptedAnswer\":{\"@type\":\"Answer\",\"text\":\"Instagram\u2019da daha \u00f6nceden kulland\u0131\u011f\u0131n\u0131z ve de\u011fi\u015ftirdi\u011finiz kullan\u0131c\u0131 ad\u0131n\u0131z\u0131 tekrar geri alman\u0131z m\u00fcmk\u00fcn olmayacakt\u0131r.\",\"inLanguage\":\"tr\"},\"inLanguage\":\"tr\"},{\"@type\":\"Question\",\"@id\":\"https:\/\/www.fenomist.com\/blog\/instagram-kullanici-adi-degistirme#faq-question-1594298587941\",\"position\":3,\"url\":\"https:\/\/www.fenomist.com\/blog\/instagram-kullanici-adi-degistirme#faq-question-1594298587941\",\"name\":\"Kullan\u0131c\u0131 Ad\u0131m\u0131 Ne S\u00fcre ile De\u011fi\u015ftirebilirim?\",\"answerCount\":1,\"acceptedAnswer\":{\"@type\":\"Answer\",\"text\":\"Kullan\u0131c\u0131 ad\u0131n\u0131z\u0131 30 g\u00fcn ara ile de\u011fi\u015ftiremezsiniz. De\u011fi\u015ftirme s\u00fcreleriniz aras\u0131nda en az 30 g\u00fcnl\u00fck bir zaman ge\u00e7mesi gerekmektedir.\",\"inLanguage\":\"tr\"},\"inLanguage\":\"tr\"},{\"@type\":\"Question\",\"@id\":\"https:\/\/www.fenomist.com\/blog\/instagram-kullanici-adi-degistirme#faq-question-1601629861239\",\"position\":4,\"url\":\"https:\/\/www.fenomist.com\/blog\/instagram-kullanici-adi-degistirme#faq-question-1601629861239\",\"name\":\"Kullan\u0131c\u0131 Ad\u0131 De\u011fi\u015ftirirken Nelere Dikkat Etmek Gerekir?\",\"answerCount\":1,\"acceptedAnswer\":{\"@type\":\"Answer\",\"text\":\"Kullan\u0131c\u0131 ad\u0131n\u0131z\u0131n hat\u0131rlanabilir ve benzersiz olmas\u0131na dikkat edin. Bu durum sizin pop\u00fcler olman\u0131z ad\u0131na \u00f6nem arz eder. \",\"inLanguage\":\"tr\"},\"inLanguage\":\"tr\"},{\"@type\":\"Question\",\"@id\":\"https:\/\/www.fenomist.com\/blog\/instagram-kullanici-adi-degistirme#faq-question-1601629861588\",\"position\":5,\"url\":\"https:\/\/www.fenomist.com\/blog\/instagram-kullanici-adi-degistirme#faq-question-1601629861588\",\"name\":\"Kullan\u0131c\u0131 Ad\u0131 ile Profil Bulunabilir mi?\",\"answerCount\":1,\"acceptedAnswer\":{\"@type\":\"Answer\",\"text\":\"Instagram uygulamas\u0131 ile kullan\u0131c\u0131 adlar\u0131 \u00fczerinden arama yaparak, arkada\u015flar\u0131n\u0131z\u0131n profillerini kolayl\u0131kla bulabilirsiniz. \",\"inLanguage\":\"tr\"},\"inLanguage\":\"tr\"},{\"@type\":\"Question\",\"@id\":\"https:\/\/www.fenomist.com\/blog\/instagram-kullanici-adi-degistirme#faq-question-1601629861774\",\"position\":6,\"url\":\"https:\/\/www.fenomist.com\/blog\/instagram-kullanici-adi-degistirme#faq-question-1601629861774\",\"name\":\"S\u00fcrekli Olarak Kullan\u0131c\u0131 Ad\u0131 De\u011fi\u015ftirmek Zararl\u0131 m\u0131?\",\"answerCount\":1,\"acceptedAnswer\":{\"@type\":\"Answer\",\"text\":\"Kullan\u0131c\u0131 ad\u0131 de\u011fi\u015ftirme i\u015flemleriniz, profilleriniz i\u00e7in zarar arz edebilir. S\u00fcrekli olarak de\u011fi\u015fen kullan\u0131c\u0131 ad\u0131, daha zor bulunman\u0131za neden olabilir ve pop\u00fclerli\u011finizi d\u00fc\u015f\u00fcr\u00fcr. \",\"inLanguage\":\"tr\"},\"inLanguage\":\"tr\"},{\"@type\":\"Question\",\"@id\":\"https:\/\/www.fenomist.com\/blog\/instagram-kullanici-adi-degistirme#faq-question-1690553626091\",\"position\":7,\"url\":\"https:\/\/www.fenomist.com\/blog\/instagram-kullanici-adi-degistirme#faq-question-1690553626091\",\"name\":\"Instagram Kullan\u0131c\u0131 Ad\u0131 Nas\u0131l Olmal\u0131?\",\"answerCount\":1,\"acceptedAnswer\":{\"@type\":\"Answer\",\"text\":\"Instagram kullan\u0131c\u0131 ad\u0131n\u0131z, sizin veya markan\u0131z\u0131n kimli\u011fini yans\u0131tmal\u0131d\u0131r. M\u00fcmk\u00fcn oldu\u011funca basit, \u00f6zg\u00fcn ve k\u0131sa olmal\u0131d\u0131r. Bu, kullan\u0131c\u0131lar\u0131n sizi daha kolay bulabilmesine yard\u0131mc\u0131 olur. Ayr\u0131ca, kullan\u0131c\u0131 ad\u0131n\u0131z\u0131n profesyonel olmas\u0131 da \u00f6nemlidir, \u00f6zellikle Instagram'\u0131 bir i\u015f veya marka i\u00e7in kullan\u0131yorsan\u0131z. Unutmay\u0131n, Instagram kullan\u0131c\u0131 adlar\u0131 benzersiz olmal\u0131d\u0131r. Instagram'\u0131n belirlemi\u015f oldu\u011fu kullan\u0131c\u0131 ad\u0131 standartlar\u0131na da uymal\u0131d\u0131r.\",\"inLanguage\":\"tr\"},\"inLanguage\":\"tr\"},{\"@type\":\"Question\",\"@id\":\"https:\/\/www.fenomist.com\/blog\/instagram-kullanici-adi-degistirme#faq-question-1690553755778\",\"position\":8,\"url\":\"https:\/\/www.fenomist.com\/blog\/instagram-kullanici-adi-degistirme#faq-question-1690553755778\",\"name\":\"Instagram Kullan\u0131c\u0131 Ad\u0131 Ne Zaman Bo\u015fa D\u00fc\u015fer?\",\"answerCount\":1,\"acceptedAnswer\":{\"@type\":\"Answer\",\"text\":\"Bu soruya kesin bir cevap verilemez. E\u011fer kullan\u0131c\u0131 ad\u0131n\u0131n kullan\u0131c\u0131 hesab\u0131n\u0131 kapat\u0131rsa bir \u015fans\u0131n\u0131z olabilir. Ya da tescilli markan\u0131z\u0131n isminin kullan\u0131ld\u0131\u011f\u0131n\u0131 d\u00fc\u015f\u00fcn\u00fcyorsan\u0131z bu konuda Instagram'dan yard\u0131m alabilirsiniz.\",\"inLanguage\":\"tr\"},\"inLanguage\":\"tr\"}]}<\/script>\n<!-- \/ Yoast SEO plugin. -->","yoast_head_json":{"title":"Instagram Kullan\u0131c\u0131 Ad\u0131 De\u011fi\u015ftirme Nas\u0131l Yap\u0131l\u0131r? | Instatakipci","description":"Instagram kullan\u0131c\u0131 ad\u0131 de\u011fi\u015ftirme nas\u0131l yap\u0131l\u0131r? Instagram kullan\u0131c\u0131 ad\u0131 de\u011fi\u015ftirme ile ilgi merak etti\u011finiz t\u00fcm detaylar burada!","robots":{"index":"index","follow":"follow","max-snippet":"max-snippet:-1","max-image-preview":"max-image-preview:large","max-video-preview":"max-video-preview:-1"},"canonical":"https:\/\/www.fenomist.com\/blog\/instagram-kullanici-adi-degistirme","og_locale":"tr_TR","og_type":"article","og_title":"Instagram Kullan\u0131c\u0131 Ad\u0131 De\u011fi\u015ftirme Nas\u0131l Yap\u0131l\u0131r? | Instatakipci","og_description":"Instagram kullan\u0131c\u0131 ad\u0131 de\u011fi\u015ftirme nas\u0131l yap\u0131l\u0131r? Instagram kullan\u0131c\u0131 ad\u0131 de\u011fi\u015ftirme ile ilgi merak etti\u011finiz t\u00fcm detaylar burada!","og_url":"https:\/\/www.fenomist.com\/blog\/instagram-kullanici-adi-degistirme","og_site_name":"Instagram Takip\u00e7i Blog - Son Dakika Haberler","article_publisher":"https:\/\/www.facebook.com\/fenomist","article_published_time":"2020-07-09T12:51:52+00:00","article_modified_time":"2025-07-17T13:54:45+00:00","og_image":[{"width":960,"height":640,"url":"https:\/\/www.fenomist.com\/blog\/wp-content\/uploads\/instagram-kullanici-adi-degistitme.jpg","type":"image\/jpeg"}],"author":"Enes Bulut","twitter_card":"summary_large_image","twitter_creator":"@bulut_enesss","twitter_site":"@smipuclari","twitter_misc":{"Yazan:":"Enes Bulut","Tahmini okuma s\u00fcresi":"9 dakika"},"schema":{"@context":"https:\/\/schema.org","@graph":[{"@type":"Article","@id":"https:\/\/www.fenomist.com\/blog\/instagram-kullanici-adi-degistirme#article","isPartOf":{"@id":"https:\/\/www.fenomist.com\/blog\/instagram-kullanici-adi-degistirme"},"author":{"name":"Enes Bulut","@id":"https:\/\/www.fenomist.com\/blog\/#\/schema\/person\/235d54527608230f6c9e9d95b6d15f99"},"headline":"Instagram Kullan\u0131c\u0131 Ad\u0131 (Username) De\u011fi\u015ftirme Nas\u0131l Yap\u0131l\u0131r?","datePublished":"2020-07-09T12:51:52+00:00","dateModified":"2025-07-17T13:54:45+00:00","mainEntityOfPage":{"@id":"https:\/\/www.fenomist.com\/blog\/instagram-kullanici-adi-degistirme"},"wordCount":1971,"commentCount":2,"publisher":{"@id":"https:\/\/www.fenomist.com\/blog\/#organization"},"image":{"@id":"https:\/\/www.fenomist.com\/blog\/instagram-kullanici-adi-degistirme#primaryimage"},"thumbnailUrl":"https:\/\/www.fenomist.com\/blog\/wp-content\/uploads\/instagram-kullanici-adi-degistitme.jpg","articleSection":["Instagram Destek"],"inLanguage":"tr","potentialAction":[{"@type":"CommentAction","name":"Comment","target":["https:\/\/www.fenomist.com\/blog\/instagram-kullanici-adi-degistirme#respond"]}]},{"@type":["WebPage","FAQPage"],"@id":"https:\/\/www.fenomist.com\/blog\/instagram-kullanici-adi-degistirme","url":"https:\/\/www.fenomist.com\/blog\/instagram-kullanici-adi-degistirme","name":"Instagram Kullan\u0131c\u0131 Ad\u0131 De\u011fi\u015ftirme Nas\u0131l Yap\u0131l\u0131r? | Instatakipci","isPartOf":{"@id":"https:\/\/www.fenomist.com\/blog\/#website"},"primaryImageOfPage":{"@id":"https:\/\/www.fenomist.com\/blog\/instagram-kullanici-adi-degistirme#primaryimage"},"image":{"@id":"https:\/\/www.fenomist.com\/blog\/instagram-kullanici-adi-degistirme#primaryimage"},"thumbnailUrl":"https:\/\/www.fenomist.com\/blog\/wp-content\/uploads\/instagram-kullanici-adi-degistitme.jpg","datePublished":"2020-07-09T12:51:52+00:00","dateModified":"2025-07-17T13:54:45+00:00","description":"Instagram kullan\u0131c\u0131 ad\u0131 de\u011fi\u015ftirme nas\u0131l yap\u0131l\u0131r? Instagram kullan\u0131c\u0131 ad\u0131 de\u011fi\u015ftirme ile ilgi merak etti\u011finiz t\u00fcm detaylar burada!","breadcrumb":{"@id":"https:\/\/www.fenomist.com\/blog\/instagram-kullanici-adi-degistirme#breadcrumb"},"mainEntity":[{"@id":"https:\/\/www.fenomist.com\/blog\/instagram-kullanici-adi-degistirme#faq-question-1594298586625"},{"@id":"https:\/\/www.fenomist.com\/blog\/instagram-kullanici-adi-degistirme#faq-question-1594298587429"},{"@id":"https:\/\/www.fenomist.com\/blog\/instagram-kullanici-adi-degistirme#faq-question-1594298587941"},{"@id":"https:\/\/www.fenomist.com\/blog\/instagram-kullanici-adi-degistirme#faq-question-1601629861239"},{"@id":"https:\/\/www.fenomist.com\/blog\/instagram-kullanici-adi-degistirme#faq-question-1601629861588"},{"@id":"https:\/\/www.fenomist.com\/blog\/instagram-kullanici-adi-degistirme#faq-question-1601629861774"},{"@id":"https:\/\/www.fenomist.com\/blog\/instagram-kullanici-adi-degistirme#faq-question-1690553626091"},{"@id":"https:\/\/www.fenomist.com\/blog\/instagram-kullanici-adi-degistirme#faq-question-1690553755778"}],"inLanguage":"tr","potentialAction":[{"@type":"ReadAction","target":["https:\/\/www.fenomist.com\/blog\/instagram-kullanici-adi-degistirme"]}]},{"@type":"ImageObject","inLanguage":"tr","@id":"https:\/\/www.fenomist.com\/blog\/instagram-kullanici-adi-degistirme#primaryimage","url":"https:\/\/www.fenomist.com\/blog\/wp-content\/uploads\/instagram-kullanici-adi-degistitme.jpg","contentUrl":"https:\/\/www.fenomist.com\/blog\/wp-content\/uploads\/instagram-kullanici-adi-degistitme.jpg","width":960,"height":640,"caption":"instagram kullan\u0131c\u0131 ad\u0131 de\u011fi\u015ftirme"},{"@type":"BreadcrumbList","@id":"https:\/\/www.fenomist.com\/blog\/instagram-kullanici-adi-degistirme#breadcrumb","itemListElement":[{"@type":"ListItem","position":1,"name":"Ana sayfa","item":"https:\/\/www.fenomist.com\/blog"},{"@type":"ListItem","position":2,"name":"Instagram Destek","item":"https:\/\/www.fenomist.com\/blog\/instagram-destek"},{"@type":"ListItem","position":3,"name":"Instagram Kullan\u0131c\u0131 Ad\u0131 (Username) De\u011fi\u015ftirme Nas\u0131l Yap\u0131l\u0131r?"}]},{"@type":"WebSite","@id":"https:\/\/www.fenomist.com\/blog\/#website","url":"https:\/\/www.fenomist.com\/blog\/","name":"Sosyal Medya Haberleri - Son Dakika","description":"Sosyal Medya Haberleri - Son Dakika","publisher":{"@id":"https:\/\/www.fenomist.com\/blog\/#organization"},"alternateName":"fenomist.com","potentialAction":[{"@type":"SearchAction","target":{"@type":"EntryPoint","urlTemplate":"https:\/\/www.fenomist.com\/blog\/?s={search_term_string}"},"query-input":{"@type":"PropertyValueSpecification","valueRequired":true,"valueName":"search_term_string"}}],"inLanguage":"tr"},{"@type":"Organization","@id":"https:\/\/www.fenomist.com\/blog\/#organization","name":"Fenomist","alternateName":"fenomist.com","url":"https:\/\/www.fenomist.com\/blog\/","logo":{"@type":"ImageObject","inLanguage":"tr","@id":"https:\/\/www.fenomist.com\/blog\/#\/schema\/logo\/image\/","url":"https:\/\/www.fenomist.com\/blog\/wp-content\/uploads\/instagram-takipci-satin-al-blog.svg","contentUrl":"https:\/\/www.fenomist.com\/blog\/wp-content\/uploads\/instagram-takipci-satin-al-blog.svg","caption":"Fenomist"},"image":{"@id":"https:\/\/www.fenomist.com\/blog\/#\/schema\/logo\/image\/"},"sameAs":["https:\/\/www.facebook.com\/fenomist","https:\/\/x.com\/smipuclari","https:\/\/www.instagram.com\/sosyal_fabrika\/","https:\/\/tr.linkedin.com\/in\/instatakipcicom","https:\/\/myspace.com\/instatakipci22","https:\/\/fi.pinterest.com\/instatakipcisosyal\/","https:\/\/www.youtube.com\/instatakipcicom"]},{"@type":"Person","@id":"https:\/\/www.fenomist.com\/blog\/#\/schema\/person\/235d54527608230f6c9e9d95b6d15f99","name":"Enes Bulut","image":{"@type":"ImageObject","inLanguage":"tr","@id":"https:\/\/www.fenomist.com\/blog\/#\/schema\/person\/image\/","url":"https:\/\/www.fenomist.com\/blog\/wp-content\/uploads\/enes-bulut-96x96.webp","contentUrl":"https:\/\/www.fenomist.com\/blog\/wp-content\/uploads\/enes-bulut-96x96.webp","caption":"Enes Bulut"},"description":"Ben Enes Bulut, 2014 y\u0131l\u0131nda Yeditepe \u00dcniversitesi Reklamc\u0131l\u0131k b\u00f6l\u00fcm\u00fcn\u00fc tamamlad\u0131ktan sonra \u0130\u00e7erik Yazarl\u0131\u011f\u0131 ve Edit\u00f6rl\u00fck alan\u0131na y\u00f6neldim. Bu alanda yakla\u015f\u0131k 6 y\u0131ld\u0131r fenomist.com b\u00fcnyesinde \u00e7al\u0131\u015f\u0131yorum. Sosyal medya ve dijital pazarlama uzmanl\u0131k alan\u0131m olmak \u00fczere bir\u00e7ok konuda \u00f6zg\u00fcn ve \u00f6zel i\u00e7erikler haz\u0131rl\u0131yorum.","sameAs":["https:\/\/www.fenomist.com\/blog\/author\/enesbulut","https:\/\/x.com\/bulut_enesss"],"url":"https:\/\/www.fenomist.com\/blog\/author\/enesbulut"},{"@type":"Question","@id":"https:\/\/www.fenomist.com\/blog\/instagram-kullanici-adi-degistirme#faq-question-1594298586625","position":1,"url":"https:\/\/www.fenomist.com\/blog\/instagram-kullanici-adi-degistirme#faq-question-1594298586625","name":"Instagram Kullan\u0131c\u0131 Ad\u0131 De\u011fi\u015ftirme M\u00fcmk\u00fcn m\u00fc?","answerCount":1,"acceptedAnswer":{"@type":"Answer","text":"Instagram kullan\u0131c\u0131 ad\u0131n\u0131z\u0131 de\u011fi\u015ftirmek istemeniz durumunda e\u011fer yeni kullan\u0131c\u0131 ad\u0131n\u0131z kullan\u0131lmamakta ise de\u011fi\u015ftirme yapabilirsiniz.","inLanguage":"tr"},"inLanguage":"tr"},{"@type":"Question","@id":"https:\/\/www.fenomist.com\/blog\/instagram-kullanici-adi-degistirme#faq-question-1594298587429","position":2,"url":"https:\/\/www.fenomist.com\/blog\/instagram-kullanici-adi-degistirme#faq-question-1594298587429","name":"Eski Kullan\u0131c\u0131 Ad\u0131m\u0131 Geri Alabilir miyim?","answerCount":1,"acceptedAnswer":{"@type":"Answer","text":"Instagram\u2019da daha \u00f6nceden kulland\u0131\u011f\u0131n\u0131z ve de\u011fi\u015ftirdi\u011finiz kullan\u0131c\u0131 ad\u0131n\u0131z\u0131 tekrar geri alman\u0131z m\u00fcmk\u00fcn olmayacakt\u0131r.","inLanguage":"tr"},"inLanguage":"tr"},{"@type":"Question","@id":"https:\/\/www.fenomist.com\/blog\/instagram-kullanici-adi-degistirme#faq-question-1594298587941","position":3,"url":"https:\/\/www.fenomist.com\/blog\/instagram-kullanici-adi-degistirme#faq-question-1594298587941","name":"Kullan\u0131c\u0131 Ad\u0131m\u0131 Ne S\u00fcre ile De\u011fi\u015ftirebilirim?","answerCount":1,"acceptedAnswer":{"@type":"Answer","text":"Kullan\u0131c\u0131 ad\u0131n\u0131z\u0131 30 g\u00fcn ara ile de\u011fi\u015ftiremezsiniz. De\u011fi\u015ftirme s\u00fcreleriniz aras\u0131nda en az 30 g\u00fcnl\u00fck bir zaman ge\u00e7mesi gerekmektedir.","inLanguage":"tr"},"inLanguage":"tr"},{"@type":"Question","@id":"https:\/\/www.fenomist.com\/blog\/instagram-kullanici-adi-degistirme#faq-question-1601629861239","position":4,"url":"https:\/\/www.fenomist.com\/blog\/instagram-kullanici-adi-degistirme#faq-question-1601629861239","name":"Kullan\u0131c\u0131 Ad\u0131 De\u011fi\u015ftirirken Nelere Dikkat Etmek Gerekir?","answerCount":1,"acceptedAnswer":{"@type":"Answer","text":"Kullan\u0131c\u0131 ad\u0131n\u0131z\u0131n hat\u0131rlanabilir ve benzersiz olmas\u0131na dikkat edin. Bu durum sizin pop\u00fcler olman\u0131z ad\u0131na \u00f6nem arz eder. ","inLanguage":"tr"},"inLanguage":"tr"},{"@type":"Question","@id":"https:\/\/www.fenomist.com\/blog\/instagram-kullanici-adi-degistirme#faq-question-1601629861588","position":5,"url":"https:\/\/www.fenomist.com\/blog\/instagram-kullanici-adi-degistirme#faq-question-1601629861588","name":"Kullan\u0131c\u0131 Ad\u0131 ile Profil Bulunabilir mi?","answerCount":1,"acceptedAnswer":{"@type":"Answer","text":"Instagram uygulamas\u0131 ile kullan\u0131c\u0131 adlar\u0131 \u00fczerinden arama yaparak, arkada\u015flar\u0131n\u0131z\u0131n profillerini kolayl\u0131kla bulabilirsiniz. ","inLanguage":"tr"},"inLanguage":"tr"},{"@type":"Question","@id":"https:\/\/www.fenomist.com\/blog\/instagram-kullanici-adi-degistirme#faq-question-1601629861774","position":6,"url":"https:\/\/www.fenomist.com\/blog\/instagram-kullanici-adi-degistirme#faq-question-1601629861774","name":"S\u00fcrekli Olarak Kullan\u0131c\u0131 Ad\u0131 De\u011fi\u015ftirmek Zararl\u0131 m\u0131?","answerCount":1,"acceptedAnswer":{"@type":"Answer","text":"Kullan\u0131c\u0131 ad\u0131 de\u011fi\u015ftirme i\u015flemleriniz, profilleriniz i\u00e7in zarar arz edebilir. S\u00fcrekli olarak de\u011fi\u015fen kullan\u0131c\u0131 ad\u0131, daha zor bulunman\u0131za neden olabilir ve pop\u00fclerli\u011finizi d\u00fc\u015f\u00fcr\u00fcr. ","inLanguage":"tr"},"inLanguage":"tr"},{"@type":"Question","@id":"https:\/\/www.fenomist.com\/blog\/instagram-kullanici-adi-degistirme#faq-question-1690553626091","position":7,"url":"https:\/\/www.fenomist.com\/blog\/instagram-kullanici-adi-degistirme#faq-question-1690553626091","name":"Instagram Kullan\u0131c\u0131 Ad\u0131 Nas\u0131l Olmal\u0131?","answerCount":1,"acceptedAnswer":{"@type":"Answer","text":"Instagram kullan\u0131c\u0131 ad\u0131n\u0131z, sizin veya markan\u0131z\u0131n kimli\u011fini yans\u0131tmal\u0131d\u0131r. M\u00fcmk\u00fcn oldu\u011funca basit, \u00f6zg\u00fcn ve k\u0131sa olmal\u0131d\u0131r. Bu, kullan\u0131c\u0131lar\u0131n sizi daha kolay bulabilmesine yard\u0131mc\u0131 olur. Ayr\u0131ca, kullan\u0131c\u0131 ad\u0131n\u0131z\u0131n profesyonel olmas\u0131 da \u00f6nemlidir, \u00f6zellikle Instagram'\u0131 bir i\u015f veya marka i\u00e7in kullan\u0131yorsan\u0131z. Unutmay\u0131n, Instagram kullan\u0131c\u0131 adlar\u0131 benzersiz olmal\u0131d\u0131r. Instagram'\u0131n belirlemi\u015f oldu\u011fu kullan\u0131c\u0131 ad\u0131 standartlar\u0131na da uymal\u0131d\u0131r.","inLanguage":"tr"},"inLanguage":"tr"},{"@type":"Question","@id":"https:\/\/www.fenomist.com\/blog\/instagram-kullanici-adi-degistirme#faq-question-1690553755778","position":8,"url":"https:\/\/www.fenomist.com\/blog\/instagram-kullanici-adi-degistirme#faq-question-1690553755778","name":"Instagram Kullan\u0131c\u0131 Ad\u0131 Ne Zaman Bo\u015fa D\u00fc\u015fer?","answerCount":1,"acceptedAnswer":{"@type":"Answer","text":"Bu soruya kesin bir cevap verilemez. E\u011fer kullan\u0131c\u0131 ad\u0131n\u0131n kullan\u0131c\u0131 hesab\u0131n\u0131 kapat\u0131rsa bir \u015fans\u0131n\u0131z olabilir. Ya da tescilli markan\u0131z\u0131n isminin kullan\u0131ld\u0131\u011f\u0131n\u0131 d\u00fc\u015f\u00fcn\u00fcyorsan\u0131z bu konuda Instagram'dan yard\u0131m alabilirsiniz.","inLanguage":"tr"},"inLanguage":"tr"}]}},"_links":{"self":[{"href":"https:\/\/www.fenomist.com\/blog\/wp-json\/wp\/v2\/posts\/21696","targetHints":{"allow":["GET"]}}],"collection":[{"href":"https:\/\/www.fenomist.com\/blog\/wp-json\/wp\/v2\/posts"}],"about":[{"href":"https:\/\/www.fenomist.com\/blog\/wp-json\/wp\/v2\/types\/post"}],"author":[{"embeddable":true,"href":"https:\/\/www.fenomist.com\/blog\/wp-json\/wp\/v2\/users\/1"}],"replies":[{"embeddable":true,"href":"https:\/\/www.fenomist.com\/blog\/wp-json\/wp\/v2\/comments?post=21696"}],"version-history":[{"count":15,"href":"https:\/\/www.fenomist.com\/blog\/wp-json\/wp\/v2\/posts\/21696\/revisions"}],"predecessor-version":[{"id":47343,"href":"https:\/\/www.fenomist.com\/blog\/wp-json\/wp\/v2\/posts\/21696\/revisions\/47343"}],"wp:featuredmedia":[{"embeddable":true,"href":"https:\/\/www.fenomist.com\/blog\/wp-json\/wp\/v2\/media\/36166"}],"wp:attachment":[{"href":"https:\/\/www.fenomist.com\/blog\/wp-json\/wp\/v2\/media?parent=21696"}],"wp:term":[{"taxonomy":"category","embeddable":true,"href":"https:\/\/www.fenomist.com\/blog\/wp-json\/wp\/v2\/categories?post=21696"},{"taxonomy":"post_tag","embeddable":true,"href":"https:\/\/www.fenomist.com\/blog\/wp-json\/wp\/v2\/tags?post=21696"}],"curies":[{"name":"wp","href":"https:\/\/api.w.org\/{rel}","templated":true}]}}