{"id":23546,"date":"2020-08-14T16:24:22","date_gmt":"2020-08-14T13:24:22","guid":{"rendered":"https:\/\/www.instatakipci.com\/blog\/?p=23546"},"modified":"2023-07-17T16:36:11","modified_gmt":"2023-07-17T13:36:11","slug":"instagram-toplu-fotograf-silme","status":"publish","type":"post","link":"https:\/\/www.fenomist.com\/blog\/instagram-toplu-fotograf-silme","title":{"rendered":"Instagram Toplu Foto\u011fraf Silme Nas\u0131l Yap\u0131l\u0131r?"},"content":{"rendered":"\n<p><strong>Instagram toplu foto\u011fraf silme nedir<\/strong>, kullan\u0131c\u0131lar\u0131na kendini g\u00f6rsel ve video i\u00e7eriklerle payla\u015fma \u015fans\u0131 veren Instagram yakla\u015f\u0131k 10 y\u0131ld\u0131r hayat\u0131m\u0131z\u0131n b\u00fcy\u00fck bir par\u00e7as\u0131 olmu\u015f durumda. Sosyal medya mecralar\u0131 aras\u0131nda 2017\u2019ye kadar en \u00e7ok zaman ge\u00e7irilen platform Instagram&#8217;d\u0131. Fakat 2018\u2019den itibaren en \u00e7ok kullan\u0131lan sosyal medya platformu s\u0131fat\u0131n\u0131 Youtube\u2019a devretti. Halen ki\u015filerin birebir etkile\u015fim i\u00e7in en \u00e7ok tercih etti\u011fi platform Instagram&#8217;d\u0131r. Bundan dolay\u0131, her kesimden ki\u015fi kendini en d\u00fczg\u00fcn haliyle payla\u015fma \u00e7abas\u0131 i\u00e7erisinde yar\u0131\u015f\u0131yor. Bug\u00fcn, sizler i\u00e7in &#8220;Instagram \u00fczerinde toplu \u015fekilde foto\u011fraf silme nas\u0131l yap\u0131l\u0131r&#8221; hakk\u0131ndaki bu i\u00e7eri\u011fi haz\u0131rlad\u0131k.<\/p><div id=\"ez-toc-container\" class=\"ez-toc-v2_0_79_2 counter-hierarchy ez-toc-counter ez-toc-grey ez-toc-container-direction\">\n<div class=\"ez-toc-title-container\">\n<p class=\"ez-toc-title\" style=\"cursor:inherit\">\u0130\u00e7indekiler<\/p>\n<span class=\"ez-toc-title-toggle\"><a href=\"#\" class=\"ez-toc-pull-right ez-toc-btn ez-toc-btn-xs ez-toc-btn-default ez-toc-toggle\" aria-label=\"Toggle Table of Content\"><span class=\"ez-toc-js-icon-con\"><span class=\"\"><span class=\"eztoc-hide\" style=\"display:none;\">Toggle<\/span><span class=\"ez-toc-icon-toggle-span\"><svg style=\"fill: #999;color:#999\" xmlns=\"http:\/\/www.w3.org\/2000\/svg\" class=\"list-377408\" width=\"20px\" height=\"20px\" viewBox=\"0 0 24 24\" fill=\"none\"><path d=\"M6 6H4v2h2V6zm14 0H8v2h12V6zM4 11h2v2H4v-2zm16 0H8v2h12v-2zM4 16h2v2H4v-2zm16 0H8v2h12v-2z\" fill=\"currentColor\"><\/path><\/svg><svg style=\"fill: #999;color:#999\" class=\"arrow-unsorted-368013\" xmlns=\"http:\/\/www.w3.org\/2000\/svg\" width=\"10px\" height=\"10px\" viewBox=\"0 0 24 24\" version=\"1.2\" baseProfile=\"tiny\"><path d=\"M18.2 9.3l-6.2-6.3-6.2 6.3c-.2.2-.3.4-.3.7s.1.5.3.7c.2.2.4.3.7.3h11c.3 0 .5-.1.7-.3.2-.2.3-.5.3-.7s-.1-.5-.3-.7zM5.8 14.7l6.2 6.3 6.2-6.3c.2-.2.3-.5.3-.7s-.1-.5-.3-.7c-.2-.2-.4-.3-.7-.3h-11c-.3 0-.5.1-.7.3-.2.2-.3.5-.3.7s.1.5.3.7z\"\/><\/svg><\/span><\/span><\/span><\/a><\/span><\/div>\n<nav><ul class='ez-toc-list ez-toc-list-level-1 ' ><li class='ez-toc-page-1 ez-toc-heading-level-2'><a class=\"ez-toc-link ez-toc-heading-1\" href=\"https:\/\/www.fenomist.com\/blog\/instagram-toplu-fotograf-silme\/#Instagram_Toplu_Fotograf_Nasil_Silinir_ve_Zarari_Var_mi\" >Instagram Toplu Foto\u011fraf Nas\u0131l Silinir ve Zarar\u0131 Var m\u0131?<\/a><ul class='ez-toc-list-level-3' ><li class='ez-toc-heading-level-3'><a class=\"ez-toc-link ez-toc-heading-2\" href=\"https:\/\/www.fenomist.com\/blog\/instagram-toplu-fotograf-silme\/#Instagramda_Ucuncu_Parti_Uygulamalar_Guvenilir_midir\" >Instagram\u2019da \u00dc\u00e7\u00fcnc\u00fc Parti Uygulamalar G\u00fcvenilir midir?<\/a><\/li><li class='ez-toc-page-1 ez-toc-heading-level-3'><a class=\"ez-toc-link ez-toc-heading-3\" href=\"https:\/\/www.fenomist.com\/blog\/instagram-toplu-fotograf-silme\/#Bu_makale_faydali_miydi\" >Bu makale faydal\u0131 m\u0131yd\u0131?<\/a><\/li><\/ul><\/li><li class='ez-toc-page-1 ez-toc-heading-level-2'><a class=\"ez-toc-link ez-toc-heading-4\" href=\"https:\/\/www.fenomist.com\/blog\/instagram-toplu-fotograf-silme\/#Hakkinda_Sikca_Sorulan_Sorular\" >Hakk\u0131nda S\u0131k\u00e7a Sorulan Sorular<\/a><\/li><\/ul><\/nav><\/div>\n\n\n\n\n<figure class=\"wp-block-embed aligncenter is-type-video is-provider-youtube wp-block-embed-youtube wp-embed-aspect-16-9 wp-has-aspect-ratio\"><div class=\"wp-block-embed__wrapper\">\n<iframe title=\"INSTAGRAM TOPLU FOTO\u011eRAF S\u0130LME\" width=\"640\" height=\"360\" src=\"https:\/\/www.youtube.com\/embed\/RW2dutarhZM?feature=oembed\" frameborder=\"0\" allow=\"accelerometer; autoplay; clipboard-write; encrypted-media; gyroscope; picture-in-picture; web-share\" referrerpolicy=\"strict-origin-when-cross-origin\" allowfullscreen><\/iframe><script type=\"application\/ld+json\">\n    {\n      \"@context\": \"https:\/\/schema.org\",\n      \"@type\": \"VideoObject\",\n      \"name\": \"INSTAGRAM TOPLU FOTO\u011eRAF S\u0130LME\",\n      \"description\": \"Instagram Toplu Foto\u011fraf Silme Nas\u0131l Yap\u0131l\u0131r?\",\n      \"thumbnailUrl\": \"https:\/\/i.ytimg.com\/vi_webp\/RW2dutarhZM\/mqdefault.webp\",\n      \"embedUrl\": \"https:\/\/www.youtube.com\/embed\/RW2dutarhZM?feature=oembed\",\n      \"uploadDate\": \"July 17, 2023 1:36 pm\"\n    }\n    <\/script>\n<\/div><\/figure>\n\n\n\n<h2 class=\"wp-block-heading\"><span class=\"ez-toc-section\" id=\"Instagram_Toplu_Fotograf_Nasil_Silinir_ve_Zarari_Var_mi\"><\/span>Instagram Toplu Foto\u011fraf Nas\u0131l Silinir ve Zarar\u0131 Var m\u0131?<span class=\"ez-toc-section-end\"><\/span><\/h2>\n\n\n\n<p><strong>Instagram\u2019da toplu resim silme <\/strong>i\u015flemi i\u00e7in \u00f6ncelikli olarak arac\u0131 bir uygulama gerekti\u011fini bildirmek gerekiyor. Bu uygulama i\u00e7erisinde tercih edece\u011finiz y\u00f6ntemlerle birlikte toplu \u015fekilde resim silebilirsiniz. Buna ek olarak hesab\u0131n\u0131z\u0131 kapatmak da bir opsiyon. Fakat o zaman kullan\u0131c\u0131 ad\u0131n\u0131z\u0131 ve takip\u00e7ilerinizi de kaybedeceksiniz. <strong>Instagram\u2019da toplu foto\u011fraf silmeniz i\u00e7in<\/strong>;<\/p>\n\n\n\n<ul class=\"wp-block-list\">\n<li>IOS \u00fczerinde Cleaner for Instagram uygulamas\u0131n\u0131 indirin.<\/li>\n\n\n\n<li>Silece\u011finiz foto\u011fraflar\u0131 uygulama i\u00e7erisinde &#8220;media&#8221; sekmesinde belirtin.<\/li>\n\n\n\n<li>Sa\u011f \u00fcst k\u0131s\u0131mda yer alan Actions sekmesine t\u0131klay\u0131n.<\/li>\n\n\n\n<li>Orada yer alan Delete butonuna t\u0131klayarak belirledi\u011finiz foto\u011fraflar\u0131 silme i\u015flemini ger\u00e7ekle\u015ftirebilirsiniz.<\/li>\n\n\n\n<li>Android \u00fczerinde ise maalesef do\u011frudan \u00e7al\u0131\u015fan bir y\u00f6ntem yoktur. Bunun i\u00e7in IOS olan bir cihaz \u00fczerinden giri\u015f yaparak uygulamaya dahil edebilirsiniz.<\/li>\n<\/ul>\n\n\n<div class=\"bestSellListContainer bestByProduct price w-100\">\n    <div class=\"bestSellList best-card\">\n        <div class=\"bestSell-list bestsell nowrap slick-initialized slick-slider\" data-slide=\"12\">\n            <div class=\"slick-list swiper best-product-slider draggable\">\n                <div class=\"slick-track swiper-wrapper\">\n<div class=\"slide swiper-slide slick-slide\" data-slick-index=\"3\"\n     aria-hidden=\"true\"\n     tabindex=\"-1\">\n    <div class=\"card border-bestSell\">\n        <a href=\"https:\/\/www.fenomist.com\/instagram-turk-takipci?amount=2500&ps4\" class=\"stretched-link blog-product-slider\" target=\"_blank\"\n           tabindex=\"-1\"><\/a>\n        <div class=\"card-header btn-like-color btn-like-bg-color\">\n           <img decoding=\"async\" src=\"https:\/\/www.fenomist.com\/blog\/wp-content\/uploads\/instagram-takipci-slide.webp\" width=\"64\" height=\"64\">\n        <\/div>\n        <div class=\"card-body\">\n            <div class=\"best-name btn-like-color\">Instagram Takip\u00e7i<\/div>\n            <div class=\"best-amount\">2.500<\/div>\n            <hr class=\"border-like\">\n        <\/div>\n        <div class=\"card-footer\">\n            <div class='best-discount'>%36 Discounted<\/div>            <div>\n                <p class='pricesClass pricesOld'> 625\u20ba <\/p>                <p class=\"h4 text-black\">397.25\u20ba<\/p>\n            <\/div>\n            <input type=\"button\" value=\"Buy Now\" class=\"btn-primary btn\">\n        <\/div>\n    <\/div>\n<\/div>\n<div class=\"slide swiper-slide slick-slide\" data-slick-index=\"3\"\n     aria-hidden=\"true\"\n     tabindex=\"-1\">\n    <div class=\"card border-bestSell\">\n        <a href=\"https:\/\/www.fenomist.com\/instagram-begeni-satin-al?amount=250&ps4\" class=\"stretched-link blog-product-slider\" target=\"_blank\"\n           tabindex=\"-1\"><\/a>\n        <div class=\"card-header btn-like-color btn-like-bg-color\">\n           <img decoding=\"async\" src=\"https:\/\/www.fenomist.com\/blog\/wp-content\/uploads\/instagram-begeni-slide.webp\" width=\"64\" height=\"64\">\n        <\/div>\n        <div class=\"card-body\">\n            <div class=\"best-name btn-like-color\">Instagram Be\u011feni<\/div>\n            <div class=\"best-amount\">250<\/div>\n            <hr class=\"border-like\">\n        <\/div>\n        <div class=\"card-footer\">\n            <div class='best-discount'>%40 Discounted<\/div>            <div>\n                <p class='pricesClass pricesOld'> 34.38\u20ba <\/p>                <p class=\"h4 text-black\">20.75\u20ba<\/p>\n            <\/div>\n            <input type=\"button\" value=\"Buy Now\" class=\"btn-primary btn\">\n        <\/div>\n    <\/div>\n<\/div>\n<div class=\"slide swiper-slide slick-slide\" data-slick-index=\"3\"\n     aria-hidden=\"true\"\n     tabindex=\"-1\">\n    <div class=\"card border-bestSell\">\n        <a href=\"https:\/\/www.fenomist.com\/tiktok-takipci-satin-al?amount=2500&ps4\" class=\"stretched-link blog-product-slider\" target=\"_blank\"\n           tabindex=\"-1\"><\/a>\n        <div class=\"card-header btn-like-color btn-like-bg-color\">\n           <img decoding=\"async\" src=\"https:\/\/www.fenomist.com\/blog\/wp-content\/uploads\/tiktok-begeni-slide.webp\" width=\"64\" height=\"64\">\n        <\/div>\n        <div class=\"card-body\">\n            <div class=\"best-name btn-like-color\">TikTok Takip\u00e7i<\/div>\n            <div class=\"best-amount\">2.500<\/div>\n            <hr class=\"border-like\">\n        <\/div>\n        <div class=\"card-footer\">\n            <div class='best-discount'>%65 Discounted<\/div>            <div>\n                <p class='pricesClass pricesOld'> 750\u20ba <\/p>                <p class=\"h4 text-black\">262.5\u20ba<\/p>\n            <\/div>\n            <input type=\"button\" value=\"Buy Now\" class=\"btn-primary btn\">\n        <\/div>\n    <\/div>\n<\/div>\n<div class=\"slide swiper-slide slick-slide\" data-slick-index=\"3\"\n     aria-hidden=\"true\"\n     tabindex=\"-1\">\n    <div class=\"card border-bestSell\">\n        <a href=\"https:\/\/www.fenomist.com\/tiktok-begeni-satin-al?amount=100&ps4\" class=\"stretched-link blog-product-slider\" target=\"_blank\"\n           tabindex=\"-1\"><\/a>\n        <div class=\"card-header btn-like-color btn-like-bg-color\">\n           <img decoding=\"async\" src=\"https:\/\/www.fenomist.com\/blog\/wp-content\/uploads\/tiktok-begeni-slide.webp\" width=\"64\" height=\"64\">\n        <\/div>\n        <div class=\"card-body\">\n            <div class=\"best-name btn-like-color\">TikTok Be\u011feni<\/div>\n            <div class=\"best-amount\">100<\/div>\n            <hr class=\"border-like\">\n        <\/div>\n        <div class=\"card-footer\">\n            <div class='best-discount'>%20 Discounted<\/div>            <div>\n                <p class='pricesClass pricesOld'> 19.9\u20ba <\/p>                <p class=\"h4 text-black\">15.99\u20ba<\/p>\n            <\/div>\n            <input type=\"button\" value=\"Buy Now\" class=\"btn-primary btn\">\n        <\/div>\n    <\/div>\n<\/div>\n<div class=\"slide swiper-slide slick-slide\" data-slick-index=\"3\"\n     aria-hidden=\"true\"\n     tabindex=\"-1\">\n    <div class=\"card border-bestSell\">\n        <a href=\"https:\/\/www.fenomist.com\/instagram-yorum-satin-al?amount=10&ps4\" class=\"stretched-link blog-product-slider\" target=\"_blank\"\n           tabindex=\"-1\"><\/a>\n        <div class=\"card-header btn-like-color btn-like-bg-color\">\n           <img decoding=\"async\" src=\"https:\/\/www.fenomist.com\/blog\/wp-content\/uploads\/instagram-takipci-slide.webp\" width=\"64\" height=\"64\">\n        <\/div>\n        <div class=\"card-body\">\n            <div class=\"best-name btn-like-color\">Instagram Yorum<\/div>\n            <div class=\"best-amount\">10<\/div>\n            <hr class=\"border-like\">\n        <\/div>\n        <div class=\"card-footer\">\n            <div class='best-discount'>%4 Discounted<\/div>            <div>\n                <p class='pricesClass pricesOld'> 30.08\u20ba <\/p>                <p class=\"h4 text-black\">28.85\u20ba<\/p>\n            <\/div>\n            <input type=\"button\" value=\"Buy Now\" class=\"btn-primary btn\">\n        <\/div>\n    <\/div>\n<\/div>\n<\/div>\n<div class=\"custom-pagination swiper-pagination\"><\/div>\n<\/div>\n<\/div>\n<\/div>\n<\/div>\n\n\n\n\n<div class=\"wp-block-image\">\n<figure class=\"aligncenter size-full\"><img loading=\"lazy\" decoding=\"async\" width=\"476\" height=\"851\" src=\"https:\/\/www.fenomist.com\/blog\/wp-content\/uploads\/cleaner-for-instagram-toplu-mesaj-silme.jpg\" alt=\"instagram toplu foto\u011fraf silme\" class=\"wp-image-36513\"\/><\/figure><\/div>\n\n\n<h3 class=\"wp-block-heading\"><span class=\"ez-toc-section\" id=\"Instagramda_Ucuncu_Parti_Uygulamalar_Guvenilir_midir\"><\/span>Instagram\u2019da \u00dc\u00e7\u00fcnc\u00fc Parti Uygulamalar G\u00fcvenilir midir?<span class=\"ez-toc-section-end\"><\/span><\/h3>\n\n\n\n<p>Instagram \u00fc\u00e7\u00fcnc\u00fc parti uygulamalara maalesef yasal olarak izin vermemektedir. Fakat sa\u011flad\u0131\u011f\u0131 yenilik\u00e7i kullan\u0131m alanlar\u0131yla birlikte sizlere daha iyi hizmet sa\u011flamaya \u00e7al\u0131\u015fmaktad\u0131r. \u00dc\u00e7\u00fcnc\u00fc parti uygulamalar\u0131n istedi\u011fi izinler maalesef \u00e7ok fazla hakk\u0131n\u0131zda bilgi talep etti\u011fi i\u00e7in, Instagram da maalesef bu bilgilerin payla\u015f\u0131m\u0131n\u0131n do\u011furdu\u011fu sonu\u00e7lar\u0131 kabul etmemektedir. <\/p>\n\n\n\n<p><strong>Tercih edece\u011finiz kullan\u0131m alanlar\u0131 i\u00e7erisinde \u00fc\u00e7\u00fcnc\u00fc parti uygulamalar\u0131n faydalar\u0131;<\/strong><\/p>\n\n\n\n<ul class=\"wp-block-list\">\n<li>Takip Etmeyenleri Takipten \u00c7\u0131kma<\/li>\n\n\n\n<li>Toplu Foto\u011fraf Silme<\/li>\n\n\n\n<li>Toplu DM Silme<\/li>\n\n\n\n<li><a href=\"https:\/\/www.fenomist.com\/blog\/instagram-toplu-takip-birakma\" target=\"_blank\" rel=\"noopener\">Instagram Toplu Takip B\u0131rakma<\/a><\/li>\n<\/ul>\n\n\n\n<p> Bu gibi programlar size k\u0131sa s\u00fcre i\u00e7erisinde sonu\u00e7 do\u011furmu\u015f olsa da uzun vadede maalesef yarar getirmeyecektir. Hesap h\u0131rs\u0131zl\u0131\u011f\u0131, sizden habersiz DM g\u00f6nderme ve hack i\u015flemleri gibi sebepler d\u00fc\u015f\u00fcn\u00fcld\u00fc\u011f\u00fcnde zararlar\u0131 g\u00f6zler \u00f6n\u00fcne gelebilmektedir. O y\u00fczden kulland\u0131\u011f\u0131n\u0131z program\u0131n ne t\u00fcr izinler istedi\u011fine bakarak hareket etmeniz yarar\u0131n\u0131za olacakt\u0131r.<\/p>\n\n\n\n<p><em>Ayr\u0131ca Instagram \u00fczerinden toplu takip\u00e7i ve be\u011feni sat\u0131n alma i\u015flemleri, hesab\u0131n\u0131z\u0131 spam hesap seviyesine d\u00fc\u015f\u00fcrme riski bulunmaktad\u0131r. Bunun bilinciyle hesab\u0131n\u0131z i\u00e7in her zaman organik i\u015flemler yapman\u0131z gerekti\u011fini de hat\u0131rlatmakta fayda var. Takip\u00e7i duvar\u0131n\u0131z\u0131 a\u015fmadan olabildi\u011fince \u00e7ok etkile\u015fim bulutu i\u00e7erisinde ki\u015fiye ula\u015farak siz de k\u0131sa s\u00fcre i\u00e7erisinde arzu etti\u011finiz k\u00fcmeye ula\u015fabilirsiniz.<\/em><\/p>\n\n\n\n<p>Instagram Toplu Foto\u011fraf Silme ile birlikte cevab\u0131 en \u00e7ok aranan sorulardan birisi de <a href=\"https:\/\/www.fenomist.com\/blog\/instagram-toplu-mesaj-silme\" target=\"_blank\" rel=\"noopener\">Instagram Toplu Mesaj Silme<\/a> i\u015flemidir. Bu konu hakk\u0131nda bilgi almak i\u00e7in sayfam\u0131z\u0131 ziyaret edebilirsiniz.<\/p>\n\n\n\n<p>&#8220;Instagram&#8217;da toplu foto\u011fraf silme i\u015flemini nas\u0131l yapabilirim?&#8221; Sorusunu sizler i\u00e7in yan\u0131tlamaya \u00e7al\u0131\u015ft\u0131k. Daha fazla merak etti\u011finiz alternatif konu ba\u015fl\u0131klar\u0131 ve sosyal medya etkile\u015fimleri hakk\u0131nda detayl\u0131 bilgi i\u00e7in sitemiz i\u00e7erisinde olan ba\u015fl\u0131klardan ula\u015fabilirsiniz, yorumlar k\u0131sm\u0131ndan da bizlere sorular\u0131n\u0131z\u0131 iletebilirsiniz.<\/p>\n\n\n\n<p>Konu ile alakal\u0131 olarak bu yaz\u0131m\u0131z ilginizi \u00e7ekebilir: <a href=\"https:\/\/www.fenomist.com\/blog\/instagram-otomatik-mesaj\" target=\"_blank\" rel=\"noopener\">Instagram Otomatik Mesaj<\/a><\/p>\n\n\n\n<figure class=\"wp-block-embed is-type-video is-provider-youtube wp-block-embed-youtube wp-embed-aspect-16-9 wp-has-aspect-ratio\"><div class=\"wp-block-embed__wrapper\">\n<iframe title=\"\u0130nstagram TOPLU  G\u00d6NDER\u0130 (FOTO\u011eRAF S\u0130LME) 2020 G\u00dcNCEL V\u0130DEO\" width=\"640\" height=\"360\" src=\"https:\/\/www.youtube.com\/embed\/-pON_FkbXU4?feature=oembed\" frameborder=\"0\" allow=\"accelerometer; autoplay; clipboard-write; encrypted-media; gyroscope; picture-in-picture; web-share\" referrerpolicy=\"strict-origin-when-cross-origin\" allowfullscreen><\/iframe><script type=\"application\/ld+json\">\n    {\n      \"@context\": \"https:\/\/schema.org\",\n      \"@type\": \"VideoObject\",\n      \"name\": \"\u0130nstagram TOPLU  G\u00d6NDER\u0130 (FOTO\u011eRAF S\u0130LME) 2020 G\u00dcNCEL V\u0130DEO\",\n      \"description\": \"Instagram Toplu Foto\u011fraf Silme Nas\u0131l Yap\u0131l\u0131r?\",\n      \"thumbnailUrl\": \"https:\/\/i.ytimg.com\/vi_webp\/-pON_FkbXU4\/mqdefault.webp\",\n      \"embedUrl\": \"https:\/\/www.youtube.com\/embed\/-pON_FkbXU4?feature=oembed\",\n      \"uploadDate\": \"July 17, 2023 1:36 pm\"\n    }\n    <\/script>\n<\/div><\/figure>\n\n\n\n<p><a href=\"https:\/\/www.fenomist.com\/blog\/instagram-destek\" target=\"_blank\" rel=\"noopener\">Instagram Destek<\/a>&nbsp;yaz\u0131lar\u0131m\u0131z ile ya\u015fad\u0131\u011f\u0131n\u0131z t\u00fcm Instagram sorunlar\u0131n\u0131 \u00e7\u00f6z\u00fcme kavu\u015fturun!<\/p>\n\n\n\n<div class=\"schema-faq wp-block-yoast-faq-block\">     <\/div>\n\r\n\t\t\t<div id=\"daexthefu-container\"\r\n\t\t\t\tclass=\"daexthefu-container daexthefu-layout-side-by-side daexthefu-alignment-left\"\r\n\t\t\t\tdata-post-id=\"23546\">\r\n\r\n\t\t\t\t<div class=\"daexthefu-feedback\">\r\n\t\t\t\t\t<div class=\"daexthefu-text\">\r\n\t\t\t\t\t\t<h3 class=\"daexthefu-title\"><span class=\"ez-toc-section\" id=\"Bu_makale_faydali_miydi\"><\/span>Bu makale faydal\u0131 m\u0131yd\u0131?<span class=\"ez-toc-section-end\"><\/span><\/h3>\r\n\t\t\t\t\t<\/div>\r\n\t\t\t\t\t<div class=\"daexthefu-buttons-container\">\r\n\t\t\t\t\t\t<div class=\"daexthefu-buttons\">\r\n\t\t\t\t\t\t\t\r\n\t\t\t<div class=\"daexthefu-yes daexthefu-button daexthefu-button-type-text\" data-value=\"1\">\r\n\t\t\t\t<div class=\"daexthefu-button-text\">Faydal\u0131<\/div>\r\n\t\t\t<\/div>\r\n\r\n\t\t\t\t\t\t\t\t\t\t\r\n\t\t\t<div class=\"daexthefu-no daexthefu-button daexthefu-button-type-text\" data-value=\"0\">\r\n\t\t\t\t<div class=\"daexthefu-button-text\">Geli\u015ftirilmeli<\/div>\r\n\t\t\t<\/div>\r\n\r\n\t\t\t\t\t\t\t\t\t<\/div>\r\n\t\t\t\t\t<\/div>\r\n\t\t\t\t<\/div>\r\n\r\n\t\t\t\t<div class=\"daexthefu-comment\">\r\n\t\t\t\t\t<div class=\"daexthefu-comment-top-container\">\r\n\t\t\t\t\t\t<label id=\"daexthefu-comment-label\" class=\"daexthefu-comment-label\"><\/label>\r\n\t\t\t\t\t\t\t\t\t\t\t\t\t<div class=\"daexthefu-comment-character-counter-container\">\r\n\t\t\t\t\t\t\t\t<div id=\"daexthefu-comment-character-counter-number\"\r\n\t\t\t\t\t\t\t\t\tclass=\"daexthefu-comment-character-counter-number\"><\/div>\r\n\t\t\t\t\t\t\t\t<div class=\"daexthefu-comment-character-counter-text\"><\/div>\r\n\t\t\t\t\t\t\t<\/div>\r\n\t\t\t\t\t\t\t\t\t\t\t<\/div>\r\n\t\t\t\t\t<textarea id=\"daexthefu-comment-textarea\" class=\"daexthefu-comment-textarea\"\r\n\t\t\t\t\t\t\t\tplaceholder=\"Mesaj\u0131n\u0131z\u0131 giriniz\"\r\n\t\t\t\t\t\t\t\tmaxlength=\"\r\n\t\t\t\t\t\t\t\t400\t\t\t\t\t\t\t\t\t\"><\/textarea>\r\n\t\t\t\t\t<div class=\"daexthefu-comment-buttons-container\">\r\n\t\t\t\t\t\t<button class=\"daexthefu-comment-submit daexthefu-button\">G\u00f6nder<\/button>\r\n\t\t\t\t\t\t<button class=\"daexthefu-comment-cancel daexthefu-button\">\u0130ptal<\/button>\r\n\t\t\t\t\t<\/div>\r\n\t\t\t\t<\/div>\r\n\r\n\t\t\t\t<div class=\"daexthefu-successful-submission-text\">Geri bildirim i\u00e7in te\u015fekk\u00fcr ederiz!<\/div>\r\n\r\n\t\t\t<\/div>\r\n\r\n\t\t\t\n    <div class=\"container\">\n        <div class=\"faq accordion faq-drop\" id=\"accordion\">\n            <h2 class=\"accordion-title\"><span class=\"ez-toc-section\" id=\"Hakkinda_Sikca_Sorulan_Sorular\"><\/span> Hakk\u0131nda S\u0131k\u00e7a Sorulan Sorular<span class=\"ez-toc-section-end\"><\/span><\/h2>\n            <div class=\"col-md-12 faq-card\">\n                    <div class=\"card faq\">\n                        <div class=\"card-header collapsed d-flex justify-content-between align-items-center\" id=\"heading0\"\n                             data-toggle=\"collapse\" data-target=\"#collapse_0\" aria-expanded=\"true\" role=\"button\"\n                             aria-controls=\"collapse_0\">\n                            <div class=\"btn btn-link text-dark font-weight-bold\">\n                               Instagram Ar\u015fiv Nedir?\n                            <\/div>\n                            <div class=\"btn-toogle\">\n                                <span><\/span>\n                                <span><\/span>\n                            <\/div>\n                        <\/div>\n                        <div id=\"collapse_0\" class=\"collapse\" aria-labelledby=\"heading0\" data-parent=\"#accordion\">\n                            <div class=\"card-body\">\n                                <p>Instagram ar\u015fiv, profilinizde yer alan ama bir s\u00fcre i\u00e7in kald\u0131rmak istedi\u011finiz foto\u011fraflar\u0131n\u0131z\u0131n yer alaca\u011f\u0131 bir \u00f6zelliktir. Foto\u011fraflar\u0131n\u0131z\u0131 silmeden ar\u015five kald\u0131rabilir ve istedi\u011finiz zaman tekrar y\u00fckleyebilirsiniz.<\/p>\n                            <\/div>\n                        <\/div>\n                        <\/div>\n                        \n                    <div class=\"card faq\">\n                        <div class=\"card-header collapsed d-flex justify-content-between align-items-center\" id=\"heading1\"\n                             data-toggle=\"collapse\" data-target=\"#collapse_1\" aria-expanded=\"true\" role=\"button\"\n                             aria-controls=\"collapse_1\">\n                            <div class=\"btn btn-link text-dark font-weight-bold\">\n                               Instagram Hesab\u0131m\u0131 Silersem Foto\u011fraflar\u0131m Ne Olur?\n                            <\/div>\n                            <div class=\"btn-toogle\">\n                                <span><\/span>\n                                <span><\/span>\n                            <\/div>\n                        <\/div>\n                        <div id=\"collapse_1\" class=\"collapse\" aria-labelledby=\"heading1\" data-parent=\"#accordion\">\n                            <div class=\"card-body\">\n                                <p>Instagram hesab\u0131n\u0131z\u0131 silmeniz durumunda t\u00fcm bilgileriniz kal\u0131c\u0131 olarak yok olacakt\u0131r. Silme i\u015flemi yapmadan \u00f6nce i\u00e7eriklerinizi indirmeyi deneyiniz.<\/p>\n                            <\/div>\n                        <\/div>\n                        <\/div>\n                        \n                    <div class=\"card faq\">\n                        <div class=\"card-header collapsed d-flex justify-content-between align-items-center\" id=\"heading2\"\n                             data-toggle=\"collapse\" data-target=\"#collapse_2\" aria-expanded=\"true\" role=\"button\"\n                             aria-controls=\"collapse_2\">\n                            <div class=\"btn btn-link text-dark font-weight-bold\">\n                               Instagram Foto\u011fraf S\u0131n\u0131r\u0131 Var m\u0131?\n                            <\/div>\n                            <div class=\"btn-toogle\">\n                                <span><\/span>\n                                <span><\/span>\n                            <\/div>\n                        <\/div>\n                        <div id=\"collapse_2\" class=\"collapse\" aria-labelledby=\"heading2\" data-parent=\"#accordion\">\n                            <div class=\"card-body\">\n                                <p>Instagram profillerinizde payla\u015fmak i\u00e7in uyman\u0131z gereken bir s\u0131n\u0131r yoktur. Bundan dolay\u0131 istedi\u011finiz kadar foto\u011fraf\u0131 profillerinizde payla\u015fabilirsiniz.<\/p>\n                            <\/div>\n                        <\/div>\n                        <\/div>\n                        \n                    <div class=\"card faq\">\n                        <div class=\"card-header collapsed d-flex justify-content-between align-items-center\" id=\"heading3\"\n                             data-toggle=\"collapse\" data-target=\"#collapse_3\" aria-expanded=\"true\" role=\"button\"\n                             aria-controls=\"collapse_3\">\n                            <div class=\"btn btn-link text-dark font-weight-bold\">\n                               Instagram Payla\u015f\u0131mlar\u0131m\u0131 Toplu Silmek \u0130\u00e7in Ne Yapmal\u0131y\u0131m?\n                            <\/div>\n                            <div class=\"btn-toogle\">\n                                <span><\/span>\n                                <span><\/span>\n                            <\/div>\n                        <\/div>\n                        <div id=\"collapse_3\" class=\"collapse\" aria-labelledby=\"heading3\" data-parent=\"#accordion\">\n                            <div class=\"card-body\">\n                                <p>Payla\u015f\u0131mlar\u0131n\u0131z\u0131 toplu bir \u015fekilde silmek i\u00e7in Cleaner for Instagram uygulamas\u0131ndan yararlanabilirsiniz.<\/p>\n                            <\/div>\n                        <\/div>\n                        <\/div>\n                        \n                    <div class=\"card faq\">\n                        <div class=\"card-header collapsed d-flex justify-content-between align-items-center\" id=\"heading4\"\n                             data-toggle=\"collapse\" data-target=\"#collapse_4\" aria-expanded=\"true\" role=\"button\"\n                             aria-controls=\"collapse_4\">\n                            <div class=\"btn btn-link text-dark font-weight-bold\">\n                               Instagram&#8217;da Toplu Foto\u011fraf Silmek Uygulamas\u0131z Yap\u0131labilir mi?\n                            <\/div>\n                            <div class=\"btn-toogle\">\n                                <span><\/span>\n                                <span><\/span>\n                            <\/div>\n                        <\/div>\n                        <div id=\"collapse_4\" class=\"collapse\" aria-labelledby=\"heading4\" data-parent=\"#accordion\">\n                            <div class=\"card-body\">\n                                <p>Maalesef, bu \u00f6zellik Instagram&#8217;da mevcut de\u011fil. Bundan dolay\u0131 uygulama olmadan bu i\u015flemi ger\u00e7ekle\u015ftiremezsiniz.<\/p>\n                            <\/div>\n                        <\/div>\n                        <\/div>\n                        <\/div><\/div><\/div>","protected":false},"excerpt":{"rendered":"<p>Instagram toplu foto\u011fraf silme nedir, kullan\u0131c\u0131lar\u0131na kendini g\u00f6rsel ve video i\u00e7eriklerle payla\u015fma \u015fans\u0131 veren Instagram yakla\u015f\u0131k 10 y\u0131ld\u0131r hayat\u0131m\u0131z\u0131n b\u00fcy\u00fck bir par\u00e7as\u0131 olmu\u015f durumda. Sosyal medya mecralar\u0131 aras\u0131nda 2017\u2019ye kadar en \u00e7ok zaman ge\u00e7irilen platform Instagram&#8217;d\u0131. Fakat 2018\u2019den itibaren en \u00e7ok kullan\u0131lan sosyal medya platformu s\u0131fat\u0131n\u0131 Youtube\u2019a devretti. Halen ki\u015filerin [&hellip;]<\/p>\n","protected":false},"author":1,"featured_media":36514,"comment_status":"open","ping_status":"closed","sticky":false,"template":"","format":"standard","meta":{"_helpful_status":1,"footnotes":""},"categories":[1753],"tags":[],"class_list":["post-23546","post","type-post","status-publish","format-standard","has-post-thumbnail","hentry","category-instagram-destek","entry"],"yoast_head":"<!-- This site is optimized with the Yoast SEO plugin v26.5 - https:\/\/yoast.com\/wordpress\/plugins\/seo\/ -->\n<title>Instagram&#039;da Toplu Foto\u011fraf Silme Nas\u0131l Yap\u0131l\u0131r? | Instatakipci<\/title>\n<meta name=\"description\" content=\"Instagram toplu foto\u011fraf silme i\u015flemi nas\u0131l yap\u0131l\u0131r? sizler i\u00e7in video+g\u00f6rsel anlat\u0131m olarak anlatmaya \u00e7al\u0131\u015ft\u0131k. T\u0131kla ve \u00f6\u011fren!\" \/>\n<meta name=\"robots\" content=\"index, follow, max-snippet:-1, max-image-preview:large, max-video-preview:-1\" \/>\n<link rel=\"canonical\" href=\"https:\/\/www.fenomist.com\/blog\/instagram-toplu-fotograf-silme\" \/>\n<meta property=\"og:locale\" content=\"tr_TR\" \/>\n<meta property=\"og:type\" content=\"article\" \/>\n<meta property=\"og:title\" content=\"Instagram&#039;da Toplu Foto\u011fraf Silme Nas\u0131l Yap\u0131l\u0131r? | Instatakipci\" \/>\n<meta property=\"og:description\" content=\"Instagram toplu foto\u011fraf silme i\u015flemi nas\u0131l yap\u0131l\u0131r? sizler i\u00e7in video+g\u00f6rsel anlat\u0131m olarak anlatmaya \u00e7al\u0131\u015ft\u0131k. T\u0131kla ve \u00f6\u011fren!\" \/>\n<meta property=\"og:url\" content=\"https:\/\/www.fenomist.com\/blog\/instagram-toplu-fotograf-silme\" \/>\n<meta property=\"og:site_name\" content=\"Instagram Takip\u00e7i Blog - Son Dakika Haberler\" \/>\n<meta property=\"article:publisher\" content=\"https:\/\/www.facebook.com\/fenomist\" \/>\n<meta property=\"article:published_time\" content=\"2020-08-14T13:24:22+00:00\" \/>\n<meta property=\"article:modified_time\" content=\"2023-07-17T13:36:11+00:00\" \/>\n<meta property=\"og:image\" content=\"https:\/\/www.fenomist.com\/blog\/wp-content\/uploads\/instagram-toplu-fotograf-silme.webp\" \/>\n\t<meta property=\"og:image:width\" content=\"960\" \/>\n\t<meta property=\"og:image:height\" content=\"640\" \/>\n\t<meta property=\"og:image:type\" content=\"image\/webp\" \/>\n<meta name=\"author\" content=\"Enes Bulut\" \/>\n<meta name=\"twitter:card\" content=\"summary_large_image\" \/>\n<meta name=\"twitter:creator\" content=\"@bulut_enesss\" \/>\n<meta name=\"twitter:site\" content=\"@smipuclari\" \/>\n<meta name=\"twitter:label1\" content=\"Yazan:\" \/>\n\t<meta name=\"twitter:data1\" content=\"Enes Bulut\" \/>\n\t<meta name=\"twitter:label2\" content=\"Tahmini okuma s\u00fcresi\" \/>\n\t<meta name=\"twitter:data2\" content=\"4 dakika\" \/>\n<script type=\"application\/ld+json\" class=\"yoast-schema-graph\">{\"@context\":\"https:\/\/schema.org\",\"@graph\":[{\"@type\":\"Article\",\"@id\":\"https:\/\/www.fenomist.com\/blog\/instagram-toplu-fotograf-silme#article\",\"isPartOf\":{\"@id\":\"https:\/\/www.fenomist.com\/blog\/instagram-toplu-fotograf-silme\"},\"author\":{\"name\":\"Enes Bulut\",\"@id\":\"https:\/\/www.fenomist.com\/blog\/#\/schema\/person\/235d54527608230f6c9e9d95b6d15f99\"},\"headline\":\"Instagram Toplu Foto\u011fraf Silme Nas\u0131l Yap\u0131l\u0131r?\",\"datePublished\":\"2020-08-14T13:24:22+00:00\",\"dateModified\":\"2023-07-17T13:36:11+00:00\",\"mainEntityOfPage\":{\"@id\":\"https:\/\/www.fenomist.com\/blog\/instagram-toplu-fotograf-silme\"},\"wordCount\":840,\"commentCount\":4,\"publisher\":{\"@id\":\"https:\/\/www.fenomist.com\/blog\/#organization\"},\"image\":{\"@id\":\"https:\/\/www.fenomist.com\/blog\/instagram-toplu-fotograf-silme#primaryimage\"},\"thumbnailUrl\":\"https:\/\/www.fenomist.com\/blog\/wp-content\/uploads\/instagram-toplu-fotograf-silme.webp\",\"articleSection\":[\"Instagram Destek\"],\"inLanguage\":\"tr\",\"potentialAction\":[{\"@type\":\"CommentAction\",\"name\":\"Comment\",\"target\":[\"https:\/\/www.fenomist.com\/blog\/instagram-toplu-fotograf-silme#respond\"]}]},{\"@type\":[\"WebPage\",\"FAQPage\"],\"@id\":\"https:\/\/www.fenomist.com\/blog\/instagram-toplu-fotograf-silme\",\"url\":\"https:\/\/www.fenomist.com\/blog\/instagram-toplu-fotograf-silme\",\"name\":\"Instagram'da Toplu Foto\u011fraf Silme Nas\u0131l Yap\u0131l\u0131r? | Instatakipci\",\"isPartOf\":{\"@id\":\"https:\/\/www.fenomist.com\/blog\/#website\"},\"primaryImageOfPage\":{\"@id\":\"https:\/\/www.fenomist.com\/blog\/instagram-toplu-fotograf-silme#primaryimage\"},\"image\":{\"@id\":\"https:\/\/www.fenomist.com\/blog\/instagram-toplu-fotograf-silme#primaryimage\"},\"thumbnailUrl\":\"https:\/\/www.fenomist.com\/blog\/wp-content\/uploads\/instagram-toplu-fotograf-silme.webp\",\"datePublished\":\"2020-08-14T13:24:22+00:00\",\"dateModified\":\"2023-07-17T13:36:11+00:00\",\"description\":\"Instagram toplu foto\u011fraf silme i\u015flemi nas\u0131l yap\u0131l\u0131r? sizler i\u00e7in video+g\u00f6rsel anlat\u0131m olarak anlatmaya \u00e7al\u0131\u015ft\u0131k. T\u0131kla ve \u00f6\u011fren!\",\"breadcrumb\":{\"@id\":\"https:\/\/www.fenomist.com\/blog\/instagram-toplu-fotograf-silme#breadcrumb\"},\"mainEntity\":[{\"@id\":\"https:\/\/www.fenomist.com\/blog\/instagram-toplu-fotograf-silme#faq-question-1597402691607\"},{\"@id\":\"https:\/\/www.fenomist.com\/blog\/instagram-toplu-fotograf-silme#faq-question-1597402693360\"},{\"@id\":\"https:\/\/www.fenomist.com\/blog\/instagram-toplu-fotograf-silme#faq-question-1597402693759\"},{\"@id\":\"https:\/\/www.fenomist.com\/blog\/instagram-toplu-fotograf-silme#faq-question-1630917098932\"},{\"@id\":\"https:\/\/www.fenomist.com\/blog\/instagram-toplu-fotograf-silme#faq-question-1630917164063\"}],\"inLanguage\":\"tr\",\"potentialAction\":[{\"@type\":\"ReadAction\",\"target\":[\"https:\/\/www.fenomist.com\/blog\/instagram-toplu-fotograf-silme\"]}]},{\"@type\":\"ImageObject\",\"inLanguage\":\"tr\",\"@id\":\"https:\/\/www.fenomist.com\/blog\/instagram-toplu-fotograf-silme#primaryimage\",\"url\":\"https:\/\/www.fenomist.com\/blog\/wp-content\/uploads\/instagram-toplu-fotograf-silme.webp\",\"contentUrl\":\"https:\/\/www.fenomist.com\/blog\/wp-content\/uploads\/instagram-toplu-fotograf-silme.webp\",\"width\":960,\"height\":640,\"caption\":\"instagram toplu foto\u011fraf silme\"},{\"@type\":\"BreadcrumbList\",\"@id\":\"https:\/\/www.fenomist.com\/blog\/instagram-toplu-fotograf-silme#breadcrumb\",\"itemListElement\":[{\"@type\":\"ListItem\",\"position\":1,\"name\":\"Ana sayfa\",\"item\":\"https:\/\/www.fenomist.com\/blog\"},{\"@type\":\"ListItem\",\"position\":2,\"name\":\"Instagram Destek\",\"item\":\"https:\/\/www.fenomist.com\/blog\/instagram-destek\"},{\"@type\":\"ListItem\",\"position\":3,\"name\":\"Instagram Toplu Foto\u011fraf Silme Nas\u0131l Yap\u0131l\u0131r?\"}]},{\"@type\":\"WebSite\",\"@id\":\"https:\/\/www.fenomist.com\/blog\/#website\",\"url\":\"https:\/\/www.fenomist.com\/blog\/\",\"name\":\"Sosyal Medya Haberleri - Son Dakika\",\"description\":\"Sosyal Medya Haberleri - Son Dakika\",\"publisher\":{\"@id\":\"https:\/\/www.fenomist.com\/blog\/#organization\"},\"alternateName\":\"fenomist.com\",\"potentialAction\":[{\"@type\":\"SearchAction\",\"target\":{\"@type\":\"EntryPoint\",\"urlTemplate\":\"https:\/\/www.fenomist.com\/blog\/?s={search_term_string}\"},\"query-input\":{\"@type\":\"PropertyValueSpecification\",\"valueRequired\":true,\"valueName\":\"search_term_string\"}}],\"inLanguage\":\"tr\"},{\"@type\":\"Organization\",\"@id\":\"https:\/\/www.fenomist.com\/blog\/#organization\",\"name\":\"Fenomist\",\"alternateName\":\"fenomist.com\",\"url\":\"https:\/\/www.fenomist.com\/blog\/\",\"logo\":{\"@type\":\"ImageObject\",\"inLanguage\":\"tr\",\"@id\":\"https:\/\/www.fenomist.com\/blog\/#\/schema\/logo\/image\/\",\"url\":\"https:\/\/www.fenomist.com\/blog\/wp-content\/uploads\/instagram-takipci-satin-al-blog.svg\",\"contentUrl\":\"https:\/\/www.fenomist.com\/blog\/wp-content\/uploads\/instagram-takipci-satin-al-blog.svg\",\"caption\":\"Fenomist\"},\"image\":{\"@id\":\"https:\/\/www.fenomist.com\/blog\/#\/schema\/logo\/image\/\"},\"sameAs\":[\"https:\/\/www.facebook.com\/fenomist\",\"https:\/\/x.com\/smipuclari\",\"https:\/\/www.instagram.com\/sosyal_fabrika\/\",\"https:\/\/tr.linkedin.com\/in\/instatakipcicom\",\"https:\/\/myspace.com\/instatakipci22\",\"https:\/\/fi.pinterest.com\/instatakipcisosyal\/\",\"https:\/\/www.youtube.com\/instatakipcicom\"]},{\"@type\":\"Person\",\"@id\":\"https:\/\/www.fenomist.com\/blog\/#\/schema\/person\/235d54527608230f6c9e9d95b6d15f99\",\"name\":\"Enes Bulut\",\"image\":{\"@type\":\"ImageObject\",\"inLanguage\":\"tr\",\"@id\":\"https:\/\/www.fenomist.com\/blog\/#\/schema\/person\/image\/\",\"url\":\"https:\/\/www.fenomist.com\/blog\/wp-content\/uploads\/enes-bulut-96x96.webp\",\"contentUrl\":\"https:\/\/www.fenomist.com\/blog\/wp-content\/uploads\/enes-bulut-96x96.webp\",\"caption\":\"Enes Bulut\"},\"description\":\"Ben Enes Bulut, 2014 y\u0131l\u0131nda Yeditepe \u00dcniversitesi Reklamc\u0131l\u0131k b\u00f6l\u00fcm\u00fcn\u00fc tamamlad\u0131ktan sonra \u0130\u00e7erik Yazarl\u0131\u011f\u0131 ve Edit\u00f6rl\u00fck alan\u0131na y\u00f6neldim. Bu alanda yakla\u015f\u0131k 6 y\u0131ld\u0131r fenomist.com b\u00fcnyesinde \u00e7al\u0131\u015f\u0131yorum. Sosyal medya ve dijital pazarlama uzmanl\u0131k alan\u0131m olmak \u00fczere bir\u00e7ok konuda \u00f6zg\u00fcn ve \u00f6zel i\u00e7erikler haz\u0131rl\u0131yorum.\",\"sameAs\":[\"https:\/\/www.fenomist.com\/blog\/author\/enesbulut\",\"https:\/\/x.com\/bulut_enesss\"],\"url\":\"https:\/\/www.fenomist.com\/blog\/author\/enesbulut\"},{\"@type\":\"Question\",\"@id\":\"https:\/\/www.fenomist.com\/blog\/instagram-toplu-fotograf-silme#faq-question-1597402691607\",\"position\":1,\"url\":\"https:\/\/www.fenomist.com\/blog\/instagram-toplu-fotograf-silme#faq-question-1597402691607\",\"name\":\"Instagram Ar\u015fiv Nedir?\",\"answerCount\":1,\"acceptedAnswer\":{\"@type\":\"Answer\",\"text\":\"Instagram ar\u015fiv, profilinizde yer alan ama bir s\u00fcre i\u00e7in kald\u0131rmak istedi\u011finiz foto\u011fraflar\u0131n\u0131z\u0131n yer alaca\u011f\u0131 bir \u00f6zelliktir. Foto\u011fraflar\u0131n\u0131z\u0131 silmeden ar\u015five kald\u0131rabilir ve istedi\u011finiz zaman tekrar y\u00fckleyebilirsiniz.\",\"inLanguage\":\"tr\"},\"inLanguage\":\"tr\"},{\"@type\":\"Question\",\"@id\":\"https:\/\/www.fenomist.com\/blog\/instagram-toplu-fotograf-silme#faq-question-1597402693360\",\"position\":2,\"url\":\"https:\/\/www.fenomist.com\/blog\/instagram-toplu-fotograf-silme#faq-question-1597402693360\",\"name\":\"Instagram Hesab\u0131m\u0131 Silersem Foto\u011fraflar\u0131m Ne Olur?\",\"answerCount\":1,\"acceptedAnswer\":{\"@type\":\"Answer\",\"text\":\"Instagram hesab\u0131n\u0131z\u0131 silmeniz durumunda t\u00fcm bilgileriniz kal\u0131c\u0131 olarak yok olacakt\u0131r. Silme i\u015flemi yapmadan \u00f6nce i\u00e7eriklerinizi indirmeyi deneyiniz.\",\"inLanguage\":\"tr\"},\"inLanguage\":\"tr\"},{\"@type\":\"Question\",\"@id\":\"https:\/\/www.fenomist.com\/blog\/instagram-toplu-fotograf-silme#faq-question-1597402693759\",\"position\":3,\"url\":\"https:\/\/www.fenomist.com\/blog\/instagram-toplu-fotograf-silme#faq-question-1597402693759\",\"name\":\"Instagram Foto\u011fraf S\u0131n\u0131r\u0131 Var m\u0131?\",\"answerCount\":1,\"acceptedAnswer\":{\"@type\":\"Answer\",\"text\":\"Instagram profillerinizde payla\u015fmak i\u00e7in uyman\u0131z gereken bir s\u0131n\u0131r yoktur. Bundan dolay\u0131 istedi\u011finiz kadar foto\u011fraf\u0131 profillerinizde payla\u015fabilirsiniz.\",\"inLanguage\":\"tr\"},\"inLanguage\":\"tr\"},{\"@type\":\"Question\",\"@id\":\"https:\/\/www.fenomist.com\/blog\/instagram-toplu-fotograf-silme#faq-question-1630917098932\",\"position\":4,\"url\":\"https:\/\/www.fenomist.com\/blog\/instagram-toplu-fotograf-silme#faq-question-1630917098932\",\"name\":\"Instagram Payla\u015f\u0131mlar\u0131m\u0131 Toplu Silmek \u0130\u00e7in Ne Yapmal\u0131y\u0131m?\",\"answerCount\":1,\"acceptedAnswer\":{\"@type\":\"Answer\",\"text\":\"Payla\u015f\u0131mlar\u0131n\u0131z\u0131 toplu bir \u015fekilde silmek i\u00e7in Cleaner for Instagram uygulamas\u0131ndan yararlanabilirsiniz.\",\"inLanguage\":\"tr\"},\"inLanguage\":\"tr\"},{\"@type\":\"Question\",\"@id\":\"https:\/\/www.fenomist.com\/blog\/instagram-toplu-fotograf-silme#faq-question-1630917164063\",\"position\":5,\"url\":\"https:\/\/www.fenomist.com\/blog\/instagram-toplu-fotograf-silme#faq-question-1630917164063\",\"name\":\"Instagram'da Toplu Foto\u011fraf Silmek Uygulamas\u0131z Yap\u0131labilir mi?\",\"answerCount\":1,\"acceptedAnswer\":{\"@type\":\"Answer\",\"text\":\"Maalesef, bu \u00f6zellik Instagram'da mevcut de\u011fil. Bundan dolay\u0131 uygulama olmadan bu i\u015flemi ger\u00e7ekle\u015ftiremezsiniz.\",\"inLanguage\":\"tr\"},\"inLanguage\":\"tr\"}]}<\/script>\n<!-- \/ Yoast SEO plugin. -->","yoast_head_json":{"title":"Instagram'da Toplu Foto\u011fraf Silme Nas\u0131l Yap\u0131l\u0131r? | Instatakipci","description":"Instagram toplu foto\u011fraf silme i\u015flemi nas\u0131l yap\u0131l\u0131r? sizler i\u00e7in video+g\u00f6rsel anlat\u0131m olarak anlatmaya \u00e7al\u0131\u015ft\u0131k. T\u0131kla ve \u00f6\u011fren!","robots":{"index":"index","follow":"follow","max-snippet":"max-snippet:-1","max-image-preview":"max-image-preview:large","max-video-preview":"max-video-preview:-1"},"canonical":"https:\/\/www.fenomist.com\/blog\/instagram-toplu-fotograf-silme","og_locale":"tr_TR","og_type":"article","og_title":"Instagram'da Toplu Foto\u011fraf Silme Nas\u0131l Yap\u0131l\u0131r? | Instatakipci","og_description":"Instagram toplu foto\u011fraf silme i\u015flemi nas\u0131l yap\u0131l\u0131r? sizler i\u00e7in video+g\u00f6rsel anlat\u0131m olarak anlatmaya \u00e7al\u0131\u015ft\u0131k. T\u0131kla ve \u00f6\u011fren!","og_url":"https:\/\/www.fenomist.com\/blog\/instagram-toplu-fotograf-silme","og_site_name":"Instagram Takip\u00e7i Blog - Son Dakika Haberler","article_publisher":"https:\/\/www.facebook.com\/fenomist","article_published_time":"2020-08-14T13:24:22+00:00","article_modified_time":"2023-07-17T13:36:11+00:00","og_image":[{"width":960,"height":640,"url":"https:\/\/www.fenomist.com\/blog\/wp-content\/uploads\/instagram-toplu-fotograf-silme.webp","type":"image\/webp"}],"author":"Enes Bulut","twitter_card":"summary_large_image","twitter_creator":"@bulut_enesss","twitter_site":"@smipuclari","twitter_misc":{"Yazan:":"Enes Bulut","Tahmini okuma s\u00fcresi":"4 dakika"},"schema":{"@context":"https:\/\/schema.org","@graph":[{"@type":"Article","@id":"https:\/\/www.fenomist.com\/blog\/instagram-toplu-fotograf-silme#article","isPartOf":{"@id":"https:\/\/www.fenomist.com\/blog\/instagram-toplu-fotograf-silme"},"author":{"name":"Enes Bulut","@id":"https:\/\/www.fenomist.com\/blog\/#\/schema\/person\/235d54527608230f6c9e9d95b6d15f99"},"headline":"Instagram Toplu Foto\u011fraf Silme Nas\u0131l Yap\u0131l\u0131r?","datePublished":"2020-08-14T13:24:22+00:00","dateModified":"2023-07-17T13:36:11+00:00","mainEntityOfPage":{"@id":"https:\/\/www.fenomist.com\/blog\/instagram-toplu-fotograf-silme"},"wordCount":840,"commentCount":4,"publisher":{"@id":"https:\/\/www.fenomist.com\/blog\/#organization"},"image":{"@id":"https:\/\/www.fenomist.com\/blog\/instagram-toplu-fotograf-silme#primaryimage"},"thumbnailUrl":"https:\/\/www.fenomist.com\/blog\/wp-content\/uploads\/instagram-toplu-fotograf-silme.webp","articleSection":["Instagram Destek"],"inLanguage":"tr","potentialAction":[{"@type":"CommentAction","name":"Comment","target":["https:\/\/www.fenomist.com\/blog\/instagram-toplu-fotograf-silme#respond"]}]},{"@type":["WebPage","FAQPage"],"@id":"https:\/\/www.fenomist.com\/blog\/instagram-toplu-fotograf-silme","url":"https:\/\/www.fenomist.com\/blog\/instagram-toplu-fotograf-silme","name":"Instagram'da Toplu Foto\u011fraf Silme Nas\u0131l Yap\u0131l\u0131r? | Instatakipci","isPartOf":{"@id":"https:\/\/www.fenomist.com\/blog\/#website"},"primaryImageOfPage":{"@id":"https:\/\/www.fenomist.com\/blog\/instagram-toplu-fotograf-silme#primaryimage"},"image":{"@id":"https:\/\/www.fenomist.com\/blog\/instagram-toplu-fotograf-silme#primaryimage"},"thumbnailUrl":"https:\/\/www.fenomist.com\/blog\/wp-content\/uploads\/instagram-toplu-fotograf-silme.webp","datePublished":"2020-08-14T13:24:22+00:00","dateModified":"2023-07-17T13:36:11+00:00","description":"Instagram toplu foto\u011fraf silme i\u015flemi nas\u0131l yap\u0131l\u0131r? sizler i\u00e7in video+g\u00f6rsel anlat\u0131m olarak anlatmaya \u00e7al\u0131\u015ft\u0131k. T\u0131kla ve \u00f6\u011fren!","breadcrumb":{"@id":"https:\/\/www.fenomist.com\/blog\/instagram-toplu-fotograf-silme#breadcrumb"},"mainEntity":[{"@id":"https:\/\/www.fenomist.com\/blog\/instagram-toplu-fotograf-silme#faq-question-1597402691607"},{"@id":"https:\/\/www.fenomist.com\/blog\/instagram-toplu-fotograf-silme#faq-question-1597402693360"},{"@id":"https:\/\/www.fenomist.com\/blog\/instagram-toplu-fotograf-silme#faq-question-1597402693759"},{"@id":"https:\/\/www.fenomist.com\/blog\/instagram-toplu-fotograf-silme#faq-question-1630917098932"},{"@id":"https:\/\/www.fenomist.com\/blog\/instagram-toplu-fotograf-silme#faq-question-1630917164063"}],"inLanguage":"tr","potentialAction":[{"@type":"ReadAction","target":["https:\/\/www.fenomist.com\/blog\/instagram-toplu-fotograf-silme"]}]},{"@type":"ImageObject","inLanguage":"tr","@id":"https:\/\/www.fenomist.com\/blog\/instagram-toplu-fotograf-silme#primaryimage","url":"https:\/\/www.fenomist.com\/blog\/wp-content\/uploads\/instagram-toplu-fotograf-silme.webp","contentUrl":"https:\/\/www.fenomist.com\/blog\/wp-content\/uploads\/instagram-toplu-fotograf-silme.webp","width":960,"height":640,"caption":"instagram toplu foto\u011fraf silme"},{"@type":"BreadcrumbList","@id":"https:\/\/www.fenomist.com\/blog\/instagram-toplu-fotograf-silme#breadcrumb","itemListElement":[{"@type":"ListItem","position":1,"name":"Ana sayfa","item":"https:\/\/www.fenomist.com\/blog"},{"@type":"ListItem","position":2,"name":"Instagram Destek","item":"https:\/\/www.fenomist.com\/blog\/instagram-destek"},{"@type":"ListItem","position":3,"name":"Instagram Toplu Foto\u011fraf Silme Nas\u0131l Yap\u0131l\u0131r?"}]},{"@type":"WebSite","@id":"https:\/\/www.fenomist.com\/blog\/#website","url":"https:\/\/www.fenomist.com\/blog\/","name":"Sosyal Medya Haberleri - Son Dakika","description":"Sosyal Medya Haberleri - Son Dakika","publisher":{"@id":"https:\/\/www.fenomist.com\/blog\/#organization"},"alternateName":"fenomist.com","potentialAction":[{"@type":"SearchAction","target":{"@type":"EntryPoint","urlTemplate":"https:\/\/www.fenomist.com\/blog\/?s={search_term_string}"},"query-input":{"@type":"PropertyValueSpecification","valueRequired":true,"valueName":"search_term_string"}}],"inLanguage":"tr"},{"@type":"Organization","@id":"https:\/\/www.fenomist.com\/blog\/#organization","name":"Fenomist","alternateName":"fenomist.com","url":"https:\/\/www.fenomist.com\/blog\/","logo":{"@type":"ImageObject","inLanguage":"tr","@id":"https:\/\/www.fenomist.com\/blog\/#\/schema\/logo\/image\/","url":"https:\/\/www.fenomist.com\/blog\/wp-content\/uploads\/instagram-takipci-satin-al-blog.svg","contentUrl":"https:\/\/www.fenomist.com\/blog\/wp-content\/uploads\/instagram-takipci-satin-al-blog.svg","caption":"Fenomist"},"image":{"@id":"https:\/\/www.fenomist.com\/blog\/#\/schema\/logo\/image\/"},"sameAs":["https:\/\/www.facebook.com\/fenomist","https:\/\/x.com\/smipuclari","https:\/\/www.instagram.com\/sosyal_fabrika\/","https:\/\/tr.linkedin.com\/in\/instatakipcicom","https:\/\/myspace.com\/instatakipci22","https:\/\/fi.pinterest.com\/instatakipcisosyal\/","https:\/\/www.youtube.com\/instatakipcicom"]},{"@type":"Person","@id":"https:\/\/www.fenomist.com\/blog\/#\/schema\/person\/235d54527608230f6c9e9d95b6d15f99","name":"Enes Bulut","image":{"@type":"ImageObject","inLanguage":"tr","@id":"https:\/\/www.fenomist.com\/blog\/#\/schema\/person\/image\/","url":"https:\/\/www.fenomist.com\/blog\/wp-content\/uploads\/enes-bulut-96x96.webp","contentUrl":"https:\/\/www.fenomist.com\/blog\/wp-content\/uploads\/enes-bulut-96x96.webp","caption":"Enes Bulut"},"description":"Ben Enes Bulut, 2014 y\u0131l\u0131nda Yeditepe \u00dcniversitesi Reklamc\u0131l\u0131k b\u00f6l\u00fcm\u00fcn\u00fc tamamlad\u0131ktan sonra \u0130\u00e7erik Yazarl\u0131\u011f\u0131 ve Edit\u00f6rl\u00fck alan\u0131na y\u00f6neldim. Bu alanda yakla\u015f\u0131k 6 y\u0131ld\u0131r fenomist.com b\u00fcnyesinde \u00e7al\u0131\u015f\u0131yorum. Sosyal medya ve dijital pazarlama uzmanl\u0131k alan\u0131m olmak \u00fczere bir\u00e7ok konuda \u00f6zg\u00fcn ve \u00f6zel i\u00e7erikler haz\u0131rl\u0131yorum.","sameAs":["https:\/\/www.fenomist.com\/blog\/author\/enesbulut","https:\/\/x.com\/bulut_enesss"],"url":"https:\/\/www.fenomist.com\/blog\/author\/enesbulut"},{"@type":"Question","@id":"https:\/\/www.fenomist.com\/blog\/instagram-toplu-fotograf-silme#faq-question-1597402691607","position":1,"url":"https:\/\/www.fenomist.com\/blog\/instagram-toplu-fotograf-silme#faq-question-1597402691607","name":"Instagram Ar\u015fiv Nedir?","answerCount":1,"acceptedAnswer":{"@type":"Answer","text":"Instagram ar\u015fiv, profilinizde yer alan ama bir s\u00fcre i\u00e7in kald\u0131rmak istedi\u011finiz foto\u011fraflar\u0131n\u0131z\u0131n yer alaca\u011f\u0131 bir \u00f6zelliktir. Foto\u011fraflar\u0131n\u0131z\u0131 silmeden ar\u015five kald\u0131rabilir ve istedi\u011finiz zaman tekrar y\u00fckleyebilirsiniz.","inLanguage":"tr"},"inLanguage":"tr"},{"@type":"Question","@id":"https:\/\/www.fenomist.com\/blog\/instagram-toplu-fotograf-silme#faq-question-1597402693360","position":2,"url":"https:\/\/www.fenomist.com\/blog\/instagram-toplu-fotograf-silme#faq-question-1597402693360","name":"Instagram Hesab\u0131m\u0131 Silersem Foto\u011fraflar\u0131m Ne Olur?","answerCount":1,"acceptedAnswer":{"@type":"Answer","text":"Instagram hesab\u0131n\u0131z\u0131 silmeniz durumunda t\u00fcm bilgileriniz kal\u0131c\u0131 olarak yok olacakt\u0131r. Silme i\u015flemi yapmadan \u00f6nce i\u00e7eriklerinizi indirmeyi deneyiniz.","inLanguage":"tr"},"inLanguage":"tr"},{"@type":"Question","@id":"https:\/\/www.fenomist.com\/blog\/instagram-toplu-fotograf-silme#faq-question-1597402693759","position":3,"url":"https:\/\/www.fenomist.com\/blog\/instagram-toplu-fotograf-silme#faq-question-1597402693759","name":"Instagram Foto\u011fraf S\u0131n\u0131r\u0131 Var m\u0131?","answerCount":1,"acceptedAnswer":{"@type":"Answer","text":"Instagram profillerinizde payla\u015fmak i\u00e7in uyman\u0131z gereken bir s\u0131n\u0131r yoktur. Bundan dolay\u0131 istedi\u011finiz kadar foto\u011fraf\u0131 profillerinizde payla\u015fabilirsiniz.","inLanguage":"tr"},"inLanguage":"tr"},{"@type":"Question","@id":"https:\/\/www.fenomist.com\/blog\/instagram-toplu-fotograf-silme#faq-question-1630917098932","position":4,"url":"https:\/\/www.fenomist.com\/blog\/instagram-toplu-fotograf-silme#faq-question-1630917098932","name":"Instagram Payla\u015f\u0131mlar\u0131m\u0131 Toplu Silmek \u0130\u00e7in Ne Yapmal\u0131y\u0131m?","answerCount":1,"acceptedAnswer":{"@type":"Answer","text":"Payla\u015f\u0131mlar\u0131n\u0131z\u0131 toplu bir \u015fekilde silmek i\u00e7in Cleaner for Instagram uygulamas\u0131ndan yararlanabilirsiniz.","inLanguage":"tr"},"inLanguage":"tr"},{"@type":"Question","@id":"https:\/\/www.fenomist.com\/blog\/instagram-toplu-fotograf-silme#faq-question-1630917164063","position":5,"url":"https:\/\/www.fenomist.com\/blog\/instagram-toplu-fotograf-silme#faq-question-1630917164063","name":"Instagram'da Toplu Foto\u011fraf Silmek Uygulamas\u0131z Yap\u0131labilir mi?","answerCount":1,"acceptedAnswer":{"@type":"Answer","text":"Maalesef, bu \u00f6zellik Instagram'da mevcut de\u011fil. Bundan dolay\u0131 uygulama olmadan bu i\u015flemi ger\u00e7ekle\u015ftiremezsiniz.","inLanguage":"tr"},"inLanguage":"tr"}]}},"_links":{"self":[{"href":"https:\/\/www.fenomist.com\/blog\/wp-json\/wp\/v2\/posts\/23546","targetHints":{"allow":["GET"]}}],"collection":[{"href":"https:\/\/www.fenomist.com\/blog\/wp-json\/wp\/v2\/posts"}],"about":[{"href":"https:\/\/www.fenomist.com\/blog\/wp-json\/wp\/v2\/types\/post"}],"author":[{"embeddable":true,"href":"https:\/\/www.fenomist.com\/blog\/wp-json\/wp\/v2\/users\/1"}],"replies":[{"embeddable":true,"href":"https:\/\/www.fenomist.com\/blog\/wp-json\/wp\/v2\/comments?post=23546"}],"version-history":[{"count":8,"href":"https:\/\/www.fenomist.com\/blog\/wp-json\/wp\/v2\/posts\/23546\/revisions"}],"predecessor-version":[{"id":42922,"href":"https:\/\/www.fenomist.com\/blog\/wp-json\/wp\/v2\/posts\/23546\/revisions\/42922"}],"wp:featuredmedia":[{"embeddable":true,"href":"https:\/\/www.fenomist.com\/blog\/wp-json\/wp\/v2\/media\/36514"}],"wp:attachment":[{"href":"https:\/\/www.fenomist.com\/blog\/wp-json\/wp\/v2\/media?parent=23546"}],"wp:term":[{"taxonomy":"category","embeddable":true,"href":"https:\/\/www.fenomist.com\/blog\/wp-json\/wp\/v2\/categories?post=23546"},{"taxonomy":"post_tag","embeddable":true,"href":"https:\/\/www.fenomist.com\/blog\/wp-json\/wp\/v2\/tags?post=23546"}],"curies":[{"name":"wp","href":"https:\/\/api.w.org\/{rel}","templated":true}]}}