{"id":2484,"date":"2016-07-14T21:16:57","date_gmt":"2016-07-14T18:16:57","guid":{"rendered":"https:\/\/www.instatakipci.com\/blog\/?p=2484"},"modified":"2025-04-04T15:58:24","modified_gmt":"2025-04-04T12:58:24","slug":"instagrama-bir-guncelleme-daha-geldi","status":"publish","type":"post","link":"https:\/\/www.fenomist.com\/blog\/instagrama-bir-guncelleme-daha-geldi","title":{"rendered":"Instagram Yeni G\u00fcncelleme&#8217;nin T\u00fcm Detaylar\u0131"},"content":{"rendered":"\n<p>Instagram yeni g\u00fcncelleme yay\u0131nlad\u0131! Uygulama i\u00e7in <strong>yeni s\u00fcr\u00fcm <\/strong>d\u00f6nemi ba\u015flatan <strong>Instagram<\/strong> \u00f6zellikle son d\u00f6nemde ard\u0131 ard\u0131na yeni g\u00fcncellemeler de yay\u0131nlamaya ba\u015flam\u0131\u015ft\u0131. Tasar\u0131mda ya\u015fanan de\u011fi\u015fimler daha sonra mesajla\u015fma ve payla\u015f\u0131m alan\u0131n da gelen yenilikler derken \u015fimdilerde ise <strong>Instagram<\/strong> yepyeni bir g\u00fcncellemeyle g\u00fcndeme gelmeye ba\u015flad\u0131.<\/p><div id=\"ez-toc-container\" class=\"ez-toc-v2_0_79_2 counter-hierarchy ez-toc-counter ez-toc-grey ez-toc-container-direction\">\n<div class=\"ez-toc-title-container\">\n<p class=\"ez-toc-title\" style=\"cursor:inherit\">\u0130\u00e7indekiler<\/p>\n<span class=\"ez-toc-title-toggle\"><a href=\"#\" class=\"ez-toc-pull-right ez-toc-btn ez-toc-btn-xs ez-toc-btn-default ez-toc-toggle\" aria-label=\"Toggle Table of Content\"><span class=\"ez-toc-js-icon-con\"><span class=\"\"><span class=\"eztoc-hide\" style=\"display:none;\">Toggle<\/span><span class=\"ez-toc-icon-toggle-span\"><svg style=\"fill: #999;color:#999\" xmlns=\"http:\/\/www.w3.org\/2000\/svg\" class=\"list-377408\" width=\"20px\" height=\"20px\" viewBox=\"0 0 24 24\" fill=\"none\"><path d=\"M6 6H4v2h2V6zm14 0H8v2h12V6zM4 11h2v2H4v-2zm16 0H8v2h12v-2zM4 16h2v2H4v-2zm16 0H8v2h12v-2z\" fill=\"currentColor\"><\/path><\/svg><svg style=\"fill: #999;color:#999\" class=\"arrow-unsorted-368013\" xmlns=\"http:\/\/www.w3.org\/2000\/svg\" width=\"10px\" height=\"10px\" viewBox=\"0 0 24 24\" version=\"1.2\" baseProfile=\"tiny\"><path d=\"M18.2 9.3l-6.2-6.3-6.2 6.3c-.2.2-.3.4-.3.7s.1.5.3.7c.2.2.4.3.7.3h11c.3 0 .5-.1.7-.3.2-.2.3-.5.3-.7s-.1-.5-.3-.7zM5.8 14.7l6.2 6.3 6.2-6.3c.2-.2.3-.5.3-.7s-.1-.5-.3-.7c-.2-.2-.4-.3-.7-.3h-11c-.3 0-.5.1-.7.3-.2.2-.3.5-.3.7s.1.5.3.7z\"\/><\/svg><\/span><\/span><\/span><\/a><\/span><\/div>\n<nav><ul class='ez-toc-list ez-toc-list-level-1 ' ><li class='ez-toc-page-1 ez-toc-heading-level-2'><a class=\"ez-toc-link ez-toc-heading-1\" href=\"https:\/\/www.fenomist.com\/blog\/instagrama-bir-guncelleme-daha-geldi\/#Suan_Sadece_iOS_Icin_Yayinlandi\" >\u015euan Sadece iOS \u0130\u00e7in Yay\u0131nland\u0131<\/a><ul class='ez-toc-list-level-3' ><li class='ez-toc-heading-level-3'><a class=\"ez-toc-link ez-toc-heading-2\" href=\"https:\/\/www.fenomist.com\/blog\/instagrama-bir-guncelleme-daha-geldi\/#Instagram_Taslak_Olarak_Kaydet\" >Instagram Taslak Olarak Kaydet<\/a><\/li><li class='ez-toc-page-1 ez-toc-heading-level-3'><a class=\"ez-toc-link ez-toc-heading-3\" href=\"https:\/\/www.fenomist.com\/blog\/instagrama-bir-guncelleme-daha-geldi\/#Snapchat_ve_Instagram_Yarisi\" >Snapchat ve Instagram Yar\u0131\u015f\u0131<\/a><\/li><li class='ez-toc-page-1 ez-toc-heading-level-3'><a class=\"ez-toc-link ez-toc-heading-4\" href=\"https:\/\/www.fenomist.com\/blog\/instagrama-bir-guncelleme-daha-geldi\/#Resimlerin_Hikayesi_Ozelligi\" >Resimlerin Hikayesi \u00d6zelli\u011fi<\/a><\/li><li class='ez-toc-page-1 ez-toc-heading-level-3'><a class=\"ez-toc-link ez-toc-heading-5\" href=\"https:\/\/www.fenomist.com\/blog\/instagrama-bir-guncelleme-daha-geldi\/#Hikaye_Onerileri_Guncellemesi\" >Hikaye \u00d6nerileri G\u00fcncellemesi<\/a><\/li><li class='ez-toc-page-1 ez-toc-heading-level-3'><a class=\"ez-toc-link ez-toc-heading-6\" href=\"https:\/\/www.fenomist.com\/blog\/instagrama-bir-guncelleme-daha-geldi\/#Zoom_Guncellemesi\" >Zoom G\u00fcncellemesi<\/a><\/li><li class='ez-toc-page-1 ez-toc-heading-level-3'><a class=\"ez-toc-link ez-toc-heading-7\" href=\"https:\/\/www.fenomist.com\/blog\/instagrama-bir-guncelleme-daha-geldi\/#Yorum_Engeli_Ozelligi\" >Yorum Engeli \u00d6zelli\u011fi<\/a><\/li><li class='ez-toc-page-1 ez-toc-heading-level-3'><a class=\"ez-toc-link ez-toc-heading-8\" href=\"https:\/\/www.fenomist.com\/blog\/instagrama-bir-guncelleme-daha-geldi\/#Yayinlanan_Diger_Guncellestirmeler\" >Yay\u0131nlanan Di\u011fer G\u00fcncelle\u015ftirmeler<\/a><\/li><li class='ez-toc-page-1 ez-toc-heading-level-3'><a class=\"ez-toc-link ez-toc-heading-9\" href=\"https:\/\/www.fenomist.com\/blog\/instagrama-bir-guncelleme-daha-geldi\/#Resimlerin_Paylasim_Sorunu\" >Resimlerin Payla\u015f\u0131m Sorunu<\/a><\/li><li class='ez-toc-page-1 ez-toc-heading-level-3'><a class=\"ez-toc-link ez-toc-heading-10\" href=\"https:\/\/www.fenomist.com\/blog\/instagrama-bir-guncelleme-daha-geldi\/#Boomerang_Uygulamasinin_Kullanilmamasi\" >Boomerang Uygulamas\u0131n\u0131n Kullan\u0131lmamas\u0131<\/a><\/li><li class='ez-toc-page-1 ez-toc-heading-level-3'><a class=\"ez-toc-link ez-toc-heading-11\" href=\"https:\/\/www.fenomist.com\/blog\/instagrama-bir-guncelleme-daha-geldi\/#Donma_Sorunlari\" >Donma Sorunlar\u0131<\/a><\/li><li class='ez-toc-page-1 ez-toc-heading-level-3'><a class=\"ez-toc-link ez-toc-heading-12\" href=\"https:\/\/www.fenomist.com\/blog\/instagrama-bir-guncelleme-daha-geldi\/#Instagram_75\" >Instagram 7.5<\/a><\/li><li class='ez-toc-page-1 ez-toc-heading-level-3'><a class=\"ez-toc-link ez-toc-heading-13\" href=\"https:\/\/www.fenomist.com\/blog\/instagrama-bir-guncelleme-daha-geldi\/#Yeni_Guncelleme\" >Yeni G\u00fcncelleme<\/a><\/li><li class='ez-toc-page-1 ez-toc-heading-level-3'><a class=\"ez-toc-link ez-toc-heading-14\" href=\"https:\/\/www.fenomist.com\/blog\/instagrama-bir-guncelleme-daha-geldi\/#Room\" >Room<\/a><ul class='ez-toc-list-level-5' ><li class='ez-toc-heading-level-5'><ul class='ez-toc-list-level-5' ><li class='ez-toc-heading-level-5'><a class=\"ez-toc-link ez-toc-heading-15\" href=\"https:\/\/www.fenomist.com\/blog\/instagrama-bir-guncelleme-daha-geldi\/#Snapchat_Uzerinden_Instagram\" >Snapchat \u00dczerinden Instagram<\/a><\/li><\/ul><\/li><\/ul><\/li><\/ul><\/li><li class='ez-toc-page-1 ez-toc-heading-level-2'><a class=\"ez-toc-link ez-toc-heading-16\" href=\"https:\/\/www.fenomist.com\/blog\/instagrama-bir-guncelleme-daha-geldi\/#Instagramin_Yeni_Kararlari\" >Instagram&#8217;\u0131n Yeni Kararlar\u0131<\/a><ul class='ez-toc-list-level-3' ><li class='ez-toc-heading-level-3'><a class=\"ez-toc-link ez-toc-heading-17\" href=\"https:\/\/www.fenomist.com\/blog\/instagrama-bir-guncelleme-daha-geldi\/#Bu_makale_faydali_miydi\" >Bu makale faydal\u0131 m\u0131yd\u0131?<\/a><\/li><\/ul><\/li><li class='ez-toc-page-1 ez-toc-heading-level-2'><a class=\"ez-toc-link ez-toc-heading-18\" href=\"https:\/\/www.fenomist.com\/blog\/instagrama-bir-guncelleme-daha-geldi\/#Hakkinda_Sikca_Sorulan_Sorular\" >Hakk\u0131nda S\u0131k\u00e7a Sorulan Sorular<\/a><\/li><\/ul><\/nav><\/div>\n\n\n\n\n<p>Asl\u0131nda s\u00f6z konusu g\u00fcncelleme yakla\u015f\u0131k 2 ay \u00f6ncesinden duyurulmu\u015ftu. Fakat g\u00fcncelle\u015ftirme \u00fczerinde yap\u0131lan de\u011fi\u015fiklikler nedeniyle g\u00fcncelleme bu zamana kadar bekletilmi\u015fti. Beklenen g\u00fcncelleme ise sonunda hayata ge\u00e7irildi.<\/p>\n\n\n\n<figure class=\"wp-block-embed is-type-video is-provider-youtube wp-block-embed-youtube wp-embed-aspect-16-9 wp-has-aspect-ratio\"><div class=\"wp-block-embed__wrapper\">\n<iframe title=\"Instagram&#039;da DE\u011e\u0130\u015e\u0130M! Yeni Gelen ve Gelecek \u00d6zellikler\" width=\"640\" height=\"360\" src=\"https:\/\/www.youtube.com\/embed\/KrJNZRlKlxU?feature=oembed\" frameborder=\"0\" allow=\"accelerometer; autoplay; clipboard-write; encrypted-media; gyroscope; picture-in-picture; web-share\" referrerpolicy=\"strict-origin-when-cross-origin\" allowfullscreen><\/iframe><script type=\"application\/ld+json\">\n    {\n      \"@context\": \"https:\/\/schema.org\",\n      \"@type\": \"VideoObject\",\n      \"name\": \"Instagram&#039;da DE\u011e\u0130\u015e\u0130M! Yeni Gelen ve Gelecek \u00d6zellikler\",\n      \"description\": \"Instagram Yeni G\u00fcncelleme&#8217;nin T\u00fcm Detaylar\u0131\",\n      \"thumbnailUrl\": \"https:\/\/i.ytimg.com\/vi_webp\/KrJNZRlKlxU\/mqdefault.webp\",\n      \"embedUrl\": \"https:\/\/www.youtube.com\/embed\/KrJNZRlKlxU?feature=oembed\",\n      \"uploadDate\": \"April 04, 2025 12:58 pm\"\n    }\n    <\/script>\n<\/div><\/figure>\n\n\n\n<h2 class=\"wp-block-heading\"><span class=\"ez-toc-section\" id=\"Suan_Sadece_iOS_Icin_Yayinlandi\"><\/span>\u015euan Sadece iOS \u0130\u00e7in Yay\u0131nland\u0131<span class=\"ez-toc-section-end\"><\/span><\/h2>\n\n\n\n<p><strong>Yeni g\u00fcncelleme<\/strong> \u015fimdilik sadece <strong>iOS<\/strong> platformu i\u00e7in yay\u0131nland\u0131. Yay\u0131nlanan yeni g\u00fcncellemeyle beraber de\u011fi\u015fen en b\u00fcy\u00fck \u00f6zelli\u011fin ise \u201c<strong>\u0130leti\u015fime ge\u00e7<\/strong>\u201d butonu oldu\u011funu da belirtelim. Profil sekmesinin yan\u0131nda yer alacak olan yeni buton sayesinde <a href=\"https:\/\/www.fenomist.com\/\">takip\u00e7iler<\/a> kullan\u0131c\u0131yla do\u011frudan ileti\u015fime ge\u00e7ebilecek. Bunun i\u00e7in ekstra bir men\u00fcye girmeye de gerek kalmayacak. Sadece butona basarak kullan\u0131c\u0131 ile ileti\u015fime ge\u00e7mek m\u00fcmk\u00fcn hale getirildi.<\/p>\n\n\n\n<p>Bunun d\u0131\u015f\u0131nda veri ve analiz sistemlerini de Instagram\u2019a ekleyecek olan g\u00fcncellemenin hala belli b\u00f6lgeler i\u00e7in yay\u0131nlanmad\u0131\u011f\u0131n\u0131 da belirtelim. \u015euan i\u00e7in belli b\u00f6lgelere yay\u0131n\u0131 yap\u0131lmayan g\u00fcncellemenin sadece birka\u00e7 g\u00fcn i\u00e7erisinde t\u00fcm b\u00f6lgeler i\u00e7in yay\u0131nlanaca\u011f\u0131n\u0131n da haberi verildi. <strong>Android<\/strong> sistemler i\u00e7in s\u00f6z konusu g\u00fcncellemenin gelip gelmeyece\u011fi konusunda da \u015fuan i\u00e7in net bir a\u00e7\u0131klama olmad\u0131\u011f\u0131n\u0131 belirtelim. <a href=\"https:\/\/www.fenomist.com\/blog\/instagram-guncelleme-nasil-yapilir\" target=\"_blank\" rel=\"noopener\">\u0130nstagram g\u00fcncelleme nas\u0131l yap\u0131l\u0131r<\/a> yaz\u0131m\u0131z ile her gelen g\u00fcncelleme i\u00e7in nas\u0131l bir yol izlemeniz gerekti\u011fini \u00f6\u011frenebilirsiniz.<\/p>\n\n\n<div class=\"bestSellListContainer bestByProduct price w-100\">\n    <div class=\"bestSellList best-card\">\n        <div class=\"bestSell-list bestsell nowrap slick-initialized slick-slider\" data-slide=\"12\">\n            <div class=\"slick-list swiper best-product-slider draggable\">\n                <div class=\"slick-track swiper-wrapper\">\n<div class=\"slide swiper-slide slick-slide\" data-slick-index=\"3\"\n     aria-hidden=\"true\"\n     tabindex=\"-1\">\n    <div class=\"card border-bestSell\">\n        <a href=\"https:\/\/www.fenomist.com\/instagram-turk-takipci?amount=2500&ps4\" class=\"stretched-link blog-product-slider\" target=\"_blank\"\n           tabindex=\"-1\"><\/a>\n        <div class=\"card-header btn-like-color btn-like-bg-color\">\n           <img decoding=\"async\" src=\"https:\/\/www.fenomist.com\/blog\/wp-content\/uploads\/instagram-takipci-slide.webp\" width=\"64\" height=\"64\">\n        <\/div>\n        <div class=\"card-body\">\n            <div class=\"best-name btn-like-color\">Instagram Takip\u00e7i<\/div>\n            <div class=\"best-amount\">2.500<\/div>\n            <hr class=\"border-like\">\n        <\/div>\n        <div class=\"card-footer\">\n            <div class='best-discount'>%36 Discounted<\/div>            <div>\n                <p class='pricesClass pricesOld'> 625\u20ba <\/p>                <p class=\"h4 text-black\">397.25\u20ba<\/p>\n            <\/div>\n            <input type=\"button\" value=\"Buy Now\" class=\"btn-primary btn\">\n        <\/div>\n    <\/div>\n<\/div>\n<div class=\"slide swiper-slide slick-slide\" data-slick-index=\"3\"\n     aria-hidden=\"true\"\n     tabindex=\"-1\">\n    <div class=\"card border-bestSell\">\n        <a href=\"https:\/\/www.fenomist.com\/instagram-begeni-satin-al?amount=250&ps4\" class=\"stretched-link blog-product-slider\" target=\"_blank\"\n           tabindex=\"-1\"><\/a>\n        <div class=\"card-header btn-like-color btn-like-bg-color\">\n           <img decoding=\"async\" src=\"https:\/\/www.fenomist.com\/blog\/wp-content\/uploads\/instagram-begeni-slide.webp\" width=\"64\" height=\"64\">\n        <\/div>\n        <div class=\"card-body\">\n            <div class=\"best-name btn-like-color\">Instagram Be\u011feni<\/div>\n            <div class=\"best-amount\">250<\/div>\n            <hr class=\"border-like\">\n        <\/div>\n        <div class=\"card-footer\">\n            <div class='best-discount'>%40 Discounted<\/div>            <div>\n                <p class='pricesClass pricesOld'> 34.38\u20ba <\/p>                <p class=\"h4 text-black\">20.75\u20ba<\/p>\n            <\/div>\n            <input type=\"button\" value=\"Buy Now\" class=\"btn-primary btn\">\n        <\/div>\n    <\/div>\n<\/div>\n<div class=\"slide swiper-slide slick-slide\" data-slick-index=\"3\"\n     aria-hidden=\"true\"\n     tabindex=\"-1\">\n    <div class=\"card border-bestSell\">\n        <a href=\"https:\/\/www.fenomist.com\/tiktok-takipci-satin-al?amount=2500&ps4\" class=\"stretched-link blog-product-slider\" target=\"_blank\"\n           tabindex=\"-1\"><\/a>\n        <div class=\"card-header btn-like-color btn-like-bg-color\">\n           <img decoding=\"async\" src=\"https:\/\/www.fenomist.com\/blog\/wp-content\/uploads\/tiktok-begeni-slide.webp\" width=\"64\" height=\"64\">\n        <\/div>\n        <div class=\"card-body\">\n            <div class=\"best-name btn-like-color\">TikTok Takip\u00e7i<\/div>\n            <div class=\"best-amount\">2.500<\/div>\n            <hr class=\"border-like\">\n        <\/div>\n        <div class=\"card-footer\">\n            <div class='best-discount'>%65 Discounted<\/div>            <div>\n                <p class='pricesClass pricesOld'> 750\u20ba <\/p>                <p class=\"h4 text-black\">262.5\u20ba<\/p>\n            <\/div>\n            <input type=\"button\" value=\"Buy Now\" class=\"btn-primary btn\">\n        <\/div>\n    <\/div>\n<\/div>\n<div class=\"slide swiper-slide slick-slide\" data-slick-index=\"3\"\n     aria-hidden=\"true\"\n     tabindex=\"-1\">\n    <div class=\"card border-bestSell\">\n        <a href=\"https:\/\/www.fenomist.com\/tiktok-begeni-satin-al?amount=100&ps4\" class=\"stretched-link blog-product-slider\" target=\"_blank\"\n           tabindex=\"-1\"><\/a>\n        <div class=\"card-header btn-like-color btn-like-bg-color\">\n           <img decoding=\"async\" src=\"https:\/\/www.fenomist.com\/blog\/wp-content\/uploads\/tiktok-begeni-slide.webp\" width=\"64\" height=\"64\">\n        <\/div>\n        <div class=\"card-body\">\n            <div class=\"best-name btn-like-color\">TikTok Be\u011feni<\/div>\n            <div class=\"best-amount\">100<\/div>\n            <hr class=\"border-like\">\n        <\/div>\n        <div class=\"card-footer\">\n            <div class='best-discount'>%20 Discounted<\/div>            <div>\n                <p class='pricesClass pricesOld'> 19.9\u20ba <\/p>                <p class=\"h4 text-black\">15.99\u20ba<\/p>\n            <\/div>\n            <input type=\"button\" value=\"Buy Now\" class=\"btn-primary btn\">\n        <\/div>\n    <\/div>\n<\/div>\n<div class=\"slide swiper-slide slick-slide\" data-slick-index=\"3\"\n     aria-hidden=\"true\"\n     tabindex=\"-1\">\n    <div class=\"card border-bestSell\">\n        <a href=\"https:\/\/www.fenomist.com\/instagram-yorum-satin-al?amount=10&ps4\" class=\"stretched-link blog-product-slider\" target=\"_blank\"\n           tabindex=\"-1\"><\/a>\n        <div class=\"card-header btn-like-color btn-like-bg-color\">\n           <img decoding=\"async\" src=\"https:\/\/www.fenomist.com\/blog\/wp-content\/uploads\/instagram-takipci-slide.webp\" width=\"64\" height=\"64\">\n        <\/div>\n        <div class=\"card-body\">\n            <div class=\"best-name btn-like-color\">Instagram Yorum<\/div>\n            <div class=\"best-amount\">10<\/div>\n            <hr class=\"border-like\">\n        <\/div>\n        <div class=\"card-footer\">\n            <div class='best-discount'>%4 Discounted<\/div>            <div>\n                <p class='pricesClass pricesOld'> 30.08\u20ba <\/p>                <p class=\"h4 text-black\">28.85\u20ba<\/p>\n            <\/div>\n            <input type=\"button\" value=\"Buy Now\" class=\"btn-primary btn\">\n        <\/div>\n    <\/div>\n<\/div>\n<\/div>\n<div class=\"custom-pagination swiper-pagination\"><\/div>\n<\/div>\n<\/div>\n<\/div>\n<\/div>\n\n\n\n\n\n<h3 class=\"wp-block-heading\"><span class=\"ez-toc-section\" id=\"Instagram_Taslak_Olarak_Kaydet\"><\/span>Instagram Taslak Olarak Kaydet<span class=\"ez-toc-section-end\"><\/span><\/h3>\n\n\n\n<p>Snapchat uygulamas\u0131yla beraber girdi\u011fi yar\u0131\u015fta \u00f6ne ge\u00e7mek ve yerini korumak i\u00e7in s\u00fcrekli olarak yeni g\u00fcncellemeler yay\u0131nlamaya ba\u015flayan Instagram, t\u00fcm bu g\u00fcncellemelerinde son d\u00f6nemde art\u0131k kullan\u0131c\u0131lar\u0131n istekleri \u00fczerine \u00e7al\u0131\u015fmalar yapmaya ba\u015flad\u0131. Kullan\u0131c\u0131lardan gelen isteklere g\u00f6re yeni <strong>\u0131nstagram g\u00fcncelleme <\/strong>yay\u0131nlayarak kullan\u0131c\u0131lar\u0131n ilgisini de canl\u0131 tutmak isteyen Instagram son olarak ise taslak olarak kaydet g\u00fcncellemesini duyurmu\u015ftu.<\/p>\n\n\n\n<p>A\u011fustos ay\u0131nda yap\u0131lan duyuru ile beraber kullan\u0131c\u0131lar\u0131n art\u0131k resimlerini d\u00fczenledikleri an yay\u0131nlamalar\u0131na gerek kalmayaca\u011f\u0131 da belirtilmi\u015fti. Zira s\u00f6z konusu g\u00fcncelleme ile beraber art\u0131k payla\u015f\u0131m i\u00e7in haz\u0131rlanan resimlerin taslak olarak kay\u0131t alt\u0131na al\u0131n\u0131p daha sonra yay\u0131na ge\u00e7irilebilece\u011fi de belirtilmi\u015fti.<\/p>\n\n\n<div class=\"wp-block-image\">\n<figure class=\"aligncenter size-large\"><img loading=\"lazy\" decoding=\"async\" width=\"723\" height=\"620\" src=\"https:\/\/www.fenomist.com\/blog\/wp-content\/uploads\/instagram-guncelleme-2.jpg\" alt=\"Instagram g\u00fcncelleme\" class=\"wp-image-19634\" title=\"Instagram g\u00fcncelleme\"\/><\/figure><\/div>\n\n\n<p>Instagram g\u00fcncelleme hakk\u0131nda t\u00fcm bu a\u00e7\u0131klamalardan sonra beklenen g\u00fcncellemenin bir t\u00fcrl\u00fc yay\u0131nlanmamas\u0131 ise kafalar\u0131 kar\u0131\u015ft\u0131rd\u0131. Yaz aylar\u0131nda duyurulmas\u0131na kar\u015f\u0131n sonras\u0131nda taslak \u00f6zelli\u011fi i\u00e7in her hangi bir a\u00e7\u0131klama yapmayan Instagram\u2019\u0131n s\u00f6z konusu g\u00fcncellemeyi ise sonunda t\u00fcm kullan\u0131c\u0131lar i\u00e7in yay\u0131nland\u0131\u011f\u0131 belirtildi. Yay\u0131nlanan <strong>instagram yeni g\u00fcncelleme<\/strong> ile beraber art\u0131k kullan\u0131c\u0131lar\u0131n payla\u015f\u0131mlar\u0131n\u0131 taslak olarak kay\u0131t alt\u0131na al\u0131p payla\u015fmadan uygulamadan \u00e7\u0131kabilecekleri de a\u00e7\u0131kland\u0131. Daha sonra haz\u0131rlanan foto\u011fraflar\u0131n payla\u015f\u0131lmas\u0131 i\u00e7in ise kullan\u0131c\u0131lar\u0131n hesab\u0131na girmesi ise yeterli olacak. S\u00f6z konusu g\u00fcncelleme ile beraber taslak olarak kaydet \u00f6zelli\u011finin ne derece <a href=\"https:\/\/www.fenomist.com\/instagram-begeni-satin-al\">be\u011feni<\/a> toplayaca\u011f\u0131 ise merak konusu oldu. Zira \u015fuan i\u00e7in <strong>instagram son g\u00fcncelleme<\/strong> yay\u0131nland\u0131\u011f\u0131 i\u00e7in Instagram\u2019\u0131n bu g\u00fcncelleme ile nas\u0131l tepki alaca\u011f\u0131 da bilinmiyor.<\/p>\n\n\n\n<h3 class=\"wp-block-heading\"><span class=\"ez-toc-section\" id=\"Snapchat_ve_Instagram_Yarisi\"><\/span>Snapchat ve Instagram Yar\u0131\u015f\u0131<span class=\"ez-toc-section-end\"><\/span><\/h3>\n\n\n\n<p>Ayr\u0131ca sitemiz \u00fczerinden Instagram be\u011feni sat\u0131n alabilirsiniz.<\/p>\n\n\n\n<p><strong>Instagram Son D\u00f6nemde&nbsp;<\/strong>\u00e7ok parlak g\u00fcnler ge\u00e7iriyor.&nbsp;Sosyal medya uygulamalar\u0131n\u0131n ana amac\u0131 daha fazla kullan\u0131c\u0131 kazanmak. Facebook, Twitter ve hatta Instagram\u2019\u0131n da en b\u00fcy\u00fck amac\u0131n\u0131n bu oldu\u011funu s\u00f6ylemek gerekiyor. Son d\u00f6nemde de s\u0131rf kullan\u0131c\u0131 say\u0131lar\u0131n\u0131 artt\u0131rmak i\u00e7in uygulamalar\u0131n bir dizi g\u00fcncellemeler yay\u0131nlad\u0131\u011f\u0131n\u0131 da s\u00f6ylemek gerekiyor. \u00d6zellikle Facebook deste\u011fi ile beraber Instagram Son D\u00f6nemde bu konuda en ba\u015far\u0131l\u0131 sosyal medya uygulamalar\u0131ndan biri. Sadece yay\u0131nlanan son g\u00fcncellemeler bile Instagram\u2019\u0131n epey bir de\u011fi\u015ftirilmesine de neden olmu\u015ftu. Snapchat uygulamas\u0131n\u0131 geride b\u0131rakmak ve foto\u011fraf payla\u015f\u0131m\u0131 uygulamalar\u0131 aras\u0131nda en ba\u015far\u0131l\u0131 uygulama olabilmek i\u00e7in yay\u0131nland\u0131\u011f\u0131 t\u00fcm bu g\u00fcncelle\u015ftirmeler ile beraber Instagram\u2019\u0131n yava\u015f yava\u015f istedi\u011fi noktaya da gelmeye ba\u015flad\u0131\u011f\u0131n\u0131 g\u00f6rebiliyoruz. Peki, ama Instagram Snapchat ile girdi\u011fi yar\u0131\u015fta \u00f6ne ge\u00e7ebilmek i\u00e7in ne gibi g\u00fcncellemeler yay\u0131nlad\u0131 ve bu g\u00fcncellemeler uygulamaya ne gibi yenilikler kazand\u0131rd\u0131 daha detayl\u0131 olarak bakal\u0131m.<\/p>\n\n\n\n<h3 class=\"wp-block-heading\"><span class=\"ez-toc-section\" id=\"Resimlerin_Hikayesi_Ozelligi\"><\/span><strong>Resimlerin Hikayesi \u00d6zelli\u011fi <\/strong><span class=\"ez-toc-section-end\"><\/span><\/h3>\n\n\n\n<p>Instagram g\u00fcncellemesinin asl\u0131nda \u00e7ok k\u0131sa bir s\u00fcre \u00f6nce yay\u0131nlanmas\u0131na ra\u011fmen Snapchat taraf\u0131ndan kullan\u0131lan bir \u00f6zelli\u011fi do\u011frudan Instagram\u2019\u0131n kullan\u0131lmas\u0131 resimlerin hikayesi \u00f6zelli\u011finin de epey konu\u015fulmas\u0131na neden oldu. Epey bir s\u00fcredir konu\u015fulan resimlerin hikayesi \u00f6zelli\u011fi g\u00fcncellemesi ise a\u00e7\u0131k ara Instagram\u2019\u0131n son d\u00f6nemde yay\u0131nlad\u0131\u011f\u0131 en b\u00fcy\u00fck g\u00fcncellemelerden de biri olmay\u0131 ba\u015fard\u0131. Haliyle \u015fuan i\u00e7in en \u00e7ok konu\u015fulan g\u00fcncellemenin de bu g\u00fcncelleme oldu\u011funu da belirtelim.<\/p>\n\n\n\n<h3 class=\"wp-block-heading\"><span class=\"ez-toc-section\" id=\"Hikaye_Onerileri_Guncellemesi\"><\/span><strong>Hikaye \u00d6nerileri G\u00fcncellemesi <\/strong><span class=\"ez-toc-section-end\"><\/span><\/h3>\n\n\n\n<p>Resimlerin hikayesi \u00f6zelli\u011fi Instagram\u2019\u0131n en \u00e7ok konu\u015fulan \u00f6zelliklerinden biri oldu. Instagram\u2019\u0131n bu \u015fekilde en \u00e7ok dikkat \u00e7eken \u00f6zelliklerinden biri olmas\u0131 resimlerin hikayesi \u00f6zelli\u011finin de ard\u0131 ard\u0131na g\u00fcncelleme almas\u0131na neden oldu. Zira Instagram hikayeler \u00f6zelli\u011fini de g\u00fcncelleyerek \u00e7ok daha fazla g\u00fcndeme gelmeye ba\u015flad\u0131. <\/p>\n\n\n\n<p>Bu alanda yay\u0131nlanan<strong> yeni instagram g\u00fcncellemesi<\/strong> ise hikayeler i\u00e7in \u00f6neriler g\u00fcncellemesi oldu\u011funu da belirtelim. S\u00f6z konusu g\u00fcncelleme ile beraber kullan\u0131c\u0131lar\u0131n art\u0131k Instagram \u00fczerinden payla\u015f\u0131lm\u0131\u015f olan hikayeler i\u00e7in \u00f6nerilerde alabildi\u011fini de belirtelim.<\/p>\n\n\n\n<h3 class=\"wp-block-heading\"><span class=\"ez-toc-section\" id=\"Zoom_Guncellemesi\"><\/span><strong>Zoom G\u00fcncellemesi <\/strong><span class=\"ez-toc-section-end\"><\/span><\/h3>\n\n\n\n<p>Resimlerin hikayesi \u00f6zelli\u011fi bir yan dursun Instagram\u2019\u0131n uzun s\u00fcredir beklenen \u00f6zelliklerinden birisinin de ge\u00e7ti\u011fimiz g\u00fcnlerde uygulamaya dahil edildi\u011fini de s\u00f6ylemek gerekiyor. Zoom ad\u0131 verilen <strong>\u0131nstagram&#8217;a gelen yeni g\u00fcncelleme<\/strong> ile beraber kullan\u0131c\u0131lar\u0131n art\u0131k Instagram payla\u015f\u0131mlar\u0131n\u0131 yakla\u015ft\u0131rmas\u0131na da olanak sa\u011fland\u0131.<\/p>\n\n\n\n<p>Ad\u0131ndan da anla\u015f\u0131laca\u011f\u0131 gibi resimlere Zoom yapabilme amac\u0131yla yay\u0131nlanan <strong>instagrama gelen yenilikler <\/strong>kapsam\u0131nda Instagram\u2019\u0131n profil resimleri de\u011fil t\u00fcm payla\u015f\u0131mlar\u0131n\u0131n da yak\u0131nla\u015ft\u0131r\u0131labildi\u011fini de belirtelim. Fakat bu g\u00fcncellemenin ilk olarak iOS i\u00e7in yay\u0131nlanmas\u0131 ve Android i\u00e7in g\u00fcncellemenin gecikmesi Instagram\u2019\u0131n biraz ele\u015ftirilmesine de neden oldu. Fakat Instagram ele\u015ftiriler kar\u015f\u0131s\u0131nda her hangi bir a\u00e7\u0131klama yapmayarak da dikkatleri \u00fczerinde toplam\u0131\u015ft\u0131.<\/p>\n\n\n\n<h3 class=\"wp-block-heading\"><span class=\"ez-toc-section\" id=\"Yorum_Engeli_Ozelligi\"><\/span><strong>Yorum Engeli \u00d6zelli\u011fi <\/strong><span class=\"ez-toc-section-end\"><\/span><\/h3>\n\n\n\n<p>Yine Instagram\u2019\u0131n son d\u00f6nemde yay\u0131nlad\u0131\u011f\u0131 ve yine en \u00e7ok konu\u015fulan g\u00fcncellemelerinden birisi de yorum engeli g\u00fcncellemesi oldu. \u0130lk olarak sadece Instagram payla\u015f\u0131mlar\u0131nda yorum yap\u0131lmas\u0131n\u0131n \u00f6n\u00fcne ge\u00e7ece\u011fi a\u00e7\u0131klanan g\u00fcncellemenin bu \u015fekilde yay\u0131nland\u0131\u011f\u0131n\u0131 da g\u00f6rd\u00fck. \u0130lk versiyonun da sadece Instagram payla\u015f\u0131mlar\u0131na yorum yap\u0131l\u0131p yap\u0131lmayaca\u011f\u0131n\u0131n kontrol\u00fcn\u00fcn yap\u0131labildi\u011fi g\u00fcncelleme birka\u00e7 g\u00fcn \u00f6nce ise yenilendi. <\/p>\n\n\n\n<p>Yenilenmesinden sonra ise g\u00fcncellemenin art\u0131k kelime filtreleme \u015feklinde yorum engeline d\u00f6n\u00fc\u015ft\u00fc\u011f\u00fcn\u00fc de belirtelim. Yani art\u0131k bu g\u00fcncelleme ile beraber kullan\u0131c\u0131lar\u0131n hesaplar\u0131na girerek do\u011frudan belli kelimeleri yorum b\u00f6l\u00fcm\u00fcnde engellemeleri de m\u00fcmk\u00fcn k\u0131l\u0131nd\u0131. S\u00f6z konusu g\u00fcncellemenin epey be\u011fenildi\u011fini de belirtelim.<\/p>\n\n\n\n<h3 class=\"wp-block-heading\"><span class=\"ez-toc-section\" id=\"Yayinlanan_Diger_Guncellestirmeler\"><\/span><strong>Yay\u0131nlanan Di\u011fer G\u00fcncelle\u015ftirmeler <\/strong><span class=\"ez-toc-section-end\"><\/span><\/h3>\n\n\n\n<p>Instagram&#8217;daki t\u00fcm bu yeni \u00f6zelliklerin yan\u0131 s\u0131ra kullan\u0131c\u0131lara ufak tefek bir\u00e7ok <strong>\u0131nstagram&#8217;a yeni gelen \u00f6zellikler<\/strong> daha sunuldu\u011funu da belirtelim. Bunlar aras\u0131nda ise Instagram hikayeler yaz\u0131lar\u0131n\u0131n renklendirilmesi, g\u00fcvenlik g\u00fcncelle\u015ftirmeleri gibi bir\u00e7ok k\u00fc\u00e7\u00fck g\u00fcncellemede yay\u0131nland\u0131.<\/p>\n\n\n\n<p>T\u00fcm bu g\u00fcncellemelerle beraber&nbsp;<strong>Instagram Son D\u00f6nemde<\/strong> bir\u00e7ok<strong> instagram g\u00fcncelleme<\/strong> yay\u0131nlayabilir de. Zira \u015fimdiden <strong>instagram son s\u00fcr\u00fcm g\u00fcncelleme<\/strong> i\u00e7in yava\u015f yava\u015f testlerinde yap\u0131lmaya ba\u015fland\u0131\u011f\u0131 haberleri gelmeye ba\u015flad\u0131. Instagram\u2019\u0131n da bu konuda belli ba\u015fl\u0131 baz\u0131 resmi a\u00e7\u0131klamalar\u0131 da yok de\u011fil.<\/p>\n\n\n\n<p>En s\u0131k g\u00fcncellemeler yapan uygulamalardan iri olan Instagram yay\u0131nlad\u0131\u011f\u0131 g\u00fcncellemelerle beraber art\u0131k yeni bir y\u00fcze de kavu\u015fmaya ba\u015flad\u0131. <strong>Instagram\u2019\u0131n<\/strong> \u00e7ok daha i\u015flevsel hale gelmesini ve \u00e7ok daha fazla \u00f6zellik kazanmas\u0131n\u0131 sa\u011flayan g\u00fcncellemelerin tam tersi kimi durumlarda sorunlara da neden oldu\u011funu s\u00f6ylemek gerek. \u00d6zellikle g\u00fcncellemelerle beraber s\u00fcrekli sistemsel yeniliklerin yap\u0131lmas\u0131 Instagram\u2019da kullan\u0131c\u0131lar\u0131nda sorunlar ya\u015famas\u0131na neden olabiliyor. Benzeri bir durum son g\u00fcncellemeden sonrada ya\u015fand\u0131. Yay\u0131nlanan <strong>9.7.5<\/strong> s\u00fcr\u00fcm\u00fcnden sonrada bir\u00e7ok sorun mesaj\u0131 gelmeye ba\u015flad\u0131. <strong>Instagram G\u00fcncellemesi Ya\u015fanan Sorunlar&nbsp;<\/strong>nelerdir bunlara bakal\u0131m.<\/p>\n\n\n\n<h3 class=\"wp-block-heading\"><span class=\"ez-toc-section\" id=\"Resimlerin_Paylasim_Sorunu\"><\/span>Resimlerin Payla\u015f\u0131m Sorunu<span class=\"ez-toc-section-end\"><\/span><\/h3>\n\n\n\n<p>Son Insta g\u00fcncellemesinden sonra baz\u0131 kullan\u0131c\u0131lardan gelen mesajlara g\u00f6re resim payla\u015f\u0131m\u0131 s\u0131ras\u0131nda donma ve \u00e7al\u0131\u015ft\u0131rmay\u0131 durdurma hatalar\u0131 ya\u015fan\u0131yor. Bu sorunu \u00e7\u00f6zebilmek i\u00e7in ise mutlaka g\u00fcncellemeyi do\u011fru bir \u015fekilde yapt\u0131\u011f\u0131n\u0131zdan emin olman\u0131z gerek. G\u00fcncelleme b\u00f6l\u00fcm\u00fcnde olu\u015fan bir hata sorunun neden olabilir. En iyi \u00e7\u00f6z\u00fcm uygulamay\u0131 silip bir daha g\u00fcncellemek olacakt\u0131r.<\/p>\n\n\n\n<h3 class=\"wp-block-heading\"><span class=\"ez-toc-section\" id=\"Boomerang_Uygulamasinin_Kullanilmamasi\"><\/span>Boomerang Uygulamas\u0131n\u0131n Kullan\u0131lmamas\u0131<span class=\"ez-toc-section-end\"><\/span><\/h3>\n\n\n\n<p><strong>Instagram G\u00fcncellemesi Ya\u015fanan Sorunlar<\/strong> dan bir di\u011feri&nbsp;ise <strong>Boomerang<\/strong> uygulamas\u0131n\u0131n kullan\u0131lamamas\u0131 sorunu. Resimlerin hikayesi b\u00f6l\u00fcm\u00fcnde kullan\u0131lan \u00f6zelli\u011fin hata vermesi ya da bu b\u00f6l\u00fcmde <strong>Boomerang<\/strong> b\u00f6l\u00fcm\u00fcn\u00fcn yer almamas\u0131 sorunu ile kar\u015f\u0131 kar\u015f\u0131ya kald\u0131\u011f\u0131n\u0131zda ise mutlaka g\u00fcncelleme s\u00fcr\u00fcm\u00fcn\u00fcz\u00fc kontrol edin. <\/p>\n\n\n\n<p>G\u00fcncel s\u00fcr\u00fcm\u00fcn\u00fcz <strong>9.7.5<\/strong> de\u011filse g\u00fcncelleme tamamlanmam\u0131\u015f demektir. Bu durumda g\u00fcncellemeyi tamamlaman\u0131z i\u00e7in uygulama ma\u011fazan\u0131z \u00fczerinden g\u00fcncellemeyi kald\u0131r\u0131p yeniden y\u00fcklemeyi tercih edebilirsiniz.<\/p>\n\n\n\n<h3 class=\"wp-block-heading\"><span class=\"ez-toc-section\" id=\"Donma_Sorunlari\"><\/span>Donma Sorunlar\u0131<span class=\"ez-toc-section-end\"><\/span><\/h3>\n\n\n\n<p>G\u00fcncellemenin hen\u00fcz yeni<strong> \u0131nstagram g\u00fcncelleme <\/strong>yay\u0131nlanmas\u0131ndan m\u0131 yoksa g\u00fcncellemenin stabil olmamas\u0131ndan m\u0131 bilinmez ama \u00f6zellikle Android kullan\u0131c\u0131lar\u0131nda g\u00fcncelleme sonras\u0131nda donma sorunlar\u0131 ya\u015fanabiliyor. Bu sorunlar\u0131n ise mini g\u00fcncellemelerle \u00e7\u00f6z\u00fclece\u011fi d\u00fc\u015f\u00fcn\u00fclmekte.<\/p>\n\n\n<div class=\"wp-block-image\">\n<figure class=\"aligncenter\"><img loading=\"lazy\" decoding=\"async\" width=\"460\" height=\"259\" src=\"https:\/\/www.fenomist.com\/blog\/wp-content\/uploads\/2016\/11\/BF3D58CB7790786B1D8D0673CF285F28_460x259.jpg\" alt=\"Instagram-Boomerang\" class=\"wp-image-2983\" title=\"Instagram-Boomerang\" srcset=\"https:\/\/www.fenomist.com\/blog\/wp-content\/uploads\/2016\/11\/BF3D58CB7790786B1D8D0673CF285F28_460x259.jpg 460w, https:\/\/www.fenomist.com\/blog\/wp-content\/uploads\/2016\/11\/BF3D58CB7790786B1D8D0673CF285F28_460x259-300x169.jpg 300w, https:\/\/www.fenomist.com\/blog\/wp-content\/uploads\/2016\/11\/BF3D58CB7790786B1D8D0673CF285F28_460x259-30x17.jpg 30w\" sizes=\"(max-width: 460px) 100vw, 460px\" \/><\/figure><\/div>\n\n\n<p>S\u00fcrekli g\u00fcncellemeler yay\u0131nlayarak sosyal medya uygulamalar\u0131 aras\u0131nda kal\u0131c\u0131 bir yer edinmeyi ba\u015faran <strong>Instagram<\/strong>, son g\u00fcnlerde art\u0131k \u00e7ok daha kapsaml\u0131 g\u00fcncellemeler yay\u0131nlamaya ba\u015flad\u0131. <\/p>\n\n\n\n<p>Resimlerin hikayesi, zoom \u00f6zelli\u011fi, yorum engeli \u00f6zelli\u011fi gibi \u00f6zelliklerle beraber son g\u00fcnlerde \u00e7ok kapsaml\u0131 g\u00fcncellemeler yay\u0131nlayan Instagram\u2019\u0131n t\u00fcm bu g\u00fcncellemelerini almak i\u00e7in ise tek yap\u0131lmas\u0131 gereken resmi uygulama ma\u011fazas\u0131 \u00fczerinden uygulamay\u0131 g\u00fcncellemek olacakt\u0131r. Android i\u015fletim sistemi \u00fczerinden <strong>Google Play<\/strong> ile <strong>iOS<\/strong> i\u015fletim sistemleri \u00fczerinden ise <strong>App Store<\/strong> ile g\u00fcncelleme yapman\u0131z gerekiyor.<\/p>\n\n\n\n<p>Fakat \u00f6zellikle <strong>App Store<\/strong> \u00fczerinden yap\u0131lan g\u00fcncellemelerde kimi durumlarda hata mesajlar\u0131yla da kar\u015f\u0131la\u015fmaya ba\u015flad\u0131\u011f\u0131n\u0131 da s\u00f6ylemek gerekiyor. Bu noktada <strong>iOS<\/strong> i\u015fletim sistemlerinde en \u00e7ok ya\u015fanan sorunlardan birisi de g\u00fcncelleme s\u0131ras\u0131nda kuruluyor olarak g\u00fcncellemenin tak\u0131lmas\u0131. Peki, bu sorun nas\u0131l \u00e7\u00f6z\u00fcl\u00fcr? Daha detayl\u0131 bakal\u0131m.<\/p>\n\n\n\n<ul class=\"wp-block-list\">\n<li>Bu i\u015flem i\u00e7in g\u00fcncelleme kuruluyor k\u0131sm\u0131ndayken telefonunuzu kapatman\u0131z gerekiyor. Bu noktada telefonunuzdan kapatma tu\u015funa bas\u0131l\u0131 tutman\u0131z gerekiyor. Ard\u0131ndan kapatma b\u00f6l\u00fcm\u00fcn\u00fc kullanarak telefonunuzu kapatman\u0131z gerekiyor.<\/li>\n\n\n\n<li>Telefonu kapatt\u0131ktan sonra ise 30 saniye s\u00fcre boyunca bekleyip telefonunuzu yeniden a\u00e7man\u0131z gerekiyor.<\/li>\n\n\n\n<li>Telefon yeniden ba\u015flat\u0131ld\u0131ktan sonra g\u00fcncelleme i\u015flemini bir kez daha denemeniz gerekli. Benzer bir sorun ya\u015farsan\u0131z telefonunuzu s\u0131f\u0131rlama i\u015flemini de deneyebilirsiniz.<\/li>\n<\/ul>\n\n\n\n<h3 class=\"wp-block-heading\"><span class=\"ez-toc-section\" id=\"Instagram_75\"><\/span>Instagram 7.5<span class=\"ez-toc-section-end\"><\/span><\/h3>\n\n\n\n<p><strong>Instagram G\u00fcncellemesi Ya\u015fanan Sorunlar<\/strong> i\u00e7in en b\u00fcy\u00fck ad\u0131m ge\u00e7ti\u011fimiz g\u00fcnlerde at\u0131ld\u0131. Uzun s\u00fcredir yap\u0131lan \u00e7al\u0131\u015fmalardan sonra Instagram i\u00e7in 7.5 s\u00fcr\u00fcm\u00fc yay\u0131nland\u0131. Yay\u0131nlanan bu s\u00fcr\u00fcm neredeyse t\u00fcm Instagram i\u015fleyi\u015finde de\u011fi\u015fiklikler yapt\u0131. \u00d6zellikle kullan\u0131c\u0131lar\u0131n kare foto\u011fraf payla\u015f\u0131m zorunlulu\u011fu ortadan kald\u0131r\u0131l\u0131nca 7.5 s\u00fcr\u00fcm en dikkat \u00e7eken g\u00fcncelleme s\u00fcr\u00fcm\u00fc oldu. <\/p>\n\n\n\n<p>T\u00fcm bunlarla beraber arka plan\u0131 yani i\u015fleyi\u015fi de de\u011fi\u015ftiren Instagram verdi\u011fi bu haberin yan\u0131 s\u0131ra baz\u0131 sorunlar\u0131 da beraberinde getirdi.<strong> \u0130nstagram yenilikler<\/strong> ile ortaya \u00e7\u0131kan bu sorunlar ise kullan\u0131c\u0131lar\u0131n epey bir can\u0131n\u0131 s\u0131kmaya ba\u015flad\u0131. S\u00f6z konusu sorunlar\u0131n ba\u015f\u0131nda ise g\u00fcncelleme sorunu geliyor.<\/p>\n\n\n\n<p>Daha \u00f6nce 7.3 s\u00fcr\u00fcm\u00fc bulunan Instagram\u2019\u0131n 7.5 s\u00fcr\u00fcm\u00fcne ge\u00e7i\u015f a\u015famas\u0131nda sorunlar ya\u015fan\u0131yor. Kullan\u0131c\u0131lar\u0131n g\u00f6nderdikleri mesajlara g\u00f6re uygulama marketlerde g\u00fcncel g\u00f6z\u00fckse dahi s\u00fcr\u00fcm notlar\u0131nda g\u00fcncelleme g\u00f6z\u00fckm\u00fcyor. Hatta yeni \u00f6zelliklerde kullan\u0131lam\u0131yor. Bu sorunun \u00e7\u00f6z\u00fcm\u00fc i\u00e7in ise birka\u00e7 farkl\u0131 y\u00f6ntem oldu\u011funu s\u00f6yleyebiliriz. \u0130lk olarak kullan\u0131c\u0131lar\u0131n Instagram\u2019\u0131 silip yeniden y\u00fcklemesini gerekiyor. Silme i\u015fleminden sonra telefonunun yeniden ba\u015flat\u0131lmas\u0131 da \u00f6nemli. <\/p>\n\n\n\n<p>Bunun yan\u0131nda Instagram\u2019a ait \u00f6n belle\u011fin de temizlenmi\u015f olmas\u0131 gerekiyor. Uygulamalar sekmesinden bu i\u015flemi yapabiliyorsunuz. E\u011fer ki uygulama ma\u011fazas\u0131ndan da uygulamaya g\u00fcncelleme yetkisi verdiyseniz sorununuz bu ad\u0131mlar sonras\u0131nda \u00e7\u00f6z\u00fclecektir. Yine en sa\u011flam \u00e7\u00f6z\u00fcm i\u00e7in ba\u015ftan Instagram kurmakta yarar var. Zira art\u0131k son indirece\u011finiz Instagram uygulamas\u0131 otomatik olarak en g\u00fcncel s\u00fcr\u00fcm olacakt\u0131r. Yani sorun kendili\u011finden \u00e7\u00f6z\u00fclecek.<\/p>\n\n\n\n<h3 class=\"wp-block-heading\"><span class=\"ez-toc-section\" id=\"Yeni_Guncelleme\"><\/span>Yeni G\u00fcncelleme<span class=\"ez-toc-section-end\"><\/span><\/h3>\n\n\n\n<p>Instagram\u2019a giri\u015f yapan kullan\u0131c\u0131lar yepyeni bir haberle kar\u015f\u0131la\u015ft\u0131. Zira Instagram\u2019\u0131n uzun s\u00fcredir \u00fczerinden \u00e7al\u0131\u015f\u0131lan g\u00fcncellemesi geldi. Genel olarak kullan\u0131c\u0131lar\u0131n Instagram hesaplar\u0131 otomatik olarak g\u00fcncelleme i\u015flemine tabi tutuldu. Fakat \u00f6zellikle Android s\u00fcr\u00fcm kullan\u0131c\u0131lar\u0131 i\u00e7in baz\u0131 ar\u0131za sorunlar\u0131 gelmeye ba\u015flad\u0131. Bir\u00e7ok kullan\u0131c\u0131 bu y\u00f6nde Instagram\u2019a mesajlarda g\u00f6ndermeye ba\u015flad\u0131. <\/p>\n\n\n\n<p>Ya\u015fanan sorunun nedeni ise kesin olarak bilinmiyor. Ama kesin olarak bilinen bir \u015fey varsa o da \u00f6zellikle Android kullan\u0131c\u0131lar\u0131n <strong>instagram yeni s\u00fcr\u00fcm<\/strong> de baz\u0131 sorunlar ya\u015fad\u0131\u011f\u0131 kesin. Peki, bu sorun neden kaynaklan\u0131yor?<\/p>\n\n\n\n<p>Genel d\u00fc\u015f\u00fcnceye g\u00f6re sorun Room kullan\u0131m\u0131ndan kaynaklan\u0131yor. Yani telefonunuzda harici bir i\u015fletim sistemi s\u00fcr\u00fcm\u00fc kullan\u0131yorsan\u0131z <strong>instagram guncelleme<\/strong> ile baz\u0131 s\u0131k\u0131nt\u0131lar ya\u015fayabiliyorsunuz. \u00d6ncelikle Room\u2019un ne demek oldu\u011funu a\u00e7\u0131klayal\u0131m. Bildi\u011finiz gibi t\u00fcm Android telefonlar belli bir Android s\u00fcr\u00fcmleriyle geliyor. \u00d6rnek vermek gerekirse Samsung S3 mini 4.1 s\u00fcr\u00fcm\u00fcyle geliyor.<\/p>\n\n\n\n<h3 class=\"wp-block-heading\"><span class=\"ez-toc-section\" id=\"Room\"><\/span>Room<span class=\"ez-toc-section-end\"><\/span><\/h3>\n\n\n\n<p>Yay\u0131nc\u0131lar yeni telefonlar i\u00e7in eski telefonlar\u0131n sistem g\u00fcncellemesini de kapatabiliyor. Yani S3 mini i\u00e7in art\u0131k Android Kitkat ya da 5.0 Lolipop beklememek gerekiyor. Kullan\u0131c\u0131lar\u0131n bu sorunu \u00e7\u00f6zmesi i\u00e7in bir y\u00f6ntem de var. \u0130\u015fte bu y\u00f6ntem Room. Yani kullan\u0131c\u0131 harici olarak ba\u015fka gruplar taraf\u0131ndan geli\u015ftirilmi\u015f yeni Android s\u00fcr\u00fcmlerini telefonlar\u0131na y\u00fckleyebiliyor. Bu durumda da Instagram ve benzeri uygulamalar i\u00e7in uyum sorunlar\u0131 ya\u015fanabiliyor. <\/p>\n\n\n\n<p>\u0130\u015fte yeni g\u00fcncelleme i\u00e7in de bu \u015fekilde Room kullan\u0131m\u0131 baz\u0131 sorunlar do\u011furdu. Ortaya \u00e7\u0131kan bu sorunlar genelde resim g\u00f6r\u00fcnt\u00fcleyememe ve sayfa a\u00e7amama gibi olabiliyor. Sorunun \u00e7\u00f6z\u00fcm\u00fc i\u00e7inse ya da kararl\u0131 ba\u015fka bir Room s\u00fcr\u00fcm\u00fc kullan\u0131lmas\u0131 ya da ana i\u015fletim sistemine geri d\u00f6n\u00fclmesi gerekiyor. Bu sayede g\u00fcncellemeyi ba\u015far\u0131l\u0131 bir \u015fekilde ger\u00e7ekle\u015ftirebiliyorsunuz. \u015euan i\u00e7in ise ba\u015fka bir nedenden dolay\u0131 g\u00fcncelleme sorunu ya\u015fanmad\u0131\u011f\u0131 da verilen bilgiler aras\u0131nda.<\/p>\n\n\n\n<figure class=\"wp-block-image size-large\"><img loading=\"lazy\" decoding=\"async\" width=\"813\" height=\"427\" src=\"https:\/\/www.fenomist.com\/blog\/wp-content\/uploads\/instagram-guncelleme-1.jpg\" alt=\"Instagram g\u00fcncelleme\" class=\"wp-image-19633\" title=\"Instagram g\u00fcncelleme\" srcset=\"https:\/\/www.fenomist.com\/blog\/wp-content\/uploads\/instagram-guncelleme-1.jpg 813w, https:\/\/www.fenomist.com\/blog\/wp-content\/uploads\/instagram-guncelleme-1-768x403.jpg 768w\" sizes=\"(max-width: 813px) 100vw, 813px\" \/><\/figure>\n\n\n\n<p>Sosyal medya uygulamalar\u0131 aras\u0131nda en \u00e7ok dikkat \u00e7eken uygulamalardan birisi de Instagram yeni g\u00fcncellemesi yay\u0131nland\u0131. G\u00f6rsel y\u00f6n\u00fcn\u00fcn \u00f6n planda olmas\u0131ndan m\u0131 yoksa g\u00f6rselli\u011finin yan\u0131nda pop\u00fcler bir sosyal medya uygulamas\u0131 olmas\u0131ndan m\u0131 bilinmez ama son d\u00f6nemin en \u00e7ok konu\u015fulan uygulamalar\u0131n\u0131n ba\u015f\u0131nda Instagram geliyor. <\/p>\n\n\n\n<p>Zaten hali haz\u0131rda kullan\u0131c\u0131 say\u0131s\u0131n\u0131 da 500 milyon gibi dev bir rakam\u0131n \u00fczerine \u00e7\u0131karmay\u0131 ba\u015faran Instagram, bu ba\u015far\u0131s\u0131n\u0131n ard\u0131ndan da s\u00fcrekli olarak kullan\u0131c\u0131lara yeni \u00f6zellikler sunarak kullan\u0131c\u0131lar\u0131n da ilgisini canl\u0131 tutmaya da \u00e7al\u0131\u015f\u0131yor.<\/p>\n\n\n\n<h5 class=\"wp-block-heading\"><span class=\"ez-toc-section\" id=\"Snapchat_Uzerinden_Instagram\"><\/span>Snapchat \u00dczerinden Instagram<span class=\"ez-toc-section-end\"><\/span><\/h5>\n\n\n\n<p>Bu noktada son olarak Instagram ge\u00e7ti\u011fimiz g\u00fcnlerde Snapchat \u00fczerinde kullan\u0131lan yeni bir \u00f6zelli\u011fi de kullan\u0131c\u0131lara sunmu\u015ftu. Kullan\u0131c\u0131lara sunulan yeni \u00f6zellikle beraber art\u0131k resimlerin hikayesi \u00f6zelli\u011finin de aktif hale gelmi\u015fti. Hen\u00fcz son g\u00fcncelleme hakk\u0131nda yeni yeni kullan\u0131mlar ba\u015flarken Instagram\u2019\u0131n bir g\u00fcncelleme daha yapaca\u011f\u0131 haberi geldi. <\/p>\n\n\n\n<p>Dev sosyal medya uygulamas\u0131 bu g\u00fcncellemede ise taslak \u00f6zelli\u011fini kullan\u0131c\u0131lara sunacak. Art\u0131k Instagram kullan\u0131c\u0131lar\u0131n\u0131n do\u011frudan payla\u015f\u0131m yapmalar\u0131na gerek kalmadan d\u00fczenledikleri foto\u011fraflar\u0131 taslak olarak kaydetmelerine de izin verilecek. Instagram\u2019\u0131n yeni g\u00fcncelleme i\u00e7in denemelere de ba\u015flad\u0131\u011f\u0131n\u0131n haberleri yap\u0131lmaya ba\u015fland\u0131. <\/p>\n\n\n\n<p>Bir nevi art\u0131k kullan\u0131c\u0131lar\u0131n uygulamay\u0131 \u00e7evrim d\u0131\u015f\u0131 da k\u0131smen kullanmalar\u0131na izin verecek olan yeni g\u00fcncellemenin ne zaman yay\u0131nlanaca\u011f\u0131 ise merak konusu. Zira Instagram hen\u00fcz yeni g\u00fcncelleme i\u00e7in her hangi bir a\u00e7\u0131klamada yapmad\u0131.<\/p>\n\n\n\n<h2 class=\"wp-block-heading\"><span class=\"ez-toc-section\" id=\"Instagramin_Yeni_Kararlari\"><\/span>Instagram&#8217;\u0131n Yeni Kararlar\u0131<span class=\"ez-toc-section-end\"><\/span><\/h2>\n\n\n\n<p>Instagram bir s\u00fcre \u00f6nce yeni baz\u0131 kararlar ald\u0131\u011f\u0131n\u0131 a\u00e7\u0131klad\u0131. Daha \u00f6nce 7 s\u00fcr\u00fcm\u00fcne ge\u00e7erken k\u00f6kl\u00fc baz\u0131 de\u011fi\u015fiklikler yapan uygulama \u015fimdilerde bir kez daha bir\u00e7ok i\u015fleyi\u015fte k\u00f6kl\u00fc de\u011fi\u015fikliklere gitmeye haz\u0131rlan\u0131yor. Hatta uygulaman\u0131n haz\u0131rl\u0131k a\u015famas\u0131n\u0131 ge\u00e7ti\u011fini art\u0131k de\u011fi\u015fimlere ba\u015flad\u0131\u011f\u0131n\u0131 da s\u00f6ylemek gerekiyor. <\/p>\n\n\n\n<p>Bu ba\u011flamda ilk hamle ise web s\u00fcr\u00fcm\u00fc \u00fczerinden gelmi\u015fti. Web s\u00fcr\u00fcm\u00fcnde daha fazla etkile\u015fim ortam\u0131 olu\u015fturaca\u011f\u0131n\u0131 a\u00e7\u0131klayan uygulama y\u00f6neticileri \u00f6nce web s\u00fcr\u00fcm\u00fcne bildirim \u00f6zelli\u011fi eklemi\u015fti. Bu \u00f6zellikle beraber web s\u00fcr\u00fcm\u00fcne yeni bir boyut kazand\u0131ran Instagram bu haberin ard\u0131ndan da uygulama s\u00fcr\u00fcm\u00fc i\u00e7in g\u00fcncellemelere ba\u015flad\u0131.<\/p>\n\n\n\n<p>Fakat ba\u015fta da dedi\u011fimiz gibi Instagram art\u0131k i\u015flevsel baz\u0131 de\u011fi\u015fiklikler yapmaya ba\u015flad\u0131. Bu noktada ilk ad\u0131m ise biraz \u015fa\u015f\u0131rt\u0131c\u0131 oldu. \u0130lk tercih olarak \u00e7\u0131k\u0131\u015f butonunu iptal eden uygulama y\u00f6neticileri bu karar\u0131n hemen ard\u0131ndan ise Instagram\u2019\u0131n video s\u00fcr\u00fclerini uzatmaya karar verdi ve bug\u00fcn itibariyle Instagram\u2019da payla\u015f\u0131lan videolar\u0131n s\u00fcresi 1 dakikaya \u00e7\u0131kart\u0131ld\u0131. <\/p>\n\n\n\n<p>Video s\u00fcresinin de\u011fi\u015ftirilmesi zaten beklenen bir geli\u015fmeydi fakat \u00e7\u0131k\u0131\u015f butonunun neden kald\u0131r\u0131ld\u0131\u011f\u0131 konusunda hala net bir a\u00e7\u0131klama yap\u0131lmad\u0131. Zira \u00e7\u0131k\u0131\u015f butonunun kald\u0131r\u0131lmas\u0131 tamamen uygulaman\u0131n yap\u0131s\u0131n\u0131 de\u011fi\u015ftirmeye yetti. Bundan sonra ise g\u00fcncellemelerin k\u0131sa aral\u0131klarla devam edece\u011fi bilgisi de verildi. \u0130\u015fleyi\u015fte neden bu \u015fekilde k\u00f6kl\u00fc de\u011fi\u015fikliklerin yap\u0131ld\u0131\u011f\u0131 ise her hangi bir a\u00e7\u0131klama gelmedi\u011fi hala merak konusu.<\/p>\n\n\n\n<figure class=\"wp-block-embed is-type-video is-provider-youtube wp-block-embed-youtube wp-embed-aspect-16-9 wp-has-aspect-ratio\"><div class=\"wp-block-embed__wrapper\">\n<iframe title=\"Instagram Algoritmas\u0131 De\u011fi\u015fiyor ! | Yeni G\u00fcncellemeler Geliyor\" width=\"640\" height=\"360\" src=\"https:\/\/www.youtube.com\/embed\/v5_3FWpLnoA?feature=oembed\" frameborder=\"0\" allow=\"accelerometer; autoplay; clipboard-write; encrypted-media; gyroscope; picture-in-picture; web-share\" referrerpolicy=\"strict-origin-when-cross-origin\" allowfullscreen><\/iframe><script type=\"application\/ld+json\">\n    {\n      \"@context\": \"https:\/\/schema.org\",\n      \"@type\": \"VideoObject\",\n      \"name\": \"Instagram Algoritmas\u0131 De\u011fi\u015fiyor ! | Yeni G\u00fcncellemeler Geliyor\",\n      \"description\": \"Instagram Yeni G\u00fcncelleme&#8217;nin T\u00fcm Detaylar\u0131\",\n      \"thumbnailUrl\": \"https:\/\/i.ytimg.com\/vi_webp\/v5_3FWpLnoA\/mqdefault.webp\",\n      \"embedUrl\": \"https:\/\/www.youtube.com\/embed\/v5_3FWpLnoA?feature=oembed\",\n      \"uploadDate\": \"April 04, 2025 12:58 pm\"\n    }\n    <\/script>\n<\/div><\/figure>\n\n\n\n<div class=\"schema-faq wp-block-yoast-faq-block\">      <\/div>\n\r\n\t\t\t<div id=\"daexthefu-container\"\r\n\t\t\t\tclass=\"daexthefu-container daexthefu-layout-side-by-side daexthefu-alignment-left\"\r\n\t\t\t\tdata-post-id=\"2484\">\r\n\r\n\t\t\t\t<div class=\"daexthefu-feedback\">\r\n\t\t\t\t\t<div class=\"daexthefu-text\">\r\n\t\t\t\t\t\t<h3 class=\"daexthefu-title\"><span class=\"ez-toc-section\" id=\"Bu_makale_faydali_miydi\"><\/span>Bu makale faydal\u0131 m\u0131yd\u0131?<span class=\"ez-toc-section-end\"><\/span><\/h3>\r\n\t\t\t\t\t<\/div>\r\n\t\t\t\t\t<div class=\"daexthefu-buttons-container\">\r\n\t\t\t\t\t\t<div class=\"daexthefu-buttons\">\r\n\t\t\t\t\t\t\t\r\n\t\t\t<div class=\"daexthefu-yes daexthefu-button daexthefu-button-type-text\" data-value=\"1\">\r\n\t\t\t\t<div class=\"daexthefu-button-text\">Faydal\u0131<\/div>\r\n\t\t\t<\/div>\r\n\r\n\t\t\t\t\t\t\t\t\t\t\r\n\t\t\t<div class=\"daexthefu-no daexthefu-button daexthefu-button-type-text\" data-value=\"0\">\r\n\t\t\t\t<div class=\"daexthefu-button-text\">Geli\u015ftirilmeli<\/div>\r\n\t\t\t<\/div>\r\n\r\n\t\t\t\t\t\t\t\t\t<\/div>\r\n\t\t\t\t\t<\/div>\r\n\t\t\t\t<\/div>\r\n\r\n\t\t\t\t<div class=\"daexthefu-comment\">\r\n\t\t\t\t\t<div class=\"daexthefu-comment-top-container\">\r\n\t\t\t\t\t\t<label id=\"daexthefu-comment-label\" class=\"daexthefu-comment-label\"><\/label>\r\n\t\t\t\t\t\t\t\t\t\t\t\t\t<div class=\"daexthefu-comment-character-counter-container\">\r\n\t\t\t\t\t\t\t\t<div id=\"daexthefu-comment-character-counter-number\"\r\n\t\t\t\t\t\t\t\t\tclass=\"daexthefu-comment-character-counter-number\"><\/div>\r\n\t\t\t\t\t\t\t\t<div class=\"daexthefu-comment-character-counter-text\"><\/div>\r\n\t\t\t\t\t\t\t<\/div>\r\n\t\t\t\t\t\t\t\t\t\t\t<\/div>\r\n\t\t\t\t\t<textarea id=\"daexthefu-comment-textarea\" class=\"daexthefu-comment-textarea\"\r\n\t\t\t\t\t\t\t\tplaceholder=\"Mesaj\u0131n\u0131z\u0131 giriniz\"\r\n\t\t\t\t\t\t\t\tmaxlength=\"\r\n\t\t\t\t\t\t\t\t400\t\t\t\t\t\t\t\t\t\"><\/textarea>\r\n\t\t\t\t\t<div class=\"daexthefu-comment-buttons-container\">\r\n\t\t\t\t\t\t<button class=\"daexthefu-comment-submit daexthefu-button\">G\u00f6nder<\/button>\r\n\t\t\t\t\t\t<button class=\"daexthefu-comment-cancel daexthefu-button\">\u0130ptal<\/button>\r\n\t\t\t\t\t<\/div>\r\n\t\t\t\t<\/div>\r\n\r\n\t\t\t\t<div class=\"daexthefu-successful-submission-text\">Geri bildirim i\u00e7in te\u015fekk\u00fcr ederiz!<\/div>\r\n\r\n\t\t\t<\/div>\r\n\r\n\t\t\t\n    <div class=\"container\">\n        <div class=\"faq accordion faq-drop\" id=\"accordion\">\n            <h2 class=\"accordion-title\"><span class=\"ez-toc-section\" id=\"Hakkinda_Sikca_Sorulan_Sorular\"><\/span> Hakk\u0131nda S\u0131k\u00e7a Sorulan Sorular<span class=\"ez-toc-section-end\"><\/span><\/h2>\n            <div class=\"col-md-12 faq-card\">\n                    <div class=\"card faq\">\n                        <div class=\"card-header collapsed d-flex justify-content-between align-items-center\" id=\"heading0\"\n                             data-toggle=\"collapse\" data-target=\"#collapse_0\" aria-expanded=\"true\" role=\"button\"\n                             aria-controls=\"collapse_0\">\n                            <div class=\"btn btn-link text-dark font-weight-bold\">\n                               Instagram Zoom \u00d6zelli\u011fi Nedir?\n                            <\/div>\n                            <div class=\"btn-toogle\">\n                                <span><\/span>\n                                <span><\/span>\n                            <\/div>\n                        <\/div>\n                        <div id=\"collapse_0\" class=\"collapse\" aria-labelledby=\"heading0\" data-parent=\"#accordion\">\n                            <div class=\"card-body\">\n                                <p>Instagram zoom, Instagram&#8217;da payla\u015f\u0131lan foto\u011fraflara yak\u0131nla\u015ft\u0131rma yapabilece\u011finiz g\u00fcncelleme ve \u00f6zelliktir.<\/p>\n                            <\/div>\n                        <\/div>\n                        <\/div>\n                        \n                    <div class=\"card faq\">\n                        <div class=\"card-header collapsed d-flex justify-content-between align-items-center\" id=\"heading1\"\n                             data-toggle=\"collapse\" data-target=\"#collapse_1\" aria-expanded=\"true\" role=\"button\"\n                             aria-controls=\"collapse_1\">\n                            <div class=\"btn btn-link text-dark font-weight-bold\">\n                               Instagram Hikayeler \u00d6zelli\u011fi Nas\u0131l Kullan\u0131l\u0131r?\n                            <\/div>\n                            <div class=\"btn-toogle\">\n                                <span><\/span>\n                                <span><\/span>\n                            <\/div>\n                        <\/div>\n                        <div id=\"collapse_1\" class=\"collapse\" aria-labelledby=\"heading1\" data-parent=\"#accordion\">\n                            <div class=\"card-body\">\n                                <p>Instagram hikayeler \u00f6zelli\u011fini kullanmak i\u00e7in Instagram&#8217;a giri\u015f yap\u0131n daha sonra sol \u00fcstte bulunan kamera se\u00e7ene\u011fine t\u0131klayarak hikaye payla\u015f\u0131mlar\u0131n\u0131z\u0131 yapabilirsiniz.<\/p>\n                            <\/div>\n                        <\/div>\n                        <\/div>\n                        \n                    <div class=\"card faq\">\n                        <div class=\"card-header collapsed d-flex justify-content-between align-items-center\" id=\"heading2\"\n                             data-toggle=\"collapse\" data-target=\"#collapse_2\" aria-expanded=\"true\" role=\"button\"\n                             aria-controls=\"collapse_2\">\n                            <div class=\"btn btn-link text-dark font-weight-bold\">\n                               Instagram G\u00fcncelleme Nas\u0131l Yap\u0131l\u0131r?\n                            <\/div>\n                            <div class=\"btn-toogle\">\n                                <span><\/span>\n                                <span><\/span>\n                            <\/div>\n                        <\/div>\n                        <div id=\"collapse_2\" class=\"collapse\" aria-labelledby=\"heading2\" data-parent=\"#accordion\">\n                            <div class=\"card-body\">\n                                <p>iOS ya da Google Play Store&#8217;da Instagram uygulamas\u0131n\u0131 bularak uygulamay\u0131 g\u00fcncelle se\u00e7ene\u011fi ile g\u00fcncelleme i\u015flemlerinizi tamamlayabilirsiniz.<\/p>\n                            <\/div>\n                        <\/div>\n                        <\/div>\n                        \n                    <div class=\"card faq\">\n                        <div class=\"card-header collapsed d-flex justify-content-between align-items-center\" id=\"heading3\"\n                             data-toggle=\"collapse\" data-target=\"#collapse_3\" aria-expanded=\"true\" role=\"button\"\n                             aria-controls=\"collapse_3\">\n                            <div class=\"btn btn-link text-dark font-weight-bold\">\n                               Instagram Hikayeleri Ka\u00e7 G\u00fcn Kal\u0131r?\n                            <\/div>\n                            <div class=\"btn-toogle\">\n                                <span><\/span>\n                                <span><\/span>\n                            <\/div>\n                        <\/div>\n                        <div id=\"collapse_3\" class=\"collapse\" aria-labelledby=\"heading3\" data-parent=\"#accordion\">\n                            <div class=\"card-body\">\n                                <p>Instagram \u00fczerinden payla\u015ft\u0131\u011f\u0131n\u0131z hikayeler en fazla 1 g\u00fcn s\u00fcre ile kal\u0131c\u0131 olacakt\u0131r.<\/p>\n                            <\/div>\n                        <\/div>\n                        <\/div>\n                        \n                    <div class=\"card faq\">\n                        <div class=\"card-header collapsed d-flex justify-content-between align-items-center\" id=\"heading4\"\n                             data-toggle=\"collapse\" data-target=\"#collapse_4\" aria-expanded=\"true\" role=\"button\"\n                             aria-controls=\"collapse_4\">\n                            <div class=\"btn btn-link text-dark font-weight-bold\">\n                               Instagram S\u00fcr\u00fcm\u00fc G\u00fcncel Olmaz \u0130se Ne Olur?\n                            <\/div>\n                            <div class=\"btn-toogle\">\n                                <span><\/span>\n                                <span><\/span>\n                            <\/div>\n                        <\/div>\n                        <div id=\"collapse_4\" class=\"collapse\" aria-labelledby=\"heading4\" data-parent=\"#accordion\">\n                            <div class=\"card-body\">\n                                <p>Instagram s\u00fcr\u00fcm\u00fcn\u00fcz\u00fcn g\u00fcncel olmamas\u0131 sonras\u0131nda t\u00fcm \u00f6zelliklerden yararlanamazs\u0131n\u0131z.<\/p>\n                            <\/div>\n                        <\/div>\n                        <\/div>\n                        \n                    <div class=\"card faq\">\n                        <div class=\"card-header collapsed d-flex justify-content-between align-items-center\" id=\"heading5\"\n                             data-toggle=\"collapse\" data-target=\"#collapse_5\" aria-expanded=\"true\" role=\"button\"\n                             aria-controls=\"collapse_5\">\n                            <div class=\"btn btn-link text-dark font-weight-bold\">\n                               Instagram \u00d6nbellek Temizleme Nedir?\n                            <\/div>\n                            <div class=\"btn-toogle\">\n                                <span><\/span>\n                                <span><\/span>\n                            <\/div>\n                        <\/div>\n                        <div id=\"collapse_5\" class=\"collapse\" aria-labelledby=\"heading5\" data-parent=\"#accordion\">\n                            <div class=\"card-body\">\n                                <p>Instagram uygulamas\u0131n\u0131n biriktirmi\u015f oldu\u011fu \u00e7erezleri ve verileri temizleme i\u015flemidir. <\/p>\n                            <\/div>\n                        <\/div>\n                        <\/div>\n                        <\/div><\/div><\/div>","protected":false},"excerpt":{"rendered":"<p>Instagram yeni g\u00fcncelleme yay\u0131nlad\u0131! Uygulama i\u00e7in yeni s\u00fcr\u00fcm d\u00f6nemi ba\u015flatan Instagram \u00f6zellikle son d\u00f6nemde ard\u0131 ard\u0131na yeni g\u00fcncellemeler de yay\u0131nlamaya ba\u015flam\u0131\u015ft\u0131. Tasar\u0131mda ya\u015fanan de\u011fi\u015fimler daha sonra mesajla\u015fma ve payla\u015f\u0131m alan\u0131n da gelen yenilikler derken \u015fimdilerde ise Instagram yepyeni bir g\u00fcncellemeyle g\u00fcndeme gelmeye ba\u015flad\u0131. Asl\u0131nda s\u00f6z konusu g\u00fcncelleme yakla\u015f\u0131k 2 ay [&hellip;]<\/p>\n","protected":false},"author":1,"featured_media":19635,"comment_status":"open","ping_status":"open","sticky":false,"template":"","format":"standard","meta":{"_helpful_status":1,"footnotes":""},"categories":[2830],"tags":[],"class_list":["post-2484","post","type-post","status-publish","format-standard","has-post-thumbnail","hentry","category-instagram-guncellemeleri","entry"],"yoast_head":"<!-- This site is optimized with the Yoast SEO plugin v26.5 - https:\/\/yoast.com\/wordpress\/plugins\/seo\/ -->\n<title>Instagram Yeni G\u00fcncelleme&#039;nin T\u00fcm Detaylar\u0131 - Fenomist.com<\/title>\n<meta name=\"description\" content=\"Sosyal medya denildi\u011fi zaman akla gelen ilk \u00fc\u00e7 uygulamadan biri olan Instagram yeni g\u00fcncelleme yay\u0131nlad\u0131. Instagramdaki yenilikler i\u00e7in t\u0131kla\" \/>\n<meta name=\"robots\" content=\"index, follow, max-snippet:-1, max-image-preview:large, max-video-preview:-1\" \/>\n<link rel=\"canonical\" href=\"https:\/\/www.fenomist.com\/blog\/instagrama-bir-guncelleme-daha-geldi\" \/>\n<meta property=\"og:locale\" content=\"tr_TR\" \/>\n<meta property=\"og:type\" content=\"article\" \/>\n<meta property=\"og:title\" content=\"Instagram Yeni G\u00fcncelleme&#039;nin T\u00fcm Detaylar\u0131 - Fenomist.com\" \/>\n<meta property=\"og:description\" content=\"Sosyal medya denildi\u011fi zaman akla gelen ilk \u00fc\u00e7 uygulamadan biri olan Instagram yeni g\u00fcncelleme yay\u0131nlad\u0131. Instagramdaki yenilikler i\u00e7in t\u0131kla\" \/>\n<meta property=\"og:url\" content=\"https:\/\/www.fenomist.com\/blog\/instagrama-bir-guncelleme-daha-geldi\" \/>\n<meta property=\"og:site_name\" content=\"Instagram Takip\u00e7i Blog - Son Dakika Haberler\" \/>\n<meta property=\"article:publisher\" content=\"https:\/\/www.facebook.com\/fenomist\" \/>\n<meta property=\"article:published_time\" content=\"2016-07-14T18:16:57+00:00\" \/>\n<meta property=\"article:modified_time\" content=\"2025-04-04T12:58:24+00:00\" \/>\n<meta property=\"og:image\" content=\"https:\/\/www.fenomist.com\/blog\/wp-content\/uploads\/instagrama-yeni-bir-guncelleme-daha-geldi-1.jpg\" \/>\n\t<meta property=\"og:image:width\" content=\"960\" \/>\n\t<meta property=\"og:image:height\" content=\"640\" \/>\n\t<meta property=\"og:image:type\" content=\"image\/jpeg\" \/>\n<meta name=\"author\" content=\"Enes Bulut\" \/>\n<meta name=\"twitter:card\" content=\"summary_large_image\" \/>\n<meta name=\"twitter:creator\" content=\"@bulut_enesss\" \/>\n<meta name=\"twitter:site\" content=\"@smipuclari\" \/>\n<meta name=\"twitter:label1\" content=\"Yazan:\" \/>\n\t<meta name=\"twitter:data1\" content=\"Enes Bulut\" \/>\n\t<meta name=\"twitter:label2\" content=\"Tahmini okuma s\u00fcresi\" \/>\n\t<meta name=\"twitter:data2\" content=\"15 dakika\" \/>\n<script type=\"application\/ld+json\" class=\"yoast-schema-graph\">{\"@context\":\"https:\/\/schema.org\",\"@graph\":[{\"@type\":\"Article\",\"@id\":\"https:\/\/www.fenomist.com\/blog\/instagrama-bir-guncelleme-daha-geldi#article\",\"isPartOf\":{\"@id\":\"https:\/\/www.fenomist.com\/blog\/instagrama-bir-guncelleme-daha-geldi\"},\"author\":{\"name\":\"Enes Bulut\",\"@id\":\"https:\/\/www.fenomist.com\/blog\/#\/schema\/person\/235d54527608230f6c9e9d95b6d15f99\"},\"headline\":\"Instagram Yeni G\u00fcncelleme&#8217;nin T\u00fcm Detaylar\u0131\",\"datePublished\":\"2016-07-14T18:16:57+00:00\",\"dateModified\":\"2025-04-04T12:58:24+00:00\",\"mainEntityOfPage\":{\"@id\":\"https:\/\/www.fenomist.com\/blog\/instagrama-bir-guncelleme-daha-geldi\"},\"wordCount\":3446,\"commentCount\":17,\"publisher\":{\"@id\":\"https:\/\/www.fenomist.com\/blog\/#organization\"},\"image\":{\"@id\":\"https:\/\/www.fenomist.com\/blog\/instagrama-bir-guncelleme-daha-geldi#primaryimage\"},\"thumbnailUrl\":\"https:\/\/www.fenomist.com\/blog\/wp-content\/uploads\/instagrama-yeni-bir-guncelleme-daha-geldi-1.jpg\",\"articleSection\":[\"Instagram G\u00fcncellemeleri\"],\"inLanguage\":\"tr\",\"potentialAction\":[{\"@type\":\"CommentAction\",\"name\":\"Comment\",\"target\":[\"https:\/\/www.fenomist.com\/blog\/instagrama-bir-guncelleme-daha-geldi#respond\"]}]},{\"@type\":[\"WebPage\",\"FAQPage\"],\"@id\":\"https:\/\/www.fenomist.com\/blog\/instagrama-bir-guncelleme-daha-geldi\",\"url\":\"https:\/\/www.fenomist.com\/blog\/instagrama-bir-guncelleme-daha-geldi\",\"name\":\"Instagram Yeni G\u00fcncelleme'nin T\u00fcm Detaylar\u0131 - Fenomist.com\",\"isPartOf\":{\"@id\":\"https:\/\/www.fenomist.com\/blog\/#website\"},\"primaryImageOfPage\":{\"@id\":\"https:\/\/www.fenomist.com\/blog\/instagrama-bir-guncelleme-daha-geldi#primaryimage\"},\"image\":{\"@id\":\"https:\/\/www.fenomist.com\/blog\/instagrama-bir-guncelleme-daha-geldi#primaryimage\"},\"thumbnailUrl\":\"https:\/\/www.fenomist.com\/blog\/wp-content\/uploads\/instagrama-yeni-bir-guncelleme-daha-geldi-1.jpg\",\"datePublished\":\"2016-07-14T18:16:57+00:00\",\"dateModified\":\"2025-04-04T12:58:24+00:00\",\"description\":\"Sosyal medya denildi\u011fi zaman akla gelen ilk \u00fc\u00e7 uygulamadan biri olan Instagram yeni g\u00fcncelleme yay\u0131nlad\u0131. Instagramdaki yenilikler i\u00e7in t\u0131kla\",\"breadcrumb\":{\"@id\":\"https:\/\/www.fenomist.com\/blog\/instagrama-bir-guncelleme-daha-geldi#breadcrumb\"},\"mainEntity\":[{\"@id\":\"https:\/\/www.fenomist.com\/blog\/instagrama-bir-guncelleme-daha-geldi#faq-question-1580290393312\"},{\"@id\":\"https:\/\/www.fenomist.com\/blog\/instagrama-bir-guncelleme-daha-geldi#faq-question-1580290394443\"},{\"@id\":\"https:\/\/www.fenomist.com\/blog\/instagrama-bir-guncelleme-daha-geldi#faq-question-1580290396137\"},{\"@id\":\"https:\/\/www.fenomist.com\/blog\/instagrama-bir-guncelleme-daha-geldi#faq-question-1597754861514\"},{\"@id\":\"https:\/\/www.fenomist.com\/blog\/instagrama-bir-guncelleme-daha-geldi#faq-question-1597754861623\"},{\"@id\":\"https:\/\/www.fenomist.com\/blog\/instagrama-bir-guncelleme-daha-geldi#faq-question-1597754891910\"}],\"inLanguage\":\"tr\",\"potentialAction\":[{\"@type\":\"ReadAction\",\"target\":[\"https:\/\/www.fenomist.com\/blog\/instagrama-bir-guncelleme-daha-geldi\"]}]},{\"@type\":\"ImageObject\",\"inLanguage\":\"tr\",\"@id\":\"https:\/\/www.fenomist.com\/blog\/instagrama-bir-guncelleme-daha-geldi#primaryimage\",\"url\":\"https:\/\/www.fenomist.com\/blog\/wp-content\/uploads\/instagrama-yeni-bir-guncelleme-daha-geldi-1.jpg\",\"contentUrl\":\"https:\/\/www.fenomist.com\/blog\/wp-content\/uploads\/instagrama-yeni-bir-guncelleme-daha-geldi-1.jpg\",\"width\":960,\"height\":640},{\"@type\":\"BreadcrumbList\",\"@id\":\"https:\/\/www.fenomist.com\/blog\/instagrama-bir-guncelleme-daha-geldi#breadcrumb\",\"itemListElement\":[{\"@type\":\"ListItem\",\"position\":1,\"name\":\"Ana sayfa\",\"item\":\"https:\/\/www.fenomist.com\/blog\"},{\"@type\":\"ListItem\",\"position\":2,\"name\":\"Instagram G\u00fcncellemeleri\",\"item\":\"https:\/\/www.fenomist.com\/blog\/instagram-guncellemeleri\"},{\"@type\":\"ListItem\",\"position\":3,\"name\":\"Instagram Yeni G\u00fcncelleme&#8217;nin T\u00fcm Detaylar\u0131\"}]},{\"@type\":\"WebSite\",\"@id\":\"https:\/\/www.fenomist.com\/blog\/#website\",\"url\":\"https:\/\/www.fenomist.com\/blog\/\",\"name\":\"Sosyal Medya Haberleri - Son Dakika\",\"description\":\"Sosyal Medya Haberleri - Son Dakika\",\"publisher\":{\"@id\":\"https:\/\/www.fenomist.com\/blog\/#organization\"},\"alternateName\":\"fenomist.com\",\"potentialAction\":[{\"@type\":\"SearchAction\",\"target\":{\"@type\":\"EntryPoint\",\"urlTemplate\":\"https:\/\/www.fenomist.com\/blog\/?s={search_term_string}\"},\"query-input\":{\"@type\":\"PropertyValueSpecification\",\"valueRequired\":true,\"valueName\":\"search_term_string\"}}],\"inLanguage\":\"tr\"},{\"@type\":\"Organization\",\"@id\":\"https:\/\/www.fenomist.com\/blog\/#organization\",\"name\":\"Fenomist\",\"alternateName\":\"fenomist.com\",\"url\":\"https:\/\/www.fenomist.com\/blog\/\",\"logo\":{\"@type\":\"ImageObject\",\"inLanguage\":\"tr\",\"@id\":\"https:\/\/www.fenomist.com\/blog\/#\/schema\/logo\/image\/\",\"url\":\"https:\/\/www.fenomist.com\/blog\/wp-content\/uploads\/instagram-takipci-satin-al-blog.svg\",\"contentUrl\":\"https:\/\/www.fenomist.com\/blog\/wp-content\/uploads\/instagram-takipci-satin-al-blog.svg\",\"caption\":\"Fenomist\"},\"image\":{\"@id\":\"https:\/\/www.fenomist.com\/blog\/#\/schema\/logo\/image\/\"},\"sameAs\":[\"https:\/\/www.facebook.com\/fenomist\",\"https:\/\/x.com\/smipuclari\",\"https:\/\/www.instagram.com\/sosyal_fabrika\/\",\"https:\/\/tr.linkedin.com\/in\/instatakipcicom\",\"https:\/\/myspace.com\/instatakipci22\",\"https:\/\/fi.pinterest.com\/instatakipcisosyal\/\",\"https:\/\/www.youtube.com\/instatakipcicom\"]},{\"@type\":\"Person\",\"@id\":\"https:\/\/www.fenomist.com\/blog\/#\/schema\/person\/235d54527608230f6c9e9d95b6d15f99\",\"name\":\"Enes Bulut\",\"image\":{\"@type\":\"ImageObject\",\"inLanguage\":\"tr\",\"@id\":\"https:\/\/www.fenomist.com\/blog\/#\/schema\/person\/image\/\",\"url\":\"https:\/\/www.fenomist.com\/blog\/wp-content\/uploads\/enes-bulut-96x96.webp\",\"contentUrl\":\"https:\/\/www.fenomist.com\/blog\/wp-content\/uploads\/enes-bulut-96x96.webp\",\"caption\":\"Enes Bulut\"},\"description\":\"Ben Enes Bulut, 2014 y\u0131l\u0131nda Yeditepe \u00dcniversitesi Reklamc\u0131l\u0131k b\u00f6l\u00fcm\u00fcn\u00fc tamamlad\u0131ktan sonra \u0130\u00e7erik Yazarl\u0131\u011f\u0131 ve Edit\u00f6rl\u00fck alan\u0131na y\u00f6neldim. Bu alanda yakla\u015f\u0131k 6 y\u0131ld\u0131r fenomist.com b\u00fcnyesinde \u00e7al\u0131\u015f\u0131yorum. Sosyal medya ve dijital pazarlama uzmanl\u0131k alan\u0131m olmak \u00fczere bir\u00e7ok konuda \u00f6zg\u00fcn ve \u00f6zel i\u00e7erikler haz\u0131rl\u0131yorum.\",\"sameAs\":[\"https:\/\/www.fenomist.com\/blog\/author\/enesbulut\",\"https:\/\/x.com\/bulut_enesss\"],\"url\":\"https:\/\/www.fenomist.com\/blog\/author\/enesbulut\"},{\"@type\":\"Question\",\"@id\":\"https:\/\/www.fenomist.com\/blog\/instagrama-bir-guncelleme-daha-geldi#faq-question-1580290393312\",\"position\":1,\"url\":\"https:\/\/www.fenomist.com\/blog\/instagrama-bir-guncelleme-daha-geldi#faq-question-1580290393312\",\"name\":\"Instagram Zoom \u00d6zelli\u011fi Nedir?\",\"answerCount\":1,\"acceptedAnswer\":{\"@type\":\"Answer\",\"text\":\"Instagram zoom, Instagram'da payla\u015f\u0131lan foto\u011fraflara yak\u0131nla\u015ft\u0131rma yapabilece\u011finiz g\u00fcncelleme ve \u00f6zelliktir.\",\"inLanguage\":\"tr\"},\"inLanguage\":\"tr\"},{\"@type\":\"Question\",\"@id\":\"https:\/\/www.fenomist.com\/blog\/instagrama-bir-guncelleme-daha-geldi#faq-question-1580290394443\",\"position\":2,\"url\":\"https:\/\/www.fenomist.com\/blog\/instagrama-bir-guncelleme-daha-geldi#faq-question-1580290394443\",\"name\":\"Instagram Hikayeler \u00d6zelli\u011fi Nas\u0131l Kullan\u0131l\u0131r?\",\"answerCount\":1,\"acceptedAnswer\":{\"@type\":\"Answer\",\"text\":\"Instagram hikayeler \u00f6zelli\u011fini kullanmak i\u00e7in Instagram'a giri\u015f yap\u0131n daha sonra sol \u00fcstte bulunan kamera se\u00e7ene\u011fine t\u0131klayarak hikaye payla\u015f\u0131mlar\u0131n\u0131z\u0131 yapabilirsiniz.\",\"inLanguage\":\"tr\"},\"inLanguage\":\"tr\"},{\"@type\":\"Question\",\"@id\":\"https:\/\/www.fenomist.com\/blog\/instagrama-bir-guncelleme-daha-geldi#faq-question-1580290396137\",\"position\":3,\"url\":\"https:\/\/www.fenomist.com\/blog\/instagrama-bir-guncelleme-daha-geldi#faq-question-1580290396137\",\"name\":\"Instagram G\u00fcncelleme Nas\u0131l Yap\u0131l\u0131r?\",\"answerCount\":1,\"acceptedAnswer\":{\"@type\":\"Answer\",\"text\":\"iOS ya da Google Play Store'da Instagram uygulamas\u0131n\u0131 bularak uygulamay\u0131 g\u00fcncelle se\u00e7ene\u011fi ile g\u00fcncelleme i\u015flemlerinizi tamamlayabilirsiniz.\",\"inLanguage\":\"tr\"},\"inLanguage\":\"tr\"},{\"@type\":\"Question\",\"@id\":\"https:\/\/www.fenomist.com\/blog\/instagrama-bir-guncelleme-daha-geldi#faq-question-1597754861514\",\"position\":4,\"url\":\"https:\/\/www.fenomist.com\/blog\/instagrama-bir-guncelleme-daha-geldi#faq-question-1597754861514\",\"name\":\"Instagram Hikayeleri Ka\u00e7 G\u00fcn Kal\u0131r?\",\"answerCount\":1,\"acceptedAnswer\":{\"@type\":\"Answer\",\"text\":\"Instagram \u00fczerinden payla\u015ft\u0131\u011f\u0131n\u0131z hikayeler en fazla 1 g\u00fcn s\u00fcre ile kal\u0131c\u0131 olacakt\u0131r.\",\"inLanguage\":\"tr\"},\"inLanguage\":\"tr\"},{\"@type\":\"Question\",\"@id\":\"https:\/\/www.fenomist.com\/blog\/instagrama-bir-guncelleme-daha-geldi#faq-question-1597754861623\",\"position\":5,\"url\":\"https:\/\/www.fenomist.com\/blog\/instagrama-bir-guncelleme-daha-geldi#faq-question-1597754861623\",\"name\":\"Instagram S\u00fcr\u00fcm\u00fc G\u00fcncel Olmaz \u0130se Ne Olur?\",\"answerCount\":1,\"acceptedAnswer\":{\"@type\":\"Answer\",\"text\":\"Instagram s\u00fcr\u00fcm\u00fcn\u00fcz\u00fcn g\u00fcncel olmamas\u0131 sonras\u0131nda t\u00fcm \u00f6zelliklerden yararlanamazs\u0131n\u0131z.\",\"inLanguage\":\"tr\"},\"inLanguage\":\"tr\"},{\"@type\":\"Question\",\"@id\":\"https:\/\/www.fenomist.com\/blog\/instagrama-bir-guncelleme-daha-geldi#faq-question-1597754891910\",\"position\":6,\"url\":\"https:\/\/www.fenomist.com\/blog\/instagrama-bir-guncelleme-daha-geldi#faq-question-1597754891910\",\"name\":\"Instagram \u00d6nbellek Temizleme Nedir?\",\"answerCount\":1,\"acceptedAnswer\":{\"@type\":\"Answer\",\"text\":\"Instagram uygulamas\u0131n\u0131n biriktirmi\u015f oldu\u011fu \u00e7erezleri ve verileri temizleme i\u015flemidir. \",\"inLanguage\":\"tr\"},\"inLanguage\":\"tr\"}]}<\/script>\n<!-- \/ Yoast SEO plugin. -->","yoast_head_json":{"title":"Instagram Yeni G\u00fcncelleme'nin T\u00fcm Detaylar\u0131 - Fenomist.com","description":"Sosyal medya denildi\u011fi zaman akla gelen ilk \u00fc\u00e7 uygulamadan biri olan Instagram yeni g\u00fcncelleme yay\u0131nlad\u0131. Instagramdaki yenilikler i\u00e7in t\u0131kla","robots":{"index":"index","follow":"follow","max-snippet":"max-snippet:-1","max-image-preview":"max-image-preview:large","max-video-preview":"max-video-preview:-1"},"canonical":"https:\/\/www.fenomist.com\/blog\/instagrama-bir-guncelleme-daha-geldi","og_locale":"tr_TR","og_type":"article","og_title":"Instagram Yeni G\u00fcncelleme'nin T\u00fcm Detaylar\u0131 - Fenomist.com","og_description":"Sosyal medya denildi\u011fi zaman akla gelen ilk \u00fc\u00e7 uygulamadan biri olan Instagram yeni g\u00fcncelleme yay\u0131nlad\u0131. Instagramdaki yenilikler i\u00e7in t\u0131kla","og_url":"https:\/\/www.fenomist.com\/blog\/instagrama-bir-guncelleme-daha-geldi","og_site_name":"Instagram Takip\u00e7i Blog - Son Dakika Haberler","article_publisher":"https:\/\/www.facebook.com\/fenomist","article_published_time":"2016-07-14T18:16:57+00:00","article_modified_time":"2025-04-04T12:58:24+00:00","og_image":[{"width":960,"height":640,"url":"https:\/\/www.fenomist.com\/blog\/wp-content\/uploads\/instagrama-yeni-bir-guncelleme-daha-geldi-1.jpg","type":"image\/jpeg"}],"author":"Enes Bulut","twitter_card":"summary_large_image","twitter_creator":"@bulut_enesss","twitter_site":"@smipuclari","twitter_misc":{"Yazan:":"Enes Bulut","Tahmini okuma s\u00fcresi":"15 dakika"},"schema":{"@context":"https:\/\/schema.org","@graph":[{"@type":"Article","@id":"https:\/\/www.fenomist.com\/blog\/instagrama-bir-guncelleme-daha-geldi#article","isPartOf":{"@id":"https:\/\/www.fenomist.com\/blog\/instagrama-bir-guncelleme-daha-geldi"},"author":{"name":"Enes Bulut","@id":"https:\/\/www.fenomist.com\/blog\/#\/schema\/person\/235d54527608230f6c9e9d95b6d15f99"},"headline":"Instagram Yeni G\u00fcncelleme&#8217;nin T\u00fcm Detaylar\u0131","datePublished":"2016-07-14T18:16:57+00:00","dateModified":"2025-04-04T12:58:24+00:00","mainEntityOfPage":{"@id":"https:\/\/www.fenomist.com\/blog\/instagrama-bir-guncelleme-daha-geldi"},"wordCount":3446,"commentCount":17,"publisher":{"@id":"https:\/\/www.fenomist.com\/blog\/#organization"},"image":{"@id":"https:\/\/www.fenomist.com\/blog\/instagrama-bir-guncelleme-daha-geldi#primaryimage"},"thumbnailUrl":"https:\/\/www.fenomist.com\/blog\/wp-content\/uploads\/instagrama-yeni-bir-guncelleme-daha-geldi-1.jpg","articleSection":["Instagram G\u00fcncellemeleri"],"inLanguage":"tr","potentialAction":[{"@type":"CommentAction","name":"Comment","target":["https:\/\/www.fenomist.com\/blog\/instagrama-bir-guncelleme-daha-geldi#respond"]}]},{"@type":["WebPage","FAQPage"],"@id":"https:\/\/www.fenomist.com\/blog\/instagrama-bir-guncelleme-daha-geldi","url":"https:\/\/www.fenomist.com\/blog\/instagrama-bir-guncelleme-daha-geldi","name":"Instagram Yeni G\u00fcncelleme'nin T\u00fcm Detaylar\u0131 - Fenomist.com","isPartOf":{"@id":"https:\/\/www.fenomist.com\/blog\/#website"},"primaryImageOfPage":{"@id":"https:\/\/www.fenomist.com\/blog\/instagrama-bir-guncelleme-daha-geldi#primaryimage"},"image":{"@id":"https:\/\/www.fenomist.com\/blog\/instagrama-bir-guncelleme-daha-geldi#primaryimage"},"thumbnailUrl":"https:\/\/www.fenomist.com\/blog\/wp-content\/uploads\/instagrama-yeni-bir-guncelleme-daha-geldi-1.jpg","datePublished":"2016-07-14T18:16:57+00:00","dateModified":"2025-04-04T12:58:24+00:00","description":"Sosyal medya denildi\u011fi zaman akla gelen ilk \u00fc\u00e7 uygulamadan biri olan Instagram yeni g\u00fcncelleme yay\u0131nlad\u0131. Instagramdaki yenilikler i\u00e7in t\u0131kla","breadcrumb":{"@id":"https:\/\/www.fenomist.com\/blog\/instagrama-bir-guncelleme-daha-geldi#breadcrumb"},"mainEntity":[{"@id":"https:\/\/www.fenomist.com\/blog\/instagrama-bir-guncelleme-daha-geldi#faq-question-1580290393312"},{"@id":"https:\/\/www.fenomist.com\/blog\/instagrama-bir-guncelleme-daha-geldi#faq-question-1580290394443"},{"@id":"https:\/\/www.fenomist.com\/blog\/instagrama-bir-guncelleme-daha-geldi#faq-question-1580290396137"},{"@id":"https:\/\/www.fenomist.com\/blog\/instagrama-bir-guncelleme-daha-geldi#faq-question-1597754861514"},{"@id":"https:\/\/www.fenomist.com\/blog\/instagrama-bir-guncelleme-daha-geldi#faq-question-1597754861623"},{"@id":"https:\/\/www.fenomist.com\/blog\/instagrama-bir-guncelleme-daha-geldi#faq-question-1597754891910"}],"inLanguage":"tr","potentialAction":[{"@type":"ReadAction","target":["https:\/\/www.fenomist.com\/blog\/instagrama-bir-guncelleme-daha-geldi"]}]},{"@type":"ImageObject","inLanguage":"tr","@id":"https:\/\/www.fenomist.com\/blog\/instagrama-bir-guncelleme-daha-geldi#primaryimage","url":"https:\/\/www.fenomist.com\/blog\/wp-content\/uploads\/instagrama-yeni-bir-guncelleme-daha-geldi-1.jpg","contentUrl":"https:\/\/www.fenomist.com\/blog\/wp-content\/uploads\/instagrama-yeni-bir-guncelleme-daha-geldi-1.jpg","width":960,"height":640},{"@type":"BreadcrumbList","@id":"https:\/\/www.fenomist.com\/blog\/instagrama-bir-guncelleme-daha-geldi#breadcrumb","itemListElement":[{"@type":"ListItem","position":1,"name":"Ana sayfa","item":"https:\/\/www.fenomist.com\/blog"},{"@type":"ListItem","position":2,"name":"Instagram G\u00fcncellemeleri","item":"https:\/\/www.fenomist.com\/blog\/instagram-guncellemeleri"},{"@type":"ListItem","position":3,"name":"Instagram Yeni G\u00fcncelleme&#8217;nin T\u00fcm Detaylar\u0131"}]},{"@type":"WebSite","@id":"https:\/\/www.fenomist.com\/blog\/#website","url":"https:\/\/www.fenomist.com\/blog\/","name":"Sosyal Medya Haberleri - Son Dakika","description":"Sosyal Medya Haberleri - Son Dakika","publisher":{"@id":"https:\/\/www.fenomist.com\/blog\/#organization"},"alternateName":"fenomist.com","potentialAction":[{"@type":"SearchAction","target":{"@type":"EntryPoint","urlTemplate":"https:\/\/www.fenomist.com\/blog\/?s={search_term_string}"},"query-input":{"@type":"PropertyValueSpecification","valueRequired":true,"valueName":"search_term_string"}}],"inLanguage":"tr"},{"@type":"Organization","@id":"https:\/\/www.fenomist.com\/blog\/#organization","name":"Fenomist","alternateName":"fenomist.com","url":"https:\/\/www.fenomist.com\/blog\/","logo":{"@type":"ImageObject","inLanguage":"tr","@id":"https:\/\/www.fenomist.com\/blog\/#\/schema\/logo\/image\/","url":"https:\/\/www.fenomist.com\/blog\/wp-content\/uploads\/instagram-takipci-satin-al-blog.svg","contentUrl":"https:\/\/www.fenomist.com\/blog\/wp-content\/uploads\/instagram-takipci-satin-al-blog.svg","caption":"Fenomist"},"image":{"@id":"https:\/\/www.fenomist.com\/blog\/#\/schema\/logo\/image\/"},"sameAs":["https:\/\/www.facebook.com\/fenomist","https:\/\/x.com\/smipuclari","https:\/\/www.instagram.com\/sosyal_fabrika\/","https:\/\/tr.linkedin.com\/in\/instatakipcicom","https:\/\/myspace.com\/instatakipci22","https:\/\/fi.pinterest.com\/instatakipcisosyal\/","https:\/\/www.youtube.com\/instatakipcicom"]},{"@type":"Person","@id":"https:\/\/www.fenomist.com\/blog\/#\/schema\/person\/235d54527608230f6c9e9d95b6d15f99","name":"Enes Bulut","image":{"@type":"ImageObject","inLanguage":"tr","@id":"https:\/\/www.fenomist.com\/blog\/#\/schema\/person\/image\/","url":"https:\/\/www.fenomist.com\/blog\/wp-content\/uploads\/enes-bulut-96x96.webp","contentUrl":"https:\/\/www.fenomist.com\/blog\/wp-content\/uploads\/enes-bulut-96x96.webp","caption":"Enes Bulut"},"description":"Ben Enes Bulut, 2014 y\u0131l\u0131nda Yeditepe \u00dcniversitesi Reklamc\u0131l\u0131k b\u00f6l\u00fcm\u00fcn\u00fc tamamlad\u0131ktan sonra \u0130\u00e7erik Yazarl\u0131\u011f\u0131 ve Edit\u00f6rl\u00fck alan\u0131na y\u00f6neldim. Bu alanda yakla\u015f\u0131k 6 y\u0131ld\u0131r fenomist.com b\u00fcnyesinde \u00e7al\u0131\u015f\u0131yorum. Sosyal medya ve dijital pazarlama uzmanl\u0131k alan\u0131m olmak \u00fczere bir\u00e7ok konuda \u00f6zg\u00fcn ve \u00f6zel i\u00e7erikler haz\u0131rl\u0131yorum.","sameAs":["https:\/\/www.fenomist.com\/blog\/author\/enesbulut","https:\/\/x.com\/bulut_enesss"],"url":"https:\/\/www.fenomist.com\/blog\/author\/enesbulut"},{"@type":"Question","@id":"https:\/\/www.fenomist.com\/blog\/instagrama-bir-guncelleme-daha-geldi#faq-question-1580290393312","position":1,"url":"https:\/\/www.fenomist.com\/blog\/instagrama-bir-guncelleme-daha-geldi#faq-question-1580290393312","name":"Instagram Zoom \u00d6zelli\u011fi Nedir?","answerCount":1,"acceptedAnswer":{"@type":"Answer","text":"Instagram zoom, Instagram'da payla\u015f\u0131lan foto\u011fraflara yak\u0131nla\u015ft\u0131rma yapabilece\u011finiz g\u00fcncelleme ve \u00f6zelliktir.","inLanguage":"tr"},"inLanguage":"tr"},{"@type":"Question","@id":"https:\/\/www.fenomist.com\/blog\/instagrama-bir-guncelleme-daha-geldi#faq-question-1580290394443","position":2,"url":"https:\/\/www.fenomist.com\/blog\/instagrama-bir-guncelleme-daha-geldi#faq-question-1580290394443","name":"Instagram Hikayeler \u00d6zelli\u011fi Nas\u0131l Kullan\u0131l\u0131r?","answerCount":1,"acceptedAnswer":{"@type":"Answer","text":"Instagram hikayeler \u00f6zelli\u011fini kullanmak i\u00e7in Instagram'a giri\u015f yap\u0131n daha sonra sol \u00fcstte bulunan kamera se\u00e7ene\u011fine t\u0131klayarak hikaye payla\u015f\u0131mlar\u0131n\u0131z\u0131 yapabilirsiniz.","inLanguage":"tr"},"inLanguage":"tr"},{"@type":"Question","@id":"https:\/\/www.fenomist.com\/blog\/instagrama-bir-guncelleme-daha-geldi#faq-question-1580290396137","position":3,"url":"https:\/\/www.fenomist.com\/blog\/instagrama-bir-guncelleme-daha-geldi#faq-question-1580290396137","name":"Instagram G\u00fcncelleme Nas\u0131l Yap\u0131l\u0131r?","answerCount":1,"acceptedAnswer":{"@type":"Answer","text":"iOS ya da Google Play Store'da Instagram uygulamas\u0131n\u0131 bularak uygulamay\u0131 g\u00fcncelle se\u00e7ene\u011fi ile g\u00fcncelleme i\u015flemlerinizi tamamlayabilirsiniz.","inLanguage":"tr"},"inLanguage":"tr"},{"@type":"Question","@id":"https:\/\/www.fenomist.com\/blog\/instagrama-bir-guncelleme-daha-geldi#faq-question-1597754861514","position":4,"url":"https:\/\/www.fenomist.com\/blog\/instagrama-bir-guncelleme-daha-geldi#faq-question-1597754861514","name":"Instagram Hikayeleri Ka\u00e7 G\u00fcn Kal\u0131r?","answerCount":1,"acceptedAnswer":{"@type":"Answer","text":"Instagram \u00fczerinden payla\u015ft\u0131\u011f\u0131n\u0131z hikayeler en fazla 1 g\u00fcn s\u00fcre ile kal\u0131c\u0131 olacakt\u0131r.","inLanguage":"tr"},"inLanguage":"tr"},{"@type":"Question","@id":"https:\/\/www.fenomist.com\/blog\/instagrama-bir-guncelleme-daha-geldi#faq-question-1597754861623","position":5,"url":"https:\/\/www.fenomist.com\/blog\/instagrama-bir-guncelleme-daha-geldi#faq-question-1597754861623","name":"Instagram S\u00fcr\u00fcm\u00fc G\u00fcncel Olmaz \u0130se Ne Olur?","answerCount":1,"acceptedAnswer":{"@type":"Answer","text":"Instagram s\u00fcr\u00fcm\u00fcn\u00fcz\u00fcn g\u00fcncel olmamas\u0131 sonras\u0131nda t\u00fcm \u00f6zelliklerden yararlanamazs\u0131n\u0131z.","inLanguage":"tr"},"inLanguage":"tr"},{"@type":"Question","@id":"https:\/\/www.fenomist.com\/blog\/instagrama-bir-guncelleme-daha-geldi#faq-question-1597754891910","position":6,"url":"https:\/\/www.fenomist.com\/blog\/instagrama-bir-guncelleme-daha-geldi#faq-question-1597754891910","name":"Instagram \u00d6nbellek Temizleme Nedir?","answerCount":1,"acceptedAnswer":{"@type":"Answer","text":"Instagram uygulamas\u0131n\u0131n biriktirmi\u015f oldu\u011fu \u00e7erezleri ve verileri temizleme i\u015flemidir. ","inLanguage":"tr"},"inLanguage":"tr"}]}},"_links":{"self":[{"href":"https:\/\/www.fenomist.com\/blog\/wp-json\/wp\/v2\/posts\/2484","targetHints":{"allow":["GET"]}}],"collection":[{"href":"https:\/\/www.fenomist.com\/blog\/wp-json\/wp\/v2\/posts"}],"about":[{"href":"https:\/\/www.fenomist.com\/blog\/wp-json\/wp\/v2\/types\/post"}],"author":[{"embeddable":true,"href":"https:\/\/www.fenomist.com\/blog\/wp-json\/wp\/v2\/users\/1"}],"replies":[{"embeddable":true,"href":"https:\/\/www.fenomist.com\/blog\/wp-json\/wp\/v2\/comments?post=2484"}],"version-history":[{"count":8,"href":"https:\/\/www.fenomist.com\/blog\/wp-json\/wp\/v2\/posts\/2484\/revisions"}],"predecessor-version":[{"id":46662,"href":"https:\/\/www.fenomist.com\/blog\/wp-json\/wp\/v2\/posts\/2484\/revisions\/46662"}],"wp:featuredmedia":[{"embeddable":true,"href":"https:\/\/www.fenomist.com\/blog\/wp-json\/wp\/v2\/media\/19635"}],"wp:attachment":[{"href":"https:\/\/www.fenomist.com\/blog\/wp-json\/wp\/v2\/media?parent=2484"}],"wp:term":[{"taxonomy":"category","embeddable":true,"href":"https:\/\/www.fenomist.com\/blog\/wp-json\/wp\/v2\/categories?post=2484"},{"taxonomy":"post_tag","embeddable":true,"href":"https:\/\/www.fenomist.com\/blog\/wp-json\/wp\/v2\/tags?post=2484"}],"curies":[{"name":"wp","href":"https:\/\/api.w.org\/{rel}","templated":true}]}}