{"id":2802,"date":"2016-10-12T21:49:34","date_gmt":"2016-10-12T18:49:34","guid":{"rendered":"https:\/\/www.instatakipci.com\/blog\/?p=2802"},"modified":"2025-07-17T16:55:54","modified_gmt":"2025-07-17T13:55:54","slug":"instagram-profiline-biyografi-nasil-eklenir","status":"publish","type":"post","link":"https:\/\/www.fenomist.com\/blog\/instagram-profiline-biyografi-nasil-eklenir","title":{"rendered":"Instagram Profiline Biyografi Nas\u0131l Eklenir?"},"content":{"rendered":"\n<p>Instagram hesab\u0131n\u0131z\u0131 daha ilgi \u00e7eken bir hale getirmek ve daha fazla takip\u00e7i kazanmak i\u00e7in mutlaka Instagram hesab\u0131n\u0131z\u0131 t\u00fcm detaylar\u0131yla d\u00fczenlemeniz gerekiyor. <strong>Instagram Profiline Biyografi<\/strong>&nbsp;eklemeden bu d\u00fczenleme bitemez. Bu \u015fekilde Instagram\u2019dan takip\u00e7iler hesab\u0131n\u0131za daha fazla ilgi g\u00f6sterecek ve ilgi alanlar\u0131n\u0131z\u0131n ortak oldu\u011fu kullan\u0131c\u0131lara daha rahat ula\u015fabilirsiniz. Bu noktada Instagram hesab\u0131n\u0131z\u0131 d\u00fczenlerken ilk dikkat edece\u011finiz konulardan biri profil resmini ve profil ad\u0131n\u0131z. Profil resmini ve profilinizde kulland\u0131\u011f\u0131n\u0131z ismi se\u00e7tikten sonra ise takip\u00e7ilerinize kendinizi daha iyi yans\u0131tmak i\u00e7in <strong>Instagram\u2019\u0131n<\/strong> biyografi \u00f6zelli\u011fini kullanabilirsiniz.<\/p><div id=\"ez-toc-container\" class=\"ez-toc-v2_0_79_2 counter-hierarchy ez-toc-counter ez-toc-grey ez-toc-container-direction\">\n<div class=\"ez-toc-title-container\">\n<p class=\"ez-toc-title\" style=\"cursor:inherit\">\u0130\u00e7indekiler<\/p>\n<span class=\"ez-toc-title-toggle\"><a href=\"#\" class=\"ez-toc-pull-right ez-toc-btn ez-toc-btn-xs ez-toc-btn-default ez-toc-toggle\" aria-label=\"Toggle Table of Content\"><span class=\"ez-toc-js-icon-con\"><span class=\"\"><span class=\"eztoc-hide\" style=\"display:none;\">Toggle<\/span><span class=\"ez-toc-icon-toggle-span\"><svg style=\"fill: #999;color:#999\" xmlns=\"http:\/\/www.w3.org\/2000\/svg\" class=\"list-377408\" width=\"20px\" height=\"20px\" viewBox=\"0 0 24 24\" fill=\"none\"><path d=\"M6 6H4v2h2V6zm14 0H8v2h12V6zM4 11h2v2H4v-2zm16 0H8v2h12v-2zM4 16h2v2H4v-2zm16 0H8v2h12v-2z\" fill=\"currentColor\"><\/path><\/svg><svg style=\"fill: #999;color:#999\" class=\"arrow-unsorted-368013\" xmlns=\"http:\/\/www.w3.org\/2000\/svg\" width=\"10px\" height=\"10px\" viewBox=\"0 0 24 24\" version=\"1.2\" baseProfile=\"tiny\"><path d=\"M18.2 9.3l-6.2-6.3-6.2 6.3c-.2.2-.3.4-.3.7s.1.5.3.7c.2.2.4.3.7.3h11c.3 0 .5-.1.7-.3.2-.2.3-.5.3-.7s-.1-.5-.3-.7zM5.8 14.7l6.2 6.3 6.2-6.3c.2-.2.3-.5.3-.7s-.1-.5-.3-.7c-.2-.2-.4-.3-.7-.3h-11c-.3 0-.5.1-.7.3-.2.2-.3.5-.3.7s.1.5.3.7z\"\/><\/svg><\/span><\/span><\/span><\/a><\/span><\/div>\n<nav><ul class='ez-toc-list ez-toc-list-level-1 ' ><li class='ez-toc-page-1 ez-toc-heading-level-2'><a class=\"ez-toc-link ez-toc-heading-1\" href=\"https:\/\/www.fenomist.com\/blog\/instagram-profiline-biyografi-nasil-eklenir\/#Instagram_Profiline_Biyografi_Nasil_Eklenir\" >Instagram Profiline Biyografi Nas\u0131l Eklenir?<\/a><ul class='ez-toc-list-level-3' ><li class='ez-toc-heading-level-3'><a class=\"ez-toc-link ez-toc-heading-2\" href=\"https:\/\/www.fenomist.com\/blog\/instagram-profiline-biyografi-nasil-eklenir\/#Mobilde_Instagram_Biyografi_Ekleme\" >Mobilde Instagram Biyografi Ekleme<\/a><\/li><li class='ez-toc-page-1 ez-toc-heading-level-3'><a class=\"ez-toc-link ez-toc-heading-3\" href=\"https:\/\/www.fenomist.com\/blog\/instagram-profiline-biyografi-nasil-eklenir\/#Masaustunde_Instagram_Biyografi_Ekleme\" >Masa\u00fcst\u00fcnde Instagram Biyografi Ekleme<\/a><\/li><li class='ez-toc-page-1 ez-toc-heading-level-3'><a class=\"ez-toc-link ez-toc-heading-4\" href=\"https:\/\/www.fenomist.com\/blog\/instagram-profiline-biyografi-nasil-eklenir\/#Bu_makale_faydali_miydi\" >Bu makale faydal\u0131 m\u0131yd\u0131?<\/a><\/li><\/ul><\/li><li class='ez-toc-page-1 ez-toc-heading-level-2'><a class=\"ez-toc-link ez-toc-heading-5\" href=\"https:\/\/www.fenomist.com\/blog\/instagram-profiline-biyografi-nasil-eklenir\/#Hakkinda_Sikca_Sorulan_Sorular\" >Hakk\u0131nda S\u0131k\u00e7a Sorulan Sorular<\/a><\/li><\/ul><\/nav><\/div>\n\n\n\n\n<p>Instagram profilinize biyografi ekleyerek di\u011fer kullan\u0131c\u0131lara ki\u015fisel blo\u011funuzu veya i\u015fletme hesab\u0131n\u0131z\u0131 k\u0131saca tan\u0131tabilir ve profiliniz hakk\u0131nda karar vermelerini sa\u011flayabilirsiniz. Ne i\u015f yapt\u0131\u011f\u0131n\u0131z\u0131, nelerle u\u011fra\u015ft\u0131\u011f\u0131n\u0131z\u0131, \u00fcr\u00fcnleriniz ile ilgili bilgileri, sa\u011flad\u0131\u011f\u0131n\u0131z hizmetleri biyografi k\u0131sm\u0131na yazarak di\u011fer kullan\u0131c\u0131lar\u0131n sizi tan\u0131malar\u0131n\u0131 ve profilinizin temel amac\u0131n\u0131 anlamalar\u0131n\u0131 sa\u011flayabilirsiniz. Biyografide yazd\u0131\u011f\u0131n\u0131z c\u00fcmleler di\u011fer kullan\u0131c\u0131lar\u0131n sizi tan\u0131mas\u0131 a\u00e7\u0131s\u0131ndan \u00f6nemli bir detay oldu\u011fundan dolay\u0131 k\u0131sa ve \u00f6z bir bi\u00e7imde yaz\u0131larak do\u011fru c\u00fcmleler kullan\u0131lmal\u0131d\u0131r. Ayr\u0131ca, kullan\u0131c\u0131lar\u0131n profilinizde kar\u015f\u0131la\u015ft\u0131\u011f\u0131 ve dikkat etti\u011fi ilk konu biyografiniz oldu\u011fundan dolay\u0131, di\u011fer kullan\u0131c\u0131lar\u0131n etkilenece\u011fi bir bi\u00e7imde yani halk aras\u0131nda haval\u0131 bir \u015fekilde yaz\u0131lmas\u0131 gerekir. En haval\u0131 Instagram biyografi s\u00f6zlerini de inceleyerek biyografinize yazabilirsiniz.<\/p>\n\n\n\n<figure class=\"wp-block-embed is-type-video is-provider-youtube wp-block-embed-youtube wp-embed-aspect-16-9 wp-has-aspect-ratio\"><div class=\"wp-block-embed__wrapper\">\n<iframe title=\"Instagram Biyografi D\u00fczenleme (De\u011fi\u015ftirme) Nas\u0131l Yap\u0131l\u0131r?\" width=\"640\" height=\"360\" src=\"https:\/\/www.youtube.com\/embed\/F-lZxOZWgJk?feature=oembed\" frameborder=\"0\" allow=\"accelerometer; autoplay; clipboard-write; encrypted-media; gyroscope; picture-in-picture; web-share\" referrerpolicy=\"strict-origin-when-cross-origin\" allowfullscreen><\/iframe><script type=\"application\/ld+json\">\n    {\n      \"@context\": \"https:\/\/schema.org\",\n      \"@type\": \"VideoObject\",\n      \"name\": \"Instagram Biyografi D\u00fczenleme (De\u011fi\u015ftirme) Nas\u0131l Yap\u0131l\u0131r?\",\n      \"description\": \"Instagram Profiline Biyografi Nas\u0131l Eklenir?\",\n      \"thumbnailUrl\": \"https:\/\/i.ytimg.com\/vi_webp\/F-lZxOZWgJk\/mqdefault.webp\",\n      \"embedUrl\": \"https:\/\/www.youtube.com\/embed\/F-lZxOZWgJk?feature=oembed\",\n      \"uploadDate\": \"July 17, 2025 1:55 pm\"\n    }\n    <\/script>\n<\/div><\/figure>\n\n\n\n<h2 class=\"wp-block-heading\"><span class=\"ez-toc-section\" id=\"Instagram_Profiline_Biyografi_Nasil_Eklenir\"><\/span><strong>Instagram Profiline Biyografi Nas\u0131l Eklenir?<\/strong><span class=\"ez-toc-section-end\"><\/span><\/h2>\n\n\n\n<p>Biyografi \u00f6zelli\u011fi ile kendiniz hakk\u0131nda kullan\u0131c\u0131lara daha fazla bilgi verebilece\u011finiz gibi ilgi alanlar\u0131n\u0131z hakk\u0131nda da kullan\u0131c\u0131lara \u00e7ok daha fazla bilgi verebiliyorsunuz. <strong>Instagram Profiline Biyografi&nbsp;<\/strong>ekleyince haliyle&nbsp;kullan\u0131c\u0131lar da hesaplar\u0131n\u0131za \u00e7ok daha fazla ilgi g\u00f6steriyor. Peki, daha fazla takip\u00e7i kazanmak i\u00e7in olduk\u00e7a \u00f6nemli olan biyografi \u00f6zelli\u011fini nas\u0131l kullan\u0131yoruz? Bakal\u0131m.<\/p>\n\n\n<div class=\"bestSellListContainer bestByProduct price w-100\">\n    <div class=\"bestSellList best-card\">\n        <div class=\"bestSell-list bestsell nowrap slick-initialized slick-slider\" data-slide=\"12\">\n            <div class=\"slick-list swiper best-product-slider draggable\">\n                <div class=\"slick-track swiper-wrapper\">\n<div class=\"slide swiper-slide slick-slide\" data-slick-index=\"3\"\n     aria-hidden=\"true\"\n     tabindex=\"-1\">\n    <div class=\"card border-bestSell\">\n        <a href=\"https:\/\/www.fenomist.com\/instagram-turk-takipci?amount=2500&ps4\" class=\"stretched-link blog-product-slider\" target=\"_blank\"\n           tabindex=\"-1\"><\/a>\n        <div class=\"card-header btn-like-color btn-like-bg-color\">\n           <img decoding=\"async\" src=\"https:\/\/www.fenomist.com\/blog\/wp-content\/uploads\/instagram-takipci-slide.webp\" width=\"64\" height=\"64\">\n        <\/div>\n        <div class=\"card-body\">\n            <div class=\"best-name btn-like-color\">Instagram Takip\u00e7i<\/div>\n            <div class=\"best-amount\">2.500<\/div>\n            <hr class=\"border-like\">\n        <\/div>\n        <div class=\"card-footer\">\n            <div class='best-discount'>%36 Discounted<\/div>            <div>\n                <p class='pricesClass pricesOld'> 625\u20ba <\/p>                <p class=\"h4 text-black\">397.25\u20ba<\/p>\n            <\/div>\n            <input type=\"button\" value=\"Buy Now\" class=\"btn-primary btn\">\n        <\/div>\n    <\/div>\n<\/div>\n<div class=\"slide swiper-slide slick-slide\" data-slick-index=\"3\"\n     aria-hidden=\"true\"\n     tabindex=\"-1\">\n    <div class=\"card border-bestSell\">\n        <a href=\"https:\/\/www.fenomist.com\/instagram-begeni-satin-al?amount=250&ps4\" class=\"stretched-link blog-product-slider\" target=\"_blank\"\n           tabindex=\"-1\"><\/a>\n        <div class=\"card-header btn-like-color btn-like-bg-color\">\n           <img decoding=\"async\" src=\"https:\/\/www.fenomist.com\/blog\/wp-content\/uploads\/instagram-begeni-slide.webp\" width=\"64\" height=\"64\">\n        <\/div>\n        <div class=\"card-body\">\n            <div class=\"best-name btn-like-color\">Instagram Be\u011feni<\/div>\n            <div class=\"best-amount\">250<\/div>\n            <hr class=\"border-like\">\n        <\/div>\n        <div class=\"card-footer\">\n            <div class='best-discount'>%40 Discounted<\/div>            <div>\n                <p class='pricesClass pricesOld'> 34.38\u20ba <\/p>                <p class=\"h4 text-black\">20.75\u20ba<\/p>\n            <\/div>\n            <input type=\"button\" value=\"Buy Now\" class=\"btn-primary btn\">\n        <\/div>\n    <\/div>\n<\/div>\n<div class=\"slide swiper-slide slick-slide\" data-slick-index=\"3\"\n     aria-hidden=\"true\"\n     tabindex=\"-1\">\n    <div class=\"card border-bestSell\">\n        <a href=\"https:\/\/www.fenomist.com\/tiktok-takipci-satin-al?amount=2500&ps4\" class=\"stretched-link blog-product-slider\" target=\"_blank\"\n           tabindex=\"-1\"><\/a>\n        <div class=\"card-header btn-like-color btn-like-bg-color\">\n           <img decoding=\"async\" src=\"https:\/\/www.fenomist.com\/blog\/wp-content\/uploads\/tiktok-begeni-slide.webp\" width=\"64\" height=\"64\">\n        <\/div>\n        <div class=\"card-body\">\n            <div class=\"best-name btn-like-color\">TikTok Takip\u00e7i<\/div>\n            <div class=\"best-amount\">2.500<\/div>\n            <hr class=\"border-like\">\n        <\/div>\n        <div class=\"card-footer\">\n            <div class='best-discount'>%65 Discounted<\/div>            <div>\n                <p class='pricesClass pricesOld'> 750\u20ba <\/p>                <p class=\"h4 text-black\">262.5\u20ba<\/p>\n            <\/div>\n            <input type=\"button\" value=\"Buy Now\" class=\"btn-primary btn\">\n        <\/div>\n    <\/div>\n<\/div>\n<div class=\"slide swiper-slide slick-slide\" data-slick-index=\"3\"\n     aria-hidden=\"true\"\n     tabindex=\"-1\">\n    <div class=\"card border-bestSell\">\n        <a href=\"https:\/\/www.fenomist.com\/tiktok-begeni-satin-al?amount=100&ps4\" class=\"stretched-link blog-product-slider\" target=\"_blank\"\n           tabindex=\"-1\"><\/a>\n        <div class=\"card-header btn-like-color btn-like-bg-color\">\n           <img decoding=\"async\" src=\"https:\/\/www.fenomist.com\/blog\/wp-content\/uploads\/tiktok-begeni-slide.webp\" width=\"64\" height=\"64\">\n        <\/div>\n        <div class=\"card-body\">\n            <div class=\"best-name btn-like-color\">TikTok Be\u011feni<\/div>\n            <div class=\"best-amount\">100<\/div>\n            <hr class=\"border-like\">\n        <\/div>\n        <div class=\"card-footer\">\n            <div class='best-discount'>%20 Discounted<\/div>            <div>\n                <p class='pricesClass pricesOld'> 19.9\u20ba <\/p>                <p class=\"h4 text-black\">15.99\u20ba<\/p>\n            <\/div>\n            <input type=\"button\" value=\"Buy Now\" class=\"btn-primary btn\">\n        <\/div>\n    <\/div>\n<\/div>\n<div class=\"slide swiper-slide slick-slide\" data-slick-index=\"3\"\n     aria-hidden=\"true\"\n     tabindex=\"-1\">\n    <div class=\"card border-bestSell\">\n        <a href=\"https:\/\/www.fenomist.com\/instagram-yorum-satin-al?amount=10&ps4\" class=\"stretched-link blog-product-slider\" target=\"_blank\"\n           tabindex=\"-1\"><\/a>\n        <div class=\"card-header btn-like-color btn-like-bg-color\">\n           <img decoding=\"async\" src=\"https:\/\/www.fenomist.com\/blog\/wp-content\/uploads\/instagram-takipci-slide.webp\" width=\"64\" height=\"64\">\n        <\/div>\n        <div class=\"card-body\">\n            <div class=\"best-name btn-like-color\">Instagram Yorum<\/div>\n            <div class=\"best-amount\">10<\/div>\n            <hr class=\"border-like\">\n        <\/div>\n        <div class=\"card-footer\">\n            <div class='best-discount'>%4 Discounted<\/div>            <div>\n                <p class='pricesClass pricesOld'> 30.08\u20ba <\/p>                <p class=\"h4 text-black\">28.85\u20ba<\/p>\n            <\/div>\n            <input type=\"button\" value=\"Buy Now\" class=\"btn-primary btn\">\n        <\/div>\n    <\/div>\n<\/div>\n<\/div>\n<div class=\"custom-pagination swiper-pagination\"><\/div>\n<\/div>\n<\/div>\n<\/div>\n<\/div>\n\n\n\n\n\n<h3 class=\"wp-block-heading\"><span class=\"ez-toc-section\" id=\"Mobilde_Instagram_Biyografi_Ekleme\"><\/span>Mobilde Instagram Biyografi Ekleme<span class=\"ez-toc-section-end\"><\/span><\/h3>\n\n\n<div class=\"wp-block-image\">\n<figure class=\"aligncenter size-full\"><img loading=\"lazy\" decoding=\"async\" width=\"960\" height=\"480\" src=\"https:\/\/www.fenomist.com\/blog\/wp-content\/uploads\/instagram-biyografi-ekleme.png\" alt=\"Instagram Biyografi Ekleme\" class=\"wp-image-39573\" srcset=\"https:\/\/www.fenomist.com\/blog\/wp-content\/uploads\/instagram-biyografi-ekleme.png 960w, https:\/\/www.fenomist.com\/blog\/wp-content\/uploads\/instagram-biyografi-ekleme-768x384.png 768w\" sizes=\"(max-width: 960px) 100vw, 960px\" \/><\/figure><\/div>\n\n\n<ul class=\"wp-block-list\">\n<li>\u00d6ncelikle Instagram hesab\u0131n\u0131za giri\u015f yapman\u0131z gerekiyor. Instagram hesab\u0131n\u0131za giri\u015f yapt\u0131ktan sonra ise yapman\u0131z gereken profilinize giri\u015f yapmak. Profil ayarlar\u0131n\u0131n yap\u0131ld\u0131\u011f\u0131 bu b\u00f6l\u00fcme girdikten sonra ise sa\u011f \u00fcste yer alan k\u0131s\u0131mdan \u201c<strong>profilinizi d\u00fczenle<\/strong>\u201d sekmesine basman\u0131z gerekiyor.<\/li>\n\n\n\n<li>Profili d\u00fczenle sekmesine girdikten sonra ise buradan biyografi k\u0131sm\u0131na girmeniz gerekiyor. Bu b\u00f6l\u00fcme 150 karakterlik biyografinizi yazabiliyorsunuz. Ard\u0131ndan profil b\u00f6l\u00fcm\u00fcnde biyografiniz g\u00f6r\u00fcnt\u00fcleniyor.<\/li>\n\n\n\n<li>Biyografinize \u00f6zel fontta yaz\u0131 ekleyebilir veya en g\u00fczel biyografi s\u00f6zlerini de ekleyebilirsiniz. Profilinizde di\u011fer kullan\u0131c\u0131lar\u0131n dikkat ettikleri ilk k\u0131s\u0131m biyografi k\u0131sm\u0131 oldu\u011fundan dolay\u0131 bu k\u0131sm\u0131n hem \u00e7ok haval\u0131 hem de k\u0131sa ve \u00f6z bir \u015fekilde yaz\u0131lmas\u0131 gerekmektedir.<\/li>\n\n\n\n<li>Biyografinize yazaca\u011f\u0131n\u0131z yaz\u0131lar\u0131 da ara\u015ft\u0131rabilir ve internet \u00fczerinden de se\u00e7ebilirsiniz.<\/li>\n\n\n\n<li>Ayn\u0131 zamanda biyografinizde yapt\u0131\u011f\u0131n\u0131z i\u015flerden de bahsedebilir, kariyer tan\u0131t\u0131m\u0131n\u0131z\u0131 yapabilirsiniz. Bununla beraber bir i\u015fletme hesab\u0131na sahipseniz \u00fcr\u00fcn tan\u0131t\u0131m\u0131n\u0131z\u0131 veya hizmet tan\u0131t\u0131m\u0131n\u0131z\u0131 da yapabilirsiniz.<\/li>\n<\/ul>\n\n\n\n<h3 class=\"wp-block-heading\"><span class=\"ez-toc-section\" id=\"Masaustunde_Instagram_Biyografi_Ekleme\"><\/span>Masa\u00fcst\u00fcnde Instagram Biyografi Ekleme<span class=\"ez-toc-section-end\"><\/span><\/h3>\n\n\n\n<p>Instagram Profile biyografi eklemek i\u00e7in de mobile benzer \u015fekilde masa\u00fcst\u00fcnde de Instagram profil k\u0131sm\u0131ndan Profil D\u00fczenle&#8217;ye t\u0131klay\u0131n<\/p>\n\n\n<div class=\"wp-block-image\">\n<figure class=\"aligncenter size-full\"><img loading=\"lazy\" decoding=\"async\" width=\"960\" height=\"480\" src=\"https:\/\/www.fenomist.com\/blog\/wp-content\/uploads\/instagram-profil-duzenle.png\" alt=\"Profili D\u00fczenle\" class=\"wp-image-39593\" srcset=\"https:\/\/www.fenomist.com\/blog\/wp-content\/uploads\/instagram-profil-duzenle.png 960w, https:\/\/www.fenomist.com\/blog\/wp-content\/uploads\/instagram-profil-duzenle-768x384.png 768w\" sizes=\"(max-width: 960px) 100vw, 960px\" \/><\/figure><\/div>\n\n\n<p>Daha sonra a\u00e7\u0131lan pencerede yer alan Biyografi k\u0131sm\u0131na istedi\u011finiz metni girin.<\/p>\n\n\n\n<figure class=\"wp-block-image size-full\"><img loading=\"lazy\" decoding=\"async\" width=\"960\" height=\"480\" src=\"https:\/\/www.fenomist.com\/blog\/wp-content\/uploads\/instagram-profil-biyografi.png\" alt=\"instagram biyografi giri\u015fi\" class=\"wp-image-39594\" srcset=\"https:\/\/www.fenomist.com\/blog\/wp-content\/uploads\/instagram-profil-biyografi.png 960w, https:\/\/www.fenomist.com\/blog\/wp-content\/uploads\/instagram-profil-biyografi-768x384.png 768w\" sizes=\"(max-width: 960px) 100vw, 960px\" \/><\/figure>\n\n\n\n<p>Metni girdikten sonra G\u00f6nder&#8217;e t\u0131klay\u0131n ve kaydedin.<\/p>\n\n\n\n<figure class=\"wp-block-embed aligncenter is-type-video is-provider-youtube wp-block-embed-youtube wp-embed-aspect-16-9 wp-has-aspect-ratio\"><div class=\"wp-block-embed__wrapper\">\n<iframe title=\"Instagram Bio Nas\u0131l Kullan\u0131l\u0131r? | INSTAGRAM HESABINI U\u00c7URAN 6 \u0130PUCU\" width=\"640\" height=\"360\" src=\"https:\/\/www.youtube.com\/embed\/lUoBQVCvrqI?feature=oembed\" frameborder=\"0\" allow=\"accelerometer; autoplay; clipboard-write; encrypted-media; gyroscope; picture-in-picture; web-share\" referrerpolicy=\"strict-origin-when-cross-origin\" allowfullscreen><\/iframe><script type=\"application\/ld+json\">\n    {\n      \"@context\": \"https:\/\/schema.org\",\n      \"@type\": \"VideoObject\",\n      \"name\": \"Instagram Bio Nas\u0131l Kullan\u0131l\u0131r? | INSTAGRAM HESABINI U\u00c7URAN 6 \u0130PUCU\",\n      \"description\": \"Instagram Profiline Biyografi Nas\u0131l Eklenir?\",\n      \"thumbnailUrl\": \"https:\/\/i.ytimg.com\/vi_webp\/lUoBQVCvrqI\/mqdefault.webp\",\n      \"embedUrl\": \"https:\/\/www.youtube.com\/embed\/lUoBQVCvrqI?feature=oembed\",\n      \"uploadDate\": \"July 17, 2025 1:55 pm\"\n    }\n    <\/script>\n<\/div><\/figure>\n\n\n\n<div class=\"schema-faq wp-block-yoast-faq-block\">      <\/div>\n\r\n\t\t\t<div id=\"daexthefu-container\"\r\n\t\t\t\tclass=\"daexthefu-container daexthefu-layout-side-by-side daexthefu-alignment-left\"\r\n\t\t\t\tdata-post-id=\"2802\">\r\n\r\n\t\t\t\t<div class=\"daexthefu-feedback\">\r\n\t\t\t\t\t<div class=\"daexthefu-text\">\r\n\t\t\t\t\t\t<h3 class=\"daexthefu-title\"><span class=\"ez-toc-section\" id=\"Bu_makale_faydali_miydi\"><\/span>Bu makale faydal\u0131 m\u0131yd\u0131?<span class=\"ez-toc-section-end\"><\/span><\/h3>\r\n\t\t\t\t\t<\/div>\r\n\t\t\t\t\t<div class=\"daexthefu-buttons-container\">\r\n\t\t\t\t\t\t<div class=\"daexthefu-buttons\">\r\n\t\t\t\t\t\t\t\r\n\t\t\t<div class=\"daexthefu-yes daexthefu-button daexthefu-button-type-text\" data-value=\"1\">\r\n\t\t\t\t<div class=\"daexthefu-button-text\">Faydal\u0131<\/div>\r\n\t\t\t<\/div>\r\n\r\n\t\t\t\t\t\t\t\t\t\t\r\n\t\t\t<div class=\"daexthefu-no daexthefu-button daexthefu-button-type-text\" data-value=\"0\">\r\n\t\t\t\t<div class=\"daexthefu-button-text\">Geli\u015ftirilmeli<\/div>\r\n\t\t\t<\/div>\r\n\r\n\t\t\t\t\t\t\t\t\t<\/div>\r\n\t\t\t\t\t<\/div>\r\n\t\t\t\t<\/div>\r\n\r\n\t\t\t\t<div class=\"daexthefu-comment\">\r\n\t\t\t\t\t<div class=\"daexthefu-comment-top-container\">\r\n\t\t\t\t\t\t<label id=\"daexthefu-comment-label\" class=\"daexthefu-comment-label\"><\/label>\r\n\t\t\t\t\t\t\t\t\t\t\t\t\t<div class=\"daexthefu-comment-character-counter-container\">\r\n\t\t\t\t\t\t\t\t<div id=\"daexthefu-comment-character-counter-number\"\r\n\t\t\t\t\t\t\t\t\tclass=\"daexthefu-comment-character-counter-number\"><\/div>\r\n\t\t\t\t\t\t\t\t<div class=\"daexthefu-comment-character-counter-text\"><\/div>\r\n\t\t\t\t\t\t\t<\/div>\r\n\t\t\t\t\t\t\t\t\t\t\t<\/div>\r\n\t\t\t\t\t<textarea id=\"daexthefu-comment-textarea\" class=\"daexthefu-comment-textarea\"\r\n\t\t\t\t\t\t\t\tplaceholder=\"Mesaj\u0131n\u0131z\u0131 giriniz\"\r\n\t\t\t\t\t\t\t\tmaxlength=\"\r\n\t\t\t\t\t\t\t\t400\t\t\t\t\t\t\t\t\t\"><\/textarea>\r\n\t\t\t\t\t<div class=\"daexthefu-comment-buttons-container\">\r\n\t\t\t\t\t\t<button class=\"daexthefu-comment-submit daexthefu-button\">G\u00f6nder<\/button>\r\n\t\t\t\t\t\t<button class=\"daexthefu-comment-cancel daexthefu-button\">\u0130ptal<\/button>\r\n\t\t\t\t\t<\/div>\r\n\t\t\t\t<\/div>\r\n\r\n\t\t\t\t<div class=\"daexthefu-successful-submission-text\">Geri bildirim i\u00e7in te\u015fekk\u00fcr ederiz!<\/div>\r\n\r\n\t\t\t<\/div>\r\n\r\n\t\t\t\n    <div class=\"container\">\n        <div class=\"faq accordion faq-drop\" id=\"accordion\">\n            <h2 class=\"accordion-title\"><span class=\"ez-toc-section\" id=\"Hakkinda_Sikca_Sorulan_Sorular\"><\/span> Hakk\u0131nda S\u0131k\u00e7a Sorulan Sorular<span class=\"ez-toc-section-end\"><\/span><\/h2>\n            <div class=\"col-md-12 faq-card\">\n                    <div class=\"card faq\">\n                        <div class=\"card-header collapsed d-flex justify-content-between align-items-center\" id=\"heading0\"\n                             data-toggle=\"collapse\" data-target=\"#collapse_0\" aria-expanded=\"true\" role=\"button\"\n                             aria-controls=\"collapse_0\">\n                            <div class=\"btn btn-link text-dark font-weight-bold\">\n                               Instagram Biyografi Nedir?\n                            <\/div>\n                            <div class=\"btn-toogle\">\n                                <span><\/span>\n                                <span><\/span>\n                            <\/div>\n                        <\/div>\n                        <div id=\"collapse_0\" class=\"collapse\" aria-labelledby=\"heading0\" data-parent=\"#accordion\">\n                            <div class=\"card-body\">\n                                <p>Instagram \u00fczerinde kullan\u0131c\u0131lar\u0131n yada hesaplar\u0131n kendilerini tan\u0131tma ama\u00e7l\u0131 bilgi verdikleri alana biyografi denir.<\/p>\n                            <\/div>\n                        <\/div>\n                        <\/div>\n                        \n                    <div class=\"card faq\">\n                        <div class=\"card-header collapsed d-flex justify-content-between align-items-center\" id=\"heading1\"\n                             data-toggle=\"collapse\" data-target=\"#collapse_1\" aria-expanded=\"true\" role=\"button\"\n                             aria-controls=\"collapse_1\">\n                            <div class=\"btn btn-link text-dark font-weight-bold\">\n                               Instagram Biyografi Nas\u0131l Eklenir?\n                            <\/div>\n                            <div class=\"btn-toogle\">\n                                <span><\/span>\n                                <span><\/span>\n                            <\/div>\n                        <\/div>\n                        <div id=\"collapse_1\" class=\"collapse\" aria-labelledby=\"heading1\" data-parent=\"#accordion\">\n                            <div class=\"card-body\">\n                                <p>Instagram biyografi eklemek i\u00e7in ilk olarak Instagram&#8217;a giri\u015f sa\u011flay\u0131n. Daha sonra profilinize giderek profil d\u00fczenle sekmesinde biyografi k\u0131sm\u0131n\u0131 doldurarak biyografi ekleme i\u015flemini tamamlayabilirsiniz.<\/p>\n                            <\/div>\n                        <\/div>\n                        <\/div>\n                        \n                    <div class=\"card faq\">\n                        <div class=\"card-header collapsed d-flex justify-content-between align-items-center\" id=\"heading2\"\n                             data-toggle=\"collapse\" data-target=\"#collapse_2\" aria-expanded=\"true\" role=\"button\"\n                             aria-controls=\"collapse_2\">\n                            <div class=\"btn btn-link text-dark font-weight-bold\">\n                               Instagram Biyografiye \u015eekilli Yaz\u0131 Nas\u0131l Yaz\u0131l\u0131r?\n                            <\/div>\n                            <div class=\"btn-toogle\">\n                                <span><\/span>\n                                <span><\/span>\n                            <\/div>\n                        <\/div>\n                        <div id=\"collapse_2\" class=\"collapse\" aria-labelledby=\"heading2\" data-parent=\"#accordion\">\n                            <div class=\"card-body\">\n                                <p>Instagram biyografiye <strong>\u015fekilli yaz\u0131 yazma<\/strong> i\u00e7in Youtube videomuzu izleyebilir ve t\u00fcm detaylar\u0131 \u00f6\u011frenebilirsiniz.<\/p>\n                            <\/div>\n                        <\/div>\n                        <\/div>\n                        \n                    <div class=\"card faq\">\n                        <div class=\"card-header collapsed d-flex justify-content-between align-items-center\" id=\"heading3\"\n                             data-toggle=\"collapse\" data-target=\"#collapse_3\" aria-expanded=\"true\" role=\"button\"\n                             aria-controls=\"collapse_3\">\n                            <div class=\"btn btn-link text-dark font-weight-bold\">\n                               Biyografiye Link Eklemesi Yap\u0131labilir mi?\n                            <\/div>\n                            <div class=\"btn-toogle\">\n                                <span><\/span>\n                                <span><\/span>\n                            <\/div>\n                        <\/div>\n                        <div id=\"collapse_3\" class=\"collapse\" aria-labelledby=\"heading3\" data-parent=\"#accordion\">\n                            <div class=\"card-body\">\n                                <p>Instagram biyografi ayarlar\u0131ndan istedi\u011finiz web sitesinin link eklemesini yapabilirsiniz. <\/p>\n                            <\/div>\n                        <\/div>\n                        <\/div>\n                        \n                    <div class=\"card faq\">\n                        <div class=\"card-header collapsed d-flex justify-content-between align-items-center\" id=\"heading4\"\n                             data-toggle=\"collapse\" data-target=\"#collapse_4\" aria-expanded=\"true\" role=\"button\"\n                             aria-controls=\"collapse_4\">\n                            <div class=\"btn btn-link text-dark font-weight-bold\">\n                               Biyografiler Neden \u00d6nemlidir?\n                            <\/div>\n                            <div class=\"btn-toogle\">\n                                <span><\/span>\n                                <span><\/span>\n                            <\/div>\n                        <\/div>\n                        <div id=\"collapse_4\" class=\"collapse\" aria-labelledby=\"heading4\" data-parent=\"#accordion\">\n                            <div class=\"card-body\">\n                                <p>Instagram biyografiler sizlerin ilk g\u00f6ze \u00e7arpan \u00f6zetinizdir. Profilinizin daha fazla etkile\u015fim sa\u011flamas\u0131 ad\u0131na \u00f6nemlidir. <\/p>\n                            <\/div>\n                        <\/div>\n                        <\/div>\n                        \n                    <div class=\"card faq\">\n                        <div class=\"card-header collapsed d-flex justify-content-between align-items-center\" id=\"heading5\"\n                             data-toggle=\"collapse\" data-target=\"#collapse_5\" aria-expanded=\"true\" role=\"button\"\n                             aria-controls=\"collapse_5\">\n                            <div class=\"btn btn-link text-dark font-weight-bold\">\n                               Biyografilere Emoji Eklenebilir mi?\n                            <\/div>\n                            <div class=\"btn-toogle\">\n                                <span><\/span>\n                                <span><\/span>\n                            <\/div>\n                        <\/div>\n                        <div id=\"collapse_5\" class=\"collapse\" aria-labelledby=\"heading5\" data-parent=\"#accordion\">\n                            <div class=\"card-body\">\n                                <p>Instagram biyografilerinize emojileri istedi\u011finiz \u015fekilde ekleyebilirsiniz. <br\/><\/p>\n                            <\/div>\n                        <\/div>\n                        <\/div>\n                        <\/div><\/div><\/div>","protected":false},"excerpt":{"rendered":"<p>Instagram hesab\u0131n\u0131z\u0131 daha ilgi \u00e7eken bir hale getirmek ve daha fazla takip\u00e7i kazanmak i\u00e7in mutlaka Instagram hesab\u0131n\u0131z\u0131 t\u00fcm detaylar\u0131yla d\u00fczenlemeniz gerekiyor. Instagram Profiline Biyografi&nbsp;eklemeden bu d\u00fczenleme bitemez. Bu \u015fekilde Instagram\u2019dan takip\u00e7iler hesab\u0131n\u0131za daha fazla ilgi g\u00f6sterecek ve ilgi alanlar\u0131n\u0131z\u0131n ortak oldu\u011fu kullan\u0131c\u0131lara daha rahat ula\u015fabilirsiniz. Bu noktada Instagram hesab\u0131n\u0131z\u0131 d\u00fczenlerken [&hellip;]<\/p>\n","protected":false},"author":1,"featured_media":37271,"comment_status":"open","ping_status":"open","sticky":false,"template":"","format":"standard","meta":{"_helpful_status":1,"footnotes":""},"categories":[1753,1],"tags":[],"class_list":["post-2802","post","type-post","status-publish","format-standard","has-post-thumbnail","hentry","category-instagram-destek","category-sosyal-medya","entry"],"yoast_head":"<!-- This site is optimized with the Yoast SEO plugin v26.5 - https:\/\/yoast.com\/wordpress\/plugins\/seo\/ -->\n<title>Instagram Profiline Biyografi Nas\u0131l Eklenir? - Fenomist.com<\/title>\n<meta name=\"description\" content=\"Instagram Profiline Biyografi\u00a0eklemeniz takip\u00e7i say\u0131s\u0131 art\u0131rma a\u00e7\u0131s\u0131ndan size fayda sa\u011flar. Bu yaz\u0131m\u0131z Instagram&#039;a biyografi eklemek \u00fczerine!\" \/>\n<meta name=\"robots\" content=\"index, follow, max-snippet:-1, max-image-preview:large, max-video-preview:-1\" \/>\n<link rel=\"canonical\" href=\"https:\/\/www.fenomist.com\/blog\/instagram-profiline-biyografi-nasil-eklenir\" \/>\n<meta property=\"og:locale\" content=\"tr_TR\" \/>\n<meta property=\"og:type\" content=\"article\" \/>\n<meta property=\"og:title\" content=\"Instagram Profiline Biyografi Nas\u0131l Eklenir? - Fenomist.com\" \/>\n<meta property=\"og:description\" content=\"Instagram Profiline Biyografi\u00a0eklemeniz takip\u00e7i say\u0131s\u0131 art\u0131rma a\u00e7\u0131s\u0131ndan size fayda sa\u011flar. Bu yaz\u0131m\u0131z Instagram&#039;a biyografi eklemek \u00fczerine!\" \/>\n<meta property=\"og:url\" content=\"https:\/\/www.fenomist.com\/blog\/instagram-profiline-biyografi-nasil-eklenir\" \/>\n<meta property=\"og:site_name\" content=\"Instagram Takip\u00e7i Blog - Son Dakika Haberler\" \/>\n<meta property=\"article:publisher\" content=\"https:\/\/www.facebook.com\/fenomist\" \/>\n<meta property=\"article:published_time\" content=\"2016-10-12T18:49:34+00:00\" \/>\n<meta property=\"article:modified_time\" content=\"2025-07-17T13:55:54+00:00\" \/>\n<meta property=\"og:image\" content=\"https:\/\/www.fenomist.com\/blog\/wp-content\/uploads\/instagram-profile-biyografi-ekleme.png\" \/>\n\t<meta property=\"og:image:width\" content=\"960\" \/>\n\t<meta property=\"og:image:height\" content=\"640\" \/>\n\t<meta property=\"og:image:type\" content=\"image\/png\" \/>\n<meta name=\"author\" content=\"Enes Bulut\" \/>\n<meta name=\"twitter:card\" content=\"summary_large_image\" \/>\n<meta name=\"twitter:creator\" content=\"@bulut_enesss\" \/>\n<meta name=\"twitter:site\" content=\"@smipuclari\" \/>\n<meta name=\"twitter:label1\" content=\"Yazan:\" \/>\n\t<meta name=\"twitter:data1\" content=\"Enes Bulut\" \/>\n\t<meta name=\"twitter:label2\" content=\"Tahmini okuma s\u00fcresi\" \/>\n\t<meta name=\"twitter:data2\" content=\"4 dakika\" \/>\n<script type=\"application\/ld+json\" class=\"yoast-schema-graph\">{\"@context\":\"https:\/\/schema.org\",\"@graph\":[{\"@type\":\"Article\",\"@id\":\"https:\/\/www.fenomist.com\/blog\/instagram-profiline-biyografi-nasil-eklenir#article\",\"isPartOf\":{\"@id\":\"https:\/\/www.fenomist.com\/blog\/instagram-profiline-biyografi-nasil-eklenir\"},\"author\":{\"name\":\"Enes Bulut\",\"@id\":\"https:\/\/www.fenomist.com\/blog\/#\/schema\/person\/235d54527608230f6c9e9d95b6d15f99\"},\"headline\":\"Instagram Profiline Biyografi Nas\u0131l Eklenir?\",\"datePublished\":\"2016-10-12T18:49:34+00:00\",\"dateModified\":\"2025-07-17T13:55:54+00:00\",\"mainEntityOfPage\":{\"@id\":\"https:\/\/www.fenomist.com\/blog\/instagram-profiline-biyografi-nasil-eklenir\"},\"wordCount\":774,\"commentCount\":4,\"publisher\":{\"@id\":\"https:\/\/www.fenomist.com\/blog\/#organization\"},\"image\":{\"@id\":\"https:\/\/www.fenomist.com\/blog\/instagram-profiline-biyografi-nasil-eklenir#primaryimage\"},\"thumbnailUrl\":\"https:\/\/www.fenomist.com\/blog\/wp-content\/uploads\/instagram-profile-biyografi-ekleme.png\",\"articleSection\":[\"Instagram Destek\",\"Sosyal Medya\"],\"inLanguage\":\"tr\",\"potentialAction\":[{\"@type\":\"CommentAction\",\"name\":\"Comment\",\"target\":[\"https:\/\/www.fenomist.com\/blog\/instagram-profiline-biyografi-nasil-eklenir#respond\"]}]},{\"@type\":[\"WebPage\",\"FAQPage\"],\"@id\":\"https:\/\/www.fenomist.com\/blog\/instagram-profiline-biyografi-nasil-eklenir\",\"url\":\"https:\/\/www.fenomist.com\/blog\/instagram-profiline-biyografi-nasil-eklenir\",\"name\":\"Instagram Profiline Biyografi Nas\u0131l Eklenir? - Fenomist.com\",\"isPartOf\":{\"@id\":\"https:\/\/www.fenomist.com\/blog\/#website\"},\"primaryImageOfPage\":{\"@id\":\"https:\/\/www.fenomist.com\/blog\/instagram-profiline-biyografi-nasil-eklenir#primaryimage\"},\"image\":{\"@id\":\"https:\/\/www.fenomist.com\/blog\/instagram-profiline-biyografi-nasil-eklenir#primaryimage\"},\"thumbnailUrl\":\"https:\/\/www.fenomist.com\/blog\/wp-content\/uploads\/instagram-profile-biyografi-ekleme.png\",\"datePublished\":\"2016-10-12T18:49:34+00:00\",\"dateModified\":\"2025-07-17T13:55:54+00:00\",\"description\":\"Instagram Profiline Biyografi\u00a0eklemeniz takip\u00e7i say\u0131s\u0131 art\u0131rma a\u00e7\u0131s\u0131ndan size fayda sa\u011flar. Bu yaz\u0131m\u0131z Instagram'a biyografi eklemek \u00fczerine!\",\"breadcrumb\":{\"@id\":\"https:\/\/www.fenomist.com\/blog\/instagram-profiline-biyografi-nasil-eklenir#breadcrumb\"},\"mainEntity\":[{\"@id\":\"https:\/\/www.fenomist.com\/blog\/instagram-profiline-biyografi-nasil-eklenir#faq-question-1581064396670\"},{\"@id\":\"https:\/\/www.fenomist.com\/blog\/instagram-profiline-biyografi-nasil-eklenir#faq-question-1581064528608\"},{\"@id\":\"https:\/\/www.fenomist.com\/blog\/instagram-profiline-biyografi-nasil-eklenir#faq-question-1581064537928\"},{\"@id\":\"https:\/\/www.fenomist.com\/blog\/instagram-profiline-biyografi-nasil-eklenir#faq-question-1598343149530\"},{\"@id\":\"https:\/\/www.fenomist.com\/blog\/instagram-profiline-biyografi-nasil-eklenir#faq-question-1598343149649\"},{\"@id\":\"https:\/\/www.fenomist.com\/blog\/instagram-profiline-biyografi-nasil-eklenir#faq-question-1598343149791\"}],\"inLanguage\":\"tr\",\"potentialAction\":[{\"@type\":\"ReadAction\",\"target\":[\"https:\/\/www.fenomist.com\/blog\/instagram-profiline-biyografi-nasil-eklenir\"]}]},{\"@type\":\"ImageObject\",\"inLanguage\":\"tr\",\"@id\":\"https:\/\/www.fenomist.com\/blog\/instagram-profiline-biyografi-nasil-eklenir#primaryimage\",\"url\":\"https:\/\/www.fenomist.com\/blog\/wp-content\/uploads\/instagram-profile-biyografi-ekleme.png\",\"contentUrl\":\"https:\/\/www.fenomist.com\/blog\/wp-content\/uploads\/instagram-profile-biyografi-ekleme.png\",\"width\":960,\"height\":640,\"caption\":\"Instagram Biyografi Ekleme\"},{\"@type\":\"BreadcrumbList\",\"@id\":\"https:\/\/www.fenomist.com\/blog\/instagram-profiline-biyografi-nasil-eklenir#breadcrumb\",\"itemListElement\":[{\"@type\":\"ListItem\",\"position\":1,\"name\":\"Ana sayfa\",\"item\":\"https:\/\/www.fenomist.com\/blog\"},{\"@type\":\"ListItem\",\"position\":2,\"name\":\"Sosyal Medya\",\"item\":\"https:\/\/www.fenomist.com\/blog\/sosyal-medya\"},{\"@type\":\"ListItem\",\"position\":3,\"name\":\"Instagram Profiline Biyografi Nas\u0131l Eklenir?\"}]},{\"@type\":\"WebSite\",\"@id\":\"https:\/\/www.fenomist.com\/blog\/#website\",\"url\":\"https:\/\/www.fenomist.com\/blog\/\",\"name\":\"Sosyal Medya Haberleri - Son Dakika\",\"description\":\"Sosyal Medya Haberleri - Son Dakika\",\"publisher\":{\"@id\":\"https:\/\/www.fenomist.com\/blog\/#organization\"},\"alternateName\":\"fenomist.com\",\"potentialAction\":[{\"@type\":\"SearchAction\",\"target\":{\"@type\":\"EntryPoint\",\"urlTemplate\":\"https:\/\/www.fenomist.com\/blog\/?s={search_term_string}\"},\"query-input\":{\"@type\":\"PropertyValueSpecification\",\"valueRequired\":true,\"valueName\":\"search_term_string\"}}],\"inLanguage\":\"tr\"},{\"@type\":\"Organization\",\"@id\":\"https:\/\/www.fenomist.com\/blog\/#organization\",\"name\":\"Fenomist\",\"alternateName\":\"fenomist.com\",\"url\":\"https:\/\/www.fenomist.com\/blog\/\",\"logo\":{\"@type\":\"ImageObject\",\"inLanguage\":\"tr\",\"@id\":\"https:\/\/www.fenomist.com\/blog\/#\/schema\/logo\/image\/\",\"url\":\"https:\/\/www.fenomist.com\/blog\/wp-content\/uploads\/instagram-takipci-satin-al-blog.svg\",\"contentUrl\":\"https:\/\/www.fenomist.com\/blog\/wp-content\/uploads\/instagram-takipci-satin-al-blog.svg\",\"caption\":\"Fenomist\"},\"image\":{\"@id\":\"https:\/\/www.fenomist.com\/blog\/#\/schema\/logo\/image\/\"},\"sameAs\":[\"https:\/\/www.facebook.com\/fenomist\",\"https:\/\/x.com\/smipuclari\",\"https:\/\/www.instagram.com\/sosyal_fabrika\/\",\"https:\/\/tr.linkedin.com\/in\/instatakipcicom\",\"https:\/\/myspace.com\/instatakipci22\",\"https:\/\/fi.pinterest.com\/instatakipcisosyal\/\",\"https:\/\/www.youtube.com\/instatakipcicom\"]},{\"@type\":\"Person\",\"@id\":\"https:\/\/www.fenomist.com\/blog\/#\/schema\/person\/235d54527608230f6c9e9d95b6d15f99\",\"name\":\"Enes Bulut\",\"image\":{\"@type\":\"ImageObject\",\"inLanguage\":\"tr\",\"@id\":\"https:\/\/www.fenomist.com\/blog\/#\/schema\/person\/image\/\",\"url\":\"https:\/\/www.fenomist.com\/blog\/wp-content\/uploads\/enes-bulut-96x96.webp\",\"contentUrl\":\"https:\/\/www.fenomist.com\/blog\/wp-content\/uploads\/enes-bulut-96x96.webp\",\"caption\":\"Enes Bulut\"},\"description\":\"Ben Enes Bulut, 2014 y\u0131l\u0131nda Yeditepe \u00dcniversitesi Reklamc\u0131l\u0131k b\u00f6l\u00fcm\u00fcn\u00fc tamamlad\u0131ktan sonra \u0130\u00e7erik Yazarl\u0131\u011f\u0131 ve Edit\u00f6rl\u00fck alan\u0131na y\u00f6neldim. Bu alanda yakla\u015f\u0131k 6 y\u0131ld\u0131r fenomist.com b\u00fcnyesinde \u00e7al\u0131\u015f\u0131yorum. Sosyal medya ve dijital pazarlama uzmanl\u0131k alan\u0131m olmak \u00fczere bir\u00e7ok konuda \u00f6zg\u00fcn ve \u00f6zel i\u00e7erikler haz\u0131rl\u0131yorum.\",\"sameAs\":[\"https:\/\/www.fenomist.com\/blog\/author\/enesbulut\",\"https:\/\/x.com\/bulut_enesss\"],\"url\":\"https:\/\/www.fenomist.com\/blog\/author\/enesbulut\"},{\"@type\":\"Question\",\"@id\":\"https:\/\/www.fenomist.com\/blog\/instagram-profiline-biyografi-nasil-eklenir#faq-question-1581064396670\",\"position\":1,\"url\":\"https:\/\/www.fenomist.com\/blog\/instagram-profiline-biyografi-nasil-eklenir#faq-question-1581064396670\",\"name\":\"Instagram Biyografi Nedir?\",\"answerCount\":1,\"acceptedAnswer\":{\"@type\":\"Answer\",\"text\":\"Instagram \u00fczerinde kullan\u0131c\u0131lar\u0131n yada hesaplar\u0131n kendilerini tan\u0131tma ama\u00e7l\u0131 bilgi verdikleri alana biyografi denir.\",\"inLanguage\":\"tr\"},\"inLanguage\":\"tr\"},{\"@type\":\"Question\",\"@id\":\"https:\/\/www.fenomist.com\/blog\/instagram-profiline-biyografi-nasil-eklenir#faq-question-1581064528608\",\"position\":2,\"url\":\"https:\/\/www.fenomist.com\/blog\/instagram-profiline-biyografi-nasil-eklenir#faq-question-1581064528608\",\"name\":\"Instagram Biyografi Nas\u0131l Eklenir?\",\"answerCount\":1,\"acceptedAnswer\":{\"@type\":\"Answer\",\"text\":\"Instagram biyografi eklemek i\u00e7in ilk olarak Instagram'a giri\u015f sa\u011flay\u0131n. Daha sonra profilinize giderek profil d\u00fczenle sekmesinde biyografi k\u0131sm\u0131n\u0131 doldurarak biyografi ekleme i\u015flemini tamamlayabilirsiniz.\",\"inLanguage\":\"tr\"},\"inLanguage\":\"tr\"},{\"@type\":\"Question\",\"@id\":\"https:\/\/www.fenomist.com\/blog\/instagram-profiline-biyografi-nasil-eklenir#faq-question-1581064537928\",\"position\":3,\"url\":\"https:\/\/www.fenomist.com\/blog\/instagram-profiline-biyografi-nasil-eklenir#faq-question-1581064537928\",\"name\":\"Instagram Biyografiye \u015eekilli Yaz\u0131 Nas\u0131l Yaz\u0131l\u0131r?\",\"answerCount\":1,\"acceptedAnswer\":{\"@type\":\"Answer\",\"text\":\"Instagram biyografiye <strong>\u015fekilli yaz\u0131 yazma<\/strong> i\u00e7in Youtube videomuzu izleyebilir ve t\u00fcm detaylar\u0131 \u00f6\u011frenebilirsiniz.\",\"inLanguage\":\"tr\"},\"inLanguage\":\"tr\"},{\"@type\":\"Question\",\"@id\":\"https:\/\/www.fenomist.com\/blog\/instagram-profiline-biyografi-nasil-eklenir#faq-question-1598343149530\",\"position\":4,\"url\":\"https:\/\/www.fenomist.com\/blog\/instagram-profiline-biyografi-nasil-eklenir#faq-question-1598343149530\",\"name\":\"Biyografiye Link Eklemesi Yap\u0131labilir mi?\",\"answerCount\":1,\"acceptedAnswer\":{\"@type\":\"Answer\",\"text\":\"Instagram biyografi ayarlar\u0131ndan istedi\u011finiz web sitesinin link eklemesini yapabilirsiniz. \",\"inLanguage\":\"tr\"},\"inLanguage\":\"tr\"},{\"@type\":\"Question\",\"@id\":\"https:\/\/www.fenomist.com\/blog\/instagram-profiline-biyografi-nasil-eklenir#faq-question-1598343149649\",\"position\":5,\"url\":\"https:\/\/www.fenomist.com\/blog\/instagram-profiline-biyografi-nasil-eklenir#faq-question-1598343149649\",\"name\":\"Biyografiler Neden \u00d6nemlidir?\",\"answerCount\":1,\"acceptedAnswer\":{\"@type\":\"Answer\",\"text\":\"Instagram biyografiler sizlerin ilk g\u00f6ze \u00e7arpan \u00f6zetinizdir. Profilinizin daha fazla etkile\u015fim sa\u011flamas\u0131 ad\u0131na \u00f6nemlidir. \",\"inLanguage\":\"tr\"},\"inLanguage\":\"tr\"},{\"@type\":\"Question\",\"@id\":\"https:\/\/www.fenomist.com\/blog\/instagram-profiline-biyografi-nasil-eklenir#faq-question-1598343149791\",\"position\":6,\"url\":\"https:\/\/www.fenomist.com\/blog\/instagram-profiline-biyografi-nasil-eklenir#faq-question-1598343149791\",\"name\":\"Biyografilere Emoji Eklenebilir mi?\",\"answerCount\":1,\"acceptedAnswer\":{\"@type\":\"Answer\",\"text\":\"Instagram biyografilerinize emojileri istedi\u011finiz \u015fekilde ekleyebilirsiniz. <br\/>\",\"inLanguage\":\"tr\"},\"inLanguage\":\"tr\"}]}<\/script>\n<!-- \/ Yoast SEO plugin. -->","yoast_head_json":{"title":"Instagram Profiline Biyografi Nas\u0131l Eklenir? - Fenomist.com","description":"Instagram Profiline Biyografi\u00a0eklemeniz takip\u00e7i say\u0131s\u0131 art\u0131rma a\u00e7\u0131s\u0131ndan size fayda sa\u011flar. Bu yaz\u0131m\u0131z Instagram'a biyografi eklemek \u00fczerine!","robots":{"index":"index","follow":"follow","max-snippet":"max-snippet:-1","max-image-preview":"max-image-preview:large","max-video-preview":"max-video-preview:-1"},"canonical":"https:\/\/www.fenomist.com\/blog\/instagram-profiline-biyografi-nasil-eklenir","og_locale":"tr_TR","og_type":"article","og_title":"Instagram Profiline Biyografi Nas\u0131l Eklenir? - Fenomist.com","og_description":"Instagram Profiline Biyografi\u00a0eklemeniz takip\u00e7i say\u0131s\u0131 art\u0131rma a\u00e7\u0131s\u0131ndan size fayda sa\u011flar. Bu yaz\u0131m\u0131z Instagram'a biyografi eklemek \u00fczerine!","og_url":"https:\/\/www.fenomist.com\/blog\/instagram-profiline-biyografi-nasil-eklenir","og_site_name":"Instagram Takip\u00e7i Blog - Son Dakika Haberler","article_publisher":"https:\/\/www.facebook.com\/fenomist","article_published_time":"2016-10-12T18:49:34+00:00","article_modified_time":"2025-07-17T13:55:54+00:00","og_image":[{"width":960,"height":640,"url":"https:\/\/www.fenomist.com\/blog\/wp-content\/uploads\/instagram-profile-biyografi-ekleme.png","type":"image\/png"}],"author":"Enes Bulut","twitter_card":"summary_large_image","twitter_creator":"@bulut_enesss","twitter_site":"@smipuclari","twitter_misc":{"Yazan:":"Enes Bulut","Tahmini okuma s\u00fcresi":"4 dakika"},"schema":{"@context":"https:\/\/schema.org","@graph":[{"@type":"Article","@id":"https:\/\/www.fenomist.com\/blog\/instagram-profiline-biyografi-nasil-eklenir#article","isPartOf":{"@id":"https:\/\/www.fenomist.com\/blog\/instagram-profiline-biyografi-nasil-eklenir"},"author":{"name":"Enes Bulut","@id":"https:\/\/www.fenomist.com\/blog\/#\/schema\/person\/235d54527608230f6c9e9d95b6d15f99"},"headline":"Instagram Profiline Biyografi Nas\u0131l Eklenir?","datePublished":"2016-10-12T18:49:34+00:00","dateModified":"2025-07-17T13:55:54+00:00","mainEntityOfPage":{"@id":"https:\/\/www.fenomist.com\/blog\/instagram-profiline-biyografi-nasil-eklenir"},"wordCount":774,"commentCount":4,"publisher":{"@id":"https:\/\/www.fenomist.com\/blog\/#organization"},"image":{"@id":"https:\/\/www.fenomist.com\/blog\/instagram-profiline-biyografi-nasil-eklenir#primaryimage"},"thumbnailUrl":"https:\/\/www.fenomist.com\/blog\/wp-content\/uploads\/instagram-profile-biyografi-ekleme.png","articleSection":["Instagram Destek","Sosyal Medya"],"inLanguage":"tr","potentialAction":[{"@type":"CommentAction","name":"Comment","target":["https:\/\/www.fenomist.com\/blog\/instagram-profiline-biyografi-nasil-eklenir#respond"]}]},{"@type":["WebPage","FAQPage"],"@id":"https:\/\/www.fenomist.com\/blog\/instagram-profiline-biyografi-nasil-eklenir","url":"https:\/\/www.fenomist.com\/blog\/instagram-profiline-biyografi-nasil-eklenir","name":"Instagram Profiline Biyografi Nas\u0131l Eklenir? - Fenomist.com","isPartOf":{"@id":"https:\/\/www.fenomist.com\/blog\/#website"},"primaryImageOfPage":{"@id":"https:\/\/www.fenomist.com\/blog\/instagram-profiline-biyografi-nasil-eklenir#primaryimage"},"image":{"@id":"https:\/\/www.fenomist.com\/blog\/instagram-profiline-biyografi-nasil-eklenir#primaryimage"},"thumbnailUrl":"https:\/\/www.fenomist.com\/blog\/wp-content\/uploads\/instagram-profile-biyografi-ekleme.png","datePublished":"2016-10-12T18:49:34+00:00","dateModified":"2025-07-17T13:55:54+00:00","description":"Instagram Profiline Biyografi\u00a0eklemeniz takip\u00e7i say\u0131s\u0131 art\u0131rma a\u00e7\u0131s\u0131ndan size fayda sa\u011flar. Bu yaz\u0131m\u0131z Instagram'a biyografi eklemek \u00fczerine!","breadcrumb":{"@id":"https:\/\/www.fenomist.com\/blog\/instagram-profiline-biyografi-nasil-eklenir#breadcrumb"},"mainEntity":[{"@id":"https:\/\/www.fenomist.com\/blog\/instagram-profiline-biyografi-nasil-eklenir#faq-question-1581064396670"},{"@id":"https:\/\/www.fenomist.com\/blog\/instagram-profiline-biyografi-nasil-eklenir#faq-question-1581064528608"},{"@id":"https:\/\/www.fenomist.com\/blog\/instagram-profiline-biyografi-nasil-eklenir#faq-question-1581064537928"},{"@id":"https:\/\/www.fenomist.com\/blog\/instagram-profiline-biyografi-nasil-eklenir#faq-question-1598343149530"},{"@id":"https:\/\/www.fenomist.com\/blog\/instagram-profiline-biyografi-nasil-eklenir#faq-question-1598343149649"},{"@id":"https:\/\/www.fenomist.com\/blog\/instagram-profiline-biyografi-nasil-eklenir#faq-question-1598343149791"}],"inLanguage":"tr","potentialAction":[{"@type":"ReadAction","target":["https:\/\/www.fenomist.com\/blog\/instagram-profiline-biyografi-nasil-eklenir"]}]},{"@type":"ImageObject","inLanguage":"tr","@id":"https:\/\/www.fenomist.com\/blog\/instagram-profiline-biyografi-nasil-eklenir#primaryimage","url":"https:\/\/www.fenomist.com\/blog\/wp-content\/uploads\/instagram-profile-biyografi-ekleme.png","contentUrl":"https:\/\/www.fenomist.com\/blog\/wp-content\/uploads\/instagram-profile-biyografi-ekleme.png","width":960,"height":640,"caption":"Instagram Biyografi Ekleme"},{"@type":"BreadcrumbList","@id":"https:\/\/www.fenomist.com\/blog\/instagram-profiline-biyografi-nasil-eklenir#breadcrumb","itemListElement":[{"@type":"ListItem","position":1,"name":"Ana sayfa","item":"https:\/\/www.fenomist.com\/blog"},{"@type":"ListItem","position":2,"name":"Sosyal Medya","item":"https:\/\/www.fenomist.com\/blog\/sosyal-medya"},{"@type":"ListItem","position":3,"name":"Instagram Profiline Biyografi Nas\u0131l Eklenir?"}]},{"@type":"WebSite","@id":"https:\/\/www.fenomist.com\/blog\/#website","url":"https:\/\/www.fenomist.com\/blog\/","name":"Sosyal Medya Haberleri - Son Dakika","description":"Sosyal Medya Haberleri - Son Dakika","publisher":{"@id":"https:\/\/www.fenomist.com\/blog\/#organization"},"alternateName":"fenomist.com","potentialAction":[{"@type":"SearchAction","target":{"@type":"EntryPoint","urlTemplate":"https:\/\/www.fenomist.com\/blog\/?s={search_term_string}"},"query-input":{"@type":"PropertyValueSpecification","valueRequired":true,"valueName":"search_term_string"}}],"inLanguage":"tr"},{"@type":"Organization","@id":"https:\/\/www.fenomist.com\/blog\/#organization","name":"Fenomist","alternateName":"fenomist.com","url":"https:\/\/www.fenomist.com\/blog\/","logo":{"@type":"ImageObject","inLanguage":"tr","@id":"https:\/\/www.fenomist.com\/blog\/#\/schema\/logo\/image\/","url":"https:\/\/www.fenomist.com\/blog\/wp-content\/uploads\/instagram-takipci-satin-al-blog.svg","contentUrl":"https:\/\/www.fenomist.com\/blog\/wp-content\/uploads\/instagram-takipci-satin-al-blog.svg","caption":"Fenomist"},"image":{"@id":"https:\/\/www.fenomist.com\/blog\/#\/schema\/logo\/image\/"},"sameAs":["https:\/\/www.facebook.com\/fenomist","https:\/\/x.com\/smipuclari","https:\/\/www.instagram.com\/sosyal_fabrika\/","https:\/\/tr.linkedin.com\/in\/instatakipcicom","https:\/\/myspace.com\/instatakipci22","https:\/\/fi.pinterest.com\/instatakipcisosyal\/","https:\/\/www.youtube.com\/instatakipcicom"]},{"@type":"Person","@id":"https:\/\/www.fenomist.com\/blog\/#\/schema\/person\/235d54527608230f6c9e9d95b6d15f99","name":"Enes Bulut","image":{"@type":"ImageObject","inLanguage":"tr","@id":"https:\/\/www.fenomist.com\/blog\/#\/schema\/person\/image\/","url":"https:\/\/www.fenomist.com\/blog\/wp-content\/uploads\/enes-bulut-96x96.webp","contentUrl":"https:\/\/www.fenomist.com\/blog\/wp-content\/uploads\/enes-bulut-96x96.webp","caption":"Enes Bulut"},"description":"Ben Enes Bulut, 2014 y\u0131l\u0131nda Yeditepe \u00dcniversitesi Reklamc\u0131l\u0131k b\u00f6l\u00fcm\u00fcn\u00fc tamamlad\u0131ktan sonra \u0130\u00e7erik Yazarl\u0131\u011f\u0131 ve Edit\u00f6rl\u00fck alan\u0131na y\u00f6neldim. Bu alanda yakla\u015f\u0131k 6 y\u0131ld\u0131r fenomist.com b\u00fcnyesinde \u00e7al\u0131\u015f\u0131yorum. Sosyal medya ve dijital pazarlama uzmanl\u0131k alan\u0131m olmak \u00fczere bir\u00e7ok konuda \u00f6zg\u00fcn ve \u00f6zel i\u00e7erikler haz\u0131rl\u0131yorum.","sameAs":["https:\/\/www.fenomist.com\/blog\/author\/enesbulut","https:\/\/x.com\/bulut_enesss"],"url":"https:\/\/www.fenomist.com\/blog\/author\/enesbulut"},{"@type":"Question","@id":"https:\/\/www.fenomist.com\/blog\/instagram-profiline-biyografi-nasil-eklenir#faq-question-1581064396670","position":1,"url":"https:\/\/www.fenomist.com\/blog\/instagram-profiline-biyografi-nasil-eklenir#faq-question-1581064396670","name":"Instagram Biyografi Nedir?","answerCount":1,"acceptedAnswer":{"@type":"Answer","text":"Instagram \u00fczerinde kullan\u0131c\u0131lar\u0131n yada hesaplar\u0131n kendilerini tan\u0131tma ama\u00e7l\u0131 bilgi verdikleri alana biyografi denir.","inLanguage":"tr"},"inLanguage":"tr"},{"@type":"Question","@id":"https:\/\/www.fenomist.com\/blog\/instagram-profiline-biyografi-nasil-eklenir#faq-question-1581064528608","position":2,"url":"https:\/\/www.fenomist.com\/blog\/instagram-profiline-biyografi-nasil-eklenir#faq-question-1581064528608","name":"Instagram Biyografi Nas\u0131l Eklenir?","answerCount":1,"acceptedAnswer":{"@type":"Answer","text":"Instagram biyografi eklemek i\u00e7in ilk olarak Instagram'a giri\u015f sa\u011flay\u0131n. Daha sonra profilinize giderek profil d\u00fczenle sekmesinde biyografi k\u0131sm\u0131n\u0131 doldurarak biyografi ekleme i\u015flemini tamamlayabilirsiniz.","inLanguage":"tr"},"inLanguage":"tr"},{"@type":"Question","@id":"https:\/\/www.fenomist.com\/blog\/instagram-profiline-biyografi-nasil-eklenir#faq-question-1581064537928","position":3,"url":"https:\/\/www.fenomist.com\/blog\/instagram-profiline-biyografi-nasil-eklenir#faq-question-1581064537928","name":"Instagram Biyografiye \u015eekilli Yaz\u0131 Nas\u0131l Yaz\u0131l\u0131r?","answerCount":1,"acceptedAnswer":{"@type":"Answer","text":"Instagram biyografiye <strong>\u015fekilli yaz\u0131 yazma<\/strong> i\u00e7in Youtube videomuzu izleyebilir ve t\u00fcm detaylar\u0131 \u00f6\u011frenebilirsiniz.","inLanguage":"tr"},"inLanguage":"tr"},{"@type":"Question","@id":"https:\/\/www.fenomist.com\/blog\/instagram-profiline-biyografi-nasil-eklenir#faq-question-1598343149530","position":4,"url":"https:\/\/www.fenomist.com\/blog\/instagram-profiline-biyografi-nasil-eklenir#faq-question-1598343149530","name":"Biyografiye Link Eklemesi Yap\u0131labilir mi?","answerCount":1,"acceptedAnswer":{"@type":"Answer","text":"Instagram biyografi ayarlar\u0131ndan istedi\u011finiz web sitesinin link eklemesini yapabilirsiniz. ","inLanguage":"tr"},"inLanguage":"tr"},{"@type":"Question","@id":"https:\/\/www.fenomist.com\/blog\/instagram-profiline-biyografi-nasil-eklenir#faq-question-1598343149649","position":5,"url":"https:\/\/www.fenomist.com\/blog\/instagram-profiline-biyografi-nasil-eklenir#faq-question-1598343149649","name":"Biyografiler Neden \u00d6nemlidir?","answerCount":1,"acceptedAnswer":{"@type":"Answer","text":"Instagram biyografiler sizlerin ilk g\u00f6ze \u00e7arpan \u00f6zetinizdir. Profilinizin daha fazla etkile\u015fim sa\u011flamas\u0131 ad\u0131na \u00f6nemlidir. ","inLanguage":"tr"},"inLanguage":"tr"},{"@type":"Question","@id":"https:\/\/www.fenomist.com\/blog\/instagram-profiline-biyografi-nasil-eklenir#faq-question-1598343149791","position":6,"url":"https:\/\/www.fenomist.com\/blog\/instagram-profiline-biyografi-nasil-eklenir#faq-question-1598343149791","name":"Biyografilere Emoji Eklenebilir mi?","answerCount":1,"acceptedAnswer":{"@type":"Answer","text":"Instagram biyografilerinize emojileri istedi\u011finiz \u015fekilde ekleyebilirsiniz. <br\/>","inLanguage":"tr"},"inLanguage":"tr"}]}},"_links":{"self":[{"href":"https:\/\/www.fenomist.com\/blog\/wp-json\/wp\/v2\/posts\/2802","targetHints":{"allow":["GET"]}}],"collection":[{"href":"https:\/\/www.fenomist.com\/blog\/wp-json\/wp\/v2\/posts"}],"about":[{"href":"https:\/\/www.fenomist.com\/blog\/wp-json\/wp\/v2\/types\/post"}],"author":[{"embeddable":true,"href":"https:\/\/www.fenomist.com\/blog\/wp-json\/wp\/v2\/users\/1"}],"replies":[{"embeddable":true,"href":"https:\/\/www.fenomist.com\/blog\/wp-json\/wp\/v2\/comments?post=2802"}],"version-history":[{"count":18,"href":"https:\/\/www.fenomist.com\/blog\/wp-json\/wp\/v2\/posts\/2802\/revisions"}],"predecessor-version":[{"id":47345,"href":"https:\/\/www.fenomist.com\/blog\/wp-json\/wp\/v2\/posts\/2802\/revisions\/47345"}],"wp:featuredmedia":[{"embeddable":true,"href":"https:\/\/www.fenomist.com\/blog\/wp-json\/wp\/v2\/media\/37271"}],"wp:attachment":[{"href":"https:\/\/www.fenomist.com\/blog\/wp-json\/wp\/v2\/media?parent=2802"}],"wp:term":[{"taxonomy":"category","embeddable":true,"href":"https:\/\/www.fenomist.com\/blog\/wp-json\/wp\/v2\/categories?post=2802"},{"taxonomy":"post_tag","embeddable":true,"href":"https:\/\/www.fenomist.com\/blog\/wp-json\/wp\/v2\/tags?post=2802"}],"curies":[{"name":"wp","href":"https:\/\/api.w.org\/{rel}","templated":true}]}}