{"id":29053,"date":"2021-01-26T19:11:29","date_gmt":"2021-01-26T16:11:29","guid":{"rendered":"https:\/\/www.instatakipci.com\/blog\/?p=29053"},"modified":"2025-05-13T17:56:44","modified_gmt":"2025-05-13T14:56:44","slug":"sosyal-medya-gorsel-boyutlari-nelerdir","status":"publish","type":"post","link":"https:\/\/www.fenomist.com\/blog\/sosyal-medya-gorsel-boyutlari-nelerdir","title":{"rendered":"Sosyal Medya G\u00f6rsel Boyutlar\u0131 Nelerdir ?"},"content":{"rendered":"\n<p>Son y\u0131llarda s\u0131kl\u0131kla tart\u0131\u015f\u0131lan foto\u011fraf kalitesi d\u00fc\u015fme sorunun en temel nedenlerinden biri sosyal medya g\u00f6rsel boyutlar\u0131 ile ilgilidir. G\u00fcn\u00fcm\u00fczde teknolojinin geli\u015fmesiyle birlikte internet ve sosyal medya hayat\u0131m\u0131z\u0131n b\u00fcy\u00fck bir k\u0131sm\u0131n\u0131 ele ge\u00e7irdi. Bu anlamda sosyal medya platformlar\u0131nda etkin bir bi\u00e7imde var olabilmenin gerek i\u015f gerekse de g\u00fcndelik ya\u015fam i\u00e7in son derece verimli sonu\u00e7lar ortaya \u00e7\u0131kard\u0131\u011f\u0131 art\u0131k inkar edilemez bir ger\u00e7ek. <\/p><div id=\"ez-toc-container\" class=\"ez-toc-v2_0_79_2 counter-hierarchy ez-toc-counter ez-toc-grey ez-toc-container-direction\">\n<div class=\"ez-toc-title-container\">\n<p class=\"ez-toc-title\" style=\"cursor:inherit\">\u0130\u00e7indekiler<\/p>\n<span class=\"ez-toc-title-toggle\"><a href=\"#\" class=\"ez-toc-pull-right ez-toc-btn ez-toc-btn-xs ez-toc-btn-default ez-toc-toggle\" aria-label=\"Toggle Table of Content\"><span class=\"ez-toc-js-icon-con\"><span class=\"\"><span class=\"eztoc-hide\" style=\"display:none;\">Toggle<\/span><span class=\"ez-toc-icon-toggle-span\"><svg style=\"fill: #999;color:#999\" xmlns=\"http:\/\/www.w3.org\/2000\/svg\" class=\"list-377408\" width=\"20px\" height=\"20px\" viewBox=\"0 0 24 24\" fill=\"none\"><path d=\"M6 6H4v2h2V6zm14 0H8v2h12V6zM4 11h2v2H4v-2zm16 0H8v2h12v-2zM4 16h2v2H4v-2zm16 0H8v2h12v-2z\" fill=\"currentColor\"><\/path><\/svg><svg style=\"fill: #999;color:#999\" class=\"arrow-unsorted-368013\" xmlns=\"http:\/\/www.w3.org\/2000\/svg\" width=\"10px\" height=\"10px\" viewBox=\"0 0 24 24\" version=\"1.2\" baseProfile=\"tiny\"><path d=\"M18.2 9.3l-6.2-6.3-6.2 6.3c-.2.2-.3.4-.3.7s.1.5.3.7c.2.2.4.3.7.3h11c.3 0 .5-.1.7-.3.2-.2.3-.5.3-.7s-.1-.5-.3-.7zM5.8 14.7l6.2 6.3 6.2-6.3c.2-.2.3-.5.3-.7s-.1-.5-.3-.7c-.2-.2-.4-.3-.7-.3h-11c-.3 0-.5.1-.7.3-.2.2-.3.5-.3.7s.1.5.3.7z\"\/><\/svg><\/span><\/span><\/span><\/a><\/span><\/div>\n<nav><ul class='ez-toc-list ez-toc-list-level-1 ' ><li class='ez-toc-page-1 ez-toc-heading-level-2'><a class=\"ez-toc-link ez-toc-heading-1\" href=\"https:\/\/www.fenomist.com\/blog\/sosyal-medya-gorsel-boyutlari-nelerdir\/#Instagram_Gorsel_Boyutlari_Nelerdir\" >Instagram G\u00f6rsel Boyutlar\u0131 Nelerdir ?<\/a><\/li><li class='ez-toc-page-1 ez-toc-heading-level-2'><a class=\"ez-toc-link ez-toc-heading-2\" href=\"https:\/\/www.fenomist.com\/blog\/sosyal-medya-gorsel-boyutlari-nelerdir\/#Twitter_Gorsel_Boyutlari_Nelerdir\" >Twitter G\u00f6rsel Boyutlar\u0131 Nelerdir ?<\/a><\/li><li class='ez-toc-page-1 ez-toc-heading-level-2'><a class=\"ez-toc-link ez-toc-heading-3\" href=\"https:\/\/www.fenomist.com\/blog\/sosyal-medya-gorsel-boyutlari-nelerdir\/#Facebook_Gorsel_Boyutlari_Nelerdir\" >Facebook G\u00f6rsel Boyutlar\u0131 Nelerdir ?<\/a><\/li><li class='ez-toc-page-1 ez-toc-heading-level-2'><a class=\"ez-toc-link ez-toc-heading-4\" href=\"https:\/\/www.fenomist.com\/blog\/sosyal-medya-gorsel-boyutlari-nelerdir\/#YouTube_Gorsel_Boyutlari_Nelerdir\" >YouTube G\u00f6rsel Boyutlar\u0131 Nelerdir ?<\/a><\/li><li class='ez-toc-page-1 ez-toc-heading-level-2'><a class=\"ez-toc-link ez-toc-heading-5\" href=\"https:\/\/www.fenomist.com\/blog\/sosyal-medya-gorsel-boyutlari-nelerdir\/#LinkedIn_Gorsel_Boyutlari_Nelerdir\" >LinkedIn G\u00f6rsel Boyutlar\u0131 Nelerdir ?<\/a><\/li><li class='ez-toc-page-1 ez-toc-heading-level-2'><a class=\"ez-toc-link ez-toc-heading-6\" href=\"https:\/\/www.fenomist.com\/blog\/sosyal-medya-gorsel-boyutlari-nelerdir\/#Pinterest_Gorsel_Boyutlari_Nelerdir\" >Pinterest G\u00f6rsel Boyutlar\u0131 Nelerdir ?<\/a><\/li><li class='ez-toc-page-1 ez-toc-heading-level-2'><a class=\"ez-toc-link ez-toc-heading-7\" href=\"https:\/\/www.fenomist.com\/blog\/sosyal-medya-gorsel-boyutlari-nelerdir\/#Sosyal_Medya_Gorsel_Boyutlari_Kullanimi_Hakkinda_Ipuclari\" >Sosyal Medya G\u00f6rsel Boyutlar\u0131 Kullan\u0131m\u0131 Hakk\u0131nda \u0130pu\u00e7lar\u0131<\/a><ul class='ez-toc-list-level-3' ><li class='ez-toc-heading-level-3'><a class=\"ez-toc-link ez-toc-heading-8\" href=\"https:\/\/www.fenomist.com\/blog\/sosyal-medya-gorsel-boyutlari-nelerdir\/#Bu_makale_faydali_miydi\" >Bu makale faydal\u0131 m\u0131yd\u0131?<\/a><\/li><\/ul><\/li><li class='ez-toc-page-1 ez-toc-heading-level-2'><a class=\"ez-toc-link ez-toc-heading-9\" href=\"https:\/\/www.fenomist.com\/blog\/sosyal-medya-gorsel-boyutlari-nelerdir\/#Hakkinda_Sikca_Sorulan_Sorular\" >Hakk\u0131nda S\u0131k\u00e7a Sorulan Sorular<\/a><\/li><\/ul><\/nav><\/div>\n\n\n\n\n<figure class=\"wp-block-embed is-type-video is-provider-youtube wp-block-embed-youtube wp-embed-aspect-16-9 wp-has-aspect-ratio\"><div class=\"wp-block-embed__wrapper\">\n<iframe title=\"Sosyal Medya G\u00f6rsel Boyutlar\u0131 | Ka\u00e7 Piksel Olmal\u0131?\" width=\"640\" height=\"360\" src=\"https:\/\/www.youtube.com\/embed\/o6rsxPGR0Ws?feature=oembed\" frameborder=\"0\" allow=\"accelerometer; autoplay; clipboard-write; encrypted-media; gyroscope; picture-in-picture; web-share\" referrerpolicy=\"strict-origin-when-cross-origin\" allowfullscreen><\/iframe><script type=\"application\/ld+json\">\n    {\n      \"@context\": \"https:\/\/schema.org\",\n      \"@type\": \"VideoObject\",\n      \"name\": \"Sosyal Medya G\u00f6rsel Boyutlar\u0131 | Ka\u00e7 Piksel Olmal\u0131?\",\n      \"description\": \"Sosyal Medya G\u00f6rsel Boyutlar\u0131 Nelerdir ?\",\n      \"thumbnailUrl\": \"https:\/\/i.ytimg.com\/vi_webp\/o6rsxPGR0Ws\/mqdefault.webp\",\n      \"embedUrl\": \"https:\/\/www.youtube.com\/embed\/o6rsxPGR0Ws?feature=oembed\",\n      \"uploadDate\": \"May 13, 2025 2:56 pm\"\n    }\n    <\/script>\n<\/div><\/figure>\n\n\n\n<p>Bu do\u011frultuda sahip oldu\u011funuz sosyal medya profillerinde mesaj\u0131n\u0131z\u0131 en kuvvetli \u015fekilde aktarabilmenin yolu da do\u011fru g\u00f6rsel kullan\u0131m\u0131ndan ge\u00e7iyor. Ancak g\u00f6rsellerin kendi estetik vurgular\u0131n\u0131n yan\u0131 s\u0131ra sosyal medya platformlar\u0131n\u0131n standartlar\u0131na uymas\u0131 da kalite a\u00e7\u0131s\u0131ndan \u00e7ok daha pozitif sonu\u00e7lar\u0131n ortaya \u00e7\u0131kmas\u0131n\u0131 sa\u011fl\u0131yor. Bu bak\u0131mdan farkl\u0131 sosyal medya platformlar\u0131n\u0131n kulland\u0131\u011f\u0131 g\u00f6rsel boyutlar\u0131n\u0131 sizler i\u00e7in listeledik.<\/p>\n\n\n<div class=\"bestSellListContainer bestByProduct price w-100\">\n    <div class=\"bestSellList best-card\">\n        <div class=\"bestSell-list bestsell nowrap slick-initialized slick-slider\" data-slide=\"12\">\n            <div class=\"slick-list swiper best-product-slider draggable\">\n                <div class=\"slick-track swiper-wrapper\">\n<div class=\"slide swiper-slide slick-slide\" data-slick-index=\"3\"\n     aria-hidden=\"true\"\n     tabindex=\"-1\">\n    <div class=\"card border-bestSell\">\n        <a href=\"https:\/\/www.fenomist.com\/instagram-turk-takipci?amount=2500&ps4\" class=\"stretched-link blog-product-slider\" target=\"_blank\"\n           tabindex=\"-1\"><\/a>\n        <div class=\"card-header btn-like-color btn-like-bg-color\">\n           <img decoding=\"async\" src=\"https:\/\/www.fenomist.com\/blog\/wp-content\/uploads\/instagram-takipci-slide.webp\" width=\"64\" height=\"64\">\n        <\/div>\n        <div class=\"card-body\">\n            <div class=\"best-name btn-like-color\">Instagram Takip\u00e7i<\/div>\n            <div class=\"best-amount\">2.500<\/div>\n            <hr class=\"border-like\">\n        <\/div>\n        <div class=\"card-footer\">\n            <div class='best-discount'>%36 Discounted<\/div>            <div>\n                <p class='pricesClass pricesOld'> 625\u20ba <\/p>                <p class=\"h4 text-black\">397.25\u20ba<\/p>\n            <\/div>\n            <input type=\"button\" value=\"Buy Now\" class=\"btn-primary btn\">\n        <\/div>\n    <\/div>\n<\/div>\n<div class=\"slide swiper-slide slick-slide\" data-slick-index=\"3\"\n     aria-hidden=\"true\"\n     tabindex=\"-1\">\n    <div class=\"card border-bestSell\">\n        <a href=\"https:\/\/www.fenomist.com\/instagram-begeni-satin-al?amount=250&ps4\" class=\"stretched-link blog-product-slider\" target=\"_blank\"\n           tabindex=\"-1\"><\/a>\n        <div class=\"card-header btn-like-color btn-like-bg-color\">\n           <img decoding=\"async\" src=\"https:\/\/www.fenomist.com\/blog\/wp-content\/uploads\/instagram-begeni-slide.webp\" width=\"64\" height=\"64\">\n        <\/div>\n        <div class=\"card-body\">\n            <div class=\"best-name btn-like-color\">Instagram Be\u011feni<\/div>\n            <div class=\"best-amount\">250<\/div>\n            <hr class=\"border-like\">\n        <\/div>\n        <div class=\"card-footer\">\n            <div class='best-discount'>%40 Discounted<\/div>            <div>\n                <p class='pricesClass pricesOld'> 34.38\u20ba <\/p>                <p class=\"h4 text-black\">20.75\u20ba<\/p>\n            <\/div>\n            <input type=\"button\" value=\"Buy Now\" class=\"btn-primary btn\">\n        <\/div>\n    <\/div>\n<\/div>\n<div class=\"slide swiper-slide slick-slide\" data-slick-index=\"3\"\n     aria-hidden=\"true\"\n     tabindex=\"-1\">\n    <div class=\"card border-bestSell\">\n        <a href=\"https:\/\/www.fenomist.com\/tiktok-takipci-satin-al?amount=2500&ps4\" class=\"stretched-link blog-product-slider\" target=\"_blank\"\n           tabindex=\"-1\"><\/a>\n        <div class=\"card-header btn-like-color btn-like-bg-color\">\n           <img decoding=\"async\" src=\"https:\/\/www.fenomist.com\/blog\/wp-content\/uploads\/tiktok-begeni-slide.webp\" width=\"64\" height=\"64\">\n        <\/div>\n        <div class=\"card-body\">\n            <div class=\"best-name btn-like-color\">TikTok Takip\u00e7i<\/div>\n            <div class=\"best-amount\">2.500<\/div>\n            <hr class=\"border-like\">\n        <\/div>\n        <div class=\"card-footer\">\n            <div class='best-discount'>%65 Discounted<\/div>            <div>\n                <p class='pricesClass pricesOld'> 750\u20ba <\/p>                <p class=\"h4 text-black\">262.5\u20ba<\/p>\n            <\/div>\n            <input type=\"button\" value=\"Buy Now\" class=\"btn-primary btn\">\n        <\/div>\n    <\/div>\n<\/div>\n<div class=\"slide swiper-slide slick-slide\" data-slick-index=\"3\"\n     aria-hidden=\"true\"\n     tabindex=\"-1\">\n    <div class=\"card border-bestSell\">\n        <a href=\"https:\/\/www.fenomist.com\/tiktok-begeni-satin-al?amount=100&ps4\" class=\"stretched-link blog-product-slider\" target=\"_blank\"\n           tabindex=\"-1\"><\/a>\n        <div class=\"card-header btn-like-color btn-like-bg-color\">\n           <img decoding=\"async\" src=\"https:\/\/www.fenomist.com\/blog\/wp-content\/uploads\/tiktok-begeni-slide.webp\" width=\"64\" height=\"64\">\n        <\/div>\n        <div class=\"card-body\">\n            <div class=\"best-name btn-like-color\">TikTok Be\u011feni<\/div>\n            <div class=\"best-amount\">100<\/div>\n            <hr class=\"border-like\">\n        <\/div>\n        <div class=\"card-footer\">\n            <div class='best-discount'>%20 Discounted<\/div>            <div>\n                <p class='pricesClass pricesOld'> 19.9\u20ba <\/p>                <p class=\"h4 text-black\">15.99\u20ba<\/p>\n            <\/div>\n            <input type=\"button\" value=\"Buy Now\" class=\"btn-primary btn\">\n        <\/div>\n    <\/div>\n<\/div>\n<div class=\"slide swiper-slide slick-slide\" data-slick-index=\"3\"\n     aria-hidden=\"true\"\n     tabindex=\"-1\">\n    <div class=\"card border-bestSell\">\n        <a href=\"https:\/\/www.fenomist.com\/instagram-yorum-satin-al?amount=10&ps4\" class=\"stretched-link blog-product-slider\" target=\"_blank\"\n           tabindex=\"-1\"><\/a>\n        <div class=\"card-header btn-like-color btn-like-bg-color\">\n           <img decoding=\"async\" src=\"https:\/\/www.fenomist.com\/blog\/wp-content\/uploads\/instagram-takipci-slide.webp\" width=\"64\" height=\"64\">\n        <\/div>\n        <div class=\"card-body\">\n            <div class=\"best-name btn-like-color\">Instagram Yorum<\/div>\n            <div class=\"best-amount\">10<\/div>\n            <hr class=\"border-like\">\n        <\/div>\n        <div class=\"card-footer\">\n            <div class='best-discount'>%4 Discounted<\/div>            <div>\n                <p class='pricesClass pricesOld'> 30.08\u20ba <\/p>                <p class=\"h4 text-black\">28.85\u20ba<\/p>\n            <\/div>\n            <input type=\"button\" value=\"Buy Now\" class=\"btn-primary btn\">\n        <\/div>\n    <\/div>\n<\/div>\n<\/div>\n<div class=\"custom-pagination swiper-pagination\"><\/div>\n<\/div>\n<\/div>\n<\/div>\n<\/div>\n\n\n\n\n\n<h2 class=\"wp-block-heading\" id=\"instagram-gorsel-boyutlari\"><span class=\"ez-toc-section\" id=\"Instagram_Gorsel_Boyutlari_Nelerdir\"><\/span>Instagram G\u00f6rsel Boyutlar\u0131 Nelerdir ?<span class=\"ez-toc-section-end\"><\/span><\/h2>\n\n\n\n<ul class=\"wp-block-list\">\n<li><strong><em>Profil Foto\u011fraf\u0131:<\/em><\/strong> 110 x 110 px<\/li>\n<\/ul>\n\n\n\n<p>Instagram, profil avatar\u0131nda kulland\u0131\u011f\u0131n\u0131z foto\u011fraflar\u0131 110 x 110 piksellerine \u00e7ekiyor. Burada dikkat edilmesi gereken nokta, bu \u00f6l\u00e7\u00fclerin 1:1 oran\u0131nda olmas\u0131. Platformun foto\u011fraf\u0131n\u0131z\u0131 otomatik olarak yeniden oranlamas\u0131n\u0131 ya da \u00e7er\u00e7eveyle doldurmas\u0131n\u0131 istemiyorsan\u0131z 1:1 oran\u0131na sad\u0131k kalman\u0131z gerekiyor.<\/p>\n\n\n<div class=\"wp-block-image\">\n<figure class=\"aligncenter size-full is-resized\"><img loading=\"lazy\" decoding=\"async\" width=\"1080\" height=\"1080\" src=\"https:\/\/www.fenomist.com\/blog\/wp-content\/uploads\/instagram-profil-fotografi-boyutu.png\" alt=\"instagram profil foto\u011fraf\u0131 boyutu\" class=\"wp-image-31403\" style=\"width:810px;height:810px\" srcset=\"https:\/\/www.fenomist.com\/blog\/wp-content\/uploads\/instagram-profil-fotografi-boyutu.png 1080w, https:\/\/www.fenomist.com\/blog\/wp-content\/uploads\/instagram-profil-fotografi-boyutu-768x768.png 768w\" sizes=\"(max-width: 1080px) 100vw, 1080px\" \/><\/figure><\/div>\n\n\n<ul class=\"wp-block-list\">\n<li><strong><em>Payla\u015f\u0131m:<\/em><\/strong> 1080 x 1080 px, 1080 x 1250 px ve 1080 x 566 px<\/li>\n<\/ul>\n\n\n\n<p><a href=\"https:\/\/www.fenomist.com\/blog\/instagram-post-boyutu-nasil-ayarlanir\" target=\"_blank\" rel=\"noopener\">Instagram post boyutu<\/a> kare foto\u011fraflarda t\u0131pk\u0131 profil foto\u011fraf\u0131nda oldu\u011fu gibi yine 1:1 oran\u0131n\u0131 koruyan Instagram, dikey ve yatay foto\u011fraflar i\u00e7inse iki se\u00e7enek daha sunuyor. Buna g\u00f6re dikey foto\u011fraflarda 1080 x 1250 px,<\/p>\n\n\n\n<p>yatay foto\u011fraflarda ise 1080 x 566 px platformun sundu\u011fu ideal \u00f6l\u00e7\u00fcler.<\/p>\n\n\n\n<p><\/p>\n\n\n<div class=\"wp-block-image\">\n<figure class=\"aligncenter size-full is-resized\"><img loading=\"lazy\" decoding=\"async\" width=\"1080\" height=\"1080\" src=\"https:\/\/www.fenomist.com\/blog\/wp-content\/uploads\/instagram-post-boyutu.png\" alt=\"instagram g\u00f6nderi boyutu\" class=\"wp-image-31405\" style=\"width:810px;height:810px\" srcset=\"https:\/\/www.fenomist.com\/blog\/wp-content\/uploads\/instagram-post-boyutu.png 1080w, https:\/\/www.fenomist.com\/blog\/wp-content\/uploads\/instagram-post-boyutu-768x768.png 768w\" sizes=\"(max-width: 1080px) 100vw, 1080px\" \/><\/figure><\/div>\n\n\n<ul class=\"wp-block-list\">\n<li><strong><em>Hikaye G\u00f6rseli:<\/em><\/strong> 1080 x 1920 px<\/li>\n<\/ul>\n\n\n\n<p>9:16 oranlar\u0131na sahip olan Instagram hikayeleri, Full HD g\u00f6rselli\u011fin tersine \u00e7evrilmi\u015fidir. Dolay\u0131s\u0131yla hedeflenen telefonu yatay olarak kulland\u0131\u011f\u0131n\u0131zda Full HD bir bi\u00e7imde hikayeleri g\u00f6r\u00fcnt\u00fcleyebilmenizdir. Buna ek olarak Instagram hikayelerinin dosya boyutu olarak en fazla 4 GB olmas\u0131 gerekti\u011fini de unutmamal\u0131s\u0131n\u0131z.<\/p>\n\n\n<div class=\"wp-block-image\">\n<figure class=\"aligncenter size-full is-resized\"><img loading=\"lazy\" decoding=\"async\" width=\"1080\" height=\"1080\" src=\"https:\/\/www.fenomist.com\/blog\/wp-content\/uploads\/instagram-hikaye-boyutu.png\" alt=\"instagram hikaye boyutu sosyal medya g\u00f6rsel boyutlar\u0131\" class=\"wp-image-31404\" style=\"width:810px;height:810px\" srcset=\"https:\/\/www.fenomist.com\/blog\/wp-content\/uploads\/instagram-hikaye-boyutu.png 1080w, https:\/\/www.fenomist.com\/blog\/wp-content\/uploads\/instagram-hikaye-boyutu-768x768.png 768w\" sizes=\"(max-width: 1080px) 100vw, 1080px\" \/><\/figure><\/div>\n\n\n<h2 class=\"wp-block-heading\" id=\"twitter-gorsel-boyutlari\"><span class=\"ez-toc-section\" id=\"Twitter_Gorsel_Boyutlari_Nelerdir\"><\/span>Twitter G\u00f6rsel Boyutlar\u0131 Nelerdir ?<span class=\"ez-toc-section-end\"><\/span><\/h2>\n\n\n\n<ul class=\"wp-block-list\">\n<li><strong><em>Profil Foto\u011fraf\u0131:<\/em><\/strong> 400 x 400 px<\/li>\n<\/ul>\n\n\n\n<p>Twitter\u2019da da profil foto\u011fraf\u0131 i\u00e7in \u00f6nerilen oran 1:1 \u015feklinde. Bu nedenle foto\u011fraf \u00e7\u00f6z\u00fcn\u00fcrl\u00fc\u011f\u00fcn\u00fcz daha y\u00fcksek olsa da bu oranda olmas\u0131 g\u00f6r\u00fcnt\u00fc kalitesi i\u00e7in \u00e7ok daha ideal.<\/p>\n\n\n\n<ul class=\"wp-block-list\">\n<li><strong><em>Kapak Foto\u011fraf\u0131:<\/em><\/strong> 1500 x 500 px<\/li>\n<\/ul>\n\n\n\n<p>Kapak foto\u011fraflar\u0131nda \u00f6l\u00e7\u00fcler d\u0131\u015f\u0131nda dikkat etmeniz gereken ikinci bir nokta da dosyalar\u0131n 5 MB\u2019dan daha b\u00fcy\u00fck olmamas\u0131. Ayr\u0131ca Twitter kapak foto\u011fraf\u0131 olarak yaln\u0131zca JPG, GIF ya da PNG formatlar\u0131n\u0131 kullanman\u0131za izin veriyor.<\/p>\n\n\n\n<ul class=\"wp-block-list\">\n<li><strong><em>Payla\u015f\u0131m:<\/em><\/strong> 1024 x 512 px<\/li>\n<\/ul>\n\n\n\n<p>Kapak foto\u011fraflar\u0131na benzer bir bi\u00e7imde dosya boyutu i\u00e7in 5 MB s\u0131n\u0131r\u0131 burada da ge\u00e7erli.<\/p>\n\n\n\n<p><a href=\"https:\/\/www.fenomist.com\/blog\/instagram-video-gorsel-olculeri\" target=\"_blank\" rel=\"noopener\">Instagram Video &amp; G\u00f6rsel \u00d6l\u00e7\u00fcleri<\/a> hakk\u0131nda bilgi almak i\u00e7in ilgili blog yaz\u0131m\u0131z\u0131 okuyun.<\/p>\n\n\n<div class=\"wp-block-image\">\n<figure class=\"aligncenter size-large\"><img loading=\"lazy\" decoding=\"async\" width=\"820\" height=\"454\" src=\"https:\/\/www.fenomist.com\/blog\/wp-content\/uploads\/twitter-boyutlari.jpg\" alt=\"twitter g\u00f6rsel boyutlar\u0131\" class=\"wp-image-29061\" srcset=\"https:\/\/www.fenomist.com\/blog\/wp-content\/uploads\/twitter-boyutlari.jpg 820w, https:\/\/www.fenomist.com\/blog\/wp-content\/uploads\/twitter-boyutlari-768x425.jpg 768w\" sizes=\"(max-width: 820px) 100vw, 820px\" \/><\/figure><\/div>\n\n\n<h2 class=\"wp-block-heading\" id=\"facebook-gorsel-boyutlari\"><span class=\"ez-toc-section\" id=\"Facebook_Gorsel_Boyutlari_Nelerdir\"><\/span>Facebook G\u00f6rsel Boyutlar\u0131 Nelerdir ?<span class=\"ez-toc-section-end\"><\/span><\/h2>\n\n\n\n<ul class=\"wp-block-list\">\n<li><strong><em>Profil Foto\u011fraf\u0131:<\/em><\/strong> En az 180 x 180 px<\/li>\n<\/ul>\n\n\n\n<p>Facebook, profil foto\u011fraflar\u0131n\u0131 yeniden s\u0131k\u0131\u015ft\u0131rarak g\u00f6r\u00fcnt\u00fcledi\u011fi i\u00e7in en az 180 x 180 px profil foto\u011fraf\u0131 koyabilmenize olanak tan\u0131maktad\u0131r. Ancak bu foto\u011fraf bilgisayardan giri\u015f yapt\u0131\u011f\u0131n\u0131zda 170 x 170 px g\u00f6r\u00fcn\u00fcrken mobilde ise 128 x 128 px olarak g\u00f6r\u00fcnt\u00fclenecektir.<\/p>\n\n\n\n<ul class=\"wp-block-list\">\n<li><strong><em>Kapak Foto\u011fraf\u0131:<\/em><\/strong> 851 x 315 px<\/li>\n<\/ul>\n\n\n\n<ul class=\"wp-block-list\">\n<li><strong><em>Payla\u015f\u0131m: <\/em><\/strong>\u00d6nerilen 1200 x 630 px<\/li>\n<\/ul>\n\n\n\n<p>Payla\u015f\u0131m foto\u011fraflar\u0131nda Facebook, yukar\u0131da \u00f6nerilen oran\u0131n yan\u0131 s\u0131ra kare foto\u011fraflar i\u00e7in 1200 x 1200 px format\u0131na da uyum sa\u011flamaktad\u0131r. Buna ek olarak payla\u015f\u0131mlar\u0131n feed sayfas\u0131nda 470 px, profil sayfan\u0131zda ise 504 px geni\u015fli\u011finde g\u00f6r\u00fcnt\u00fclenece\u011fini de belirtmek gerekir.<\/p>\n\n\n\n<h2 class=\"wp-block-heading\" id=\"youtube-gorsel-boyutlari\"><span class=\"ez-toc-section\" id=\"YouTube_Gorsel_Boyutlari_Nelerdir\"><\/span>YouTube G\u00f6rsel Boyutlar\u0131 Nelerdir ?<span class=\"ez-toc-section-end\"><\/span><\/h2>\n\n\n\n<ul class=\"wp-block-list\">\n<li><strong><em>Profil Foto\u011fraf\u0131:<\/em><\/strong> En az 800 x 800 px<\/li>\n<\/ul>\n\n\n\n<p>Youtube kanal\u0131n\u0131z\u0131n profil foto\u011fraf\u0131 en az yukar\u0131da belirtilen piksellerde olmal\u0131d\u0131r. Ancak g\u00f6r\u00fcnt\u00fclenme boyutu 98 x 98 px \u015feklindedir. Buna ek olarak Youtube\u2019un profil foto\u011fraf\u0131 i\u00e7in kabul etti\u011fi g\u00f6rsel formatlar\u0131 PNG, JPG, BMP ve animasyonsuz oldu\u011fu s\u00fcrece GIF\u2019tir.<\/p>\n\n\n\n<ul class=\"wp-block-list\">\n<li><strong><em>Kapak Foto\u011fraf\u0131:<\/em><\/strong> 2560 x 1440 px<\/li>\n<\/ul>\n\n\n\n<p>Y\u00fckleme i\u00e7in \u00f6nerilen kapak boyutu foto\u011fraf\u0131 bu \u015fekilde olsa da masa\u00fcst\u00fc kullan\u0131mda foto\u011fraf 453 px. Mobilde ise 423 px geni\u015fli\u011finde g\u00f6r\u00fcnt\u00fclenir. Buna ek olarak kapak foto\u011fraf\u0131 olarak Youtube 6 MB dosya boyutunu a\u015fan foto\u011fraflar\u0131 y\u00fcklemenize izin vermeyecektir.<\/p>\n\n\n\n<ul class=\"wp-block-list\">\n<li><strong><em>Video K\u00fc\u00e7\u00fck Resim:<\/em><\/strong> 1280 x 720 px<\/li>\n<\/ul>\n\n\n\n<p>Videolar\u0131n\u0131z i\u00e7in olu\u015fturulan \u00f6n izleme boyutlar\u0131 klasik 720p g\u00f6rsel format\u0131d\u0131r. Bu anlamda oranlar\u0131 da 16:9 \u015feklindedir.<\/p>\n\n\n\n<h2 class=\"wp-block-heading\" id=\"linkedin-gorsel-boyutlari\"><span class=\"ez-toc-section\" id=\"LinkedIn_Gorsel_Boyutlari_Nelerdir\"><\/span>LinkedIn G\u00f6rsel Boyutlar\u0131 Nelerdir ?<span class=\"ez-toc-section-end\"><\/span><\/h2>\n\n\n\n<ul class=\"wp-block-list\">\n<li><strong><em>Ki\u015fisel Hesap Profil Foto\u011fraf\u0131:<\/em><\/strong> 400 x 400 px<\/li>\n\n\n\n<li><strong><em>\u015eirket Hesab\u0131 Profil Foto\u011fraf\u0131:<\/em><\/strong> 300 x 300 px<\/li>\n<\/ul>\n\n\n\n<p>Ayr\u0131ca y\u00fckleyece\u011finiz profil foto\u011fraf\u0131n\u0131n ki\u015fisel hesaplar i\u00e7in 10 MB. \u015eirket hesaplar\u0131 i\u00e7inse 4 MB\u2019dan d\u00fc\u015f\u00fck boyutta olmas\u0131 gerekir.<\/p>\n\n\n\n<ul class=\"wp-block-list\">\n<li><strong><em>Ki\u015fisel Hesap Kapak Foto\u011fraf\u0131<\/em><\/strong>: 1584 x 396 px<\/li>\n\n\n\n<li><strong><em>\u015eirket Hesab\u0131 Kapak Foto\u011fraf\u0131:<\/em><\/strong> 1536 x 768 px<\/li>\n<\/ul>\n\n\n\n<p>\u015eirket hesab\u0131 kapak foto\u011fraflar\u0131n\u0131n oran\u0131 2:1 \u015feklindeyken ki\u015fisel hesap kapak foto\u011fraflar\u0131nda bu oran 129:8 format\u0131ndad\u0131r. Buna ek olarak dosya boyutunun en fazla 4 MB olmas\u0131 gerekir.<\/p>\n\n\n\n<ul class=\"wp-block-list\">\n<li><strong><em>Payla\u015f\u0131m:<\/em><\/strong> 1104 x 736 px<\/li>\n<\/ul>\n\n\n\n<h2 class=\"wp-block-heading\" id=\"pinterest-gorsel-boyutlari\"><span class=\"ez-toc-section\" id=\"Pinterest_Gorsel_Boyutlari_Nelerdir\"><\/span>Pinterest G\u00f6rsel Boyutlar\u0131 Nelerdir ?<span class=\"ez-toc-section-end\"><\/span><\/h2>\n\n\n\n<ul class=\"wp-block-list\">\n<li><strong><em>Profil foto\u011fraf\u0131:<\/em><\/strong> 165 x 165 px<\/li>\n\n\n\n<li><strong><em>Standart Pin:<\/em><\/strong> 600 x 900 px: G\u00f6rsel oran\u0131 1:1.5 \u015feklindedir.<\/li>\n\n\n\n<li><strong><em>Uzun Pin:<\/em><\/strong> 600 x 1260 px: G\u00f6rsel oran\u0131 1: 2.1 \u015feklindedir.<\/li>\n\n\n\n<li><strong><em>Kare Pin:<\/em><\/strong> 600 x 600 px: G\u00f6rsel oran\u0131 1:1 \u015feklindedir.<\/li>\n<\/ul>\n\n\n\n<h2 class=\"wp-block-heading\" id=\"sosyal-medya-gorsel-boyutlari-kullanimi-hakkinda-ipuclari\"><span class=\"ez-toc-section\" id=\"Sosyal_Medya_Gorsel_Boyutlari_Kullanimi_Hakkinda_Ipuclari\"><\/span>Sosyal Medya G\u00f6rsel Boyutlar\u0131 Kullan\u0131m\u0131 Hakk\u0131nda \u0130pu\u00e7lar\u0131<span class=\"ez-toc-section-end\"><\/span><\/h2>\n\n\n\n<p>Yukar\u0131daki listede de g\u00f6r\u00fcld\u00fc\u011f\u00fc \u00fczere sosyal medya platformlar\u0131n\u0131n b\u00fcy\u00fck \u00e7o\u011funlu\u011fu farkl\u0131 g\u00f6rsel boyutlar\u0131n\u0131 tercih ediyor. Ancak kolayl\u0131kla t\u00fcm bu karma\u015fan\u0131n \u00f6n\u00fcne ge\u00e7meniz m\u00fcmk\u00fcn. Bu anlamda foto\u011fraf d\u00fczenleme i\u00e7in kulland\u0131\u011f\u0131n\u0131z programlarda belli \u015fablonlar olu\u015fturman\u0131z i\u015finizi olduk\u00e7a basitle\u015ftirecektir:<\/p>\n\n\n\n<ul class=\"wp-block-list\">\n<li>Profil foto\u011fraf\u0131 konusunda sosyal medya platformlar\u0131 farkl\u0131 \u00f6l\u00e7\u00fcler tercih etmektedir. Oran a\u00e7\u0131s\u0131ndan 1:1 oran\u0131na yani kare format\u0131ndad\u0131r. Bu anlamda profil foto\u011fraflar\u0131n\u0131z i\u00e7in kare oranlara sahip bir \u015fablon olu\u015fturman\u0131z pratik bir \u00e7\u00f6z\u00fcmd\u00fcr. G\u00fcn\u00fcm\u00fczde pek \u00e7ok cihaz\u0131n Full HD bir ekran \u00e7\u00f6z\u00fcn\u00fcrl\u00fc\u011f\u00fc sunuldu\u011funda 1080 x 1080 px bir \u015fablon olu\u015fturmak profil foto\u011fraflar\u0131 i\u00e7in yeterli olacakt\u0131r.<\/li>\n\n\n\n<li>\u00d6ne \u00e7\u0131kan formatlardan bir di\u011feri de 16:9 oran\u0131. Nitekim \u00f6zellikle Instagram hikayelerinde ve Facebook\u2019ta bunun tersi olan 9:16 oran\u0131 da s\u0131kl\u0131kla kullan\u0131l\u0131yor. Bu iki format i\u00e7in tek bir \u015fablon olu\u015fturarak gerekti\u011finde birbirlerine d\u00f6n\u00fc\u015ft\u00fcrmeniz olduk\u00e7a kolay.<\/li>\n\n\n\n<li>Dikey payla\u015f\u0131mlar\u0131n\u0131z i\u00e7inse 4:5 format\u0131n\u0131n sosyal medya uzmanlar\u0131 taraf\u0131ndan s\u0131kl\u0131kla kullan\u0131lan bir tercih oldu\u011funu s\u00f6yleyebiliriz. Bu anlamda yine 1080p ekranlar\u0131 g\u00f6z \u00f6n\u00fcne alarak 1080 x 1350 px \u00f6l\u00e7\u00fclerinde \u015fablonlar kullanabilirsiniz. Sosyal medya g\u00f6rsel boyutlar\u0131 ile ilgili sizleri kapsaml\u0131 olarak bilgilendirdik. <\/li>\n<\/ul>\n\n\n\n<p><a href=\"https:\/\/www.fenomist.com\/blog\/instagram-video-gorsel-olculeri\" target=\"_blank\" rel=\"noopener\">Instagram Video &amp; G\u00f6rsel \u00d6l\u00e7\u00fcleri<\/a> makalemizi de incelemek i\u00e7in hemen t\u0131klay\u0131n!<\/p>\n\n\n\n<figure class=\"wp-block-embed is-type-video is-provider-youtube wp-block-embed-youtube wp-embed-aspect-16-9 wp-has-aspect-ratio\"><div class=\"wp-block-embed__wrapper\">\n<iframe title=\"2020 Sosyal Medya G\u00f6rsel Boyutlar\u0131\" width=\"640\" height=\"360\" src=\"https:\/\/www.youtube.com\/embed\/ANeNRtGodWg?feature=oembed\" frameborder=\"0\" allow=\"accelerometer; autoplay; clipboard-write; encrypted-media; gyroscope; picture-in-picture; web-share\" referrerpolicy=\"strict-origin-when-cross-origin\" allowfullscreen><\/iframe><script type=\"application\/ld+json\">\n    {\n      \"@context\": \"https:\/\/schema.org\",\n      \"@type\": \"VideoObject\",\n      \"name\": \"2020 Sosyal Medya G\u00f6rsel Boyutlar\u0131\",\n      \"description\": \"Sosyal Medya G\u00f6rsel Boyutlar\u0131 Nelerdir ?\",\n      \"thumbnailUrl\": \"https:\/\/i.ytimg.com\/vi_webp\/ANeNRtGodWg\/mqdefault.webp\",\n      \"embedUrl\": \"https:\/\/www.youtube.com\/embed\/ANeNRtGodWg?feature=oembed\",\n      \"uploadDate\": \"May 13, 2025 2:56 pm\"\n    }\n    <\/script>\n<\/div><\/figure>\n\n\n\n<div class=\"schema-faq wp-block-yoast-faq-block\">      <\/div>\n\r\n\t\t\t<div id=\"daexthefu-container\"\r\n\t\t\t\tclass=\"daexthefu-container daexthefu-layout-side-by-side daexthefu-alignment-left\"\r\n\t\t\t\tdata-post-id=\"29053\">\r\n\r\n\t\t\t\t<div class=\"daexthefu-feedback\">\r\n\t\t\t\t\t<div class=\"daexthefu-text\">\r\n\t\t\t\t\t\t<h3 class=\"daexthefu-title\"><span class=\"ez-toc-section\" id=\"Bu_makale_faydali_miydi\"><\/span>Bu makale faydal\u0131 m\u0131yd\u0131?<span class=\"ez-toc-section-end\"><\/span><\/h3>\r\n\t\t\t\t\t<\/div>\r\n\t\t\t\t\t<div class=\"daexthefu-buttons-container\">\r\n\t\t\t\t\t\t<div class=\"daexthefu-buttons\">\r\n\t\t\t\t\t\t\t\r\n\t\t\t<div class=\"daexthefu-yes daexthefu-button daexthefu-button-type-text\" data-value=\"1\">\r\n\t\t\t\t<div class=\"daexthefu-button-text\">Faydal\u0131<\/div>\r\n\t\t\t<\/div>\r\n\r\n\t\t\t\t\t\t\t\t\t\t\r\n\t\t\t<div class=\"daexthefu-no daexthefu-button daexthefu-button-type-text\" data-value=\"0\">\r\n\t\t\t\t<div class=\"daexthefu-button-text\">Geli\u015ftirilmeli<\/div>\r\n\t\t\t<\/div>\r\n\r\n\t\t\t\t\t\t\t\t\t<\/div>\r\n\t\t\t\t\t<\/div>\r\n\t\t\t\t<\/div>\r\n\r\n\t\t\t\t<div class=\"daexthefu-comment\">\r\n\t\t\t\t\t<div class=\"daexthefu-comment-top-container\">\r\n\t\t\t\t\t\t<label id=\"daexthefu-comment-label\" class=\"daexthefu-comment-label\"><\/label>\r\n\t\t\t\t\t\t\t\t\t\t\t\t\t<div class=\"daexthefu-comment-character-counter-container\">\r\n\t\t\t\t\t\t\t\t<div id=\"daexthefu-comment-character-counter-number\"\r\n\t\t\t\t\t\t\t\t\tclass=\"daexthefu-comment-character-counter-number\"><\/div>\r\n\t\t\t\t\t\t\t\t<div class=\"daexthefu-comment-character-counter-text\"><\/div>\r\n\t\t\t\t\t\t\t<\/div>\r\n\t\t\t\t\t\t\t\t\t\t\t<\/div>\r\n\t\t\t\t\t<textarea id=\"daexthefu-comment-textarea\" class=\"daexthefu-comment-textarea\"\r\n\t\t\t\t\t\t\t\tplaceholder=\"Mesaj\u0131n\u0131z\u0131 giriniz\"\r\n\t\t\t\t\t\t\t\tmaxlength=\"\r\n\t\t\t\t\t\t\t\t400\t\t\t\t\t\t\t\t\t\"><\/textarea>\r\n\t\t\t\t\t<div class=\"daexthefu-comment-buttons-container\">\r\n\t\t\t\t\t\t<button class=\"daexthefu-comment-submit daexthefu-button\">G\u00f6nder<\/button>\r\n\t\t\t\t\t\t<button class=\"daexthefu-comment-cancel daexthefu-button\">\u0130ptal<\/button>\r\n\t\t\t\t\t<\/div>\r\n\t\t\t\t<\/div>\r\n\r\n\t\t\t\t<div class=\"daexthefu-successful-submission-text\">Geri bildirim i\u00e7in te\u015fekk\u00fcr ederiz!<\/div>\r\n\r\n\t\t\t<\/div>\r\n\r\n\t\t\t\n    <div class=\"container\">\n        <div class=\"faq accordion faq-drop\" id=\"accordion\">\n            <h2 class=\"accordion-title\"><span class=\"ez-toc-section\" id=\"Hakkinda_Sikca_Sorulan_Sorular\"><\/span> Hakk\u0131nda S\u0131k\u00e7a Sorulan Sorular<span class=\"ez-toc-section-end\"><\/span><\/h2>\n            <div class=\"col-md-12 faq-card\">\n                    <div class=\"card faq\">\n                        <div class=\"card-header collapsed d-flex justify-content-between align-items-center\" id=\"heading0\"\n                             data-toggle=\"collapse\" data-target=\"#collapse_0\" aria-expanded=\"true\" role=\"button\"\n                             aria-controls=\"collapse_0\">\n                            <div class=\"btn btn-link text-dark font-weight-bold\">\n                               Instagram Payla\u015f\u0131m G\u00f6rseli Boyutu Nedir?\n                            <\/div>\n                            <div class=\"btn-toogle\">\n                                <span><\/span>\n                                <span><\/span>\n                            <\/div>\n                        <\/div>\n                        <div id=\"collapse_0\" class=\"collapse\" aria-labelledby=\"heading0\" data-parent=\"#accordion\">\n                            <div class=\"card-body\">\n                                <p>Instagram payla\u015f\u0131m g\u00f6rseli boyutlar\u0131, 1080 x 1080 px, 1080 x 1250 px ve 1080 x 566 px\u2019dir.<\/p>\n                            <\/div>\n                        <\/div>\n                        <\/div>\n                        \n                    <div class=\"card faq\">\n                        <div class=\"card-header collapsed d-flex justify-content-between align-items-center\" id=\"heading1\"\n                             data-toggle=\"collapse\" data-target=\"#collapse_1\" aria-expanded=\"true\" role=\"button\"\n                             aria-controls=\"collapse_1\">\n                            <div class=\"btn btn-link text-dark font-weight-bold\">\n                               Facebook Kapak G\u00f6rseli Boyutu Nedir?\n                            <\/div>\n                            <div class=\"btn-toogle\">\n                                <span><\/span>\n                                <span><\/span>\n                            <\/div>\n                        <\/div>\n                        <div id=\"collapse_1\" class=\"collapse\" aria-labelledby=\"heading1\" data-parent=\"#accordion\">\n                            <div class=\"card-body\">\n                                <p>Facebook kapak g\u00f6rseli kullanmak istiyorsan\u0131z, 851 x 315 px boyutlar\u0131ndan yararlanabilirsiniz.<\/p>\n                            <\/div>\n                        <\/div>\n                        <\/div>\n                        \n                    <div class=\"card faq\">\n                        <div class=\"card-header collapsed d-flex justify-content-between align-items-center\" id=\"heading2\"\n                             data-toggle=\"collapse\" data-target=\"#collapse_2\" aria-expanded=\"true\" role=\"button\"\n                             aria-controls=\"collapse_2\">\n                            <div class=\"btn btn-link text-dark font-weight-bold\">\n                               YouTube Video K\u00fc\u00e7\u00fck Resim Boyutu Nedir?\n                            <\/div>\n                            <div class=\"btn-toogle\">\n                                <span><\/span>\n                                <span><\/span>\n                            <\/div>\n                        <\/div>\n                        <div id=\"collapse_2\" class=\"collapse\" aria-labelledby=\"heading2\" data-parent=\"#accordion\">\n                            <div class=\"card-body\">\n                                <p>Videolar\u0131n\u0131z i\u00e7in olu\u015fturulan \u00f6n izleme boyutlar\u0131 klasik 720p g\u00f6rsel format\u0131d\u0131r. G\u00f6rsel boyutu ise 1280 x 720 px\u2019dir.<\/p>\n                            <\/div>\n                        <\/div>\n                        <\/div>\n                        \n                    <div class=\"card faq\">\n                        <div class=\"card-header collapsed d-flex justify-content-between align-items-center\" id=\"heading3\"\n                             data-toggle=\"collapse\" data-target=\"#collapse_3\" aria-expanded=\"true\" role=\"button\"\n                             aria-controls=\"collapse_3\">\n                            <div class=\"btn btn-link text-dark font-weight-bold\">\n                               G\u00f6rsel Boyutland\u0131rma Programlar\u0131 Nelerdir?\n                            <\/div>\n                            <div class=\"btn-toogle\">\n                                <span><\/span>\n                                <span><\/span>\n                            <\/div>\n                        <\/div>\n                        <div id=\"collapse_3\" class=\"collapse\" aria-labelledby=\"heading3\" data-parent=\"#accordion\">\n                            <div class=\"card-body\">\n                                <p>PhotoScape, PIXresizer, Resizenow gibi uygulamalarla g\u00f6rsellerinizi boyutland\u0131rabilirsiniz.<\/p>\n                            <\/div>\n                        <\/div>\n                        <\/div>\n                        \n                    <div class=\"card faq\">\n                        <div class=\"card-header collapsed d-flex justify-content-between align-items-center\" id=\"heading4\"\n                             data-toggle=\"collapse\" data-target=\"#collapse_4\" aria-expanded=\"true\" role=\"button\"\n                             aria-controls=\"collapse_4\">\n                            <div class=\"btn btn-link text-dark font-weight-bold\">\n                               G\u00f6rsel Boyutu Y\u00fcksek Bir \u015eekilde Payla\u015f\u0131m Yap\u0131labilir Mi?\n                            <\/div>\n                            <div class=\"btn-toogle\">\n                                <span><\/span>\n                                <span><\/span>\n                            <\/div>\n                        <\/div>\n                        <div id=\"collapse_4\" class=\"collapse\" aria-labelledby=\"heading4\" data-parent=\"#accordion\">\n                            <div class=\"card-body\">\n                                <p>\u00d6nerilen azami boyuttan y\u00fcksek bir g\u00f6rsel eklemeye \u00e7al\u0131\u015faca\u011f\u0131n\u0131z zaman uygulama buna izin vermez.<\/p>\n                            <\/div>\n                        <\/div>\n                        <\/div>\n                        \n                    <div class=\"card faq\">\n                        <div class=\"card-header collapsed d-flex justify-content-between align-items-center\" id=\"heading5\"\n                             data-toggle=\"collapse\" data-target=\"#collapse_5\" aria-expanded=\"true\" role=\"button\"\n                             aria-controls=\"collapse_5\">\n                            <div class=\"btn btn-link text-dark font-weight-bold\">\n                               G\u00f6rsel Yeniden Boyutland\u0131rma Nas\u0131l Yap\u0131l\u0131r?\n                            <\/div>\n                            <div class=\"btn-toogle\">\n                                <span><\/span>\n                                <span><\/span>\n                            <\/div>\n                        <\/div>\n                        <div id=\"collapse_5\" class=\"collapse\" aria-labelledby=\"heading5\" data-parent=\"#accordion\">\n                            <div class=\"card-body\">\n                                <p>Boyutland\u0131raca\u011f\u0131n\u0131z resmin bulundu\u011fu dosyay\u0131 a\u00e7\u0131n ve resimleri yeniden boyutland\u0131r se\u00e7ene\u011fine t\u0131klay\u0131n b\u00f6ylelikle g\u00f6rselinizi yeniden boyutland\u0131rabileceksiniz.<\/p>\n                            <\/div>\n                        <\/div>\n                        <\/div>\n                        <\/div><\/div><\/div>","protected":false},"excerpt":{"rendered":"<p>Son y\u0131llarda s\u0131kl\u0131kla tart\u0131\u015f\u0131lan foto\u011fraf kalitesi d\u00fc\u015fme sorunun en temel nedenlerinden biri sosyal medya g\u00f6rsel boyutlar\u0131 ile ilgilidir. G\u00fcn\u00fcm\u00fczde teknolojinin geli\u015fmesiyle birlikte internet ve sosyal medya hayat\u0131m\u0131z\u0131n b\u00fcy\u00fck bir k\u0131sm\u0131n\u0131 ele ge\u00e7irdi. Bu anlamda sosyal medya platformlar\u0131nda etkin bir bi\u00e7imde var olabilmenin gerek i\u015f gerekse de g\u00fcndelik ya\u015fam i\u00e7in son [&hellip;]<\/p>\n","protected":false},"author":1,"featured_media":42907,"comment_status":"open","ping_status":"closed","sticky":false,"template":"","format":"standard","meta":{"_helpful_status":1,"footnotes":""},"categories":[1],"tags":[],"class_list":["post-29053","post","type-post","status-publish","format-standard","has-post-thumbnail","hentry","category-sosyal-medya","entry"],"yoast_head":"<!-- This site is optimized with the Yoast SEO plugin v26.5 - https:\/\/yoast.com\/wordpress\/plugins\/seo\/ -->\n<title>Sosyal Medya G\u00f6rsel Boyutlar\u0131 Nelerdir ? (2026)<\/title>\n<meta name=\"description\" content=\"Sosyal medyalar\u0131n farkl\u0131 g\u00f6rsel boyutlar\u0131n\u0131 bilmek payla\u015f\u0131lan i\u00e7eriklerin kalitesi i\u00e7in \u00f6nemlidir. Bu rehberimiz hepsini \u00f6\u011freneceksiniz !\" \/>\n<meta name=\"robots\" content=\"index, follow, max-snippet:-1, max-image-preview:large, max-video-preview:-1\" \/>\n<link rel=\"canonical\" href=\"https:\/\/www.fenomist.com\/blog\/sosyal-medya-gorsel-boyutlari-nelerdir\" \/>\n<meta property=\"og:locale\" content=\"tr_TR\" \/>\n<meta property=\"og:type\" content=\"article\" \/>\n<meta property=\"og:title\" content=\"Sosyal Medya G\u00f6rsel Boyutlar\u0131 Nelerdir ? (2026)\" \/>\n<meta property=\"og:description\" content=\"Sosyal medyalar\u0131n farkl\u0131 g\u00f6rsel boyutlar\u0131n\u0131 bilmek payla\u015f\u0131lan i\u00e7eriklerin kalitesi i\u00e7in \u00f6nemlidir. Bu rehberimiz hepsini \u00f6\u011freneceksiniz !\" \/>\n<meta property=\"og:url\" content=\"https:\/\/www.fenomist.com\/blog\/sosyal-medya-gorsel-boyutlari-nelerdir\" \/>\n<meta property=\"og:site_name\" content=\"Instagram Takip\u00e7i Blog - Son Dakika Haberler\" \/>\n<meta property=\"article:publisher\" content=\"https:\/\/www.facebook.com\/fenomist\" \/>\n<meta property=\"article:published_time\" content=\"2021-01-26T16:11:29+00:00\" \/>\n<meta property=\"article:modified_time\" content=\"2025-05-13T14:56:44+00:00\" \/>\n<meta property=\"og:image\" content=\"https:\/\/www.fenomist.com\/blog\/wp-content\/uploads\/sosyal-medya-go\u0308rsel-boyutlari-nelerdir.jpg\" \/>\n\t<meta property=\"og:image:width\" content=\"960\" \/>\n\t<meta property=\"og:image:height\" content=\"640\" \/>\n\t<meta property=\"og:image:type\" content=\"image\/jpeg\" \/>\n<meta name=\"author\" content=\"Enes Bulut\" \/>\n<meta name=\"twitter:card\" content=\"summary_large_image\" \/>\n<meta name=\"twitter:creator\" content=\"@bulut_enesss\" \/>\n<meta name=\"twitter:site\" content=\"@smipuclari\" \/>\n<meta name=\"twitter:label1\" content=\"Yazan:\" \/>\n\t<meta name=\"twitter:data1\" content=\"Enes Bulut\" \/>\n\t<meta name=\"twitter:label2\" content=\"Tahmini okuma s\u00fcresi\" \/>\n\t<meta name=\"twitter:data2\" content=\"8 dakika\" \/>\n<script type=\"application\/ld+json\" class=\"yoast-schema-graph\">{\"@context\":\"https:\/\/schema.org\",\"@graph\":[{\"@type\":\"Article\",\"@id\":\"https:\/\/www.fenomist.com\/blog\/sosyal-medya-gorsel-boyutlari-nelerdir#article\",\"isPartOf\":{\"@id\":\"https:\/\/www.fenomist.com\/blog\/sosyal-medya-gorsel-boyutlari-nelerdir\"},\"author\":{\"name\":\"Enes Bulut\",\"@id\":\"https:\/\/www.fenomist.com\/blog\/#\/schema\/person\/235d54527608230f6c9e9d95b6d15f99\"},\"headline\":\"Sosyal Medya G\u00f6rsel Boyutlar\u0131 Nelerdir ?\",\"datePublished\":\"2021-01-26T16:11:29+00:00\",\"dateModified\":\"2025-05-13T14:56:44+00:00\",\"mainEntityOfPage\":{\"@id\":\"https:\/\/www.fenomist.com\/blog\/sosyal-medya-gorsel-boyutlari-nelerdir\"},\"wordCount\":1338,\"commentCount\":4,\"publisher\":{\"@id\":\"https:\/\/www.fenomist.com\/blog\/#organization\"},\"image\":{\"@id\":\"https:\/\/www.fenomist.com\/blog\/sosyal-medya-gorsel-boyutlari-nelerdir#primaryimage\"},\"thumbnailUrl\":\"https:\/\/www.fenomist.com\/blog\/wp-content\/uploads\/sosyal-medya-go\u0308rsel-boyutlari-nelerdir.jpg\",\"articleSection\":[\"Sosyal Medya\"],\"inLanguage\":\"tr\",\"potentialAction\":[{\"@type\":\"CommentAction\",\"name\":\"Comment\",\"target\":[\"https:\/\/www.fenomist.com\/blog\/sosyal-medya-gorsel-boyutlari-nelerdir#respond\"]}]},{\"@type\":[\"WebPage\",\"FAQPage\"],\"@id\":\"https:\/\/www.fenomist.com\/blog\/sosyal-medya-gorsel-boyutlari-nelerdir\",\"url\":\"https:\/\/www.fenomist.com\/blog\/sosyal-medya-gorsel-boyutlari-nelerdir\",\"name\":\"Sosyal Medya G\u00f6rsel Boyutlar\u0131 Nelerdir ? (2026)\",\"isPartOf\":{\"@id\":\"https:\/\/www.fenomist.com\/blog\/#website\"},\"primaryImageOfPage\":{\"@id\":\"https:\/\/www.fenomist.com\/blog\/sosyal-medya-gorsel-boyutlari-nelerdir#primaryimage\"},\"image\":{\"@id\":\"https:\/\/www.fenomist.com\/blog\/sosyal-medya-gorsel-boyutlari-nelerdir#primaryimage\"},\"thumbnailUrl\":\"https:\/\/www.fenomist.com\/blog\/wp-content\/uploads\/sosyal-medya-go\u0308rsel-boyutlari-nelerdir.jpg\",\"datePublished\":\"2021-01-26T16:11:29+00:00\",\"dateModified\":\"2025-05-13T14:56:44+00:00\",\"description\":\"Sosyal medyalar\u0131n farkl\u0131 g\u00f6rsel boyutlar\u0131n\u0131 bilmek payla\u015f\u0131lan i\u00e7eriklerin kalitesi i\u00e7in \u00f6nemlidir. Bu rehberimiz hepsini \u00f6\u011freneceksiniz !\",\"breadcrumb\":{\"@id\":\"https:\/\/www.fenomist.com\/blog\/sosyal-medya-gorsel-boyutlari-nelerdir#breadcrumb\"},\"mainEntity\":[{\"@id\":\"https:\/\/www.fenomist.com\/blog\/sosyal-medya-gorsel-boyutlari-nelerdir#faq-question-1611673882849\"},{\"@id\":\"https:\/\/www.fenomist.com\/blog\/sosyal-medya-gorsel-boyutlari-nelerdir#faq-question-1611673883730\"},{\"@id\":\"https:\/\/www.fenomist.com\/blog\/sosyal-medya-gorsel-boyutlari-nelerdir#faq-question-1611673884350\"},{\"@id\":\"https:\/\/www.fenomist.com\/blog\/sosyal-medya-gorsel-boyutlari-nelerdir#faq-question-1621319060987\"},{\"@id\":\"https:\/\/www.fenomist.com\/blog\/sosyal-medya-gorsel-boyutlari-nelerdir#faq-question-1621319084530\"},{\"@id\":\"https:\/\/www.fenomist.com\/blog\/sosyal-medya-gorsel-boyutlari-nelerdir#faq-question-1621319106295\"}],\"inLanguage\":\"tr\",\"potentialAction\":[{\"@type\":\"ReadAction\",\"target\":[\"https:\/\/www.fenomist.com\/blog\/sosyal-medya-gorsel-boyutlari-nelerdir\"]}]},{\"@type\":\"ImageObject\",\"inLanguage\":\"tr\",\"@id\":\"https:\/\/www.fenomist.com\/blog\/sosyal-medya-gorsel-boyutlari-nelerdir#primaryimage\",\"url\":\"https:\/\/www.fenomist.com\/blog\/wp-content\/uploads\/sosyal-medya-go\u0308rsel-boyutlari-nelerdir.jpg\",\"contentUrl\":\"https:\/\/www.fenomist.com\/blog\/wp-content\/uploads\/sosyal-medya-go\u0308rsel-boyutlari-nelerdir.jpg\",\"width\":960,\"height\":640,\"caption\":\"Sosyal Medya G\u00f6rsel Boyutlar\u0131 Nelerdir ?\"},{\"@type\":\"BreadcrumbList\",\"@id\":\"https:\/\/www.fenomist.com\/blog\/sosyal-medya-gorsel-boyutlari-nelerdir#breadcrumb\",\"itemListElement\":[{\"@type\":\"ListItem\",\"position\":1,\"name\":\"Ana sayfa\",\"item\":\"https:\/\/www.fenomist.com\/blog\"},{\"@type\":\"ListItem\",\"position\":2,\"name\":\"Sosyal Medya\",\"item\":\"https:\/\/www.fenomist.com\/blog\/sosyal-medya\"},{\"@type\":\"ListItem\",\"position\":3,\"name\":\"Sosyal Medya G\u00f6rsel Boyutlar\u0131 Nelerdir ?\"}]},{\"@type\":\"WebSite\",\"@id\":\"https:\/\/www.fenomist.com\/blog\/#website\",\"url\":\"https:\/\/www.fenomist.com\/blog\/\",\"name\":\"Sosyal Medya Haberleri - Son Dakika\",\"description\":\"Sosyal Medya Haberleri - Son Dakika\",\"publisher\":{\"@id\":\"https:\/\/www.fenomist.com\/blog\/#organization\"},\"alternateName\":\"fenomist.com\",\"potentialAction\":[{\"@type\":\"SearchAction\",\"target\":{\"@type\":\"EntryPoint\",\"urlTemplate\":\"https:\/\/www.fenomist.com\/blog\/?s={search_term_string}\"},\"query-input\":{\"@type\":\"PropertyValueSpecification\",\"valueRequired\":true,\"valueName\":\"search_term_string\"}}],\"inLanguage\":\"tr\"},{\"@type\":\"Organization\",\"@id\":\"https:\/\/www.fenomist.com\/blog\/#organization\",\"name\":\"Fenomist\",\"alternateName\":\"fenomist.com\",\"url\":\"https:\/\/www.fenomist.com\/blog\/\",\"logo\":{\"@type\":\"ImageObject\",\"inLanguage\":\"tr\",\"@id\":\"https:\/\/www.fenomist.com\/blog\/#\/schema\/logo\/image\/\",\"url\":\"https:\/\/www.fenomist.com\/blog\/wp-content\/uploads\/instagram-takipci-satin-al-blog.svg\",\"contentUrl\":\"https:\/\/www.fenomist.com\/blog\/wp-content\/uploads\/instagram-takipci-satin-al-blog.svg\",\"caption\":\"Fenomist\"},\"image\":{\"@id\":\"https:\/\/www.fenomist.com\/blog\/#\/schema\/logo\/image\/\"},\"sameAs\":[\"https:\/\/www.facebook.com\/fenomist\",\"https:\/\/x.com\/smipuclari\",\"https:\/\/www.instagram.com\/sosyal_fabrika\/\",\"https:\/\/tr.linkedin.com\/in\/instatakipcicom\",\"https:\/\/myspace.com\/instatakipci22\",\"https:\/\/fi.pinterest.com\/instatakipcisosyal\/\",\"https:\/\/www.youtube.com\/instatakipcicom\"]},{\"@type\":\"Person\",\"@id\":\"https:\/\/www.fenomist.com\/blog\/#\/schema\/person\/235d54527608230f6c9e9d95b6d15f99\",\"name\":\"Enes Bulut\",\"image\":{\"@type\":\"ImageObject\",\"inLanguage\":\"tr\",\"@id\":\"https:\/\/www.fenomist.com\/blog\/#\/schema\/person\/image\/\",\"url\":\"https:\/\/www.fenomist.com\/blog\/wp-content\/uploads\/enes-bulut-96x96.webp\",\"contentUrl\":\"https:\/\/www.fenomist.com\/blog\/wp-content\/uploads\/enes-bulut-96x96.webp\",\"caption\":\"Enes Bulut\"},\"description\":\"Ben Enes Bulut, 2014 y\u0131l\u0131nda Yeditepe \u00dcniversitesi Reklamc\u0131l\u0131k b\u00f6l\u00fcm\u00fcn\u00fc tamamlad\u0131ktan sonra \u0130\u00e7erik Yazarl\u0131\u011f\u0131 ve Edit\u00f6rl\u00fck alan\u0131na y\u00f6neldim. Bu alanda yakla\u015f\u0131k 6 y\u0131ld\u0131r fenomist.com b\u00fcnyesinde \u00e7al\u0131\u015f\u0131yorum. Sosyal medya ve dijital pazarlama uzmanl\u0131k alan\u0131m olmak \u00fczere bir\u00e7ok konuda \u00f6zg\u00fcn ve \u00f6zel i\u00e7erikler haz\u0131rl\u0131yorum.\",\"sameAs\":[\"https:\/\/www.fenomist.com\/blog\/author\/enesbulut\",\"https:\/\/x.com\/bulut_enesss\"],\"url\":\"https:\/\/www.fenomist.com\/blog\/author\/enesbulut\"},{\"@type\":\"Question\",\"@id\":\"https:\/\/www.fenomist.com\/blog\/sosyal-medya-gorsel-boyutlari-nelerdir#faq-question-1611673882849\",\"position\":1,\"url\":\"https:\/\/www.fenomist.com\/blog\/sosyal-medya-gorsel-boyutlari-nelerdir#faq-question-1611673882849\",\"name\":\"Instagram Payla\u015f\u0131m G\u00f6rseli Boyutu Nedir?\",\"answerCount\":1,\"acceptedAnswer\":{\"@type\":\"Answer\",\"text\":\"Instagram payla\u015f\u0131m g\u00f6rseli boyutlar\u0131, 1080 x 1080 px, 1080 x 1250 px ve 1080 x 566 px\u2019dir.\",\"inLanguage\":\"tr\"},\"inLanguage\":\"tr\"},{\"@type\":\"Question\",\"@id\":\"https:\/\/www.fenomist.com\/blog\/sosyal-medya-gorsel-boyutlari-nelerdir#faq-question-1611673883730\",\"position\":2,\"url\":\"https:\/\/www.fenomist.com\/blog\/sosyal-medya-gorsel-boyutlari-nelerdir#faq-question-1611673883730\",\"name\":\"Facebook Kapak G\u00f6rseli Boyutu Nedir?\",\"answerCount\":1,\"acceptedAnswer\":{\"@type\":\"Answer\",\"text\":\"Facebook kapak g\u00f6rseli kullanmak istiyorsan\u0131z, 851 x 315 px boyutlar\u0131ndan yararlanabilirsiniz.\",\"inLanguage\":\"tr\"},\"inLanguage\":\"tr\"},{\"@type\":\"Question\",\"@id\":\"https:\/\/www.fenomist.com\/blog\/sosyal-medya-gorsel-boyutlari-nelerdir#faq-question-1611673884350\",\"position\":3,\"url\":\"https:\/\/www.fenomist.com\/blog\/sosyal-medya-gorsel-boyutlari-nelerdir#faq-question-1611673884350\",\"name\":\"YouTube Video K\u00fc\u00e7\u00fck Resim Boyutu Nedir?\",\"answerCount\":1,\"acceptedAnswer\":{\"@type\":\"Answer\",\"text\":\"Videolar\u0131n\u0131z i\u00e7in olu\u015fturulan \u00f6n izleme boyutlar\u0131 klasik 720p g\u00f6rsel format\u0131d\u0131r. G\u00f6rsel boyutu ise 1280 x 720 px\u2019dir.\",\"inLanguage\":\"tr\"},\"inLanguage\":\"tr\"},{\"@type\":\"Question\",\"@id\":\"https:\/\/www.fenomist.com\/blog\/sosyal-medya-gorsel-boyutlari-nelerdir#faq-question-1621319060987\",\"position\":4,\"url\":\"https:\/\/www.fenomist.com\/blog\/sosyal-medya-gorsel-boyutlari-nelerdir#faq-question-1621319060987\",\"name\":\"G\u00f6rsel Boyutland\u0131rma Programlar\u0131 Nelerdir?\",\"answerCount\":1,\"acceptedAnswer\":{\"@type\":\"Answer\",\"text\":\"PhotoScape, PIXresizer, Resizenow gibi uygulamalarla g\u00f6rsellerinizi boyutland\u0131rabilirsiniz.\",\"inLanguage\":\"tr\"},\"inLanguage\":\"tr\"},{\"@type\":\"Question\",\"@id\":\"https:\/\/www.fenomist.com\/blog\/sosyal-medya-gorsel-boyutlari-nelerdir#faq-question-1621319084530\",\"position\":5,\"url\":\"https:\/\/www.fenomist.com\/blog\/sosyal-medya-gorsel-boyutlari-nelerdir#faq-question-1621319084530\",\"name\":\"G\u00f6rsel Boyutu Y\u00fcksek Bir \u015eekilde Payla\u015f\u0131m Yap\u0131labilir Mi?\",\"answerCount\":1,\"acceptedAnswer\":{\"@type\":\"Answer\",\"text\":\"\u00d6nerilen azami boyuttan y\u00fcksek bir g\u00f6rsel eklemeye \u00e7al\u0131\u015faca\u011f\u0131n\u0131z zaman uygulama buna izin vermez.\",\"inLanguage\":\"tr\"},\"inLanguage\":\"tr\"},{\"@type\":\"Question\",\"@id\":\"https:\/\/www.fenomist.com\/blog\/sosyal-medya-gorsel-boyutlari-nelerdir#faq-question-1621319106295\",\"position\":6,\"url\":\"https:\/\/www.fenomist.com\/blog\/sosyal-medya-gorsel-boyutlari-nelerdir#faq-question-1621319106295\",\"name\":\"G\u00f6rsel Yeniden Boyutland\u0131rma Nas\u0131l Yap\u0131l\u0131r?\",\"answerCount\":1,\"acceptedAnswer\":{\"@type\":\"Answer\",\"text\":\"Boyutland\u0131raca\u011f\u0131n\u0131z resmin bulundu\u011fu dosyay\u0131 a\u00e7\u0131n ve resimleri yeniden boyutland\u0131r se\u00e7ene\u011fine t\u0131klay\u0131n b\u00f6ylelikle g\u00f6rselinizi yeniden boyutland\u0131rabileceksiniz.\",\"inLanguage\":\"tr\"},\"inLanguage\":\"tr\"}]}<\/script>\n<!-- \/ Yoast SEO plugin. -->","yoast_head_json":{"title":"Sosyal Medya G\u00f6rsel Boyutlar\u0131 Nelerdir ? (2026)","description":"Sosyal medyalar\u0131n farkl\u0131 g\u00f6rsel boyutlar\u0131n\u0131 bilmek payla\u015f\u0131lan i\u00e7eriklerin kalitesi i\u00e7in \u00f6nemlidir. Bu rehberimiz hepsini \u00f6\u011freneceksiniz !","robots":{"index":"index","follow":"follow","max-snippet":"max-snippet:-1","max-image-preview":"max-image-preview:large","max-video-preview":"max-video-preview:-1"},"canonical":"https:\/\/www.fenomist.com\/blog\/sosyal-medya-gorsel-boyutlari-nelerdir","og_locale":"tr_TR","og_type":"article","og_title":"Sosyal Medya G\u00f6rsel Boyutlar\u0131 Nelerdir ? (2026)","og_description":"Sosyal medyalar\u0131n farkl\u0131 g\u00f6rsel boyutlar\u0131n\u0131 bilmek payla\u015f\u0131lan i\u00e7eriklerin kalitesi i\u00e7in \u00f6nemlidir. Bu rehberimiz hepsini \u00f6\u011freneceksiniz !","og_url":"https:\/\/www.fenomist.com\/blog\/sosyal-medya-gorsel-boyutlari-nelerdir","og_site_name":"Instagram Takip\u00e7i Blog - Son Dakika Haberler","article_publisher":"https:\/\/www.facebook.com\/fenomist","article_published_time":"2021-01-26T16:11:29+00:00","article_modified_time":"2025-05-13T14:56:44+00:00","og_image":[{"width":960,"height":640,"url":"https:\/\/www.fenomist.com\/blog\/wp-content\/uploads\/sosyal-medya-go\u0308rsel-boyutlari-nelerdir.jpg","type":"image\/jpeg"}],"author":"Enes Bulut","twitter_card":"summary_large_image","twitter_creator":"@bulut_enesss","twitter_site":"@smipuclari","twitter_misc":{"Yazan:":"Enes Bulut","Tahmini okuma s\u00fcresi":"8 dakika"},"schema":{"@context":"https:\/\/schema.org","@graph":[{"@type":"Article","@id":"https:\/\/www.fenomist.com\/blog\/sosyal-medya-gorsel-boyutlari-nelerdir#article","isPartOf":{"@id":"https:\/\/www.fenomist.com\/blog\/sosyal-medya-gorsel-boyutlari-nelerdir"},"author":{"name":"Enes Bulut","@id":"https:\/\/www.fenomist.com\/blog\/#\/schema\/person\/235d54527608230f6c9e9d95b6d15f99"},"headline":"Sosyal Medya G\u00f6rsel Boyutlar\u0131 Nelerdir ?","datePublished":"2021-01-26T16:11:29+00:00","dateModified":"2025-05-13T14:56:44+00:00","mainEntityOfPage":{"@id":"https:\/\/www.fenomist.com\/blog\/sosyal-medya-gorsel-boyutlari-nelerdir"},"wordCount":1338,"commentCount":4,"publisher":{"@id":"https:\/\/www.fenomist.com\/blog\/#organization"},"image":{"@id":"https:\/\/www.fenomist.com\/blog\/sosyal-medya-gorsel-boyutlari-nelerdir#primaryimage"},"thumbnailUrl":"https:\/\/www.fenomist.com\/blog\/wp-content\/uploads\/sosyal-medya-go\u0308rsel-boyutlari-nelerdir.jpg","articleSection":["Sosyal Medya"],"inLanguage":"tr","potentialAction":[{"@type":"CommentAction","name":"Comment","target":["https:\/\/www.fenomist.com\/blog\/sosyal-medya-gorsel-boyutlari-nelerdir#respond"]}]},{"@type":["WebPage","FAQPage"],"@id":"https:\/\/www.fenomist.com\/blog\/sosyal-medya-gorsel-boyutlari-nelerdir","url":"https:\/\/www.fenomist.com\/blog\/sosyal-medya-gorsel-boyutlari-nelerdir","name":"Sosyal Medya G\u00f6rsel Boyutlar\u0131 Nelerdir ? (2026)","isPartOf":{"@id":"https:\/\/www.fenomist.com\/blog\/#website"},"primaryImageOfPage":{"@id":"https:\/\/www.fenomist.com\/blog\/sosyal-medya-gorsel-boyutlari-nelerdir#primaryimage"},"image":{"@id":"https:\/\/www.fenomist.com\/blog\/sosyal-medya-gorsel-boyutlari-nelerdir#primaryimage"},"thumbnailUrl":"https:\/\/www.fenomist.com\/blog\/wp-content\/uploads\/sosyal-medya-go\u0308rsel-boyutlari-nelerdir.jpg","datePublished":"2021-01-26T16:11:29+00:00","dateModified":"2025-05-13T14:56:44+00:00","description":"Sosyal medyalar\u0131n farkl\u0131 g\u00f6rsel boyutlar\u0131n\u0131 bilmek payla\u015f\u0131lan i\u00e7eriklerin kalitesi i\u00e7in \u00f6nemlidir. Bu rehberimiz hepsini \u00f6\u011freneceksiniz !","breadcrumb":{"@id":"https:\/\/www.fenomist.com\/blog\/sosyal-medya-gorsel-boyutlari-nelerdir#breadcrumb"},"mainEntity":[{"@id":"https:\/\/www.fenomist.com\/blog\/sosyal-medya-gorsel-boyutlari-nelerdir#faq-question-1611673882849"},{"@id":"https:\/\/www.fenomist.com\/blog\/sosyal-medya-gorsel-boyutlari-nelerdir#faq-question-1611673883730"},{"@id":"https:\/\/www.fenomist.com\/blog\/sosyal-medya-gorsel-boyutlari-nelerdir#faq-question-1611673884350"},{"@id":"https:\/\/www.fenomist.com\/blog\/sosyal-medya-gorsel-boyutlari-nelerdir#faq-question-1621319060987"},{"@id":"https:\/\/www.fenomist.com\/blog\/sosyal-medya-gorsel-boyutlari-nelerdir#faq-question-1621319084530"},{"@id":"https:\/\/www.fenomist.com\/blog\/sosyal-medya-gorsel-boyutlari-nelerdir#faq-question-1621319106295"}],"inLanguage":"tr","potentialAction":[{"@type":"ReadAction","target":["https:\/\/www.fenomist.com\/blog\/sosyal-medya-gorsel-boyutlari-nelerdir"]}]},{"@type":"ImageObject","inLanguage":"tr","@id":"https:\/\/www.fenomist.com\/blog\/sosyal-medya-gorsel-boyutlari-nelerdir#primaryimage","url":"https:\/\/www.fenomist.com\/blog\/wp-content\/uploads\/sosyal-medya-go\u0308rsel-boyutlari-nelerdir.jpg","contentUrl":"https:\/\/www.fenomist.com\/blog\/wp-content\/uploads\/sosyal-medya-go\u0308rsel-boyutlari-nelerdir.jpg","width":960,"height":640,"caption":"Sosyal Medya G\u00f6rsel Boyutlar\u0131 Nelerdir ?"},{"@type":"BreadcrumbList","@id":"https:\/\/www.fenomist.com\/blog\/sosyal-medya-gorsel-boyutlari-nelerdir#breadcrumb","itemListElement":[{"@type":"ListItem","position":1,"name":"Ana sayfa","item":"https:\/\/www.fenomist.com\/blog"},{"@type":"ListItem","position":2,"name":"Sosyal Medya","item":"https:\/\/www.fenomist.com\/blog\/sosyal-medya"},{"@type":"ListItem","position":3,"name":"Sosyal Medya G\u00f6rsel Boyutlar\u0131 Nelerdir ?"}]},{"@type":"WebSite","@id":"https:\/\/www.fenomist.com\/blog\/#website","url":"https:\/\/www.fenomist.com\/blog\/","name":"Sosyal Medya Haberleri - Son Dakika","description":"Sosyal Medya Haberleri - Son Dakika","publisher":{"@id":"https:\/\/www.fenomist.com\/blog\/#organization"},"alternateName":"fenomist.com","potentialAction":[{"@type":"SearchAction","target":{"@type":"EntryPoint","urlTemplate":"https:\/\/www.fenomist.com\/blog\/?s={search_term_string}"},"query-input":{"@type":"PropertyValueSpecification","valueRequired":true,"valueName":"search_term_string"}}],"inLanguage":"tr"},{"@type":"Organization","@id":"https:\/\/www.fenomist.com\/blog\/#organization","name":"Fenomist","alternateName":"fenomist.com","url":"https:\/\/www.fenomist.com\/blog\/","logo":{"@type":"ImageObject","inLanguage":"tr","@id":"https:\/\/www.fenomist.com\/blog\/#\/schema\/logo\/image\/","url":"https:\/\/www.fenomist.com\/blog\/wp-content\/uploads\/instagram-takipci-satin-al-blog.svg","contentUrl":"https:\/\/www.fenomist.com\/blog\/wp-content\/uploads\/instagram-takipci-satin-al-blog.svg","caption":"Fenomist"},"image":{"@id":"https:\/\/www.fenomist.com\/blog\/#\/schema\/logo\/image\/"},"sameAs":["https:\/\/www.facebook.com\/fenomist","https:\/\/x.com\/smipuclari","https:\/\/www.instagram.com\/sosyal_fabrika\/","https:\/\/tr.linkedin.com\/in\/instatakipcicom","https:\/\/myspace.com\/instatakipci22","https:\/\/fi.pinterest.com\/instatakipcisosyal\/","https:\/\/www.youtube.com\/instatakipcicom"]},{"@type":"Person","@id":"https:\/\/www.fenomist.com\/blog\/#\/schema\/person\/235d54527608230f6c9e9d95b6d15f99","name":"Enes Bulut","image":{"@type":"ImageObject","inLanguage":"tr","@id":"https:\/\/www.fenomist.com\/blog\/#\/schema\/person\/image\/","url":"https:\/\/www.fenomist.com\/blog\/wp-content\/uploads\/enes-bulut-96x96.webp","contentUrl":"https:\/\/www.fenomist.com\/blog\/wp-content\/uploads\/enes-bulut-96x96.webp","caption":"Enes Bulut"},"description":"Ben Enes Bulut, 2014 y\u0131l\u0131nda Yeditepe \u00dcniversitesi Reklamc\u0131l\u0131k b\u00f6l\u00fcm\u00fcn\u00fc tamamlad\u0131ktan sonra \u0130\u00e7erik Yazarl\u0131\u011f\u0131 ve Edit\u00f6rl\u00fck alan\u0131na y\u00f6neldim. Bu alanda yakla\u015f\u0131k 6 y\u0131ld\u0131r fenomist.com b\u00fcnyesinde \u00e7al\u0131\u015f\u0131yorum. Sosyal medya ve dijital pazarlama uzmanl\u0131k alan\u0131m olmak \u00fczere bir\u00e7ok konuda \u00f6zg\u00fcn ve \u00f6zel i\u00e7erikler haz\u0131rl\u0131yorum.","sameAs":["https:\/\/www.fenomist.com\/blog\/author\/enesbulut","https:\/\/x.com\/bulut_enesss"],"url":"https:\/\/www.fenomist.com\/blog\/author\/enesbulut"},{"@type":"Question","@id":"https:\/\/www.fenomist.com\/blog\/sosyal-medya-gorsel-boyutlari-nelerdir#faq-question-1611673882849","position":1,"url":"https:\/\/www.fenomist.com\/blog\/sosyal-medya-gorsel-boyutlari-nelerdir#faq-question-1611673882849","name":"Instagram Payla\u015f\u0131m G\u00f6rseli Boyutu Nedir?","answerCount":1,"acceptedAnswer":{"@type":"Answer","text":"Instagram payla\u015f\u0131m g\u00f6rseli boyutlar\u0131, 1080 x 1080 px, 1080 x 1250 px ve 1080 x 566 px\u2019dir.","inLanguage":"tr"},"inLanguage":"tr"},{"@type":"Question","@id":"https:\/\/www.fenomist.com\/blog\/sosyal-medya-gorsel-boyutlari-nelerdir#faq-question-1611673883730","position":2,"url":"https:\/\/www.fenomist.com\/blog\/sosyal-medya-gorsel-boyutlari-nelerdir#faq-question-1611673883730","name":"Facebook Kapak G\u00f6rseli Boyutu Nedir?","answerCount":1,"acceptedAnswer":{"@type":"Answer","text":"Facebook kapak g\u00f6rseli kullanmak istiyorsan\u0131z, 851 x 315 px boyutlar\u0131ndan yararlanabilirsiniz.","inLanguage":"tr"},"inLanguage":"tr"},{"@type":"Question","@id":"https:\/\/www.fenomist.com\/blog\/sosyal-medya-gorsel-boyutlari-nelerdir#faq-question-1611673884350","position":3,"url":"https:\/\/www.fenomist.com\/blog\/sosyal-medya-gorsel-boyutlari-nelerdir#faq-question-1611673884350","name":"YouTube Video K\u00fc\u00e7\u00fck Resim Boyutu Nedir?","answerCount":1,"acceptedAnswer":{"@type":"Answer","text":"Videolar\u0131n\u0131z i\u00e7in olu\u015fturulan \u00f6n izleme boyutlar\u0131 klasik 720p g\u00f6rsel format\u0131d\u0131r. G\u00f6rsel boyutu ise 1280 x 720 px\u2019dir.","inLanguage":"tr"},"inLanguage":"tr"},{"@type":"Question","@id":"https:\/\/www.fenomist.com\/blog\/sosyal-medya-gorsel-boyutlari-nelerdir#faq-question-1621319060987","position":4,"url":"https:\/\/www.fenomist.com\/blog\/sosyal-medya-gorsel-boyutlari-nelerdir#faq-question-1621319060987","name":"G\u00f6rsel Boyutland\u0131rma Programlar\u0131 Nelerdir?","answerCount":1,"acceptedAnswer":{"@type":"Answer","text":"PhotoScape, PIXresizer, Resizenow gibi uygulamalarla g\u00f6rsellerinizi boyutland\u0131rabilirsiniz.","inLanguage":"tr"},"inLanguage":"tr"},{"@type":"Question","@id":"https:\/\/www.fenomist.com\/blog\/sosyal-medya-gorsel-boyutlari-nelerdir#faq-question-1621319084530","position":5,"url":"https:\/\/www.fenomist.com\/blog\/sosyal-medya-gorsel-boyutlari-nelerdir#faq-question-1621319084530","name":"G\u00f6rsel Boyutu Y\u00fcksek Bir \u015eekilde Payla\u015f\u0131m Yap\u0131labilir Mi?","answerCount":1,"acceptedAnswer":{"@type":"Answer","text":"\u00d6nerilen azami boyuttan y\u00fcksek bir g\u00f6rsel eklemeye \u00e7al\u0131\u015faca\u011f\u0131n\u0131z zaman uygulama buna izin vermez.","inLanguage":"tr"},"inLanguage":"tr"},{"@type":"Question","@id":"https:\/\/www.fenomist.com\/blog\/sosyal-medya-gorsel-boyutlari-nelerdir#faq-question-1621319106295","position":6,"url":"https:\/\/www.fenomist.com\/blog\/sosyal-medya-gorsel-boyutlari-nelerdir#faq-question-1621319106295","name":"G\u00f6rsel Yeniden Boyutland\u0131rma Nas\u0131l Yap\u0131l\u0131r?","answerCount":1,"acceptedAnswer":{"@type":"Answer","text":"Boyutland\u0131raca\u011f\u0131n\u0131z resmin bulundu\u011fu dosyay\u0131 a\u00e7\u0131n ve resimleri yeniden boyutland\u0131r se\u00e7ene\u011fine t\u0131klay\u0131n b\u00f6ylelikle g\u00f6rselinizi yeniden boyutland\u0131rabileceksiniz.","inLanguage":"tr"},"inLanguage":"tr"}]}},"_links":{"self":[{"href":"https:\/\/www.fenomist.com\/blog\/wp-json\/wp\/v2\/posts\/29053","targetHints":{"allow":["GET"]}}],"collection":[{"href":"https:\/\/www.fenomist.com\/blog\/wp-json\/wp\/v2\/posts"}],"about":[{"href":"https:\/\/www.fenomist.com\/blog\/wp-json\/wp\/v2\/types\/post"}],"author":[{"embeddable":true,"href":"https:\/\/www.fenomist.com\/blog\/wp-json\/wp\/v2\/users\/1"}],"replies":[{"embeddable":true,"href":"https:\/\/www.fenomist.com\/blog\/wp-json\/wp\/v2\/comments?post=29053"}],"version-history":[{"count":7,"href":"https:\/\/www.fenomist.com\/blog\/wp-json\/wp\/v2\/posts\/29053\/revisions"}],"predecessor-version":[{"id":46777,"href":"https:\/\/www.fenomist.com\/blog\/wp-json\/wp\/v2\/posts\/29053\/revisions\/46777"}],"wp:featuredmedia":[{"embeddable":true,"href":"https:\/\/www.fenomist.com\/blog\/wp-json\/wp\/v2\/media\/42907"}],"wp:attachment":[{"href":"https:\/\/www.fenomist.com\/blog\/wp-json\/wp\/v2\/media?parent=29053"}],"wp:term":[{"taxonomy":"category","embeddable":true,"href":"https:\/\/www.fenomist.com\/blog\/wp-json\/wp\/v2\/categories?post=29053"},{"taxonomy":"post_tag","embeddable":true,"href":"https:\/\/www.fenomist.com\/blog\/wp-json\/wp\/v2\/tags?post=29053"}],"curies":[{"name":"wp","href":"https:\/\/api.w.org\/{rel}","templated":true}]}}