{"id":32758,"date":"2021-09-30T10:42:26","date_gmt":"2021-09-30T07:42:26","guid":{"rendered":"https:\/\/www.instatakipci.com\/blog\/?p=32758"},"modified":"2025-05-13T18:01:27","modified_gmt":"2025-05-13T15:01:27","slug":"instagram-ve-facebook-nasil-baglanir","status":"publish","type":"post","link":"https:\/\/www.fenomist.com\/blog\/instagram-ve-facebook-nasil-baglanir","title":{"rendered":"Instagram ile Facebook Nas\u0131l Ba\u011flan\u0131r?"},"content":{"rendered":"\n<p>Instagram ve Facebook g\u00fcnl\u00fck hayat\u0131m\u0131zda s\u0131kl\u0131kla kulland\u0131\u011f\u0131m\u0131z sosyal medya platformlar\u0131ndan ikisi. Rutin ya\u015famda b\u00fcy\u00fck yer kaplayan bu uygulamalar, g\u00fcndemi takip etmek ad\u0131na \u00f6nem ta\u015f\u0131maktad\u0131r. Yaln\u0131zca g\u00fcndemi takip etmek de\u011fil, insanlar\u0131n ya\u015fam stillerini de kolayca sergileyebilece\u011fi bir alan da sa\u011flamaktad\u0131r. G\u00f6r\u00fcnen o ki, bu uygulamalar\u0131n pop\u00fclerli\u011fi y\u0131llar ge\u00e7tik\u00e7e artacak. Bu noktada uygulamay\u0131 kullanan kitleler her ge\u00e7en g\u00fcn farkl\u0131 \u00f6zellikleri deneyimlemeyi istemektedir. Hesaplar\u0131 ba\u011flama, bu \u00f6zelliklerinden biri. Bu i\u00e7eri\u011fimizde Instagram Facebook nas\u0131l ba\u011flan\u0131r? sorusuna yan\u0131t bulacaks\u0131n\u0131z.<\/p><div id=\"ez-toc-container\" class=\"ez-toc-v2_0_79_2 counter-hierarchy ez-toc-counter ez-toc-grey ez-toc-container-direction\">\n<div class=\"ez-toc-title-container\">\n<p class=\"ez-toc-title\" style=\"cursor:inherit\">\u0130\u00e7indekiler<\/p>\n<span class=\"ez-toc-title-toggle\"><a href=\"#\" class=\"ez-toc-pull-right ez-toc-btn ez-toc-btn-xs ez-toc-btn-default ez-toc-toggle\" aria-label=\"Toggle Table of Content\"><span class=\"ez-toc-js-icon-con\"><span class=\"\"><span class=\"eztoc-hide\" style=\"display:none;\">Toggle<\/span><span class=\"ez-toc-icon-toggle-span\"><svg style=\"fill: #999;color:#999\" xmlns=\"http:\/\/www.w3.org\/2000\/svg\" class=\"list-377408\" width=\"20px\" height=\"20px\" viewBox=\"0 0 24 24\" fill=\"none\"><path d=\"M6 6H4v2h2V6zm14 0H8v2h12V6zM4 11h2v2H4v-2zm16 0H8v2h12v-2zM4 16h2v2H4v-2zm16 0H8v2h12v-2z\" fill=\"currentColor\"><\/path><\/svg><svg style=\"fill: #999;color:#999\" class=\"arrow-unsorted-368013\" xmlns=\"http:\/\/www.w3.org\/2000\/svg\" width=\"10px\" height=\"10px\" viewBox=\"0 0 24 24\" version=\"1.2\" baseProfile=\"tiny\"><path d=\"M18.2 9.3l-6.2-6.3-6.2 6.3c-.2.2-.3.4-.3.7s.1.5.3.7c.2.2.4.3.7.3h11c.3 0 .5-.1.7-.3.2-.2.3-.5.3-.7s-.1-.5-.3-.7zM5.8 14.7l6.2 6.3 6.2-6.3c.2-.2.3-.5.3-.7s-.1-.5-.3-.7c-.2-.2-.4-.3-.7-.3h-11c-.3 0-.5.1-.7.3-.2.2-.3.5-.3.7s.1.5.3.7z\"\/><\/svg><\/span><\/span><\/span><\/a><\/span><\/div>\n<nav><ul class='ez-toc-list ez-toc-list-level-1 ' ><li class='ez-toc-page-1 ez-toc-heading-level-2'><a class=\"ez-toc-link ez-toc-heading-1\" href=\"https:\/\/www.fenomist.com\/blog\/instagram-ve-facebook-nasil-baglanir\/#Instagrami_Facebooka_Baglamanin_Avantajlari\" >Instagram\u2019\u0131 Facebook\u2019a Ba\u011flaman\u0131n Avantajlar\u0131<\/a><\/li><li class='ez-toc-page-1 ez-toc-heading-level-2'><a class=\"ez-toc-link ez-toc-heading-2\" href=\"https:\/\/www.fenomist.com\/blog\/instagram-ve-facebook-nasil-baglanir\/#Instagram_ve_Facebook_Hesabini_Baglama\" >Instagram ve&nbsp;Facebook Hesab\u0131n\u0131 Ba\u011flama<\/a><\/li><li class='ez-toc-page-1 ez-toc-heading-level-2'><a class=\"ez-toc-link ez-toc-heading-3\" href=\"https:\/\/www.fenomist.com\/blog\/instagram-ve-facebook-nasil-baglanir\/#Instagram_Facebook_Baglantisini_Kaldirma\" >Instagram Facebook Ba\u011flant\u0131s\u0131n\u0131 Kald\u0131rma<\/a><ul class='ez-toc-list-level-3' ><li class='ez-toc-heading-level-3'><a class=\"ez-toc-link ez-toc-heading-4\" href=\"https:\/\/www.fenomist.com\/blog\/instagram-ve-facebook-nasil-baglanir\/#Bu_makale_faydali_miydi\" >Bu makale faydal\u0131 m\u0131yd\u0131?<\/a><\/li><\/ul><\/li><li class='ez-toc-page-1 ez-toc-heading-level-2'><a class=\"ez-toc-link ez-toc-heading-5\" href=\"https:\/\/www.fenomist.com\/blog\/instagram-ve-facebook-nasil-baglanir\/#Hakkinda_Sikca_Sorulan_Sorular\" >Hakk\u0131nda S\u0131k\u00e7a Sorulan Sorular<\/a><\/li><\/ul><\/nav><\/div>\n\n\n\n\n<figure class=\"wp-block-embed is-type-video is-provider-youtube wp-block-embed-youtube wp-embed-aspect-16-9 wp-has-aspect-ratio\"><div class=\"wp-block-embed__wrapper\">\n<iframe title=\"Instagram Facebook Sayfas\u0131 Ba\u011flama \u00d6zelli\u011fi Nas\u0131l Kullan\u0131l\u0131r?\" width=\"640\" height=\"360\" src=\"https:\/\/www.youtube.com\/embed\/G3ytYS76deg?feature=oembed\" frameborder=\"0\" allow=\"accelerometer; autoplay; clipboard-write; encrypted-media; gyroscope; picture-in-picture; web-share\" referrerpolicy=\"strict-origin-when-cross-origin\" allowfullscreen><\/iframe><script type=\"application\/ld+json\">\n    {\n      \"@context\": \"https:\/\/schema.org\",\n      \"@type\": \"VideoObject\",\n      \"name\": \"Instagram Facebook Sayfas\u0131 Ba\u011flama \u00d6zelli\u011fi Nas\u0131l Kullan\u0131l\u0131r?\",\n      \"description\": \"Instagram ile Facebook Nas\u0131l Ba\u011flan\u0131r?\",\n      \"thumbnailUrl\": \"https:\/\/i.ytimg.com\/vi_webp\/G3ytYS76deg\/mqdefault.webp\",\n      \"embedUrl\": \"https:\/\/www.youtube.com\/embed\/G3ytYS76deg?feature=oembed\",\n      \"uploadDate\": \"May 13, 2025 3:01 pm\"\n    }\n    <\/script>\n<\/div><\/figure>\n\n\n\n<h2 class=\"wp-block-heading\"><span class=\"ez-toc-section\" id=\"Instagrami_Facebooka_Baglamanin_Avantajlari\"><\/span>Instagram\u2019\u0131 Facebook\u2019a Ba\u011flaman\u0131n Avantajlar\u0131<span class=\"ez-toc-section-end\"><\/span><\/h2>\n\n\n\n<p>\u0130stisnas\u0131z her sosyal medya kullan\u0131c\u0131s\u0131, payla\u015f\u0131m yapmadan \u00f6nce foto\u011fraf ya da videolar\u0131n\u0131 uzun uzad\u0131ya bir kontrol s\u00fcrecinden ge\u00e7irmektedir. Bu s\u00fcre\u00e7 nedeniyle payla\u015f\u0131mlar\u0131n son hallerine karar verme bir hayli zaman alabilmektedir. \u00c7\u00fcnk\u00fc hem takip\u00e7ilerinizi hem de arkada\u015flar\u0131n\u0131zla payla\u015ft\u0131\u011f\u0131n\u0131z bu i\u00e7erikler imaj\u0131n\u0131z i\u00e7in \u00f6nem te\u015fkil etmektedir. Peki bu kontrol s\u00fcrecini nas\u0131l azaltabilirsiniz?&nbsp;Hesaplar\u0131n\u0131z\u0131 birbirine ba\u011flayarak tabi ki de.<\/p>\n\n\n\n<p>Instagram Facebook ba\u011flant\u0131s\u0131n\u0131 kurdu\u011funuzda d\u00fczenledi\u011finiz ve payla\u015ft\u0131\u011f\u0131n\u0131z bir g\u00f6rseli tek bir tu\u015fla di\u011fer platformda da payla\u015fabilirsiniz. Hatta eski g\u00f6nderilerinizi bile an\u0131nda Facebook hesab\u0131n\u0131zdan da payla\u015fabilirsiniz. Bunun i\u00e7in g\u00f6nderinizin men\u00fc k\u0131sm\u0131na t\u0131klay\u0131p \u2018Payla\u015f\u2019 yaz\u0131s\u0131na basman\u0131z oradan da Facebook uygulamas\u0131n\u0131 se\u00e7meniz yeterli olacakt\u0131r.&nbsp;Bu sayede payla\u015f\u0131m\u0131n\u0131z\u0131n en g\u00fczel halini hi\u00e7 u\u011fra\u015fmadan di\u011fer platformdan an\u0131nda payla\u015fabilirsiniz.&nbsp;Ayn\u0131 zamanda bu ba\u011flant\u0131 takip\u00e7ilerinizi&nbsp;ve arkada\u015flar\u0131n\u0131z\u0131 daha kolay bulman\u0131z&nbsp;a\u00e7\u0131s\u0131ndan da rahatl\u0131k sa\u011flamaktad\u0131r. Facebook hesab\u0131n\u0131zda bulunan arkada\u015flar\u0131n\u0131z\u0131 otomatik olarak Instagram \u00fczerinden de takip edebilme imkan\u0131n\u0131z olacakt\u0131r. Bu sayede arkada\u015flar\u0131n\u0131z\u0131n hesaplar\u0131n\u0131 teker teker araman\u0131za gerek kalmayacakt\u0131r. Arkada\u015flar\u0131n\u0131z\u0131n Instagram\u2019da olup olmad\u0131\u011f\u0131n\u0131 an\u0131nda \u00f6\u011frenebilme kolayl\u0131\u011f\u0131 da sa\u011flayacakt\u0131r. Ayn\u0131 \u015fekilde arkada\u015flar\u0131n\u0131z da sizlerin hesaplar\u0131n\u0131 kolayl\u0131kla bulabilecektir.<\/p>\n\n\n<div class=\"bestSellListContainer bestByProduct price w-100\">\n    <div class=\"bestSellList best-card\">\n        <div class=\"bestSell-list bestsell nowrap slick-initialized slick-slider\" data-slide=\"12\">\n            <div class=\"slick-list swiper best-product-slider draggable\">\n                <div class=\"slick-track swiper-wrapper\">\n<div class=\"slide swiper-slide slick-slide\" data-slick-index=\"3\"\n     aria-hidden=\"true\"\n     tabindex=\"-1\">\n    <div class=\"card border-bestSell\">\n        <a href=\"https:\/\/www.fenomist.com\/instagram-turk-takipci?amount=2500&ps4\" class=\"stretched-link blog-product-slider\" target=\"_blank\"\n           tabindex=\"-1\"><\/a>\n        <div class=\"card-header btn-like-color btn-like-bg-color\">\n           <img decoding=\"async\" src=\"https:\/\/www.fenomist.com\/blog\/wp-content\/uploads\/instagram-takipci-slide.webp\" width=\"64\" height=\"64\">\n        <\/div>\n        <div class=\"card-body\">\n            <div class=\"best-name btn-like-color\">Instagram Takip\u00e7i<\/div>\n            <div class=\"best-amount\">2.500<\/div>\n            <hr class=\"border-like\">\n        <\/div>\n        <div class=\"card-footer\">\n            <div class='best-discount'>%36 Discounted<\/div>            <div>\n                <p class='pricesClass pricesOld'> 625\u20ba <\/p>                <p class=\"h4 text-black\">397.25\u20ba<\/p>\n            <\/div>\n            <input type=\"button\" value=\"Buy Now\" class=\"btn-primary btn\">\n        <\/div>\n    <\/div>\n<\/div>\n<div class=\"slide swiper-slide slick-slide\" data-slick-index=\"3\"\n     aria-hidden=\"true\"\n     tabindex=\"-1\">\n    <div class=\"card border-bestSell\">\n        <a href=\"https:\/\/www.fenomist.com\/instagram-begeni-satin-al?amount=250&ps4\" class=\"stretched-link blog-product-slider\" target=\"_blank\"\n           tabindex=\"-1\"><\/a>\n        <div class=\"card-header btn-like-color btn-like-bg-color\">\n           <img decoding=\"async\" src=\"https:\/\/www.fenomist.com\/blog\/wp-content\/uploads\/instagram-begeni-slide.webp\" width=\"64\" height=\"64\">\n        <\/div>\n        <div class=\"card-body\">\n            <div class=\"best-name btn-like-color\">Instagram Be\u011feni<\/div>\n            <div class=\"best-amount\">250<\/div>\n            <hr class=\"border-like\">\n        <\/div>\n        <div class=\"card-footer\">\n            <div class='best-discount'>%40 Discounted<\/div>            <div>\n                <p class='pricesClass pricesOld'> 34.38\u20ba <\/p>                <p class=\"h4 text-black\">20.75\u20ba<\/p>\n            <\/div>\n            <input type=\"button\" value=\"Buy Now\" class=\"btn-primary btn\">\n        <\/div>\n    <\/div>\n<\/div>\n<div class=\"slide swiper-slide slick-slide\" data-slick-index=\"3\"\n     aria-hidden=\"true\"\n     tabindex=\"-1\">\n    <div class=\"card border-bestSell\">\n        <a href=\"https:\/\/www.fenomist.com\/tiktok-takipci-satin-al?amount=2500&ps4\" class=\"stretched-link blog-product-slider\" target=\"_blank\"\n           tabindex=\"-1\"><\/a>\n        <div class=\"card-header btn-like-color btn-like-bg-color\">\n           <img decoding=\"async\" src=\"https:\/\/www.fenomist.com\/blog\/wp-content\/uploads\/tiktok-begeni-slide.webp\" width=\"64\" height=\"64\">\n        <\/div>\n        <div class=\"card-body\">\n            <div class=\"best-name btn-like-color\">TikTok Takip\u00e7i<\/div>\n            <div class=\"best-amount\">2.500<\/div>\n            <hr class=\"border-like\">\n        <\/div>\n        <div class=\"card-footer\">\n            <div class='best-discount'>%65 Discounted<\/div>            <div>\n                <p class='pricesClass pricesOld'> 750\u20ba <\/p>                <p class=\"h4 text-black\">262.5\u20ba<\/p>\n            <\/div>\n            <input type=\"button\" value=\"Buy Now\" class=\"btn-primary btn\">\n        <\/div>\n    <\/div>\n<\/div>\n<div class=\"slide swiper-slide slick-slide\" data-slick-index=\"3\"\n     aria-hidden=\"true\"\n     tabindex=\"-1\">\n    <div class=\"card border-bestSell\">\n        <a href=\"https:\/\/www.fenomist.com\/tiktok-begeni-satin-al?amount=100&ps4\" class=\"stretched-link blog-product-slider\" target=\"_blank\"\n           tabindex=\"-1\"><\/a>\n        <div class=\"card-header btn-like-color btn-like-bg-color\">\n           <img decoding=\"async\" src=\"https:\/\/www.fenomist.com\/blog\/wp-content\/uploads\/tiktok-begeni-slide.webp\" width=\"64\" height=\"64\">\n        <\/div>\n        <div class=\"card-body\">\n            <div class=\"best-name btn-like-color\">TikTok Be\u011feni<\/div>\n            <div class=\"best-amount\">100<\/div>\n            <hr class=\"border-like\">\n        <\/div>\n        <div class=\"card-footer\">\n            <div class='best-discount'>%20 Discounted<\/div>            <div>\n                <p class='pricesClass pricesOld'> 19.9\u20ba <\/p>                <p class=\"h4 text-black\">15.99\u20ba<\/p>\n            <\/div>\n            <input type=\"button\" value=\"Buy Now\" class=\"btn-primary btn\">\n        <\/div>\n    <\/div>\n<\/div>\n<div class=\"slide swiper-slide slick-slide\" data-slick-index=\"3\"\n     aria-hidden=\"true\"\n     tabindex=\"-1\">\n    <div class=\"card border-bestSell\">\n        <a href=\"https:\/\/www.fenomist.com\/instagram-yorum-satin-al?amount=10&ps4\" class=\"stretched-link blog-product-slider\" target=\"_blank\"\n           tabindex=\"-1\"><\/a>\n        <div class=\"card-header btn-like-color btn-like-bg-color\">\n           <img decoding=\"async\" src=\"https:\/\/www.fenomist.com\/blog\/wp-content\/uploads\/instagram-takipci-slide.webp\" width=\"64\" height=\"64\">\n        <\/div>\n        <div class=\"card-body\">\n            <div class=\"best-name btn-like-color\">Instagram Yorum<\/div>\n            <div class=\"best-amount\">10<\/div>\n            <hr class=\"border-like\">\n        <\/div>\n        <div class=\"card-footer\">\n            <div class='best-discount'>%4 Discounted<\/div>            <div>\n                <p class='pricesClass pricesOld'> 30.08\u20ba <\/p>                <p class=\"h4 text-black\">28.85\u20ba<\/p>\n            <\/div>\n            <input type=\"button\" value=\"Buy Now\" class=\"btn-primary btn\">\n        <\/div>\n    <\/div>\n<\/div>\n<\/div>\n<div class=\"custom-pagination swiper-pagination\"><\/div>\n<\/div>\n<\/div>\n<\/div>\n<\/div>\n\n\n\n\n<div class=\"wp-block-image\">\n<figure class=\"aligncenter size-full\"><img loading=\"lazy\" decoding=\"async\" width=\"800\" height=\"194\" src=\"https:\/\/www.fenomist.com\/blog\/wp-content\/uploads\/instagrami-facebooka-baglamak.jpg\" alt=\"facebook instagram ba\u011flant\u0131s\u0131\" class=\"wp-image-32762\" srcset=\"https:\/\/www.fenomist.com\/blog\/wp-content\/uploads\/instagrami-facebooka-baglamak.jpg 800w, https:\/\/www.fenomist.com\/blog\/wp-content\/uploads\/instagrami-facebooka-baglamak-768x186.jpg 768w\" sizes=\"(max-width: 800px) 100vw, 800px\" \/><\/figure><\/div>\n\n\n<h2 class=\"wp-block-heading\"><span class=\"ez-toc-section\" id=\"Instagram_ve_Facebook_Hesabini_Baglama\"><\/span>Instagram ve&nbsp;Facebook Hesab\u0131n\u0131 Ba\u011flama<span class=\"ez-toc-section-end\"><\/span><\/h2>\n\n\n\n<p>Hesaplar\u0131n\u0131z\u0131 ba\u011flamak i\u00e7in a\u015fa\u011f\u0131daki ad\u0131mlar\u0131 takip etmeniz gerekmektedir. Bu i\u015flem k\u0131sa s\u00fcrede ve gayet kolay bir \u015fekilde uygulanabilmektedir:<\/p>\n\n\n\n<ul class=\"wp-block-list\">\n<li>Instagram hesab\u0131na giri\u015f yap\u0131n\u0131z. Profile girmek i\u00e7in sa\u011f alt tarafta bulunan profil foto\u011fraf\u0131n\u0131n \u00fcst\u00fcne bas\u0131n\u0131z. Profili a\u00e7\u0131n\u0131z.<\/li>\n\n\n\n<li>Sa\u011f \u00fcst tarafta yer alan 3 yatay \u00e7izgi \u015fekline basarak \u2018Ayarlar\u2019a t\u0131klay\u0131n\u0131z.&nbsp;<\/li>\n\n\n\n<li>\u2018Hesap\u2019 kutucu\u011funa basarak \u2018Ba\u015fka uygulamalarda payla\u015f\u0131m\u2019a t\u0131klay\u0131n\u0131z.<\/li>\n\n\n\n<li>Bu k\u0131s\u0131mda ba\u011flant\u0131 kurulabilecek di\u011fer uygulamalar yer almaktad\u0131r. Facebook yaz\u0131s\u0131n\u0131n \u00fczerine basarak ba\u011flant\u0131 kurulmak istenen <a href=\"https:\/\/www.facebook.com\/\" target=\"_blank\" rel=\"noopener\">Facebook<\/a> hesab\u0131n\u0131n bilgilerini giriniz.&nbsp;E\u011fer kulland\u0131\u011f\u0131n\u0131z cihazda Facebook hesab\u0131n\u0131z zaten a\u00e7\u0131ksa bu i\u015fleme gerek kalmayacakt\u0131r. Direkt ekranda \u00e7\u0131kan Facebook hesab\u0131n\u0131z\u0131n \u00fczerine bas\u0131n\u0131z. Otomatik olarak giri\u015f yapm\u0131\u015f olacaks\u0131n\u0131z.<\/li>\n\n\n\n<li>Bu a\u015famalardan sonra i\u015flem onaylan\u0131r ve ba\u011flant\u0131 kurulmu\u015f olur.<\/li>\n<\/ul>\n\n\n\n<p>Bu yaz\u0131m\u0131z ilginizi \u00e7ekebilir: <a href=\"https:\/\/www.fenomist.com\/blog\/instagram-canli-yayin-izleme\" target=\"_blank\" rel=\"noopener\">Instagram Canl\u0131 Yay\u0131n \u0130zleme Nas\u0131l Yap\u0131l\u0131r?<\/a><\/p>\n\n\n<div class=\"wp-block-image\">\n<figure class=\"aligncenter size-full\"><img loading=\"lazy\" decoding=\"async\" width=\"1600\" height=\"1080\" src=\"https:\/\/www.fenomist.com\/blog\/wp-content\/uploads\/instagram-ve-facebook-baglama-klavuzu.jpg\" alt=\"instagram ve facebook ba\u011flama\" class=\"wp-image-32767\" srcset=\"https:\/\/www.fenomist.com\/blog\/wp-content\/uploads\/instagram-ve-facebook-baglama-klavuzu.jpg 1600w, https:\/\/www.fenomist.com\/blog\/wp-content\/uploads\/instagram-ve-facebook-baglama-klavuzu-768x518.jpg 768w, https:\/\/www.fenomist.com\/blog\/wp-content\/uploads\/instagram-ve-facebook-baglama-klavuzu-1536x1037.jpg 1536w\" sizes=\"(max-width: 1600px) 100vw, 1600px\" \/><\/figure><\/div>\n\n\n<h2 class=\"wp-block-heading\"><span class=\"ez-toc-section\" id=\"Instagram_Facebook_Baglantisini_Kaldirma\"><\/span>Instagram Facebook Ba\u011flant\u0131s\u0131n\u0131 Kald\u0131rma<span class=\"ez-toc-section-end\"><\/span><\/h2>\n\n\n<div class=\"wp-block-image\">\n<figure class=\"aligncenter size-full\"><img loading=\"lazy\" decoding=\"async\" width=\"799\" height=\"400\" src=\"https:\/\/www.fenomist.com\/blog\/wp-content\/uploads\/instagram-facebook-baglantisi-kaldirma.jpg\" alt=\"instagram facebook ba\u011flant\u0131s\u0131n\u0131 kald\u0131rma\" class=\"wp-image-32761\" srcset=\"https:\/\/www.fenomist.com\/blog\/wp-content\/uploads\/instagram-facebook-baglantisi-kaldirma.jpg 799w, https:\/\/www.fenomist.com\/blog\/wp-content\/uploads\/instagram-facebook-baglantisi-kaldirma-768x384.jpg 768w\" sizes=\"(max-width: 799px) 100vw, 799px\" \/><\/figure><\/div>\n\n\n<p>Yeni bir Instagram hesab\u0131 a\u00e7man\u0131z gerekti\u011finde ya da Facebook hesab\u0131n\u0131z\u0131 kapatmak istedi\u011finizde bu i\u015fleme ihtiya\u00e7 duyabilirsiniz. Bu i\u015flem i\u00e7in a\u015fa\u011f\u0131daki ad\u0131mlar\u0131n uygulanmas\u0131 gerekmektedir.<\/p>\n\n\n\n<ul class=\"wp-block-list\">\n<li>Instagram hesab\u0131na giri\u015f yap\u0131n\u0131z. Sa\u011f alttaki profil k\u0131sm\u0131na basarak profil hesab\u0131n\u0131 a\u00e7\u0131n\u0131z.<\/li>\n\n\n\n<li>Sa\u011f \u00fcstte bulunan men\u00fc kutucu\u011funa t\u0131klayarak \u2018Ayarlar\u2019a giri\u015f yap\u0131n\u0131z.<\/li>\n\n\n\n<li>Hesap yaz\u0131s\u0131na t\u0131klay\u0131n\u0131z.&nbsp;Ba\u011fl\u0131 hesaplara giri\u015f yap\u0131n\u0131z. Facebook k\u0131sm\u0131na bas\u0131n\u0131z.<\/li>\n\n\n\n<li>Hesab\u0131 kald\u0131r yaz\u0131s\u0131na bas\u0131larak \u00e7\u0131kan ekran\u0131 onaylay\u0131n\u0131z. Bu i\u015flemlerden sonra Instagram Facebook ba\u011flant\u0131s\u0131n\u0131 kald\u0131rm\u0131\u015f olursunuz.<\/li>\n<\/ul>\n\n\n\n<p><a href=\"https:\/\/www.fenomist.com\/blog\/instagram-limitleri-nelerdir\" target=\"_blank\" rel=\"noopener\">Instagram Limitleri Nelerdir?<\/a> adl\u0131 yaz\u0131m\u0131za g\u00f6z at\u0131n!<\/p>\n\n\n\n<figure class=\"wp-block-embed is-type-video is-provider-youtube wp-block-embed-youtube wp-embed-aspect-16-9 wp-has-aspect-ratio\"><div class=\"wp-block-embed__wrapper\">\n<iframe title=\"Instagram Facebook ile Giri\u015f Yapma ve Kaydolma\" width=\"640\" height=\"360\" src=\"https:\/\/www.youtube.com\/embed\/5UAsMzr16Hk?feature=oembed\" frameborder=\"0\" allow=\"accelerometer; autoplay; clipboard-write; encrypted-media; gyroscope; picture-in-picture; web-share\" referrerpolicy=\"strict-origin-when-cross-origin\" allowfullscreen><\/iframe><script type=\"application\/ld+json\">\n    {\n      \"@context\": \"https:\/\/schema.org\",\n      \"@type\": \"VideoObject\",\n      \"name\": \"Instagram Facebook ile Giri\u015f Yapma ve Kaydolma\",\n      \"description\": \"Instagram ile Facebook Nas\u0131l Ba\u011flan\u0131r?\",\n      \"thumbnailUrl\": \"https:\/\/i.ytimg.com\/vi_webp\/5UAsMzr16Hk\/mqdefault.webp\",\n      \"embedUrl\": \"https:\/\/www.youtube.com\/embed\/5UAsMzr16Hk?feature=oembed\",\n      \"uploadDate\": \"May 13, 2025 3:01 pm\"\n    }\n    <\/script>\n<\/div><\/figure>\n\n\n\n<div class=\"schema-faq wp-block-yoast-faq-block\">     <\/div>\n\r\n\t\t\t<div id=\"daexthefu-container\"\r\n\t\t\t\tclass=\"daexthefu-container daexthefu-layout-side-by-side daexthefu-alignment-left\"\r\n\t\t\t\tdata-post-id=\"32758\">\r\n\r\n\t\t\t\t<div class=\"daexthefu-feedback\">\r\n\t\t\t\t\t<div class=\"daexthefu-text\">\r\n\t\t\t\t\t\t<h3 class=\"daexthefu-title\"><span class=\"ez-toc-section\" id=\"Bu_makale_faydali_miydi\"><\/span>Bu makale faydal\u0131 m\u0131yd\u0131?<span class=\"ez-toc-section-end\"><\/span><\/h3>\r\n\t\t\t\t\t<\/div>\r\n\t\t\t\t\t<div class=\"daexthefu-buttons-container\">\r\n\t\t\t\t\t\t<div class=\"daexthefu-buttons\">\r\n\t\t\t\t\t\t\t\r\n\t\t\t<div class=\"daexthefu-yes daexthefu-button daexthefu-button-type-text\" data-value=\"1\">\r\n\t\t\t\t<div class=\"daexthefu-button-text\">Faydal\u0131<\/div>\r\n\t\t\t<\/div>\r\n\r\n\t\t\t\t\t\t\t\t\t\t\r\n\t\t\t<div class=\"daexthefu-no daexthefu-button daexthefu-button-type-text\" data-value=\"0\">\r\n\t\t\t\t<div class=\"daexthefu-button-text\">Geli\u015ftirilmeli<\/div>\r\n\t\t\t<\/div>\r\n\r\n\t\t\t\t\t\t\t\t\t<\/div>\r\n\t\t\t\t\t<\/div>\r\n\t\t\t\t<\/div>\r\n\r\n\t\t\t\t<div class=\"daexthefu-comment\">\r\n\t\t\t\t\t<div class=\"daexthefu-comment-top-container\">\r\n\t\t\t\t\t\t<label id=\"daexthefu-comment-label\" class=\"daexthefu-comment-label\"><\/label>\r\n\t\t\t\t\t\t\t\t\t\t\t\t\t<div class=\"daexthefu-comment-character-counter-container\">\r\n\t\t\t\t\t\t\t\t<div id=\"daexthefu-comment-character-counter-number\"\r\n\t\t\t\t\t\t\t\t\tclass=\"daexthefu-comment-character-counter-number\"><\/div>\r\n\t\t\t\t\t\t\t\t<div class=\"daexthefu-comment-character-counter-text\"><\/div>\r\n\t\t\t\t\t\t\t<\/div>\r\n\t\t\t\t\t\t\t\t\t\t\t<\/div>\r\n\t\t\t\t\t<textarea id=\"daexthefu-comment-textarea\" class=\"daexthefu-comment-textarea\"\r\n\t\t\t\t\t\t\t\tplaceholder=\"Mesaj\u0131n\u0131z\u0131 giriniz\"\r\n\t\t\t\t\t\t\t\tmaxlength=\"\r\n\t\t\t\t\t\t\t\t400\t\t\t\t\t\t\t\t\t\"><\/textarea>\r\n\t\t\t\t\t<div class=\"daexthefu-comment-buttons-container\">\r\n\t\t\t\t\t\t<button class=\"daexthefu-comment-submit daexthefu-button\">G\u00f6nder<\/button>\r\n\t\t\t\t\t\t<button class=\"daexthefu-comment-cancel daexthefu-button\">\u0130ptal<\/button>\r\n\t\t\t\t\t<\/div>\r\n\t\t\t\t<\/div>\r\n\r\n\t\t\t\t<div class=\"daexthefu-successful-submission-text\">Geri bildirim i\u00e7in te\u015fekk\u00fcr ederiz!<\/div>\r\n\r\n\t\t\t<\/div>\r\n\r\n\t\t\t\n    <div class=\"container\">\n        <div class=\"faq accordion faq-drop\" id=\"accordion\">\n            <h2 class=\"accordion-title\"><span class=\"ez-toc-section\" id=\"Hakkinda_Sikca_Sorulan_Sorular\"><\/span> Hakk\u0131nda S\u0131k\u00e7a Sorulan Sorular<span class=\"ez-toc-section-end\"><\/span><\/h2>\n            <div class=\"col-md-12 faq-card\">\n                    <div class=\"card faq\">\n                        <div class=\"card-header collapsed d-flex justify-content-between align-items-center\" id=\"heading0\"\n                             data-toggle=\"collapse\" data-target=\"#collapse_0\" aria-expanded=\"true\" role=\"button\"\n                             aria-controls=\"collapse_0\">\n                            <div class=\"btn btn-link text-dark font-weight-bold\">\n                               Instagram\u00a0Facebook ba\u011flant\u0131s\u0131 kurma i\u015flemini istedi\u011fimiz kadar tekrarlayabilir miyiz? Bu i\u015flemin bir s\u0131n\u0131r\u0131 var m\u0131d\u0131r?\n                            <\/div>\n                            <div class=\"btn-toogle\">\n                                <span><\/span>\n                                <span><\/span>\n                            <\/div>\n                        <\/div>\n                        <div id=\"collapse_0\" class=\"collapse\" aria-labelledby=\"heading0\" data-parent=\"#accordion\">\n                            <div class=\"card-body\">\n                                <p>Hay\u0131r, bulunmamaktad\u0131r. Gerek duydu\u011funuz her an yukar\u0131da anlat\u0131lan ba\u011flant\u0131 kald\u0131rma-kurma i\u015flemlerini tekrarlayabilirsiniz. \u00d6rne\u011fin; kulland\u0131\u011f\u0131n\u0131z Facebook hesab\u0131n\u0131 kapat\u0131p yeni bir hesap a\u00e7abilirsiniz. Bu durumda bu ba\u011flant\u0131y\u0131 da yeniden kurabilirsiniz. Bu i\u015flem i\u00e7in bir limit bulunmamaktad\u0131r.<\/p>\n                            <\/div>\n                        <\/div>\n                        <\/div>\n                        \n                    <div class=\"card faq\">\n                        <div class=\"card-header collapsed d-flex justify-content-between align-items-center\" id=\"heading1\"\n                             data-toggle=\"collapse\" data-target=\"#collapse_1\" aria-expanded=\"true\" role=\"button\"\n                             aria-controls=\"collapse_1\">\n                            <div class=\"btn btn-link text-dark font-weight-bold\">\n                               Instagram Facebook ba\u011flant\u0131m\u0131 kurdum. Instagram giri\u015f bilgilerimi hat\u0131rlayamad\u0131m. Instagram\u2019a Facebook arac\u0131l\u0131\u011f\u0131yla giri\u015f yapabilir miyim?\n                            <\/div>\n                            <div class=\"btn-toogle\">\n                                <span><\/span>\n                                <span><\/span>\n                            <\/div>\n                        <\/div>\n                        <div id=\"collapse_1\" class=\"collapse\" aria-labelledby=\"heading1\" data-parent=\"#accordion\">\n                            <div class=\"card-body\">\n                                <p>Evet. Bu ba\u011flant\u0131n\u0131n kurulmas\u0131n\u0131n en g\u00fczel avantajlar\u0131ndan biri de budur.<\/p>\n                            <\/div>\n                        <\/div>\n                        <\/div>\n                        \n                    <div class=\"card faq\">\n                        <div class=\"card-header collapsed d-flex justify-content-between align-items-center\" id=\"heading2\"\n                             data-toggle=\"collapse\" data-target=\"#collapse_2\" aria-expanded=\"true\" role=\"button\"\n                             aria-controls=\"collapse_2\">\n                            <div class=\"btn btn-link text-dark font-weight-bold\">\n                               Giri\u015f bilgilerimde yapt\u0131\u011f\u0131m de\u011fi\u015fiklik bu ba\u011flant\u0131y\u0131 etkiler mi?\n                            <\/div>\n                            <div class=\"btn-toogle\">\n                                <span><\/span>\n                                <span><\/span>\n                            <\/div>\n                        <\/div>\n                        <div id=\"collapse_2\" class=\"collapse\" aria-labelledby=\"heading2\" data-parent=\"#accordion\">\n                            <div class=\"card-body\">\n                                <p>Hay\u0131r. Ba\u011flant\u0131y\u0131 kapatmad\u0131\u011f\u0131n\u0131z s\u00fcrece bir de\u011fi\u015fiklik olmayacakt\u0131r.<\/p>\n                            <\/div>\n                        <\/div>\n                        <\/div>\n                        \n                    <div class=\"card faq\">\n                        <div class=\"card-header collapsed d-flex justify-content-between align-items-center\" id=\"heading3\"\n                             data-toggle=\"collapse\" data-target=\"#collapse_3\" aria-expanded=\"true\" role=\"button\"\n                             aria-controls=\"collapse_3\">\n                            <div class=\"btn btn-link text-dark font-weight-bold\">\n                               Instagram ve Facebook ba\u011flant\u0131s\u0131n\u0131 sonradan kald\u0131rabilir miyim?\n                            <\/div>\n                            <div class=\"btn-toogle\">\n                                <span><\/span>\n                                <span><\/span>\n                            <\/div>\n                        <\/div>\n                        <div id=\"collapse_3\" class=\"collapse\" aria-labelledby=\"heading3\" data-parent=\"#accordion\">\n                            <div class=\"card-body\">\n                                <p>Evet, olu\u015fturdu\u011funuz ba\u011flant\u0131y\u0131 kald\u0131rmak m\u00fcmk\u00fcnd\u00fcr yaz\u0131m\u0131zda sizler i\u00e7in resimli bir \u015fekilde belirttik.<\/p>\n                            <\/div>\n                        <\/div>\n                        <\/div>\n                        \n                    <div class=\"card faq\">\n                        <div class=\"card-header collapsed d-flex justify-content-between align-items-center\" id=\"heading4\"\n                             data-toggle=\"collapse\" data-target=\"#collapse_4\" aria-expanded=\"true\" role=\"button\"\n                             aria-controls=\"collapse_4\">\n                            <div class=\"btn btn-link text-dark font-weight-bold\">\n                               Instagram\u2019a ba\u011fl\u0131 bir Facebook sayfas\u0131 nas\u0131l de\u011fi\u015ftirilir?\n                            <\/div>\n                            <div class=\"btn-toogle\">\n                                <span><\/span>\n                                <span><\/span>\n                            <\/div>\n                        <\/div>\n                        <div id=\"collapse_4\" class=\"collapse\" aria-labelledby=\"heading4\" data-parent=\"#accordion\">\n                            <div class=\"card-body\">\n                                <p>\u0130lk olarak\u00a0oturum a\u00e7\u0131n ve sol taraftan Sayfalar\u2019\u0131 t\u0131klay\u0131n. Ard\u0131ndan Ayarlar\u2019a gidin ve sol s\u00fctunda\u00a0<strong>Instagram\u2019\u0131<\/strong>\u00a0t\u0131klay\u0131n son olarak a\u015fa\u011f\u0131ya kayd\u0131r\u0131n ve\u00a0<strong>Instagram<\/strong>\u00a0Ba\u011flant\u0131s\u0131n\u0131 Kes alt\u0131nda Ba\u011flant\u0131y\u0131 Kes\u2019i t\u0131klay\u0131n.<\/p>\n                            <\/div>\n                        <\/div>\n                        <\/div>\n                        <\/div><\/div><\/div>","protected":false},"excerpt":{"rendered":"<p>Instagram ve Facebook g\u00fcnl\u00fck hayat\u0131m\u0131zda s\u0131kl\u0131kla kulland\u0131\u011f\u0131m\u0131z sosyal medya platformlar\u0131ndan ikisi. Rutin ya\u015famda b\u00fcy\u00fck yer kaplayan bu uygulamalar, g\u00fcndemi takip etmek ad\u0131na \u00f6nem ta\u015f\u0131maktad\u0131r. Yaln\u0131zca g\u00fcndemi takip etmek de\u011fil, insanlar\u0131n ya\u015fam stillerini de kolayca sergileyebilece\u011fi bir alan da sa\u011flamaktad\u0131r. G\u00f6r\u00fcnen o ki, bu uygulamalar\u0131n pop\u00fclerli\u011fi y\u0131llar ge\u00e7tik\u00e7e artacak. Bu noktada [&hellip;]<\/p>\n","protected":false},"author":22,"featured_media":32759,"comment_status":"open","ping_status":"closed","sticky":false,"template":"","format":"standard","meta":{"_helpful_status":1,"footnotes":""},"categories":[1753],"tags":[],"class_list":["post-32758","post","type-post","status-publish","format-standard","has-post-thumbnail","hentry","category-instagram-destek","entry"],"yoast_head":"<!-- This site is optimized with the Yoast SEO plugin v26.5 - https:\/\/yoast.com\/wordpress\/plugins\/seo\/ -->\n<title>Instagram ile Facebook Hesaplar\u0131 Nas\u0131l Ba\u011flan\u0131r? (Video+G\u00f6rsel)<\/title>\n<meta name=\"description\" content=\"Instagram ile Facebook hesaplar\u0131 nas\u0131l ba\u011flan\u0131r? sorusunun cevab\u0131na yaz\u0131m\u0131zda videolu+g\u00f6rsel anlat\u0131m olarak aktard\u0131k. T\u0131kla ve \u00f6\u011fren!\" \/>\n<meta name=\"robots\" content=\"index, follow, max-snippet:-1, max-image-preview:large, max-video-preview:-1\" \/>\n<link rel=\"canonical\" href=\"https:\/\/www.fenomist.com\/blog\/instagram-ve-facebook-nasil-baglanir\" \/>\n<meta property=\"og:locale\" content=\"tr_TR\" \/>\n<meta property=\"og:type\" content=\"article\" \/>\n<meta property=\"og:title\" content=\"Instagram ile Facebook Hesaplar\u0131 Nas\u0131l Ba\u011flan\u0131r? (Video+G\u00f6rsel)\" \/>\n<meta property=\"og:description\" content=\"Instagram ile Facebook hesaplar\u0131 nas\u0131l ba\u011flan\u0131r? sorusunun cevab\u0131na yaz\u0131m\u0131zda videolu+g\u00f6rsel anlat\u0131m olarak aktard\u0131k. T\u0131kla ve \u00f6\u011fren!\" \/>\n<meta property=\"og:url\" content=\"https:\/\/www.fenomist.com\/blog\/instagram-ve-facebook-nasil-baglanir\" \/>\n<meta property=\"og:site_name\" content=\"Instagram Takip\u00e7i Blog - Son Dakika Haberler\" \/>\n<meta property=\"article:publisher\" content=\"https:\/\/www.facebook.com\/fenomist\" \/>\n<meta property=\"article:author\" content=\"https:\/\/www.facebook.com\/profile.php?id=100070042503515\" \/>\n<meta property=\"article:published_time\" content=\"2021-09-30T07:42:26+00:00\" \/>\n<meta property=\"article:modified_time\" content=\"2025-05-13T15:01:27+00:00\" \/>\n<meta property=\"og:image\" content=\"https:\/\/www.fenomist.com\/blog\/wp-content\/uploads\/instagram-facebook-nasil-baglanir.jpg\" \/>\n\t<meta property=\"og:image:width\" content=\"960\" \/>\n\t<meta property=\"og:image:height\" content=\"640\" \/>\n\t<meta property=\"og:image:type\" content=\"image\/jpeg\" \/>\n<meta name=\"author\" content=\"\u00c7a\u011fatay \u00d6zg\u00fcn\" \/>\n<meta name=\"twitter:card\" content=\"summary_large_image\" \/>\n<meta name=\"twitter:creator\" content=\"@aatayzgn2\" \/>\n<meta name=\"twitter:site\" content=\"@smipuclari\" \/>\n<meta name=\"twitter:label1\" content=\"Yazan:\" \/>\n\t<meta name=\"twitter:data1\" content=\"\u00c7a\u011fatay \u00d6zg\u00fcn\" \/>\n\t<meta name=\"twitter:label2\" content=\"Tahmini okuma s\u00fcresi\" \/>\n\t<meta name=\"twitter:data2\" content=\"5 dakika\" \/>\n<script type=\"application\/ld+json\" class=\"yoast-schema-graph\">{\"@context\":\"https:\/\/schema.org\",\"@graph\":[{\"@type\":\"Article\",\"@id\":\"https:\/\/www.fenomist.com\/blog\/instagram-ve-facebook-nasil-baglanir#article\",\"isPartOf\":{\"@id\":\"https:\/\/www.fenomist.com\/blog\/instagram-ve-facebook-nasil-baglanir\"},\"author\":{\"name\":\"\u00c7a\u011fatay \u00d6zg\u00fcn\",\"@id\":\"https:\/\/www.fenomist.com\/blog\/#\/schema\/person\/80a6cd57595d6fde093e41dfdaff599a\"},\"headline\":\"Instagram ile Facebook Nas\u0131l Ba\u011flan\u0131r?\",\"datePublished\":\"2021-09-30T07:42:26+00:00\",\"dateModified\":\"2025-05-13T15:01:27+00:00\",\"mainEntityOfPage\":{\"@id\":\"https:\/\/www.fenomist.com\/blog\/instagram-ve-facebook-nasil-baglanir\"},\"wordCount\":997,\"commentCount\":0,\"publisher\":{\"@id\":\"https:\/\/www.fenomist.com\/blog\/#organization\"},\"image\":{\"@id\":\"https:\/\/www.fenomist.com\/blog\/instagram-ve-facebook-nasil-baglanir#primaryimage\"},\"thumbnailUrl\":\"https:\/\/www.fenomist.com\/blog\/wp-content\/uploads\/instagram-facebook-nasil-baglanir.jpg\",\"articleSection\":[\"Instagram Destek\"],\"inLanguage\":\"tr\",\"potentialAction\":[{\"@type\":\"CommentAction\",\"name\":\"Comment\",\"target\":[\"https:\/\/www.fenomist.com\/blog\/instagram-ve-facebook-nasil-baglanir#respond\"]}]},{\"@type\":[\"WebPage\",\"FAQPage\"],\"@id\":\"https:\/\/www.fenomist.com\/blog\/instagram-ve-facebook-nasil-baglanir\",\"url\":\"https:\/\/www.fenomist.com\/blog\/instagram-ve-facebook-nasil-baglanir\",\"name\":\"Instagram ile Facebook Hesaplar\u0131 Nas\u0131l Ba\u011flan\u0131r? (Video+G\u00f6rsel)\",\"isPartOf\":{\"@id\":\"https:\/\/www.fenomist.com\/blog\/#website\"},\"primaryImageOfPage\":{\"@id\":\"https:\/\/www.fenomist.com\/blog\/instagram-ve-facebook-nasil-baglanir#primaryimage\"},\"image\":{\"@id\":\"https:\/\/www.fenomist.com\/blog\/instagram-ve-facebook-nasil-baglanir#primaryimage\"},\"thumbnailUrl\":\"https:\/\/www.fenomist.com\/blog\/wp-content\/uploads\/instagram-facebook-nasil-baglanir.jpg\",\"datePublished\":\"2021-09-30T07:42:26+00:00\",\"dateModified\":\"2025-05-13T15:01:27+00:00\",\"description\":\"Instagram ile Facebook hesaplar\u0131 nas\u0131l ba\u011flan\u0131r? sorusunun cevab\u0131na yaz\u0131m\u0131zda videolu+g\u00f6rsel anlat\u0131m olarak aktard\u0131k. T\u0131kla ve \u00f6\u011fren!\",\"breadcrumb\":{\"@id\":\"https:\/\/www.fenomist.com\/blog\/instagram-ve-facebook-nasil-baglanir#breadcrumb\"},\"mainEntity\":[{\"@id\":\"https:\/\/www.fenomist.com\/blog\/instagram-ve-facebook-nasil-baglanir#faq-question-1626444435204\"},{\"@id\":\"https:\/\/www.fenomist.com\/blog\/instagram-ve-facebook-nasil-baglanir#faq-question-1626444510192\"},{\"@id\":\"https:\/\/www.fenomist.com\/blog\/instagram-ve-facebook-nasil-baglanir#faq-question-1626444519948\"},{\"@id\":\"https:\/\/www.fenomist.com\/blog\/instagram-ve-facebook-nasil-baglanir#faq-question-1626445936951\"},{\"@id\":\"https:\/\/www.fenomist.com\/blog\/instagram-ve-facebook-nasil-baglanir#faq-question-1626446028668\"}],\"inLanguage\":\"tr\",\"potentialAction\":[{\"@type\":\"ReadAction\",\"target\":[\"https:\/\/www.fenomist.com\/blog\/instagram-ve-facebook-nasil-baglanir\"]}]},{\"@type\":\"ImageObject\",\"inLanguage\":\"tr\",\"@id\":\"https:\/\/www.fenomist.com\/blog\/instagram-ve-facebook-nasil-baglanir#primaryimage\",\"url\":\"https:\/\/www.fenomist.com\/blog\/wp-content\/uploads\/instagram-facebook-nasil-baglanir.jpg\",\"contentUrl\":\"https:\/\/www.fenomist.com\/blog\/wp-content\/uploads\/instagram-facebook-nasil-baglanir.jpg\",\"width\":960,\"height\":640,\"caption\":\"instagram ile facebook ba\u011flama\"},{\"@type\":\"BreadcrumbList\",\"@id\":\"https:\/\/www.fenomist.com\/blog\/instagram-ve-facebook-nasil-baglanir#breadcrumb\",\"itemListElement\":[{\"@type\":\"ListItem\",\"position\":1,\"name\":\"Ana sayfa\",\"item\":\"https:\/\/www.fenomist.com\/blog\"},{\"@type\":\"ListItem\",\"position\":2,\"name\":\"Instagram Destek\",\"item\":\"https:\/\/www.fenomist.com\/blog\/instagram-destek\"},{\"@type\":\"ListItem\",\"position\":3,\"name\":\"Instagram ile Facebook Nas\u0131l Ba\u011flan\u0131r?\"}]},{\"@type\":\"WebSite\",\"@id\":\"https:\/\/www.fenomist.com\/blog\/#website\",\"url\":\"https:\/\/www.fenomist.com\/blog\/\",\"name\":\"Sosyal Medya Haberleri - Son Dakika\",\"description\":\"Sosyal Medya Haberleri - Son Dakika\",\"publisher\":{\"@id\":\"https:\/\/www.fenomist.com\/blog\/#organization\"},\"alternateName\":\"fenomist.com\",\"potentialAction\":[{\"@type\":\"SearchAction\",\"target\":{\"@type\":\"EntryPoint\",\"urlTemplate\":\"https:\/\/www.fenomist.com\/blog\/?s={search_term_string}\"},\"query-input\":{\"@type\":\"PropertyValueSpecification\",\"valueRequired\":true,\"valueName\":\"search_term_string\"}}],\"inLanguage\":\"tr\"},{\"@type\":\"Organization\",\"@id\":\"https:\/\/www.fenomist.com\/blog\/#organization\",\"name\":\"Fenomist\",\"alternateName\":\"fenomist.com\",\"url\":\"https:\/\/www.fenomist.com\/blog\/\",\"logo\":{\"@type\":\"ImageObject\",\"inLanguage\":\"tr\",\"@id\":\"https:\/\/www.fenomist.com\/blog\/#\/schema\/logo\/image\/\",\"url\":\"https:\/\/www.fenomist.com\/blog\/wp-content\/uploads\/instagram-takipci-satin-al-blog.svg\",\"contentUrl\":\"https:\/\/www.fenomist.com\/blog\/wp-content\/uploads\/instagram-takipci-satin-al-blog.svg\",\"caption\":\"Fenomist\"},\"image\":{\"@id\":\"https:\/\/www.fenomist.com\/blog\/#\/schema\/logo\/image\/\"},\"sameAs\":[\"https:\/\/www.facebook.com\/fenomist\",\"https:\/\/x.com\/smipuclari\",\"https:\/\/www.instagram.com\/sosyal_fabrika\/\",\"https:\/\/tr.linkedin.com\/in\/instatakipcicom\",\"https:\/\/myspace.com\/instatakipci22\",\"https:\/\/fi.pinterest.com\/instatakipcisosyal\/\",\"https:\/\/www.youtube.com\/instatakipcicom\"]},{\"@type\":\"Person\",\"@id\":\"https:\/\/www.fenomist.com\/blog\/#\/schema\/person\/80a6cd57595d6fde093e41dfdaff599a\",\"name\":\"\u00c7a\u011fatay \u00d6zg\u00fcn\",\"image\":{\"@type\":\"ImageObject\",\"inLanguage\":\"tr\",\"@id\":\"https:\/\/www.fenomist.com\/blog\/#\/schema\/person\/image\/\",\"url\":\"https:\/\/www.fenomist.com\/blog\/wp-content\/uploads\/cagatay-ozgun-96x96.webp\",\"contentUrl\":\"https:\/\/www.fenomist.com\/blog\/wp-content\/uploads\/cagatay-ozgun-96x96.webp\",\"caption\":\"\u00c7a\u011fatay \u00d6zg\u00fcn\"},\"description\":\"Ben \u00c7a\u011fatay \u00d6zg\u00fcn, 2015 y\u0131l\u0131nda Bah\u00e7e\u015fehir \u00dcniversitesi Halkla \u0130li\u015fkiler ve Tan\u0131t\u0131m b\u00f6l\u00fcm\u00fcn\u00fc tamamlad\u0131ktan sonra Edit\u00f6rl\u00fck alan\u0131na y\u00f6neldim. Bu alanda yakla\u015f\u0131k 2 bu\u00e7uk y\u0131ld\u0131r Instatakipci.com b\u00fcnyesinde \u00e7al\u0131\u015f\u0131yorum. Sosyal medya ve pazarlama uzmanl\u0131k alan\u0131m. Dijital ortamda bir\u00e7ok konuda kaliteli ve profesyonel i\u00e7erikler haz\u0131rl\u0131yorum.\",\"sameAs\":[\"https:\/\/www.fenomist.com\/blog\/author\/cagatayozgun\",\"https:\/\/www.facebook.com\/profile.php?id=100070042503515\",\"https:\/\/www.linkedin.com\/in\/cagatay-ozgun\/\",\"https:\/\/x.com\/aatayzgn2\"],\"url\":\"https:\/\/www.fenomist.com\/blog\/author\/cagatayozgun\"},{\"@type\":\"Question\",\"@id\":\"https:\/\/www.fenomist.com\/blog\/instagram-ve-facebook-nasil-baglanir#faq-question-1626444435204\",\"position\":1,\"url\":\"https:\/\/www.fenomist.com\/blog\/instagram-ve-facebook-nasil-baglanir#faq-question-1626444435204\",\"name\":\"Instagram\u00a0Facebook ba\u011flant\u0131s\u0131 kurma i\u015flemini istedi\u011fimiz kadar tekrarlayabilir miyiz? Bu i\u015flemin bir s\u0131n\u0131r\u0131 var m\u0131d\u0131r?\",\"answerCount\":1,\"acceptedAnswer\":{\"@type\":\"Answer\",\"text\":\"Hay\u0131r, bulunmamaktad\u0131r. Gerek duydu\u011funuz her an yukar\u0131da anlat\u0131lan ba\u011flant\u0131 kald\u0131rma-kurma i\u015flemlerini tekrarlayabilirsiniz. \u00d6rne\u011fin; kulland\u0131\u011f\u0131n\u0131z Facebook hesab\u0131n\u0131 kapat\u0131p yeni bir hesap a\u00e7abilirsiniz. Bu durumda bu ba\u011flant\u0131y\u0131 da yeniden kurabilirsiniz. Bu i\u015flem i\u00e7in bir limit bulunmamaktad\u0131r.\",\"inLanguage\":\"tr\"},\"inLanguage\":\"tr\"},{\"@type\":\"Question\",\"@id\":\"https:\/\/www.fenomist.com\/blog\/instagram-ve-facebook-nasil-baglanir#faq-question-1626444510192\",\"position\":2,\"url\":\"https:\/\/www.fenomist.com\/blog\/instagram-ve-facebook-nasil-baglanir#faq-question-1626444510192\",\"name\":\"Instagram Facebook ba\u011flant\u0131m\u0131 kurdum. Instagram giri\u015f bilgilerimi hat\u0131rlayamad\u0131m. Instagram\u2019a Facebook arac\u0131l\u0131\u011f\u0131yla giri\u015f yapabilir miyim?\",\"answerCount\":1,\"acceptedAnswer\":{\"@type\":\"Answer\",\"text\":\"Evet. Bu ba\u011flant\u0131n\u0131n kurulmas\u0131n\u0131n en g\u00fczel avantajlar\u0131ndan biri de budur.\",\"inLanguage\":\"tr\"},\"inLanguage\":\"tr\"},{\"@type\":\"Question\",\"@id\":\"https:\/\/www.fenomist.com\/blog\/instagram-ve-facebook-nasil-baglanir#faq-question-1626444519948\",\"position\":3,\"url\":\"https:\/\/www.fenomist.com\/blog\/instagram-ve-facebook-nasil-baglanir#faq-question-1626444519948\",\"name\":\"Giri\u015f bilgilerimde yapt\u0131\u011f\u0131m de\u011fi\u015fiklik bu ba\u011flant\u0131y\u0131 etkiler mi?\",\"answerCount\":1,\"acceptedAnswer\":{\"@type\":\"Answer\",\"text\":\"Hay\u0131r. Ba\u011flant\u0131y\u0131 kapatmad\u0131\u011f\u0131n\u0131z s\u00fcrece bir de\u011fi\u015fiklik olmayacakt\u0131r.\",\"inLanguage\":\"tr\"},\"inLanguage\":\"tr\"},{\"@type\":\"Question\",\"@id\":\"https:\/\/www.fenomist.com\/blog\/instagram-ve-facebook-nasil-baglanir#faq-question-1626445936951\",\"position\":4,\"url\":\"https:\/\/www.fenomist.com\/blog\/instagram-ve-facebook-nasil-baglanir#faq-question-1626445936951\",\"name\":\"Instagram ve Facebook ba\u011flant\u0131s\u0131n\u0131 sonradan kald\u0131rabilir miyim?\",\"answerCount\":1,\"acceptedAnswer\":{\"@type\":\"Answer\",\"text\":\"Evet, olu\u015fturdu\u011funuz ba\u011flant\u0131y\u0131 kald\u0131rmak m\u00fcmk\u00fcnd\u00fcr yaz\u0131m\u0131zda sizler i\u00e7in resimli bir \u015fekilde belirttik.\",\"inLanguage\":\"tr\"},\"inLanguage\":\"tr\"},{\"@type\":\"Question\",\"@id\":\"https:\/\/www.fenomist.com\/blog\/instagram-ve-facebook-nasil-baglanir#faq-question-1626446028668\",\"position\":5,\"url\":\"https:\/\/www.fenomist.com\/blog\/instagram-ve-facebook-nasil-baglanir#faq-question-1626446028668\",\"name\":\"Instagram\u2019a ba\u011fl\u0131 bir Facebook sayfas\u0131 nas\u0131l de\u011fi\u015ftirilir?\",\"answerCount\":1,\"acceptedAnswer\":{\"@type\":\"Answer\",\"text\":\"\u0130lk olarak\u00a0oturum a\u00e7\u0131n ve sol taraftan Sayfalar\u2019\u0131 t\u0131klay\u0131n. Ard\u0131ndan Ayarlar\u2019a gidin ve sol s\u00fctunda\u00a0<strong>Instagram\u2019\u0131<\/strong>\u00a0t\u0131klay\u0131n son olarak a\u015fa\u011f\u0131ya kayd\u0131r\u0131n ve\u00a0<strong>Instagram<\/strong>\u00a0Ba\u011flant\u0131s\u0131n\u0131 Kes alt\u0131nda Ba\u011flant\u0131y\u0131 Kes\u2019i t\u0131klay\u0131n.\",\"inLanguage\":\"tr\"},\"inLanguage\":\"tr\"}]}<\/script>\n<!-- \/ Yoast SEO plugin. -->","yoast_head_json":{"title":"Instagram ile Facebook Hesaplar\u0131 Nas\u0131l Ba\u011flan\u0131r? (Video+G\u00f6rsel)","description":"Instagram ile Facebook hesaplar\u0131 nas\u0131l ba\u011flan\u0131r? sorusunun cevab\u0131na yaz\u0131m\u0131zda videolu+g\u00f6rsel anlat\u0131m olarak aktard\u0131k. T\u0131kla ve \u00f6\u011fren!","robots":{"index":"index","follow":"follow","max-snippet":"max-snippet:-1","max-image-preview":"max-image-preview:large","max-video-preview":"max-video-preview:-1"},"canonical":"https:\/\/www.fenomist.com\/blog\/instagram-ve-facebook-nasil-baglanir","og_locale":"tr_TR","og_type":"article","og_title":"Instagram ile Facebook Hesaplar\u0131 Nas\u0131l Ba\u011flan\u0131r? (Video+G\u00f6rsel)","og_description":"Instagram ile Facebook hesaplar\u0131 nas\u0131l ba\u011flan\u0131r? sorusunun cevab\u0131na yaz\u0131m\u0131zda videolu+g\u00f6rsel anlat\u0131m olarak aktard\u0131k. T\u0131kla ve \u00f6\u011fren!","og_url":"https:\/\/www.fenomist.com\/blog\/instagram-ve-facebook-nasil-baglanir","og_site_name":"Instagram Takip\u00e7i Blog - Son Dakika Haberler","article_publisher":"https:\/\/www.facebook.com\/fenomist","article_author":"https:\/\/www.facebook.com\/profile.php?id=100070042503515","article_published_time":"2021-09-30T07:42:26+00:00","article_modified_time":"2025-05-13T15:01:27+00:00","og_image":[{"width":960,"height":640,"url":"https:\/\/www.fenomist.com\/blog\/wp-content\/uploads\/instagram-facebook-nasil-baglanir.jpg","type":"image\/jpeg"}],"author":"\u00c7a\u011fatay \u00d6zg\u00fcn","twitter_card":"summary_large_image","twitter_creator":"@aatayzgn2","twitter_site":"@smipuclari","twitter_misc":{"Yazan:":"\u00c7a\u011fatay \u00d6zg\u00fcn","Tahmini okuma s\u00fcresi":"5 dakika"},"schema":{"@context":"https:\/\/schema.org","@graph":[{"@type":"Article","@id":"https:\/\/www.fenomist.com\/blog\/instagram-ve-facebook-nasil-baglanir#article","isPartOf":{"@id":"https:\/\/www.fenomist.com\/blog\/instagram-ve-facebook-nasil-baglanir"},"author":{"name":"\u00c7a\u011fatay \u00d6zg\u00fcn","@id":"https:\/\/www.fenomist.com\/blog\/#\/schema\/person\/80a6cd57595d6fde093e41dfdaff599a"},"headline":"Instagram ile Facebook Nas\u0131l Ba\u011flan\u0131r?","datePublished":"2021-09-30T07:42:26+00:00","dateModified":"2025-05-13T15:01:27+00:00","mainEntityOfPage":{"@id":"https:\/\/www.fenomist.com\/blog\/instagram-ve-facebook-nasil-baglanir"},"wordCount":997,"commentCount":0,"publisher":{"@id":"https:\/\/www.fenomist.com\/blog\/#organization"},"image":{"@id":"https:\/\/www.fenomist.com\/blog\/instagram-ve-facebook-nasil-baglanir#primaryimage"},"thumbnailUrl":"https:\/\/www.fenomist.com\/blog\/wp-content\/uploads\/instagram-facebook-nasil-baglanir.jpg","articleSection":["Instagram Destek"],"inLanguage":"tr","potentialAction":[{"@type":"CommentAction","name":"Comment","target":["https:\/\/www.fenomist.com\/blog\/instagram-ve-facebook-nasil-baglanir#respond"]}]},{"@type":["WebPage","FAQPage"],"@id":"https:\/\/www.fenomist.com\/blog\/instagram-ve-facebook-nasil-baglanir","url":"https:\/\/www.fenomist.com\/blog\/instagram-ve-facebook-nasil-baglanir","name":"Instagram ile Facebook Hesaplar\u0131 Nas\u0131l Ba\u011flan\u0131r? (Video+G\u00f6rsel)","isPartOf":{"@id":"https:\/\/www.fenomist.com\/blog\/#website"},"primaryImageOfPage":{"@id":"https:\/\/www.fenomist.com\/blog\/instagram-ve-facebook-nasil-baglanir#primaryimage"},"image":{"@id":"https:\/\/www.fenomist.com\/blog\/instagram-ve-facebook-nasil-baglanir#primaryimage"},"thumbnailUrl":"https:\/\/www.fenomist.com\/blog\/wp-content\/uploads\/instagram-facebook-nasil-baglanir.jpg","datePublished":"2021-09-30T07:42:26+00:00","dateModified":"2025-05-13T15:01:27+00:00","description":"Instagram ile Facebook hesaplar\u0131 nas\u0131l ba\u011flan\u0131r? sorusunun cevab\u0131na yaz\u0131m\u0131zda videolu+g\u00f6rsel anlat\u0131m olarak aktard\u0131k. T\u0131kla ve \u00f6\u011fren!","breadcrumb":{"@id":"https:\/\/www.fenomist.com\/blog\/instagram-ve-facebook-nasil-baglanir#breadcrumb"},"mainEntity":[{"@id":"https:\/\/www.fenomist.com\/blog\/instagram-ve-facebook-nasil-baglanir#faq-question-1626444435204"},{"@id":"https:\/\/www.fenomist.com\/blog\/instagram-ve-facebook-nasil-baglanir#faq-question-1626444510192"},{"@id":"https:\/\/www.fenomist.com\/blog\/instagram-ve-facebook-nasil-baglanir#faq-question-1626444519948"},{"@id":"https:\/\/www.fenomist.com\/blog\/instagram-ve-facebook-nasil-baglanir#faq-question-1626445936951"},{"@id":"https:\/\/www.fenomist.com\/blog\/instagram-ve-facebook-nasil-baglanir#faq-question-1626446028668"}],"inLanguage":"tr","potentialAction":[{"@type":"ReadAction","target":["https:\/\/www.fenomist.com\/blog\/instagram-ve-facebook-nasil-baglanir"]}]},{"@type":"ImageObject","inLanguage":"tr","@id":"https:\/\/www.fenomist.com\/blog\/instagram-ve-facebook-nasil-baglanir#primaryimage","url":"https:\/\/www.fenomist.com\/blog\/wp-content\/uploads\/instagram-facebook-nasil-baglanir.jpg","contentUrl":"https:\/\/www.fenomist.com\/blog\/wp-content\/uploads\/instagram-facebook-nasil-baglanir.jpg","width":960,"height":640,"caption":"instagram ile facebook ba\u011flama"},{"@type":"BreadcrumbList","@id":"https:\/\/www.fenomist.com\/blog\/instagram-ve-facebook-nasil-baglanir#breadcrumb","itemListElement":[{"@type":"ListItem","position":1,"name":"Ana sayfa","item":"https:\/\/www.fenomist.com\/blog"},{"@type":"ListItem","position":2,"name":"Instagram Destek","item":"https:\/\/www.fenomist.com\/blog\/instagram-destek"},{"@type":"ListItem","position":3,"name":"Instagram ile Facebook Nas\u0131l Ba\u011flan\u0131r?"}]},{"@type":"WebSite","@id":"https:\/\/www.fenomist.com\/blog\/#website","url":"https:\/\/www.fenomist.com\/blog\/","name":"Sosyal Medya Haberleri - Son Dakika","description":"Sosyal Medya Haberleri - Son Dakika","publisher":{"@id":"https:\/\/www.fenomist.com\/blog\/#organization"},"alternateName":"fenomist.com","potentialAction":[{"@type":"SearchAction","target":{"@type":"EntryPoint","urlTemplate":"https:\/\/www.fenomist.com\/blog\/?s={search_term_string}"},"query-input":{"@type":"PropertyValueSpecification","valueRequired":true,"valueName":"search_term_string"}}],"inLanguage":"tr"},{"@type":"Organization","@id":"https:\/\/www.fenomist.com\/blog\/#organization","name":"Fenomist","alternateName":"fenomist.com","url":"https:\/\/www.fenomist.com\/blog\/","logo":{"@type":"ImageObject","inLanguage":"tr","@id":"https:\/\/www.fenomist.com\/blog\/#\/schema\/logo\/image\/","url":"https:\/\/www.fenomist.com\/blog\/wp-content\/uploads\/instagram-takipci-satin-al-blog.svg","contentUrl":"https:\/\/www.fenomist.com\/blog\/wp-content\/uploads\/instagram-takipci-satin-al-blog.svg","caption":"Fenomist"},"image":{"@id":"https:\/\/www.fenomist.com\/blog\/#\/schema\/logo\/image\/"},"sameAs":["https:\/\/www.facebook.com\/fenomist","https:\/\/x.com\/smipuclari","https:\/\/www.instagram.com\/sosyal_fabrika\/","https:\/\/tr.linkedin.com\/in\/instatakipcicom","https:\/\/myspace.com\/instatakipci22","https:\/\/fi.pinterest.com\/instatakipcisosyal\/","https:\/\/www.youtube.com\/instatakipcicom"]},{"@type":"Person","@id":"https:\/\/www.fenomist.com\/blog\/#\/schema\/person\/80a6cd57595d6fde093e41dfdaff599a","name":"\u00c7a\u011fatay \u00d6zg\u00fcn","image":{"@type":"ImageObject","inLanguage":"tr","@id":"https:\/\/www.fenomist.com\/blog\/#\/schema\/person\/image\/","url":"https:\/\/www.fenomist.com\/blog\/wp-content\/uploads\/cagatay-ozgun-96x96.webp","contentUrl":"https:\/\/www.fenomist.com\/blog\/wp-content\/uploads\/cagatay-ozgun-96x96.webp","caption":"\u00c7a\u011fatay \u00d6zg\u00fcn"},"description":"Ben \u00c7a\u011fatay \u00d6zg\u00fcn, 2015 y\u0131l\u0131nda Bah\u00e7e\u015fehir \u00dcniversitesi Halkla \u0130li\u015fkiler ve Tan\u0131t\u0131m b\u00f6l\u00fcm\u00fcn\u00fc tamamlad\u0131ktan sonra Edit\u00f6rl\u00fck alan\u0131na y\u00f6neldim. Bu alanda yakla\u015f\u0131k 2 bu\u00e7uk y\u0131ld\u0131r Instatakipci.com b\u00fcnyesinde \u00e7al\u0131\u015f\u0131yorum. Sosyal medya ve pazarlama uzmanl\u0131k alan\u0131m. Dijital ortamda bir\u00e7ok konuda kaliteli ve profesyonel i\u00e7erikler haz\u0131rl\u0131yorum.","sameAs":["https:\/\/www.fenomist.com\/blog\/author\/cagatayozgun","https:\/\/www.facebook.com\/profile.php?id=100070042503515","https:\/\/www.linkedin.com\/in\/cagatay-ozgun\/","https:\/\/x.com\/aatayzgn2"],"url":"https:\/\/www.fenomist.com\/blog\/author\/cagatayozgun"},{"@type":"Question","@id":"https:\/\/www.fenomist.com\/blog\/instagram-ve-facebook-nasil-baglanir#faq-question-1626444435204","position":1,"url":"https:\/\/www.fenomist.com\/blog\/instagram-ve-facebook-nasil-baglanir#faq-question-1626444435204","name":"Instagram\u00a0Facebook ba\u011flant\u0131s\u0131 kurma i\u015flemini istedi\u011fimiz kadar tekrarlayabilir miyiz? Bu i\u015flemin bir s\u0131n\u0131r\u0131 var m\u0131d\u0131r?","answerCount":1,"acceptedAnswer":{"@type":"Answer","text":"Hay\u0131r, bulunmamaktad\u0131r. Gerek duydu\u011funuz her an yukar\u0131da anlat\u0131lan ba\u011flant\u0131 kald\u0131rma-kurma i\u015flemlerini tekrarlayabilirsiniz. \u00d6rne\u011fin; kulland\u0131\u011f\u0131n\u0131z Facebook hesab\u0131n\u0131 kapat\u0131p yeni bir hesap a\u00e7abilirsiniz. Bu durumda bu ba\u011flant\u0131y\u0131 da yeniden kurabilirsiniz. Bu i\u015flem i\u00e7in bir limit bulunmamaktad\u0131r.","inLanguage":"tr"},"inLanguage":"tr"},{"@type":"Question","@id":"https:\/\/www.fenomist.com\/blog\/instagram-ve-facebook-nasil-baglanir#faq-question-1626444510192","position":2,"url":"https:\/\/www.fenomist.com\/blog\/instagram-ve-facebook-nasil-baglanir#faq-question-1626444510192","name":"Instagram Facebook ba\u011flant\u0131m\u0131 kurdum. Instagram giri\u015f bilgilerimi hat\u0131rlayamad\u0131m. Instagram\u2019a Facebook arac\u0131l\u0131\u011f\u0131yla giri\u015f yapabilir miyim?","answerCount":1,"acceptedAnswer":{"@type":"Answer","text":"Evet. Bu ba\u011flant\u0131n\u0131n kurulmas\u0131n\u0131n en g\u00fczel avantajlar\u0131ndan biri de budur.","inLanguage":"tr"},"inLanguage":"tr"},{"@type":"Question","@id":"https:\/\/www.fenomist.com\/blog\/instagram-ve-facebook-nasil-baglanir#faq-question-1626444519948","position":3,"url":"https:\/\/www.fenomist.com\/blog\/instagram-ve-facebook-nasil-baglanir#faq-question-1626444519948","name":"Giri\u015f bilgilerimde yapt\u0131\u011f\u0131m de\u011fi\u015fiklik bu ba\u011flant\u0131y\u0131 etkiler mi?","answerCount":1,"acceptedAnswer":{"@type":"Answer","text":"Hay\u0131r. Ba\u011flant\u0131y\u0131 kapatmad\u0131\u011f\u0131n\u0131z s\u00fcrece bir de\u011fi\u015fiklik olmayacakt\u0131r.","inLanguage":"tr"},"inLanguage":"tr"},{"@type":"Question","@id":"https:\/\/www.fenomist.com\/blog\/instagram-ve-facebook-nasil-baglanir#faq-question-1626445936951","position":4,"url":"https:\/\/www.fenomist.com\/blog\/instagram-ve-facebook-nasil-baglanir#faq-question-1626445936951","name":"Instagram ve Facebook ba\u011flant\u0131s\u0131n\u0131 sonradan kald\u0131rabilir miyim?","answerCount":1,"acceptedAnswer":{"@type":"Answer","text":"Evet, olu\u015fturdu\u011funuz ba\u011flant\u0131y\u0131 kald\u0131rmak m\u00fcmk\u00fcnd\u00fcr yaz\u0131m\u0131zda sizler i\u00e7in resimli bir \u015fekilde belirttik.","inLanguage":"tr"},"inLanguage":"tr"},{"@type":"Question","@id":"https:\/\/www.fenomist.com\/blog\/instagram-ve-facebook-nasil-baglanir#faq-question-1626446028668","position":5,"url":"https:\/\/www.fenomist.com\/blog\/instagram-ve-facebook-nasil-baglanir#faq-question-1626446028668","name":"Instagram\u2019a ba\u011fl\u0131 bir Facebook sayfas\u0131 nas\u0131l de\u011fi\u015ftirilir?","answerCount":1,"acceptedAnswer":{"@type":"Answer","text":"\u0130lk olarak\u00a0oturum a\u00e7\u0131n ve sol taraftan Sayfalar\u2019\u0131 t\u0131klay\u0131n. Ard\u0131ndan Ayarlar\u2019a gidin ve sol s\u00fctunda\u00a0<strong>Instagram\u2019\u0131<\/strong>\u00a0t\u0131klay\u0131n son olarak a\u015fa\u011f\u0131ya kayd\u0131r\u0131n ve\u00a0<strong>Instagram<\/strong>\u00a0Ba\u011flant\u0131s\u0131n\u0131 Kes alt\u0131nda Ba\u011flant\u0131y\u0131 Kes\u2019i t\u0131klay\u0131n.","inLanguage":"tr"},"inLanguage":"tr"}]}},"_links":{"self":[{"href":"https:\/\/www.fenomist.com\/blog\/wp-json\/wp\/v2\/posts\/32758","targetHints":{"allow":["GET"]}}],"collection":[{"href":"https:\/\/www.fenomist.com\/blog\/wp-json\/wp\/v2\/posts"}],"about":[{"href":"https:\/\/www.fenomist.com\/blog\/wp-json\/wp\/v2\/types\/post"}],"author":[{"embeddable":true,"href":"https:\/\/www.fenomist.com\/blog\/wp-json\/wp\/v2\/users\/22"}],"replies":[{"embeddable":true,"href":"https:\/\/www.fenomist.com\/blog\/wp-json\/wp\/v2\/comments?post=32758"}],"version-history":[{"count":6,"href":"https:\/\/www.fenomist.com\/blog\/wp-json\/wp\/v2\/posts\/32758\/revisions"}],"predecessor-version":[{"id":46786,"href":"https:\/\/www.fenomist.com\/blog\/wp-json\/wp\/v2\/posts\/32758\/revisions\/46786"}],"wp:featuredmedia":[{"embeddable":true,"href":"https:\/\/www.fenomist.com\/blog\/wp-json\/wp\/v2\/media\/32759"}],"wp:attachment":[{"href":"https:\/\/www.fenomist.com\/blog\/wp-json\/wp\/v2\/media?parent=32758"}],"wp:term":[{"taxonomy":"category","embeddable":true,"href":"https:\/\/www.fenomist.com\/blog\/wp-json\/wp\/v2\/categories?post=32758"},{"taxonomy":"post_tag","embeddable":true,"href":"https:\/\/www.fenomist.com\/blog\/wp-json\/wp\/v2\/tags?post=32758"}],"curies":[{"name":"wp","href":"https:\/\/api.w.org\/{rel}","templated":true}]}}