{"id":40009,"date":"2022-12-27T17:50:56","date_gmt":"2022-12-27T14:50:56","guid":{"rendered":"https:\/\/www.instatakipci.com\/blog\/?p=40009"},"modified":"2025-05-13T18:09:14","modified_gmt":"2025-05-13T15:09:14","slug":"instagram-post-boyutu-nasil-ayarlanir","status":"publish","type":"post","link":"https:\/\/www.fenomist.com\/blog\/instagram-post-boyutu-nasil-ayarlanir","title":{"rendered":"Instagram Post Boyutu Nas\u0131l Ayarlan\u0131r?\u00a0\u00a0"},"content":{"rendered":"\n<p>D\u00fcnyan\u0131n en pop\u00fcler sosyal payla\u015f\u0131m a\u011f\u0131 olan Instagram, art\u0131k kazan\u00e7 kap\u0131s\u0131 da oldu\u011fu i\u00e7in g\u00f6nderilerine ekstra \u00f6zen g\u00f6steriliyor. \u00c7e\u015fitli g\u00f6nderi se\u00e7enekleri sunan platform, genellikle foto\u011fraf ve videolar\u0131n boyutlar\u0131na dikkat ediyor. Biz de i\u00e7eri\u011fimizde <strong>Instagram post boyutu <\/strong>hakk\u0131nda \u00f6\u011frenmeye de\u011fer bilgiler sunduk.&nbsp;<\/p><div id=\"ez-toc-container\" class=\"ez-toc-v2_0_79_2 counter-hierarchy ez-toc-counter ez-toc-grey ez-toc-container-direction\">\n<div class=\"ez-toc-title-container\">\n<p class=\"ez-toc-title\" style=\"cursor:inherit\">\u0130\u00e7indekiler<\/p>\n<span class=\"ez-toc-title-toggle\"><a href=\"#\" class=\"ez-toc-pull-right ez-toc-btn ez-toc-btn-xs ez-toc-btn-default ez-toc-toggle\" aria-label=\"Toggle Table of Content\"><span class=\"ez-toc-js-icon-con\"><span class=\"\"><span class=\"eztoc-hide\" style=\"display:none;\">Toggle<\/span><span class=\"ez-toc-icon-toggle-span\"><svg style=\"fill: #999;color:#999\" xmlns=\"http:\/\/www.w3.org\/2000\/svg\" class=\"list-377408\" width=\"20px\" height=\"20px\" viewBox=\"0 0 24 24\" fill=\"none\"><path d=\"M6 6H4v2h2V6zm14 0H8v2h12V6zM4 11h2v2H4v-2zm16 0H8v2h12v-2zM4 16h2v2H4v-2zm16 0H8v2h12v-2z\" fill=\"currentColor\"><\/path><\/svg><svg style=\"fill: #999;color:#999\" class=\"arrow-unsorted-368013\" xmlns=\"http:\/\/www.w3.org\/2000\/svg\" width=\"10px\" height=\"10px\" viewBox=\"0 0 24 24\" version=\"1.2\" baseProfile=\"tiny\"><path d=\"M18.2 9.3l-6.2-6.3-6.2 6.3c-.2.2-.3.4-.3.7s.1.5.3.7c.2.2.4.3.7.3h11c.3 0 .5-.1.7-.3.2-.2.3-.5.3-.7s-.1-.5-.3-.7zM5.8 14.7l6.2 6.3 6.2-6.3c.2-.2.3-.5.3-.7s-.1-.5-.3-.7c-.2-.2-.4-.3-.7-.3h-11c-.3 0-.5.1-.7.3-.2.2-.3.5-.3.7s.1.5.3.7z\"\/><\/svg><\/span><\/span><\/span><\/a><\/span><\/div>\n<nav><ul class='ez-toc-list ez-toc-list-level-1 ' ><li class='ez-toc-page-1 ez-toc-heading-level-2'><a class=\"ez-toc-link ez-toc-heading-1\" href=\"https:\/\/www.fenomist.com\/blog\/instagram-post-boyutu-nasil-ayarlanir\/#Instagram_Post_Boyutu_Nedir\" >Instagram Post Boyutu Nedir?<\/a><\/li><li class='ez-toc-page-1 ez-toc-heading-level-2'><a class=\"ez-toc-link ez-toc-heading-2\" href=\"https:\/\/www.fenomist.com\/blog\/instagram-post-boyutu-nasil-ayarlanir\/#Instagram_Post_Boyutu_Nasil_Olmalidir\" >Instagram Post Boyutu Nas\u0131l Olmal\u0131d\u0131r?<\/a><ul class='ez-toc-list-level-3' ><li class='ez-toc-heading-level-3'><a class=\"ez-toc-link ez-toc-heading-3\" href=\"https:\/\/www.fenomist.com\/blog\/instagram-post-boyutu-nasil-ayarlanir\/#Hikaye\" >Hikaye<\/a><\/li><li class='ez-toc-page-1 ez-toc-heading-level-3'><a class=\"ez-toc-link ez-toc-heading-4\" href=\"https:\/\/www.fenomist.com\/blog\/instagram-post-boyutu-nasil-ayarlanir\/#Gonderi\" >G\u00f6nderi<\/a><\/li><li class='ez-toc-page-1 ez-toc-heading-level-3'><a class=\"ez-toc-link ez-toc-heading-5\" href=\"https:\/\/www.fenomist.com\/blog\/instagram-post-boyutu-nasil-ayarlanir\/#Reels\" >Reels<\/a><\/li><\/ul><\/li><li class='ez-toc-page-1 ez-toc-heading-level-2'><a class=\"ez-toc-link ez-toc-heading-6\" href=\"https:\/\/www.fenomist.com\/blog\/instagram-post-boyutu-nasil-ayarlanir\/#Instagram_Post_Boyutu_Hazirlama_Nasil_Yapilir\" >Instagram Post Boyutu Haz\u0131rlama Nas\u0131l Yap\u0131l\u0131r?<\/a><ul class='ez-toc-list-level-3' ><li class='ez-toc-heading-level-3'><a class=\"ez-toc-link ez-toc-heading-7\" href=\"https:\/\/www.fenomist.com\/blog\/instagram-post-boyutu-nasil-ayarlanir\/#Instasize\" >Instasize<\/a><\/li><li class='ez-toc-page-1 ez-toc-heading-level-3'><a class=\"ez-toc-link ez-toc-heading-8\" href=\"https:\/\/www.fenomist.com\/blog\/instagram-post-boyutu-nasil-ayarlanir\/#Insta_Square_Marker\" >Insta Square Marker<\/a><\/li><li class='ez-toc-page-1 ez-toc-heading-level-3'><a class=\"ez-toc-link ez-toc-heading-9\" href=\"https:\/\/www.fenomist.com\/blog\/instagram-post-boyutu-nasil-ayarlanir\/#NoCrop_Full_Size\" >NoCrop Full Size<\/a><\/li><\/ul><\/li><li class='ez-toc-page-1 ez-toc-heading-level-2'><a class=\"ez-toc-link ez-toc-heading-10\" href=\"https:\/\/www.fenomist.com\/blog\/instagram-post-boyutu-nasil-ayarlanir\/#Instagram_Post_Boyutunun_Onemi_Nedir\" >Instagram Post Boyutunun \u00d6nemi Nedir?<\/a><\/li><li class='ez-toc-page-1 ez-toc-heading-level-2'><a class=\"ez-toc-link ez-toc-heading-11\" href=\"https:\/\/www.fenomist.com\/blog\/instagram-post-boyutu-nasil-ayarlanir\/#Instagram_Post_Ayarlama_Ne_Zaman_Kullanilir\" >Instagram Post Ayarlama Ne Zaman Kullan\u0131l\u0131r?<\/a><\/li><li class='ez-toc-page-1 ez-toc-heading-level-2'><a class=\"ez-toc-link ez-toc-heading-12\" href=\"https:\/\/www.fenomist.com\/blog\/instagram-post-boyutu-nasil-ayarlanir\/#Instagram_Profil_Fotografi_Olculeri_Nedir\" >Instagram Profil Foto\u011fraf\u0131 \u00d6l\u00e7\u00fcleri Nedir?<\/a><ul class='ez-toc-list-level-3' ><li class='ez-toc-heading-level-3'><a class=\"ez-toc-link ez-toc-heading-13\" href=\"https:\/\/www.fenomist.com\/blog\/instagram-post-boyutu-nasil-ayarlanir\/#Bu_makale_faydali_miydi\" >Bu makale faydal\u0131 m\u0131yd\u0131?<\/a><\/li><\/ul><\/li><li class='ez-toc-page-1 ez-toc-heading-level-2'><a class=\"ez-toc-link ez-toc-heading-14\" href=\"https:\/\/www.fenomist.com\/blog\/instagram-post-boyutu-nasil-ayarlanir\/#Hakkinda_Sikca_Sorulan_Sorular\" >Hakk\u0131nda S\u0131k\u00e7a Sorulan Sorular<\/a><\/li><\/ul><\/nav><\/div>\n\n\n\n\n<figure class=\"wp-block-embed aligncenter is-type-video is-provider-youtube wp-block-embed-youtube wp-embed-aspect-16-9 wp-has-aspect-ratio\"><div class=\"wp-block-embed__wrapper\">\n<iframe title=\"\u0130nstagram \u00c7oklu Payla\u015f\u0131mda Orijinal Boyutta Resim Nas\u0131l Payla\u015f\u0131l\u0131r?\" width=\"640\" height=\"360\" src=\"https:\/\/www.youtube.com\/embed\/50-1N2zqiHs?feature=oembed\" frameborder=\"0\" allow=\"accelerometer; autoplay; clipboard-write; encrypted-media; gyroscope; picture-in-picture; web-share\" referrerpolicy=\"strict-origin-when-cross-origin\" allowfullscreen><\/iframe><script type=\"application\/ld+json\">\n    {\n      \"@context\": \"https:\/\/schema.org\",\n      \"@type\": \"VideoObject\",\n      \"name\": \"\u0130nstagram \u00c7oklu Payla\u015f\u0131mda Orijinal Boyutta Resim Nas\u0131l Payla\u015f\u0131l\u0131r?\",\n      \"description\": \"Instagram Post Boyutu Nas\u0131l Ayarlan\u0131r?\u00a0\u00a0\",\n      \"thumbnailUrl\": \"https:\/\/i.ytimg.com\/vi_webp\/50-1N2zqiHs\/mqdefault.webp\",\n      \"embedUrl\": \"https:\/\/www.youtube.com\/embed\/50-1N2zqiHs?feature=oembed\",\n      \"uploadDate\": \"May 13, 2025 3:09 pm\"\n    }\n    <\/script>\n<\/div><\/figure>\n\n\n\n<p>Instagram; canl\u0131 yay\u0131nlar, Reels videolar, post ad\u0131 verilen g\u00f6nderiler, hikayeler gibi pek \u00e7ok farkl\u0131 formatta i\u00e7erik y\u00fcklemenize izin verir. Bu i\u00e7erikleri payla\u015fmak i\u00e7in de Instagram\u2019\u0131n boyutlar\u0131na g\u00f6re hareket edilmesi gereklidir. Payla\u015ft\u0131\u011f\u0131n\u0131z g\u00f6nderi Instagram&#8217;da belirlenen boyutta de\u011filse g\u00f6nderiyi payla\u015famayabilirsiniz. Kullan\u0131c\u0131lar bu gibi durumlarla kar\u015f\u0131la\u015fmamak i\u00e7in <strong>Instagram post boyutu<\/strong> hakk\u0131nda detayl\u0131 bilgiye sahip olmal\u0131d\u0131r.<\/p>\n\n\n<div class=\"bestSellListContainer bestByProduct price w-100\">\n    <div class=\"bestSellList best-card\">\n        <div class=\"bestSell-list bestsell nowrap slick-initialized slick-slider\" data-slide=\"12\">\n            <div class=\"slick-list swiper best-product-slider draggable\">\n                <div class=\"slick-track swiper-wrapper\">\n<div class=\"slide swiper-slide slick-slide\" data-slick-index=\"3\"\n     aria-hidden=\"true\"\n     tabindex=\"-1\">\n    <div class=\"card border-bestSell\">\n        <a href=\"https:\/\/www.fenomist.com\/instagram-turk-takipci?amount=2500&ps4\" class=\"stretched-link blog-product-slider\" target=\"_blank\"\n           tabindex=\"-1\"><\/a>\n        <div class=\"card-header btn-like-color btn-like-bg-color\">\n           <img decoding=\"async\" src=\"https:\/\/www.fenomist.com\/blog\/wp-content\/uploads\/instagram-takipci-slide.webp\" width=\"64\" height=\"64\">\n        <\/div>\n        <div class=\"card-body\">\n            <div class=\"best-name btn-like-color\">Instagram Takip\u00e7i<\/div>\n            <div class=\"best-amount\">2.500<\/div>\n            <hr class=\"border-like\">\n        <\/div>\n        <div class=\"card-footer\">\n            <div class='best-discount'>%36 Discounted<\/div>            <div>\n                <p class='pricesClass pricesOld'> 625\u20ba <\/p>                <p class=\"h4 text-black\">397.25\u20ba<\/p>\n            <\/div>\n            <input type=\"button\" value=\"Buy Now\" class=\"btn-primary btn\">\n        <\/div>\n    <\/div>\n<\/div>\n<div class=\"slide swiper-slide slick-slide\" data-slick-index=\"3\"\n     aria-hidden=\"true\"\n     tabindex=\"-1\">\n    <div class=\"card border-bestSell\">\n        <a href=\"https:\/\/www.fenomist.com\/instagram-begeni-satin-al?amount=250&ps4\" class=\"stretched-link blog-product-slider\" target=\"_blank\"\n           tabindex=\"-1\"><\/a>\n        <div class=\"card-header btn-like-color btn-like-bg-color\">\n           <img decoding=\"async\" src=\"https:\/\/www.fenomist.com\/blog\/wp-content\/uploads\/instagram-begeni-slide.webp\" width=\"64\" height=\"64\">\n        <\/div>\n        <div class=\"card-body\">\n            <div class=\"best-name btn-like-color\">Instagram Be\u011feni<\/div>\n            <div class=\"best-amount\">250<\/div>\n            <hr class=\"border-like\">\n        <\/div>\n        <div class=\"card-footer\">\n            <div class='best-discount'>%40 Discounted<\/div>            <div>\n                <p class='pricesClass pricesOld'> 34.38\u20ba <\/p>                <p class=\"h4 text-black\">20.75\u20ba<\/p>\n            <\/div>\n            <input type=\"button\" value=\"Buy Now\" class=\"btn-primary btn\">\n        <\/div>\n    <\/div>\n<\/div>\n<div class=\"slide swiper-slide slick-slide\" data-slick-index=\"3\"\n     aria-hidden=\"true\"\n     tabindex=\"-1\">\n    <div class=\"card border-bestSell\">\n        <a href=\"https:\/\/www.fenomist.com\/tiktok-takipci-satin-al?amount=2500&ps4\" class=\"stretched-link blog-product-slider\" target=\"_blank\"\n           tabindex=\"-1\"><\/a>\n        <div class=\"card-header btn-like-color btn-like-bg-color\">\n           <img decoding=\"async\" src=\"https:\/\/www.fenomist.com\/blog\/wp-content\/uploads\/tiktok-begeni-slide.webp\" width=\"64\" height=\"64\">\n        <\/div>\n        <div class=\"card-body\">\n            <div class=\"best-name btn-like-color\">TikTok Takip\u00e7i<\/div>\n            <div class=\"best-amount\">2.500<\/div>\n            <hr class=\"border-like\">\n        <\/div>\n        <div class=\"card-footer\">\n            <div class='best-discount'>%65 Discounted<\/div>            <div>\n                <p class='pricesClass pricesOld'> 750\u20ba <\/p>                <p class=\"h4 text-black\">262.5\u20ba<\/p>\n            <\/div>\n            <input type=\"button\" value=\"Buy Now\" class=\"btn-primary btn\">\n        <\/div>\n    <\/div>\n<\/div>\n<div class=\"slide swiper-slide slick-slide\" data-slick-index=\"3\"\n     aria-hidden=\"true\"\n     tabindex=\"-1\">\n    <div class=\"card border-bestSell\">\n        <a href=\"https:\/\/www.fenomist.com\/tiktok-begeni-satin-al?amount=100&ps4\" class=\"stretched-link blog-product-slider\" target=\"_blank\"\n           tabindex=\"-1\"><\/a>\n        <div class=\"card-header btn-like-color btn-like-bg-color\">\n           <img decoding=\"async\" src=\"https:\/\/www.fenomist.com\/blog\/wp-content\/uploads\/tiktok-begeni-slide.webp\" width=\"64\" height=\"64\">\n        <\/div>\n        <div class=\"card-body\">\n            <div class=\"best-name btn-like-color\">TikTok Be\u011feni<\/div>\n            <div class=\"best-amount\">100<\/div>\n            <hr class=\"border-like\">\n        <\/div>\n        <div class=\"card-footer\">\n            <div class='best-discount'>%20 Discounted<\/div>            <div>\n                <p class='pricesClass pricesOld'> 19.9\u20ba <\/p>                <p class=\"h4 text-black\">15.99\u20ba<\/p>\n            <\/div>\n            <input type=\"button\" value=\"Buy Now\" class=\"btn-primary btn\">\n        <\/div>\n    <\/div>\n<\/div>\n<div class=\"slide swiper-slide slick-slide\" data-slick-index=\"3\"\n     aria-hidden=\"true\"\n     tabindex=\"-1\">\n    <div class=\"card border-bestSell\">\n        <a href=\"https:\/\/www.fenomist.com\/instagram-yorum-satin-al?amount=10&ps4\" class=\"stretched-link blog-product-slider\" target=\"_blank\"\n           tabindex=\"-1\"><\/a>\n        <div class=\"card-header btn-like-color btn-like-bg-color\">\n           <img decoding=\"async\" src=\"https:\/\/www.fenomist.com\/blog\/wp-content\/uploads\/instagram-takipci-slide.webp\" width=\"64\" height=\"64\">\n        <\/div>\n        <div class=\"card-body\">\n            <div class=\"best-name btn-like-color\">Instagram Yorum<\/div>\n            <div class=\"best-amount\">10<\/div>\n            <hr class=\"border-like\">\n        <\/div>\n        <div class=\"card-footer\">\n            <div class='best-discount'>%4 Discounted<\/div>            <div>\n                <p class='pricesClass pricesOld'> 30.08\u20ba <\/p>                <p class=\"h4 text-black\">28.85\u20ba<\/p>\n            <\/div>\n            <input type=\"button\" value=\"Buy Now\" class=\"btn-primary btn\">\n        <\/div>\n    <\/div>\n<\/div>\n<\/div>\n<div class=\"custom-pagination swiper-pagination\"><\/div>\n<\/div>\n<\/div>\n<\/div>\n<\/div>\n\n\n\n\n\n<h2 class=\"wp-block-heading\"><span class=\"ez-toc-section\" id=\"Instagram_Post_Boyutu_Nedir\"><\/span>Instagram Post Boyutu Nedir?<span class=\"ez-toc-section-end\"><\/span><\/h2>\n\n\n\n<p><strong>Instagram post boyutu<\/strong> ad\u0131 verilen kavram, g\u00f6rselin en ve boy oran\u0131n\u0131 tan\u0131mlar. En boy oranlar\u0131 1:1, 4:5 ve 9:16 \u015feklinde yaz\u0131l\u0131r ve birinci say\u0131, geni\u015flik ve ikincisi y\u00fcksekli\u011fi ifade eder. Foto\u011fraflar, Instagram taraf\u0131ndan belirlenen en boy oran\u0131na g\u00f6re Instagram&#8217;a y\u00fcklenmelidir. Aksi halde y\u00fcklenen foto\u011fraflar\u0131n \u00e7o\u011fu g\u00f6r\u00fcnt\u00fclenmeyebilir, \u00e7\u00f6z\u00fcn\u00fcrl\u00fckleri bozulabilir veya kalitesiz g\u00f6r\u00fcnebilir, bu da kullan\u0131c\u0131lar\u0131 rahats\u0131z edecektir.&nbsp;<\/p>\n\n\n<div class=\"wp-block-image\">\n<figure class=\"aligncenter size-full\"><img loading=\"lazy\" decoding=\"async\" width=\"960\" height=\"480\" src=\"https:\/\/www.fenomist.com\/blog\/wp-content\/uploads\/instagram-post-boyutu.jpg\" alt=\"instagram post boyutu\" class=\"wp-image-40013\" srcset=\"https:\/\/www.fenomist.com\/blog\/wp-content\/uploads\/instagram-post-boyutu.jpg 960w, https:\/\/www.fenomist.com\/blog\/wp-content\/uploads\/instagram-post-boyutu-768x384.jpg 768w\" sizes=\"(max-width: 960px) 100vw, 960px\" \/><\/figure><\/div>\n\n\n<h2 class=\"wp-block-heading\"><span class=\"ez-toc-section\" id=\"Instagram_Post_Boyutu_Nasil_Olmalidir\"><\/span>Instagram Post Boyutu Nas\u0131l Olmal\u0131d\u0131r?<span class=\"ez-toc-section-end\"><\/span><\/h2>\n\n\n\n<p><strong><a href=\"https:\/\/www.fenomist.com\/blog\/instagram-post-nedir\" target=\"_blank\" rel=\"noopener\">Instagram post<\/a> boyutu<\/strong> i\u00e7in izin verdi\u011fi boyut 1:1 yani 1080&#215;1080 \u00e7\u00f6z\u00fcn\u00fcrl\u00fckt\u00fcr. Bu standart, kare foto\u011fraf payla\u015fmak isteyen kullan\u0131c\u0131lar i\u00e7in idealdir. Dikey foto\u011fraf payla\u015fmak isteyen kullan\u0131c\u0131lar i\u00e7in 1080&#215;1250 ve yatay foto\u011fraf payla\u015fmak isteyen kullan\u0131c\u0131lar i\u00e7in 1080&#215;556 i\u00e7in ge\u00e7erlidir. Yani koyaca\u011f\u0131n\u0131z foto\u011fraflar\u0131 bu boyutlara uygun ayarlamak size avantaj sa\u011flayacakt\u0131r. Foto\u011fraf payla\u015f\u0131rken bu kurallara uymal\u0131s\u0131n\u0131z. Aksi takdirde payla\u015ft\u0131\u011f\u0131n\u0131z g\u00f6nderilerin g\u00f6r\u00fcnt\u00fcs\u00fc sizleri tatmin edecek seviyede olmayacakt\u0131r.&nbsp;<\/p>\n\n\n\n<p>Elbette post haricindeki Instagram payla\u015f\u0131m se\u00e7eneklerinin boyutlar\u0131n\u0131 da bilmek \u00f6nemlidir. Instagram\u2019daki di\u011fer payla\u015f\u0131m \u015fekilleri \u015fu \u015fekildedir:<\/p>\n\n\n\n<ul class=\"wp-block-list\">\n<li>Hikaye<\/li>\n\n\n\n<li>G\u00f6nderi<\/li>\n\n\n\n<li>Reels<\/li>\n<\/ul>\n\n\n\n<p>Yukar\u0131da yer alan Instagram payla\u015f\u0131m se\u00e7eneklerini Instagram\u2019da s\u0131kl\u0131kla kullanabilirsiniz. Ancak bu payla\u015f\u0131mlar\u0131 yaparken g\u00f6rsel boyutlar\u0131na dikkat etmeniz gerekir. G\u00f6nderi postlar\u0131n\u0131n g\u00f6rsel boyutlar\u0131n\u0131 hikayelerde kullanmaya \u00e7al\u0131\u015f\u0131rsan\u0131z <a href=\"https:\/\/www.fenomist.com\/blog\/instagram-fotograf-kalitesi-dusuyor-sorunu\" target=\"_blank\" rel=\"noopener\">foto\u011fraf kalitesi<\/a> d\u00fc\u015fer. Instagram hesab\u0131n\u0131zda da b\u00f6yle bir durumun ya\u015fanmas\u0131n\u0131 istemezsiniz.<\/p>\n\n\n<div class=\"wp-block-image\">\n<figure class=\"aligncenter size-full\"><img loading=\"lazy\" decoding=\"async\" width=\"960\" height=\"480\" src=\"https:\/\/www.fenomist.com\/blog\/wp-content\/uploads\/instagram-story-boyutu.jpg\" alt=\"instagram story boyutu\" class=\"wp-image-40015\" srcset=\"https:\/\/www.fenomist.com\/blog\/wp-content\/uploads\/instagram-story-boyutu.jpg 960w, https:\/\/www.fenomist.com\/blog\/wp-content\/uploads\/instagram-story-boyutu-768x384.jpg 768w\" sizes=\"(max-width: 960px) 100vw, 960px\" \/><\/figure><\/div>\n\n\n<h3 class=\"wp-block-heading\"><span class=\"ez-toc-section\" id=\"Hikaye\"><\/span>Hikaye<span class=\"ez-toc-section-end\"><\/span><\/h3>\n\n\n\n<p>Hikayeler genellikle an\u0131nda payla\u015f\u0131labilir ve yay\u0131nlanan hikayeler 24 saat sonra silinir. G\u00f6nderiler kadar kal\u0131c\u0131 de\u011fil ama elbette boyutu da g\u00f6nderiler kadar \u00f6nemlidir. Instagram hikayeleri yakla\u015f\u0131k 9:16 boyutundad\u0131r. Bu da 1080&#215;1920 piksel \u00e7\u00f6z\u00fcn\u00fcrl\u00fc\u011fe denk gelir. Elbette bu boyuttan daha b\u00fcy\u00fck veya daha k\u00fc\u00e7\u00fck foto\u011fraflar g\u00f6nderebilirsiniz, ancak bu \u00f6nerilmez. Aksi takdirde hikayelerinizin g\u00f6r\u00fcnt\u00fc kalitesi d\u00fc\u015fecektir.<\/p>\n\n\n\n<h3 class=\"wp-block-heading\"><span class=\"ez-toc-section\" id=\"Gonderi\"><\/span>G\u00f6nderi<span class=\"ez-toc-section-end\"><\/span><\/h3>\n\n\n\n<p><strong>Instagram post boyutu<\/strong> i\u00e7in g\u00f6nderilerin boyutu 1:1&#8217;dir. Piksel olarak 1080&#215;1080 olarak da ifade edilebilir. Daha dik bir foto\u011fraf payla\u015fmak isterseniz <strong>Instagram dikey post boyutu<\/strong> da kullanabilirsiniz. Belirtilen \u00f6l\u00e7\u00fcler 4:5 oran\u0131ndad\u0131r. 1080&#215;1250 piksel olarak g\u00f6nderilerinizi d\u00fczenleyebilirsiniz.<\/p>\n\n\n\n<h3 class=\"wp-block-heading\"><span class=\"ez-toc-section\" id=\"Reels\"><\/span>Reels<span class=\"ez-toc-section-end\"><\/span><\/h3>\n\n\n\n<p>Reels videolar\u0131, 15, 30, 60 ve 90 saniye uzunlu\u011fundaki k\u0131sa videolardan olu\u015fur. Bu videolar\u0131n en b\u00fcy\u00fck \u00f6zelli\u011fi m\u00fczik ve Instagram filtreleri \u00f6zg\u00fcrce d\u00fczenleyebilmenizdir. <strong>Instagram post video boyutu<\/strong> ve Reels videolar\u0131 9:16 veya 1080&#215;1920 olarak ayarlanmal\u0131d\u0131r. Bu ayarlardan faydalanarak bir\u00e7ok kaliteli i\u00e7erik elde edebilirsiniz.<\/p>\n\n\n\n<h2 class=\"wp-block-heading\"><span class=\"ez-toc-section\" id=\"Instagram_Post_Boyutu_Hazirlama_Nasil_Yapilir\"><\/span>Instagram Post Boyutu Haz\u0131rlama Nas\u0131l Yap\u0131l\u0131r?<span class=\"ez-toc-section-end\"><\/span><\/h2>\n\n\n\n<p>Baz\u0131 Instagram foto\u011fraf d\u00fczenleme uygulamalar\u0131 yard\u0131m\u0131yla <strong>Instagram post boyutu ayarlama<\/strong> i\u015flemlerini yapabilirsiniz. IOS veya Android i\u015fletim sistemli telefonlar i\u00e7in \u00e7e\u015fitli uygulamalar mevcuttur. \u0130ndirilen bu uygulamalar, foto\u011fraflar\u0131n\u0131z\u0131 istedi\u011finiz boyuta getirmenizi sa\u011flar. Bu sayede daha d\u00fczenli bir \u015fekilde istedi\u011finiz boyuttaki g\u00f6rselleri Instagram&#8217;a ekleyebilirsiniz. Post haz\u0131rlama uygulamalar\u0131n en \u00f6nemli say\u0131lacak bir di\u011fer \u00f6zelli\u011fi de g\u00f6r\u00fcnt\u00fc kalitesini etkilememesidir. Instagram g\u00f6rsellerinizi yeniden boyutland\u0131rmak i\u00e7in kullanabilece\u011finiz baz\u0131 uygulamalar \u015fu \u015fekildedir:<\/p>\n\n\n\n<ul class=\"wp-block-list\">\n<li>Instasize<\/li>\n\n\n\n<li>Insta Square Marker<\/li>\n\n\n\n<li>NoCrop<\/li>\n<\/ul>\n\n\n\n<p>Yukar\u0131daki uygulamalar\u0131 kullanarak Instagram g\u00f6rsellerinizi yeniden boyutland\u0131rabilir ve payla\u015f\u0131m i\u00e7in haz\u0131r hale getirebilirsiniz.<\/p>\n\n\n\n<figure class=\"wp-block-image size-full\"><img loading=\"lazy\" decoding=\"async\" width=\"960\" height=\"480\" src=\"https:\/\/www.fenomist.com\/blog\/wp-content\/uploads\/instasize-boyut-ayarlama.jpg\" alt=\"instagram post boyutu ayarlama uygulamalar\u0131 \" class=\"wp-image-40016\" srcset=\"https:\/\/www.fenomist.com\/blog\/wp-content\/uploads\/instasize-boyut-ayarlama.jpg 960w, https:\/\/www.fenomist.com\/blog\/wp-content\/uploads\/instasize-boyut-ayarlama-768x384.jpg 768w\" sizes=\"(max-width: 960px) 100vw, 960px\" \/><\/figure>\n\n\n\n<h3 class=\"wp-block-heading\"><span class=\"ez-toc-section\" id=\"Instasize\"><\/span>Instasize<span class=\"ez-toc-section-end\"><\/span><\/h3>\n\n\n\n<p>Instagram g\u00f6nderilerini yeniden boyutland\u0131rmak i\u00e7in en ideal uygulamalardan biridir. Instasize uygulamas\u0131n\u0131 kullanman\u0131n en b\u00fcy\u00fck amac\u0131 <strong>Instagram foto\u011fraf boyutu ayarlama<\/strong> i\u00e7in kullan\u0131lmas\u0131d\u0131r. Bu uygulama, galerideki foto\u011fraflar\u0131n boyutunu ayarlaman\u0131za, uygulama arac\u0131l\u0131\u011f\u0131yla foto\u011fraf \u00e7ekmenize ve bu g\u00f6r\u00fcnt\u00fcy\u00fc yeniden boyutland\u0131rman\u0131za olanak tan\u0131r. Instasize uygulamas\u0131na AppStore ya da Play Store\u2019dan ula\u015fabilirsiniz.<\/p>\n\n\n\n<h3 class=\"wp-block-heading\"><span class=\"ez-toc-section\" id=\"Insta_Square_Marker\"><\/span>Insta Square Marker<span class=\"ez-toc-section-end\"><\/span><\/h3>\n\n\n\n<p>Insta Square Marker ile t\u00fcm foto\u011fraflar\u0131 Instagram \u00e7er\u00e7evelerine uyacak \u015fekilde yeniden boyutland\u0131rabilirsiniz. Ek olarak <strong>Instagram foto\u011fraf boyutu<\/strong> otomatik olarak ayarlanabilir, b\u00f6ylece hi\u00e7bir \u015fey yapmadan resimlerinizi yeniden boyutland\u0131rabilirsiniz. Uygulama yard\u0131m\u0131yla herhangi bir \u015fekilde g\u00f6r\u00fcnt\u00fc kalitesi ile oynamadan g\u00f6rselinizi yeniden boyutland\u0131rabilirsiniz. Insta Square Marker uygulamas\u0131n\u0131 telefonunuzun ma\u011fazas\u0131nda bulabilirsiniz.<\/p>\n\n\n\n<h3 class=\"wp-block-heading\"><span class=\"ez-toc-section\" id=\"NoCrop_Full_Size\"><\/span>NoCrop Full Size<span class=\"ez-toc-section-end\"><\/span><\/h3>\n\n\n\n<p><strong>Instagram post boyutu<\/strong> ayarlama uygulamalar\u0131 i\u00e7erisinde en \u00e7ok kullan\u0131lan uygulamalardan birisi NoCrop Full Size\u2019d\u0131r. Ayn\u0131 zamanda Instagram&#8217;da \u00e7er\u00e7eveden ta\u015fmamas\u0131 i\u00e7in foto\u011fraf\u0131n\u0131z\u0131 standart bir boyuta getirebilirsiniz. Bu uygulamay\u0131 kullanmak g\u00f6rsellerinizin kalitesini d\u00fc\u015f\u00fcrmez. Foto\u011fraflar ayn\u0131 kalitede \u00f6l\u00e7eklenir. Son olarak, bu uygulama ile \u00f6zelle\u015ftirilmi\u015f g\u00f6rsellerinizi tek t\u0131kla Instagram profilinizde payla\u015fabilirsiniz.<\/p>\n\n\n\n<p>T\u00fcm bunlar\u0131n d\u0131\u015f\u0131nda telefonunuzun galerisine giderek ilgili g\u00f6rseli se\u00e7erek ve G\u00f6rsel D\u00fczenle butonunu kullanarak g\u00f6rseli yeniden boyutland\u0131rabilirsiniz. Ancak, \u00e7ok y\u00fcksek kaliteli foto\u011fraflar i\u00e7in bu, g\u00f6r\u00fcnt\u00fc kalitesini etkileyecektir. Bundan dolay\u0131 yukar\u0131daki uygulamalar\u0131 kullanmak en mant\u0131kl\u0131s\u0131 olacakt\u0131r. <strong>Instagram g\u00f6nderi boyutu<\/strong> ayarlamak i\u00e7in bir\u00e7ok farkl\u0131 yol aras\u0131ndan se\u00e7im yaparak resimlerinizi herhangi bir ortamda k\u0131rpabilirsiniz.<\/p>\n\n\n<div class=\"wp-block-image\">\n<figure class=\"aligncenter size-full\"><img loading=\"lazy\" decoding=\"async\" width=\"960\" height=\"480\" src=\"https:\/\/www.fenomist.com\/blog\/wp-content\/uploads\/instagram-fotograf-boyutu-ayarlama.jpg\" alt=\"instagram foto\u011fraf boyutu ayarlama\" class=\"wp-image-40018\" srcset=\"https:\/\/www.fenomist.com\/blog\/wp-content\/uploads\/instagram-fotograf-boyutu-ayarlama.jpg 960w, https:\/\/www.fenomist.com\/blog\/wp-content\/uploads\/instagram-fotograf-boyutu-ayarlama-768x384.jpg 768w\" sizes=\"(max-width: 960px) 100vw, 960px\" \/><\/figure><\/div>\n\n\n<h2 class=\"wp-block-heading\"><span class=\"ez-toc-section\" id=\"Instagram_Post_Boyutunun_Onemi_Nedir\"><\/span>Instagram Post Boyutunun \u00d6nemi Nedir?<span class=\"ez-toc-section-end\"><\/span><\/h2>\n\n\n\n<p>E\u011fer<strong> Instagram post foto\u011fraf boyutu<\/strong> standart boyuta uymuyorsa, Instagram g\u00f6rseli otomatik olarak k\u0131rpmal\u0131d\u0131r. K\u00f6t\u00fc g\u00f6r\u00fcnt\u00fcler olu\u015fturmaktan ka\u00e7\u0131nmak i\u00e7in ilgili g\u00f6r\u00fcnt\u00fclerin boyutunu \u00f6nceden k\u00fc\u00e7\u00fcltmek \u00e7ok mant\u0131kl\u0131d\u0131r. Instagram g\u00f6rselleri i\u00e7in yukar\u0131da belirtilen boyutlar\u0131 kolayl\u0131kla kullanabilirsiniz. Bu standart boyutlar\u0131n alt\u0131nda veya \u00fcst\u00fcnde bir resim y\u00fcklemeye \u00e7al\u0131\u015f\u0131rsan\u0131z, Instagram sizden resmi k\u0131rpman\u0131z\u0131 istenecektir.<\/p>\n\n\n\n<p>Hat\u0131rlanmas\u0131 gereken bir \u015fey daha var. Standart boyutta eklenen resimlerin \u00f6ne \u00e7\u0131kma veya ke\u015ffedilme olas\u0131l\u0131\u011f\u0131 daha y\u00fcksektir. Bunun nedeni, Instagram algoritmas\u0131n\u0131n farkl\u0131 metrikler kullanmas\u0131d\u0131r. Bu \u00f6l\u00e7\u00fctlerden biri de g\u00f6rsel boyutudur. Belirli bir varsay\u0131lan boyuta sahip bir g\u00f6r\u00fcnt\u00fc eklemek, ke\u015ffedilme olas\u0131l\u0131\u011f\u0131n\u0131 art\u0131r\u0131r.<\/p>\n\n\n\n<h2 class=\"wp-block-heading\"><span class=\"ez-toc-section\" id=\"Instagram_Post_Ayarlama_Ne_Zaman_Kullanilir\"><\/span>Instagram Post Ayarlama Ne Zaman Kullan\u0131l\u0131r?<span class=\"ez-toc-section-end\"><\/span><\/h2>\n\n\n\n<p>Instagram g\u00f6nderi boyutunu ayarlamak i\u00e7in resminizin \u00e7ok b\u00fcy\u00fck olmas\u0131 gerekir. Bu, kar\u015f\u0131l\u0131k gelen g\u00f6r\u00fcnt\u00fc standart boyutlardan daha uzunsa ayarlama yapabilece\u011finiz anlam\u0131na gelir. Bu durumda, portre g\u00f6r\u00fcnt\u00fcs\u00fcn\u00fc normal varsay\u0131lan boyuta getirerek foto\u011fraf\u0131 Instagram&#8217;da payla\u015fabilirsiniz.<\/p>\n\n\n\n<p>G\u00fcn\u00fcm\u00fczde Instagram&#8217;da her g\u00fcn milyonlarca foto\u011fraf payla\u015f\u0131lmaktad\u0131r. G\u00f6r\u00fcnt\u00fcn\u00fcn \u00e7ok \u00f6nemli bir k\u0131sm\u0131, g\u00f6r\u00fcnt\u00fc yeniden boyutland\u0131rma s\u00fcrecinden ge\u00e7memektedir. Yani asl\u0131nda Instagram\u2019da yer alan neredeyse her g\u00f6nderide k\u0131rp\u0131lm\u0131\u015f g\u00f6r\u00fcnt\u00fcy\u00fc g\u00f6r\u00fcrs\u00fcn\u00fcz. K\u0131rp\u0131lan g\u00f6r\u00fcnt\u00fcler hem g\u00f6r\u00fcnt\u00fc b\u00fct\u00fcnl\u00fc\u011f\u00fcnden hem de g\u00f6r\u00fcnt\u00fc kalitesinden \u00f6d\u00fcn vermeye ba\u015flar. Bu nedenle, daha kaliteli ve daha anlaml\u0131 foto\u011fraflar eklemek i\u00e7in resimlerinizi yeniden boyutland\u0131rmal\u0131s\u0131n\u0131z.<\/p>\n\n\n\n<h2 class=\"wp-block-heading\"><span class=\"ez-toc-section\" id=\"Instagram_Profil_Fotografi_Olculeri_Nedir\"><\/span>Instagram Profil Foto\u011fraf\u0131 \u00d6l\u00e7\u00fcleri Nedir?<span class=\"ez-toc-section-end\"><\/span><\/h2>\n\n\n\n<p><strong>Instagram kapak foto\u011fraf\u0131<\/strong> ayarlamak isteyen kullan\u0131c\u0131lar\u0131n bir di\u011fer s\u0131k sordu\u011fu soru da \u201cProfil foto\u011fraflar\u0131n\u0131n \u00f6l\u00e7\u00fcleri nelerdir?\u201d \u015feklindedir. \u00c7\u00fcnk\u00fc foto\u011fraf\u0131n boyutunu ayarlaman\u0131za izin veren bir uygulama indirmedi\u011finiz s\u00fcrece foto\u011fraflar\u0131n boyutlar\u0131n\u0131 bilemeyebilirsiniz. Bu nedenle Instagram profil foto\u011fraf\u0131n\u0131z\u0131n boyutunu do\u011fru bir \u015fekilde belirlemek i\u00e7in hangi \u00f6l\u00e7\u00fclerde foto\u011fraf edinmeniz gerekti\u011fini bilmeniz gerekir. Instagram profil resimleri i\u00e7in ideal boyut 320&#215;320&#8217;dir.<\/p>\n\n\n\n<p>320&#215;320&#8217;den daha b\u00fcy\u00fck bir resim eklerseniz, Instagram, resmin bir k\u0131sm\u0131n\u0131 k\u0131rparak foto\u011fraf\u0131 yeniden boyutland\u0131rmak zorunda kal\u0131r. Bu i\u015flemden sonra da foto\u011fraf\u0131n\u0131z\u0131n kalitesi ciddi anlamda d\u00fc\u015fer. Bu i\u015fi Instagram&#8217;a b\u0131rakmamak ad\u0131na yukar\u0131da bahsetti\u011fimiz uygulamalar\u0131 kullanarak g\u00f6rsellerinizi g\u00f6r\u00fcnt\u00fc kalitesini etkilemeden yeniden boyutland\u0131rabilirsiniz.<\/p>\n\n\n\n<figure class=\"wp-block-embed aligncenter is-type-video is-provider-youtube wp-block-embed-youtube wp-embed-aspect-16-9 wp-has-aspect-ratio\"><div class=\"wp-block-embed__wrapper\">\n<iframe title=\"Sosyal Medya G\u00f6nderi Tasar\u0131m\u0131 Nas\u0131l Olmal\u0131?\" width=\"640\" height=\"360\" src=\"https:\/\/www.youtube.com\/embed\/F2c4Svt3pIw?feature=oembed\" frameborder=\"0\" allow=\"accelerometer; autoplay; clipboard-write; encrypted-media; gyroscope; picture-in-picture; web-share\" referrerpolicy=\"strict-origin-when-cross-origin\" allowfullscreen><\/iframe><script type=\"application\/ld+json\">\n    {\n      \"@context\": \"https:\/\/schema.org\",\n      \"@type\": \"VideoObject\",\n      \"name\": \"Sosyal Medya G\u00f6nderi Tasar\u0131m\u0131 Nas\u0131l Olmal\u0131?\",\n      \"description\": \"Instagram Post Boyutu Nas\u0131l Ayarlan\u0131r?\u00a0\u00a0\",\n      \"thumbnailUrl\": \"https:\/\/i.ytimg.com\/vi_webp\/F2c4Svt3pIw\/mqdefault.webp\",\n      \"embedUrl\": \"https:\/\/www.youtube.com\/embed\/F2c4Svt3pIw?feature=oembed\",\n      \"uploadDate\": \"May 13, 2025 3:09 pm\"\n    }\n    <\/script>\n<\/div><\/figure>\n\n\n\n<p>\u00d6zenle haz\u0131rlad\u0131\u011f\u0131n\u0131z Instagram g\u00f6nderilerinizi daha b\u00fcy\u00fck bir kitleye ula\u015ft\u0131rmay\u0131 hedefliyorsan\u0131z, <a href=\"https:\/\/www.fenomist.com\/\" target=\"_blank\" rel=\"noopener\">Instagram takip\u00e7i sat\u0131n al<\/a> hizmeti ile zirveye \u00e7\u0131kabilirsiniz!<\/p>\n\n\n\n<div class=\"schema-faq wp-block-yoast-faq-block\">   <\/div>\n\r\n\t\t\t<div id=\"daexthefu-container\"\r\n\t\t\t\tclass=\"daexthefu-container daexthefu-layout-side-by-side daexthefu-alignment-left\"\r\n\t\t\t\tdata-post-id=\"40009\">\r\n\r\n\t\t\t\t<div class=\"daexthefu-feedback\">\r\n\t\t\t\t\t<div class=\"daexthefu-text\">\r\n\t\t\t\t\t\t<h3 class=\"daexthefu-title\"><span class=\"ez-toc-section\" id=\"Bu_makale_faydali_miydi\"><\/span>Bu makale faydal\u0131 m\u0131yd\u0131?<span class=\"ez-toc-section-end\"><\/span><\/h3>\r\n\t\t\t\t\t<\/div>\r\n\t\t\t\t\t<div class=\"daexthefu-buttons-container\">\r\n\t\t\t\t\t\t<div class=\"daexthefu-buttons\">\r\n\t\t\t\t\t\t\t\r\n\t\t\t<div class=\"daexthefu-yes daexthefu-button daexthefu-button-type-text\" data-value=\"1\">\r\n\t\t\t\t<div class=\"daexthefu-button-text\">Faydal\u0131<\/div>\r\n\t\t\t<\/div>\r\n\r\n\t\t\t\t\t\t\t\t\t\t\r\n\t\t\t<div class=\"daexthefu-no daexthefu-button daexthefu-button-type-text\" data-value=\"0\">\r\n\t\t\t\t<div class=\"daexthefu-button-text\">Geli\u015ftirilmeli<\/div>\r\n\t\t\t<\/div>\r\n\r\n\t\t\t\t\t\t\t\t\t<\/div>\r\n\t\t\t\t\t<\/div>\r\n\t\t\t\t<\/div>\r\n\r\n\t\t\t\t<div class=\"daexthefu-comment\">\r\n\t\t\t\t\t<div class=\"daexthefu-comment-top-container\">\r\n\t\t\t\t\t\t<label id=\"daexthefu-comment-label\" class=\"daexthefu-comment-label\"><\/label>\r\n\t\t\t\t\t\t\t\t\t\t\t\t\t<div class=\"daexthefu-comment-character-counter-container\">\r\n\t\t\t\t\t\t\t\t<div id=\"daexthefu-comment-character-counter-number\"\r\n\t\t\t\t\t\t\t\t\tclass=\"daexthefu-comment-character-counter-number\"><\/div>\r\n\t\t\t\t\t\t\t\t<div class=\"daexthefu-comment-character-counter-text\"><\/div>\r\n\t\t\t\t\t\t\t<\/div>\r\n\t\t\t\t\t\t\t\t\t\t\t<\/div>\r\n\t\t\t\t\t<textarea id=\"daexthefu-comment-textarea\" class=\"daexthefu-comment-textarea\"\r\n\t\t\t\t\t\t\t\tplaceholder=\"Mesaj\u0131n\u0131z\u0131 giriniz\"\r\n\t\t\t\t\t\t\t\tmaxlength=\"\r\n\t\t\t\t\t\t\t\t400\t\t\t\t\t\t\t\t\t\"><\/textarea>\r\n\t\t\t\t\t<div class=\"daexthefu-comment-buttons-container\">\r\n\t\t\t\t\t\t<button class=\"daexthefu-comment-submit daexthefu-button\">G\u00f6nder<\/button>\r\n\t\t\t\t\t\t<button class=\"daexthefu-comment-cancel daexthefu-button\">\u0130ptal<\/button>\r\n\t\t\t\t\t<\/div>\r\n\t\t\t\t<\/div>\r\n\r\n\t\t\t\t<div class=\"daexthefu-successful-submission-text\">Geri bildirim i\u00e7in te\u015fekk\u00fcr ederiz!<\/div>\r\n\r\n\t\t\t<\/div>\r\n\r\n\t\t\t\n    <div class=\"container\">\n        <div class=\"faq accordion faq-drop\" id=\"accordion\">\n            <h2 class=\"accordion-title\"><span class=\"ez-toc-section\" id=\"Hakkinda_Sikca_Sorulan_Sorular\"><\/span> Hakk\u0131nda S\u0131k\u00e7a Sorulan Sorular<span class=\"ez-toc-section-end\"><\/span><\/h2>\n            <div class=\"col-md-12 faq-card\">\n                    <div class=\"card faq\">\n                        <div class=\"card-header collapsed d-flex justify-content-between align-items-center\" id=\"heading0\"\n                             data-toggle=\"collapse\" data-target=\"#collapse_0\" aria-expanded=\"true\" role=\"button\"\n                             aria-controls=\"collapse_0\">\n                            <div class=\"btn btn-link text-dark font-weight-bold\">\n                               Instagram G\u00f6nderi Boyutu Ka\u00e7 cm?\n                            <\/div>\n                            <div class=\"btn-toogle\">\n                                <span><\/span>\n                                <span><\/span>\n                            <\/div>\n                        <\/div>\n                        <div id=\"collapse_0\" class=\"collapse\" aria-labelledby=\"heading0\" data-parent=\"#accordion\">\n                            <div class=\"card-body\">\n                                <p>Instagram g\u00f6nderi boyutu 1080&#215;1080\u2019dir. Dikey foto\u011fraflar i\u00e7in ise g\u00f6nderi boyutu 1080&#215;1250 olmal\u0131d\u0131r.<\/p>\n                            <\/div>\n                        <\/div>\n                        <\/div>\n                        \n                    <div class=\"card faq\">\n                        <div class=\"card-header collapsed d-flex justify-content-between align-items-center\" id=\"heading1\"\n                             data-toggle=\"collapse\" data-target=\"#collapse_1\" aria-expanded=\"true\" role=\"button\"\n                             aria-controls=\"collapse_1\">\n                            <div class=\"btn btn-link text-dark font-weight-bold\">\n                               Instagram Profil Foto\u011fraf\u0131 Boyutu Nas\u0131l Olmal\u0131d\u0131r?\n                            <\/div>\n                            <div class=\"btn-toogle\">\n                                <span><\/span>\n                                <span><\/span>\n                            <\/div>\n                        <\/div>\n                        <div id=\"collapse_1\" class=\"collapse\" aria-labelledby=\"heading1\" data-parent=\"#accordion\">\n                            <div class=\"card-body\">\n                                <p>Instagram profil foto\u011fraf\u0131 boyutlar\u0131 320&#215;320 olmal\u0131d\u0131r. Aksi takdirde g\u00f6rselde k\u0131rpmalar meydana gelebilir.<\/p>\n                            <\/div>\n                        <\/div>\n                        <\/div>\n                        \n                    <div class=\"card faq\">\n                        <div class=\"card-header collapsed d-flex justify-content-between align-items-center\" id=\"heading2\"\n                             data-toggle=\"collapse\" data-target=\"#collapse_2\" aria-expanded=\"true\" role=\"button\"\n                             aria-controls=\"collapse_2\">\n                            <div class=\"btn btn-link text-dark font-weight-bold\">\n                               Instagram Post Boyutlar\u0131n\u0131n \u00d6nemi Nedir?\n                            <\/div>\n                            <div class=\"btn-toogle\">\n                                <span><\/span>\n                                <span><\/span>\n                            <\/div>\n                        <\/div>\n                        <div id=\"collapse_2\" class=\"collapse\" aria-labelledby=\"heading2\" data-parent=\"#accordion\">\n                            <div class=\"card-body\">\n                                <p>Instagram post boyutu ayarlamalar\u0131n\u0131 yapmak g\u00f6rsel kalitelerini korumak i\u00e7in olduk\u00e7a \u00f6nemlidir.<\/p>\n                            <\/div>\n                        <\/div>\n                        <\/div>\n                        <\/div><\/div><\/div>","protected":false},"excerpt":{"rendered":"<p>D\u00fcnyan\u0131n en pop\u00fcler sosyal payla\u015f\u0131m a\u011f\u0131 olan Instagram, art\u0131k kazan\u00e7 kap\u0131s\u0131 da oldu\u011fu i\u00e7in g\u00f6nderilerine ekstra \u00f6zen g\u00f6steriliyor. \u00c7e\u015fitli g\u00f6nderi se\u00e7enekleri sunan platform, genellikle foto\u011fraf ve videolar\u0131n boyutlar\u0131na dikkat ediyor. Biz de i\u00e7eri\u011fimizde Instagram post boyutu hakk\u0131nda \u00f6\u011frenmeye de\u011fer bilgiler sunduk.&nbsp; Instagram; canl\u0131 yay\u0131nlar, Reels videolar, post ad\u0131 verilen g\u00f6nderiler, [&hellip;]<\/p>\n","protected":false},"author":27,"featured_media":40010,"comment_status":"open","ping_status":"closed","sticky":false,"template":"","format":"standard","meta":{"_helpful_status":1,"footnotes":""},"categories":[1753],"tags":[],"class_list":["post-40009","post","type-post","status-publish","format-standard","has-post-thumbnail","hentry","category-instagram-destek","entry"],"yoast_head":"<!-- This site is optimized with the Yoast SEO plugin v26.5 - https:\/\/yoast.com\/wordpress\/plugins\/seo\/ -->\n<title>Instagram Post Boyutu Nas\u0131l Ayarlan\u0131r?\u00a0| Instatakipci<\/title>\n<meta name=\"description\" content=\"Instagram post boyutu nedir? Instagram post boyutu nas\u0131l olmal\u0131d\u0131r? Post boyutu haz\u0131rlama nas\u0131l yap\u0131l\u0131r? Merak edilenleri cevaplad\u0131k!\" \/>\n<meta name=\"robots\" content=\"index, follow, max-snippet:-1, max-image-preview:large, max-video-preview:-1\" \/>\n<link rel=\"canonical\" href=\"https:\/\/www.fenomist.com\/blog\/instagram-post-boyutu-nasil-ayarlanir\" \/>\n<meta property=\"og:locale\" content=\"tr_TR\" \/>\n<meta property=\"og:type\" content=\"article\" \/>\n<meta property=\"og:title\" content=\"Instagram Post Boyutu Nas\u0131l Ayarlan\u0131r?\u00a0| Instatakipci\" \/>\n<meta property=\"og:description\" content=\"Instagram post boyutu nedir? Instagram post boyutu nas\u0131l olmal\u0131d\u0131r? Post boyutu haz\u0131rlama nas\u0131l yap\u0131l\u0131r? Merak edilenleri cevaplad\u0131k!\" \/>\n<meta property=\"og:url\" content=\"https:\/\/www.fenomist.com\/blog\/instagram-post-boyutu-nasil-ayarlanir\" \/>\n<meta property=\"og:site_name\" content=\"Instagram Takip\u00e7i Blog - Son Dakika Haberler\" \/>\n<meta property=\"article:publisher\" content=\"https:\/\/www.facebook.com\/fenomist\" \/>\n<meta property=\"article:published_time\" content=\"2022-12-27T14:50:56+00:00\" \/>\n<meta property=\"article:modified_time\" content=\"2025-05-13T15:09:14+00:00\" \/>\n<meta property=\"og:image\" content=\"https:\/\/www.fenomist.com\/blog\/wp-content\/uploads\/instagram-post-boyutu-ayarlama.jpg\" \/>\n\t<meta property=\"og:image:width\" content=\"960\" \/>\n\t<meta property=\"og:image:height\" content=\"640\" \/>\n\t<meta property=\"og:image:type\" content=\"image\/jpeg\" \/>\n<meta name=\"author\" content=\"Melisa \u00d6z\u00e7elik\" \/>\n<meta name=\"twitter:card\" content=\"summary_large_image\" \/>\n<meta name=\"twitter:creator\" content=\"@smipuclari\" \/>\n<meta name=\"twitter:site\" content=\"@smipuclari\" \/>\n<meta name=\"twitter:label1\" content=\"Yazan:\" \/>\n\t<meta name=\"twitter:data1\" content=\"Melisa \u00d6z\u00e7elik\" \/>\n\t<meta name=\"twitter:label2\" content=\"Tahmini okuma s\u00fcresi\" \/>\n\t<meta name=\"twitter:data2\" content=\"8 dakika\" \/>\n<script type=\"application\/ld+json\" class=\"yoast-schema-graph\">{\"@context\":\"https:\/\/schema.org\",\"@graph\":[{\"@type\":\"Article\",\"@id\":\"https:\/\/www.fenomist.com\/blog\/instagram-post-boyutu-nasil-ayarlanir#article\",\"isPartOf\":{\"@id\":\"https:\/\/www.fenomist.com\/blog\/instagram-post-boyutu-nasil-ayarlanir\"},\"author\":{\"name\":\"Melisa \u00d6z\u00e7elik\",\"@id\":\"https:\/\/www.fenomist.com\/blog\/#\/schema\/person\/35bc8661c605652ed7be64184f512935\"},\"headline\":\"Instagram Post Boyutu Nas\u0131l Ayarlan\u0131r?\u00a0\u00a0\",\"datePublished\":\"2022-12-27T14:50:56+00:00\",\"dateModified\":\"2025-05-13T15:09:14+00:00\",\"mainEntityOfPage\":{\"@id\":\"https:\/\/www.fenomist.com\/blog\/instagram-post-boyutu-nasil-ayarlanir\"},\"wordCount\":1589,\"commentCount\":0,\"publisher\":{\"@id\":\"https:\/\/www.fenomist.com\/blog\/#organization\"},\"image\":{\"@id\":\"https:\/\/www.fenomist.com\/blog\/instagram-post-boyutu-nasil-ayarlanir#primaryimage\"},\"thumbnailUrl\":\"https:\/\/www.fenomist.com\/blog\/wp-content\/uploads\/instagram-post-boyutu-ayarlama.jpg\",\"articleSection\":[\"Instagram Destek\"],\"inLanguage\":\"tr\",\"potentialAction\":[{\"@type\":\"CommentAction\",\"name\":\"Comment\",\"target\":[\"https:\/\/www.fenomist.com\/blog\/instagram-post-boyutu-nasil-ayarlanir#respond\"]}]},{\"@type\":[\"WebPage\",\"FAQPage\"],\"@id\":\"https:\/\/www.fenomist.com\/blog\/instagram-post-boyutu-nasil-ayarlanir\",\"url\":\"https:\/\/www.fenomist.com\/blog\/instagram-post-boyutu-nasil-ayarlanir\",\"name\":\"Instagram Post Boyutu Nas\u0131l Ayarlan\u0131r?\u00a0| Instatakipci\",\"isPartOf\":{\"@id\":\"https:\/\/www.fenomist.com\/blog\/#website\"},\"primaryImageOfPage\":{\"@id\":\"https:\/\/www.fenomist.com\/blog\/instagram-post-boyutu-nasil-ayarlanir#primaryimage\"},\"image\":{\"@id\":\"https:\/\/www.fenomist.com\/blog\/instagram-post-boyutu-nasil-ayarlanir#primaryimage\"},\"thumbnailUrl\":\"https:\/\/www.fenomist.com\/blog\/wp-content\/uploads\/instagram-post-boyutu-ayarlama.jpg\",\"datePublished\":\"2022-12-27T14:50:56+00:00\",\"dateModified\":\"2025-05-13T15:09:14+00:00\",\"description\":\"Instagram post boyutu nedir? Instagram post boyutu nas\u0131l olmal\u0131d\u0131r? Post boyutu haz\u0131rlama nas\u0131l yap\u0131l\u0131r? Merak edilenleri cevaplad\u0131k!\",\"breadcrumb\":{\"@id\":\"https:\/\/www.fenomist.com\/blog\/instagram-post-boyutu-nasil-ayarlanir#breadcrumb\"},\"mainEntity\":[{\"@id\":\"https:\/\/www.fenomist.com\/blog\/instagram-post-boyutu-nasil-ayarlanir#faq-question-1672130958300\"},{\"@id\":\"https:\/\/www.fenomist.com\/blog\/instagram-post-boyutu-nasil-ayarlanir#faq-question-1672130965357\"},{\"@id\":\"https:\/\/www.fenomist.com\/blog\/instagram-post-boyutu-nasil-ayarlanir#faq-question-1672130972183\"}],\"inLanguage\":\"tr\",\"potentialAction\":[{\"@type\":\"ReadAction\",\"target\":[\"https:\/\/www.fenomist.com\/blog\/instagram-post-boyutu-nasil-ayarlanir\"]}]},{\"@type\":\"ImageObject\",\"inLanguage\":\"tr\",\"@id\":\"https:\/\/www.fenomist.com\/blog\/instagram-post-boyutu-nasil-ayarlanir#primaryimage\",\"url\":\"https:\/\/www.fenomist.com\/blog\/wp-content\/uploads\/instagram-post-boyutu-ayarlama.jpg\",\"contentUrl\":\"https:\/\/www.fenomist.com\/blog\/wp-content\/uploads\/instagram-post-boyutu-ayarlama.jpg\",\"width\":960,\"height\":640,\"caption\":\"instagram post boyutu ayarlama\"},{\"@type\":\"BreadcrumbList\",\"@id\":\"https:\/\/www.fenomist.com\/blog\/instagram-post-boyutu-nasil-ayarlanir#breadcrumb\",\"itemListElement\":[{\"@type\":\"ListItem\",\"position\":1,\"name\":\"Ana sayfa\",\"item\":\"https:\/\/www.fenomist.com\/blog\"},{\"@type\":\"ListItem\",\"position\":2,\"name\":\"Instagram Destek\",\"item\":\"https:\/\/www.fenomist.com\/blog\/instagram-destek\"},{\"@type\":\"ListItem\",\"position\":3,\"name\":\"Instagram Post Boyutu Nas\u0131l Ayarlan\u0131r?\u00a0\u00a0\"}]},{\"@type\":\"WebSite\",\"@id\":\"https:\/\/www.fenomist.com\/blog\/#website\",\"url\":\"https:\/\/www.fenomist.com\/blog\/\",\"name\":\"Sosyal Medya Haberleri - Son Dakika\",\"description\":\"Sosyal Medya Haberleri - Son Dakika\",\"publisher\":{\"@id\":\"https:\/\/www.fenomist.com\/blog\/#organization\"},\"alternateName\":\"fenomist.com\",\"potentialAction\":[{\"@type\":\"SearchAction\",\"target\":{\"@type\":\"EntryPoint\",\"urlTemplate\":\"https:\/\/www.fenomist.com\/blog\/?s={search_term_string}\"},\"query-input\":{\"@type\":\"PropertyValueSpecification\",\"valueRequired\":true,\"valueName\":\"search_term_string\"}}],\"inLanguage\":\"tr\"},{\"@type\":\"Organization\",\"@id\":\"https:\/\/www.fenomist.com\/blog\/#organization\",\"name\":\"Fenomist\",\"alternateName\":\"fenomist.com\",\"url\":\"https:\/\/www.fenomist.com\/blog\/\",\"logo\":{\"@type\":\"ImageObject\",\"inLanguage\":\"tr\",\"@id\":\"https:\/\/www.fenomist.com\/blog\/#\/schema\/logo\/image\/\",\"url\":\"https:\/\/www.fenomist.com\/blog\/wp-content\/uploads\/instagram-takipci-satin-al-blog.svg\",\"contentUrl\":\"https:\/\/www.fenomist.com\/blog\/wp-content\/uploads\/instagram-takipci-satin-al-blog.svg\",\"caption\":\"Fenomist\"},\"image\":{\"@id\":\"https:\/\/www.fenomist.com\/blog\/#\/schema\/logo\/image\/\"},\"sameAs\":[\"https:\/\/www.facebook.com\/fenomist\",\"https:\/\/x.com\/smipuclari\",\"https:\/\/www.instagram.com\/sosyal_fabrika\/\",\"https:\/\/tr.linkedin.com\/in\/instatakipcicom\",\"https:\/\/myspace.com\/instatakipci22\",\"https:\/\/fi.pinterest.com\/instatakipcisosyal\/\",\"https:\/\/www.youtube.com\/instatakipcicom\"]},{\"@type\":\"Person\",\"@id\":\"https:\/\/www.fenomist.com\/blog\/#\/schema\/person\/35bc8661c605652ed7be64184f512935\",\"name\":\"Melisa \u00d6z\u00e7elik\",\"image\":{\"@type\":\"ImageObject\",\"inLanguage\":\"tr\",\"@id\":\"https:\/\/www.fenomist.com\/blog\/#\/schema\/person\/image\/\",\"url\":\"https:\/\/www.fenomist.com\/blog\/wp-content\/uploads\/melisa-ozcelik-96x96.jpg\",\"contentUrl\":\"https:\/\/www.fenomist.com\/blog\/wp-content\/uploads\/melisa-ozcelik-96x96.jpg\",\"caption\":\"Melisa \u00d6z\u00e7elik\"},\"description\":\"Merhaba ben Melisa! Gazetecilik b\u00f6l\u00fcm\u00fcnden mezuniyetim sonras\u0131nda 5 y\u0131ll\u0131k \u0130\u00e7erik Edit\u00f6rl\u00fc\u011f\u00fc deneyimine sahip oldum. Her zaman okumaya, ara\u015ft\u0131rmaya ve yazmaya merakl\u0131 biriydim. Son y\u0131llarda \u00f6zellikle, dijital pazarlama, sosyal medya pazarlamas\u0131 ve y\u00f6netimi konusunda kendimi olduk\u00e7a geli\u015ftirdim. InstaTakip\u00e7i Blog \u00fczerinden edindi\u011fim bilgileri ve deneyimleri sizlerle payla\u015f\u0131yorum!\",\"sameAs\":[\"https:\/\/www.fenomist.com\/blog\/author\/melisaozcelik\"],\"url\":\"https:\/\/www.fenomist.com\/blog\/author\/melisaozcelik\"},{\"@type\":\"Question\",\"@id\":\"https:\/\/www.fenomist.com\/blog\/instagram-post-boyutu-nasil-ayarlanir#faq-question-1672130958300\",\"position\":1,\"url\":\"https:\/\/www.fenomist.com\/blog\/instagram-post-boyutu-nasil-ayarlanir#faq-question-1672130958300\",\"name\":\"Instagram G\u00f6nderi Boyutu Ka\u00e7 cm?\",\"answerCount\":1,\"acceptedAnswer\":{\"@type\":\"Answer\",\"text\":\"Instagram g\u00f6nderi boyutu 1080x1080\u2019dir. Dikey foto\u011fraflar i\u00e7in ise g\u00f6nderi boyutu 1080x1250 olmal\u0131d\u0131r.\",\"inLanguage\":\"tr\"},\"inLanguage\":\"tr\"},{\"@type\":\"Question\",\"@id\":\"https:\/\/www.fenomist.com\/blog\/instagram-post-boyutu-nasil-ayarlanir#faq-question-1672130965357\",\"position\":2,\"url\":\"https:\/\/www.fenomist.com\/blog\/instagram-post-boyutu-nasil-ayarlanir#faq-question-1672130965357\",\"name\":\"Instagram Profil Foto\u011fraf\u0131 Boyutu Nas\u0131l Olmal\u0131d\u0131r?\",\"answerCount\":1,\"acceptedAnswer\":{\"@type\":\"Answer\",\"text\":\"Instagram profil foto\u011fraf\u0131 boyutlar\u0131 320x320 olmal\u0131d\u0131r. Aksi takdirde g\u00f6rselde k\u0131rpmalar meydana gelebilir.\",\"inLanguage\":\"tr\"},\"inLanguage\":\"tr\"},{\"@type\":\"Question\",\"@id\":\"https:\/\/www.fenomist.com\/blog\/instagram-post-boyutu-nasil-ayarlanir#faq-question-1672130972183\",\"position\":3,\"url\":\"https:\/\/www.fenomist.com\/blog\/instagram-post-boyutu-nasil-ayarlanir#faq-question-1672130972183\",\"name\":\"Instagram Post Boyutlar\u0131n\u0131n \u00d6nemi Nedir?\",\"answerCount\":1,\"acceptedAnswer\":{\"@type\":\"Answer\",\"text\":\"Instagram post boyutu ayarlamalar\u0131n\u0131 yapmak g\u00f6rsel kalitelerini korumak i\u00e7in olduk\u00e7a \u00f6nemlidir.\",\"inLanguage\":\"tr\"},\"inLanguage\":\"tr\"}]}<\/script>\n<!-- \/ Yoast SEO plugin. -->","yoast_head_json":{"title":"Instagram Post Boyutu Nas\u0131l Ayarlan\u0131r?\u00a0| Instatakipci","description":"Instagram post boyutu nedir? Instagram post boyutu nas\u0131l olmal\u0131d\u0131r? Post boyutu haz\u0131rlama nas\u0131l yap\u0131l\u0131r? Merak edilenleri cevaplad\u0131k!","robots":{"index":"index","follow":"follow","max-snippet":"max-snippet:-1","max-image-preview":"max-image-preview:large","max-video-preview":"max-video-preview:-1"},"canonical":"https:\/\/www.fenomist.com\/blog\/instagram-post-boyutu-nasil-ayarlanir","og_locale":"tr_TR","og_type":"article","og_title":"Instagram Post Boyutu Nas\u0131l Ayarlan\u0131r?\u00a0| Instatakipci","og_description":"Instagram post boyutu nedir? Instagram post boyutu nas\u0131l olmal\u0131d\u0131r? Post boyutu haz\u0131rlama nas\u0131l yap\u0131l\u0131r? Merak edilenleri cevaplad\u0131k!","og_url":"https:\/\/www.fenomist.com\/blog\/instagram-post-boyutu-nasil-ayarlanir","og_site_name":"Instagram Takip\u00e7i Blog - Son Dakika Haberler","article_publisher":"https:\/\/www.facebook.com\/fenomist","article_published_time":"2022-12-27T14:50:56+00:00","article_modified_time":"2025-05-13T15:09:14+00:00","og_image":[{"width":960,"height":640,"url":"https:\/\/www.fenomist.com\/blog\/wp-content\/uploads\/instagram-post-boyutu-ayarlama.jpg","type":"image\/jpeg"}],"author":"Melisa \u00d6z\u00e7elik","twitter_card":"summary_large_image","twitter_creator":"@smipuclari","twitter_site":"@smipuclari","twitter_misc":{"Yazan:":"Melisa \u00d6z\u00e7elik","Tahmini okuma s\u00fcresi":"8 dakika"},"schema":{"@context":"https:\/\/schema.org","@graph":[{"@type":"Article","@id":"https:\/\/www.fenomist.com\/blog\/instagram-post-boyutu-nasil-ayarlanir#article","isPartOf":{"@id":"https:\/\/www.fenomist.com\/blog\/instagram-post-boyutu-nasil-ayarlanir"},"author":{"name":"Melisa \u00d6z\u00e7elik","@id":"https:\/\/www.fenomist.com\/blog\/#\/schema\/person\/35bc8661c605652ed7be64184f512935"},"headline":"Instagram Post Boyutu Nas\u0131l Ayarlan\u0131r?\u00a0\u00a0","datePublished":"2022-12-27T14:50:56+00:00","dateModified":"2025-05-13T15:09:14+00:00","mainEntityOfPage":{"@id":"https:\/\/www.fenomist.com\/blog\/instagram-post-boyutu-nasil-ayarlanir"},"wordCount":1589,"commentCount":0,"publisher":{"@id":"https:\/\/www.fenomist.com\/blog\/#organization"},"image":{"@id":"https:\/\/www.fenomist.com\/blog\/instagram-post-boyutu-nasil-ayarlanir#primaryimage"},"thumbnailUrl":"https:\/\/www.fenomist.com\/blog\/wp-content\/uploads\/instagram-post-boyutu-ayarlama.jpg","articleSection":["Instagram Destek"],"inLanguage":"tr","potentialAction":[{"@type":"CommentAction","name":"Comment","target":["https:\/\/www.fenomist.com\/blog\/instagram-post-boyutu-nasil-ayarlanir#respond"]}]},{"@type":["WebPage","FAQPage"],"@id":"https:\/\/www.fenomist.com\/blog\/instagram-post-boyutu-nasil-ayarlanir","url":"https:\/\/www.fenomist.com\/blog\/instagram-post-boyutu-nasil-ayarlanir","name":"Instagram Post Boyutu Nas\u0131l Ayarlan\u0131r?\u00a0| Instatakipci","isPartOf":{"@id":"https:\/\/www.fenomist.com\/blog\/#website"},"primaryImageOfPage":{"@id":"https:\/\/www.fenomist.com\/blog\/instagram-post-boyutu-nasil-ayarlanir#primaryimage"},"image":{"@id":"https:\/\/www.fenomist.com\/blog\/instagram-post-boyutu-nasil-ayarlanir#primaryimage"},"thumbnailUrl":"https:\/\/www.fenomist.com\/blog\/wp-content\/uploads\/instagram-post-boyutu-ayarlama.jpg","datePublished":"2022-12-27T14:50:56+00:00","dateModified":"2025-05-13T15:09:14+00:00","description":"Instagram post boyutu nedir? Instagram post boyutu nas\u0131l olmal\u0131d\u0131r? Post boyutu haz\u0131rlama nas\u0131l yap\u0131l\u0131r? Merak edilenleri cevaplad\u0131k!","breadcrumb":{"@id":"https:\/\/www.fenomist.com\/blog\/instagram-post-boyutu-nasil-ayarlanir#breadcrumb"},"mainEntity":[{"@id":"https:\/\/www.fenomist.com\/blog\/instagram-post-boyutu-nasil-ayarlanir#faq-question-1672130958300"},{"@id":"https:\/\/www.fenomist.com\/blog\/instagram-post-boyutu-nasil-ayarlanir#faq-question-1672130965357"},{"@id":"https:\/\/www.fenomist.com\/blog\/instagram-post-boyutu-nasil-ayarlanir#faq-question-1672130972183"}],"inLanguage":"tr","potentialAction":[{"@type":"ReadAction","target":["https:\/\/www.fenomist.com\/blog\/instagram-post-boyutu-nasil-ayarlanir"]}]},{"@type":"ImageObject","inLanguage":"tr","@id":"https:\/\/www.fenomist.com\/blog\/instagram-post-boyutu-nasil-ayarlanir#primaryimage","url":"https:\/\/www.fenomist.com\/blog\/wp-content\/uploads\/instagram-post-boyutu-ayarlama.jpg","contentUrl":"https:\/\/www.fenomist.com\/blog\/wp-content\/uploads\/instagram-post-boyutu-ayarlama.jpg","width":960,"height":640,"caption":"instagram post boyutu ayarlama"},{"@type":"BreadcrumbList","@id":"https:\/\/www.fenomist.com\/blog\/instagram-post-boyutu-nasil-ayarlanir#breadcrumb","itemListElement":[{"@type":"ListItem","position":1,"name":"Ana sayfa","item":"https:\/\/www.fenomist.com\/blog"},{"@type":"ListItem","position":2,"name":"Instagram Destek","item":"https:\/\/www.fenomist.com\/blog\/instagram-destek"},{"@type":"ListItem","position":3,"name":"Instagram Post Boyutu Nas\u0131l Ayarlan\u0131r?\u00a0\u00a0"}]},{"@type":"WebSite","@id":"https:\/\/www.fenomist.com\/blog\/#website","url":"https:\/\/www.fenomist.com\/blog\/","name":"Sosyal Medya Haberleri - Son Dakika","description":"Sosyal Medya Haberleri - Son Dakika","publisher":{"@id":"https:\/\/www.fenomist.com\/blog\/#organization"},"alternateName":"fenomist.com","potentialAction":[{"@type":"SearchAction","target":{"@type":"EntryPoint","urlTemplate":"https:\/\/www.fenomist.com\/blog\/?s={search_term_string}"},"query-input":{"@type":"PropertyValueSpecification","valueRequired":true,"valueName":"search_term_string"}}],"inLanguage":"tr"},{"@type":"Organization","@id":"https:\/\/www.fenomist.com\/blog\/#organization","name":"Fenomist","alternateName":"fenomist.com","url":"https:\/\/www.fenomist.com\/blog\/","logo":{"@type":"ImageObject","inLanguage":"tr","@id":"https:\/\/www.fenomist.com\/blog\/#\/schema\/logo\/image\/","url":"https:\/\/www.fenomist.com\/blog\/wp-content\/uploads\/instagram-takipci-satin-al-blog.svg","contentUrl":"https:\/\/www.fenomist.com\/blog\/wp-content\/uploads\/instagram-takipci-satin-al-blog.svg","caption":"Fenomist"},"image":{"@id":"https:\/\/www.fenomist.com\/blog\/#\/schema\/logo\/image\/"},"sameAs":["https:\/\/www.facebook.com\/fenomist","https:\/\/x.com\/smipuclari","https:\/\/www.instagram.com\/sosyal_fabrika\/","https:\/\/tr.linkedin.com\/in\/instatakipcicom","https:\/\/myspace.com\/instatakipci22","https:\/\/fi.pinterest.com\/instatakipcisosyal\/","https:\/\/www.youtube.com\/instatakipcicom"]},{"@type":"Person","@id":"https:\/\/www.fenomist.com\/blog\/#\/schema\/person\/35bc8661c605652ed7be64184f512935","name":"Melisa \u00d6z\u00e7elik","image":{"@type":"ImageObject","inLanguage":"tr","@id":"https:\/\/www.fenomist.com\/blog\/#\/schema\/person\/image\/","url":"https:\/\/www.fenomist.com\/blog\/wp-content\/uploads\/melisa-ozcelik-96x96.jpg","contentUrl":"https:\/\/www.fenomist.com\/blog\/wp-content\/uploads\/melisa-ozcelik-96x96.jpg","caption":"Melisa \u00d6z\u00e7elik"},"description":"Merhaba ben Melisa! Gazetecilik b\u00f6l\u00fcm\u00fcnden mezuniyetim sonras\u0131nda 5 y\u0131ll\u0131k \u0130\u00e7erik Edit\u00f6rl\u00fc\u011f\u00fc deneyimine sahip oldum. Her zaman okumaya, ara\u015ft\u0131rmaya ve yazmaya merakl\u0131 biriydim. Son y\u0131llarda \u00f6zellikle, dijital pazarlama, sosyal medya pazarlamas\u0131 ve y\u00f6netimi konusunda kendimi olduk\u00e7a geli\u015ftirdim. InstaTakip\u00e7i Blog \u00fczerinden edindi\u011fim bilgileri ve deneyimleri sizlerle payla\u015f\u0131yorum!","sameAs":["https:\/\/www.fenomist.com\/blog\/author\/melisaozcelik"],"url":"https:\/\/www.fenomist.com\/blog\/author\/melisaozcelik"},{"@type":"Question","@id":"https:\/\/www.fenomist.com\/blog\/instagram-post-boyutu-nasil-ayarlanir#faq-question-1672130958300","position":1,"url":"https:\/\/www.fenomist.com\/blog\/instagram-post-boyutu-nasil-ayarlanir#faq-question-1672130958300","name":"Instagram G\u00f6nderi Boyutu Ka\u00e7 cm?","answerCount":1,"acceptedAnswer":{"@type":"Answer","text":"Instagram g\u00f6nderi boyutu 1080x1080\u2019dir. Dikey foto\u011fraflar i\u00e7in ise g\u00f6nderi boyutu 1080x1250 olmal\u0131d\u0131r.","inLanguage":"tr"},"inLanguage":"tr"},{"@type":"Question","@id":"https:\/\/www.fenomist.com\/blog\/instagram-post-boyutu-nasil-ayarlanir#faq-question-1672130965357","position":2,"url":"https:\/\/www.fenomist.com\/blog\/instagram-post-boyutu-nasil-ayarlanir#faq-question-1672130965357","name":"Instagram Profil Foto\u011fraf\u0131 Boyutu Nas\u0131l Olmal\u0131d\u0131r?","answerCount":1,"acceptedAnswer":{"@type":"Answer","text":"Instagram profil foto\u011fraf\u0131 boyutlar\u0131 320x320 olmal\u0131d\u0131r. Aksi takdirde g\u00f6rselde k\u0131rpmalar meydana gelebilir.","inLanguage":"tr"},"inLanguage":"tr"},{"@type":"Question","@id":"https:\/\/www.fenomist.com\/blog\/instagram-post-boyutu-nasil-ayarlanir#faq-question-1672130972183","position":3,"url":"https:\/\/www.fenomist.com\/blog\/instagram-post-boyutu-nasil-ayarlanir#faq-question-1672130972183","name":"Instagram Post Boyutlar\u0131n\u0131n \u00d6nemi Nedir?","answerCount":1,"acceptedAnswer":{"@type":"Answer","text":"Instagram post boyutu ayarlamalar\u0131n\u0131 yapmak g\u00f6rsel kalitelerini korumak i\u00e7in olduk\u00e7a \u00f6nemlidir.","inLanguage":"tr"},"inLanguage":"tr"}]}},"_links":{"self":[{"href":"https:\/\/www.fenomist.com\/blog\/wp-json\/wp\/v2\/posts\/40009","targetHints":{"allow":["GET"]}}],"collection":[{"href":"https:\/\/www.fenomist.com\/blog\/wp-json\/wp\/v2\/posts"}],"about":[{"href":"https:\/\/www.fenomist.com\/blog\/wp-json\/wp\/v2\/types\/post"}],"author":[{"embeddable":true,"href":"https:\/\/www.fenomist.com\/blog\/wp-json\/wp\/v2\/users\/27"}],"replies":[{"embeddable":true,"href":"https:\/\/www.fenomist.com\/blog\/wp-json\/wp\/v2\/comments?post=40009"}],"version-history":[{"count":16,"href":"https:\/\/www.fenomist.com\/blog\/wp-json\/wp\/v2\/posts\/40009\/revisions"}],"predecessor-version":[{"id":46801,"href":"https:\/\/www.fenomist.com\/blog\/wp-json\/wp\/v2\/posts\/40009\/revisions\/46801"}],"wp:featuredmedia":[{"embeddable":true,"href":"https:\/\/www.fenomist.com\/blog\/wp-json\/wp\/v2\/media\/40010"}],"wp:attachment":[{"href":"https:\/\/www.fenomist.com\/blog\/wp-json\/wp\/v2\/media?parent=40009"}],"wp:term":[{"taxonomy":"category","embeddable":true,"href":"https:\/\/www.fenomist.com\/blog\/wp-json\/wp\/v2\/categories?post=40009"},{"taxonomy":"post_tag","embeddable":true,"href":"https:\/\/www.fenomist.com\/blog\/wp-json\/wp\/v2\/tags?post=40009"}],"curies":[{"name":"wp","href":"https:\/\/api.w.org\/{rel}","templated":true}]}}