{"id":40608,"date":"2023-04-04T16:06:07","date_gmt":"2023-04-04T13:06:07","guid":{"rendered":"https:\/\/www.instatakipci.com\/blog\/?p=40608"},"modified":"2025-01-28T16:49:13","modified_gmt":"2025-01-28T13:49:13","slug":"instagram-sessiz-mod-nedir","status":"publish","type":"post","link":"https:\/\/www.fenomist.com\/blog\/instagram-sessiz-mod-nedir","title":{"rendered":"Instagram Sessiz Mod Nedir?"},"content":{"rendered":"\n<p>Son zamanlar\u0131n en pop\u00fcler uygulamalar\u0131ndan biri olan Instagram, yeni sunaca\u011f\u0131 \u00f6zellik hakk\u0131nda \u00e7al\u0131\u015fmalar\u0131na devam etmektedir. Instagram sessiz mod olarak bilinen bu yeni \u00f6zellik insanlar\u0131n i\u015flerine odaklanmas\u0131na yard\u0131mc\u0131 olmay\u0131 ve sosyal medya hayat\u0131na bir d\u00fczen getirmeyi ama\u00e7lamakt\u0131r. Sizlerde Instagram\u2019da uzun zaman ge\u00e7irdi\u011finizi d\u00fc\u015f\u00fcn\u00fcyorsan\u0131z ve bu konuda bir s\u0131n\u0131rlama getirmekten yanaysan\u0131z sessiz mod sizin i\u00e7in olduk\u00e7a mant\u0131kl\u0131 bir se\u00e7im olacakt\u0131r. Instagram sessiz mod sayesinde kullan\u0131c\u0131lar DM ve uygulama bildirimi almayacakt\u0131r. Bu sayede belli saatlerde Instagram\u2019dan uzak kalarak kendinize zaman ay\u0131rmay\u0131 sa\u011flayacaks\u0131n\u0131z. <\/p><div id=\"ez-toc-container\" class=\"ez-toc-v2_0_79_2 counter-hierarchy ez-toc-counter ez-toc-grey ez-toc-container-direction\">\n<div class=\"ez-toc-title-container\">\n<p class=\"ez-toc-title\" style=\"cursor:inherit\">\u0130\u00e7indekiler<\/p>\n<span class=\"ez-toc-title-toggle\"><a href=\"#\" class=\"ez-toc-pull-right ez-toc-btn ez-toc-btn-xs ez-toc-btn-default ez-toc-toggle\" aria-label=\"Toggle Table of Content\"><span class=\"ez-toc-js-icon-con\"><span class=\"\"><span class=\"eztoc-hide\" style=\"display:none;\">Toggle<\/span><span class=\"ez-toc-icon-toggle-span\"><svg style=\"fill: #999;color:#999\" xmlns=\"http:\/\/www.w3.org\/2000\/svg\" class=\"list-377408\" width=\"20px\" height=\"20px\" viewBox=\"0 0 24 24\" fill=\"none\"><path d=\"M6 6H4v2h2V6zm14 0H8v2h12V6zM4 11h2v2H4v-2zm16 0H8v2h12v-2zM4 16h2v2H4v-2zm16 0H8v2h12v-2z\" fill=\"currentColor\"><\/path><\/svg><svg style=\"fill: #999;color:#999\" class=\"arrow-unsorted-368013\" xmlns=\"http:\/\/www.w3.org\/2000\/svg\" width=\"10px\" height=\"10px\" viewBox=\"0 0 24 24\" version=\"1.2\" baseProfile=\"tiny\"><path d=\"M18.2 9.3l-6.2-6.3-6.2 6.3c-.2.2-.3.4-.3.7s.1.5.3.7c.2.2.4.3.7.3h11c.3 0 .5-.1.7-.3.2-.2.3-.5.3-.7s-.1-.5-.3-.7zM5.8 14.7l6.2 6.3 6.2-6.3c.2-.2.3-.5.3-.7s-.1-.5-.3-.7c-.2-.2-.4-.3-.7-.3h-11c-.3 0-.5.1-.7.3-.2.2-.3.5-.3.7s.1.5.3.7z\"\/><\/svg><\/span><\/span><\/span><\/a><\/span><\/div>\n<nav><ul class='ez-toc-list ez-toc-list-level-1 ' ><li class='ez-toc-page-1 ez-toc-heading-level-2'><a class=\"ez-toc-link ez-toc-heading-1\" href=\"https:\/\/www.fenomist.com\/blog\/instagram-sessiz-mod-nedir\/#Instagram_Sessiz_Mod_Ozelligi_Nasil_Acilir\" >Instagram Sessiz Mod \u00d6zelli\u011fi Nas\u0131l A\u00e7\u0131l\u0131r?<\/a><\/li><li class='ez-toc-page-1 ez-toc-heading-level-2'><a class=\"ez-toc-link ez-toc-heading-2\" href=\"https:\/\/www.fenomist.com\/blog\/instagram-sessiz-mod-nedir\/#Sessiz_Mod_Ozelligi_Kimlere_Hitap_Etmektedir\" >Sessiz Mod \u00d6zelli\u011fi Kimlere Hitap Etmektedir?<\/a><\/li><li class='ez-toc-page-1 ez-toc-heading-level-2'><a class=\"ez-toc-link ez-toc-heading-3\" href=\"https:\/\/www.fenomist.com\/blog\/instagram-sessiz-mod-nedir\/#Sessiz_Mod_Ozelligini_Kapadiginizda_Ne_Olacaktir\" >Sessiz Mod \u00d6zelli\u011fini Kapad\u0131\u011f\u0131n\u0131zda Ne Olacakt\u0131r?<\/a><\/li><li class='ez-toc-page-1 ez-toc-heading-level-2'><a class=\"ez-toc-link ez-toc-heading-4\" href=\"https:\/\/www.fenomist.com\/blog\/instagram-sessiz-mod-nedir\/#Sessiz_Mod_Ozelliginden_Herkes_Yararlanabilecek_mi\" >Sessiz Mod \u00d6zelli\u011finden Herkes Yararlanabilecek mi?<\/a><\/li><li class='ez-toc-page-1 ez-toc-heading-level-2'><a class=\"ez-toc-link ez-toc-heading-5\" href=\"https:\/\/www.fenomist.com\/blog\/instagram-sessiz-mod-nedir\/#Instagram_Sessiz_Mod_Ozelligini_Kullanmaniz_Icin_Nedenler\" >Instagram Sessiz Mod \u00d6zelli\u011fini Kullanman\u0131z \u0130\u00e7in Nedenler<\/a><\/li><li class='ez-toc-page-1 ez-toc-heading-level-2'><a class=\"ez-toc-link ez-toc-heading-6\" href=\"https:\/\/www.fenomist.com\/blog\/instagram-sessiz-mod-nedir\/#Sonuc\" >Sonu\u00e7<\/a><ul class='ez-toc-list-level-3' ><li class='ez-toc-heading-level-3'><a class=\"ez-toc-link ez-toc-heading-7\" href=\"https:\/\/www.fenomist.com\/blog\/instagram-sessiz-mod-nedir\/#Bu_makale_faydali_miydi\" >Bu makale faydal\u0131 m\u0131yd\u0131?<\/a><\/li><\/ul><\/li><li class='ez-toc-page-1 ez-toc-heading-level-2'><a class=\"ez-toc-link ez-toc-heading-8\" href=\"https:\/\/www.fenomist.com\/blog\/instagram-sessiz-mod-nedir\/#Hakkinda_Sikca_Sorulan_Sorular\" >Hakk\u0131nda S\u0131k\u00e7a Sorulan Sorular<\/a><\/li><\/ul><\/nav><\/div>\n\n\n\n\n<figure class=\"wp-block-embed aligncenter is-type-video is-provider-youtube wp-block-embed-youtube wp-embed-aspect-16-9 wp-has-aspect-ratio\"><div class=\"wp-block-embed__wrapper\">\n<iframe title=\"Instagram Sakin Mod Nedir? \/Sakin Mod \u00d6zelli\u011fi A\u00e7ma Ve Kapatma Nas\u0131l Yap\u0131l\u0131r?\" width=\"640\" height=\"360\" src=\"https:\/\/www.youtube.com\/embed\/gdQQwBAIaRE?feature=oembed\" frameborder=\"0\" allow=\"accelerometer; autoplay; clipboard-write; encrypted-media; gyroscope; picture-in-picture; web-share\" referrerpolicy=\"strict-origin-when-cross-origin\" allowfullscreen><\/iframe><script type=\"application\/ld+json\">\n    {\n      \"@context\": \"https:\/\/schema.org\",\n      \"@type\": \"VideoObject\",\n      \"name\": \"Instagram Sakin Mod Nedir? \/Sakin Mod \u00d6zelli\u011fi A\u00e7ma Ve Kapatma Nas\u0131l Yap\u0131l\u0131r?\",\n      \"description\": \"Instagram Sessiz Mod Nedir?\",\n      \"thumbnailUrl\": \"https:\/\/i.ytimg.com\/vi_webp\/gdQQwBAIaRE\/mqdefault.webp\",\n      \"embedUrl\": \"https:\/\/www.youtube.com\/embed\/gdQQwBAIaRE?feature=oembed\",\n      \"uploadDate\": \"January 28, 2025 1:49 pm\"\n    }\n    <\/script>\n<\/div><\/figure>\n\n\n\n<p>Instagram sessiz modu tercih etti\u011finizde uygulama size bildirimlerin g\u00f6nderimini durduracakt\u0131r. Sessiz moda ge\u00e7ti\u011finiz zaman DM\u2019den gelen mesajlar\u0131n\u0131za uygulama sizin ad\u0131n\u0131za otomatik bir yan\u0131t g\u00f6ndererek sessiz modunuzun a\u00e7\u0131k oldu\u011funu belirtecektir. Bu otomatik yan\u0131t sayesinde size DM g\u00f6nderen kullan\u0131c\u0131lar sessiz modunuzun a\u00e7\u0131k oldu\u011funu \u00f6\u011frenebilecektir.<\/p>\n\n\n<div class=\"bestSellListContainer bestByProduct price w-100\">\n    <div class=\"bestSellList best-card\">\n        <div class=\"bestSell-list bestsell nowrap slick-initialized slick-slider\" data-slide=\"12\">\n            <div class=\"slick-list swiper best-product-slider draggable\">\n                <div class=\"slick-track swiper-wrapper\">\n<div class=\"slide swiper-slide slick-slide\" data-slick-index=\"3\"\n     aria-hidden=\"true\"\n     tabindex=\"-1\">\n    <div class=\"card border-bestSell\">\n        <a href=\"https:\/\/www.fenomist.com\/instagram-turk-takipci?amount=2500&ps4\" class=\"stretched-link blog-product-slider\" target=\"_blank\"\n           tabindex=\"-1\"><\/a>\n        <div class=\"card-header btn-like-color btn-like-bg-color\">\n           <img decoding=\"async\" src=\"https:\/\/www.fenomist.com\/blog\/wp-content\/uploads\/instagram-takipci-slide.webp\" width=\"64\" height=\"64\">\n        <\/div>\n        <div class=\"card-body\">\n            <div class=\"best-name btn-like-color\">Instagram Takip\u00e7i<\/div>\n            <div class=\"best-amount\">2.500<\/div>\n            <hr class=\"border-like\">\n        <\/div>\n        <div class=\"card-footer\">\n            <div class='best-discount'>%36 Discounted<\/div>            <div>\n                <p class='pricesClass pricesOld'> 625\u20ba <\/p>                <p class=\"h4 text-black\">397.25\u20ba<\/p>\n            <\/div>\n            <input type=\"button\" value=\"Buy Now\" class=\"btn-primary btn\">\n        <\/div>\n    <\/div>\n<\/div>\n<div class=\"slide swiper-slide slick-slide\" data-slick-index=\"3\"\n     aria-hidden=\"true\"\n     tabindex=\"-1\">\n    <div class=\"card border-bestSell\">\n        <a href=\"https:\/\/www.fenomist.com\/instagram-begeni-satin-al?amount=250&ps4\" class=\"stretched-link blog-product-slider\" target=\"_blank\"\n           tabindex=\"-1\"><\/a>\n        <div class=\"card-header btn-like-color btn-like-bg-color\">\n           <img decoding=\"async\" src=\"https:\/\/www.fenomist.com\/blog\/wp-content\/uploads\/instagram-begeni-slide.webp\" width=\"64\" height=\"64\">\n        <\/div>\n        <div class=\"card-body\">\n            <div class=\"best-name btn-like-color\">Instagram Be\u011feni<\/div>\n            <div class=\"best-amount\">250<\/div>\n            <hr class=\"border-like\">\n        <\/div>\n        <div class=\"card-footer\">\n            <div class='best-discount'>%40 Discounted<\/div>            <div>\n                <p class='pricesClass pricesOld'> 34.38\u20ba <\/p>                <p class=\"h4 text-black\">20.75\u20ba<\/p>\n            <\/div>\n            <input type=\"button\" value=\"Buy Now\" class=\"btn-primary btn\">\n        <\/div>\n    <\/div>\n<\/div>\n<div class=\"slide swiper-slide slick-slide\" data-slick-index=\"3\"\n     aria-hidden=\"true\"\n     tabindex=\"-1\">\n    <div class=\"card border-bestSell\">\n        <a href=\"https:\/\/www.fenomist.com\/tiktok-takipci-satin-al?amount=2500&ps4\" class=\"stretched-link blog-product-slider\" target=\"_blank\"\n           tabindex=\"-1\"><\/a>\n        <div class=\"card-header btn-like-color btn-like-bg-color\">\n           <img decoding=\"async\" src=\"https:\/\/www.fenomist.com\/blog\/wp-content\/uploads\/tiktok-begeni-slide.webp\" width=\"64\" height=\"64\">\n        <\/div>\n        <div class=\"card-body\">\n            <div class=\"best-name btn-like-color\">TikTok Takip\u00e7i<\/div>\n            <div class=\"best-amount\">2.500<\/div>\n            <hr class=\"border-like\">\n        <\/div>\n        <div class=\"card-footer\">\n            <div class='best-discount'>%65 Discounted<\/div>            <div>\n                <p class='pricesClass pricesOld'> 750\u20ba <\/p>                <p class=\"h4 text-black\">262.5\u20ba<\/p>\n            <\/div>\n            <input type=\"button\" value=\"Buy Now\" class=\"btn-primary btn\">\n        <\/div>\n    <\/div>\n<\/div>\n<div class=\"slide swiper-slide slick-slide\" data-slick-index=\"3\"\n     aria-hidden=\"true\"\n     tabindex=\"-1\">\n    <div class=\"card border-bestSell\">\n        <a href=\"https:\/\/www.fenomist.com\/tiktok-begeni-satin-al?amount=100&ps4\" class=\"stretched-link blog-product-slider\" target=\"_blank\"\n           tabindex=\"-1\"><\/a>\n        <div class=\"card-header btn-like-color btn-like-bg-color\">\n           <img decoding=\"async\" src=\"https:\/\/www.fenomist.com\/blog\/wp-content\/uploads\/tiktok-begeni-slide.webp\" width=\"64\" height=\"64\">\n        <\/div>\n        <div class=\"card-body\">\n            <div class=\"best-name btn-like-color\">TikTok Be\u011feni<\/div>\n            <div class=\"best-amount\">100<\/div>\n            <hr class=\"border-like\">\n        <\/div>\n        <div class=\"card-footer\">\n            <div class='best-discount'>%20 Discounted<\/div>            <div>\n                <p class='pricesClass pricesOld'> 19.9\u20ba <\/p>                <p class=\"h4 text-black\">15.99\u20ba<\/p>\n            <\/div>\n            <input type=\"button\" value=\"Buy Now\" class=\"btn-primary btn\">\n        <\/div>\n    <\/div>\n<\/div>\n<div class=\"slide swiper-slide slick-slide\" data-slick-index=\"3\"\n     aria-hidden=\"true\"\n     tabindex=\"-1\">\n    <div class=\"card border-bestSell\">\n        <a href=\"https:\/\/www.fenomist.com\/instagram-yorum-satin-al?amount=10&ps4\" class=\"stretched-link blog-product-slider\" target=\"_blank\"\n           tabindex=\"-1\"><\/a>\n        <div class=\"card-header btn-like-color btn-like-bg-color\">\n           <img decoding=\"async\" src=\"https:\/\/www.fenomist.com\/blog\/wp-content\/uploads\/instagram-takipci-slide.webp\" width=\"64\" height=\"64\">\n        <\/div>\n        <div class=\"card-body\">\n            <div class=\"best-name btn-like-color\">Instagram Yorum<\/div>\n            <div class=\"best-amount\">10<\/div>\n            <hr class=\"border-like\">\n        <\/div>\n        <div class=\"card-footer\">\n            <div class='best-discount'>%4 Discounted<\/div>            <div>\n                <p class='pricesClass pricesOld'> 30.08\u20ba <\/p>                <p class=\"h4 text-black\">28.85\u20ba<\/p>\n            <\/div>\n            <input type=\"button\" value=\"Buy Now\" class=\"btn-primary btn\">\n        <\/div>\n    <\/div>\n<\/div>\n<\/div>\n<div class=\"custom-pagination swiper-pagination\"><\/div>\n<\/div>\n<\/div>\n<\/div>\n<\/div>\n\n\n\n\n\n<ul class=\"wp-block-list\">\n<li>Instagram\u2019da sessiz moda ge\u00e7i\u015f yapt\u0131\u011f\u0131n\u0131zda profilinizde bu konuda bir uyar\u0131 da yer alacakt\u0131r. Yani takip\u00e7ileriniz ve arkada\u015flar\u0131n\u0131z size DM g\u00f6nderece\u011fi zaman rahats\u0131z edilmek istemedi\u011finizi ve sessiz modunuzun a\u00e7\u0131k oldu\u011funu anlam\u0131\u015f olur.&nbsp;<\/li>\n\n\n\n<li>Instagram sessiz mod \u00f6zelli\u011finde ne kadar s\u00fcre sessiz modda kalmak istedi\u011finiz sizin tercihinize ba\u011fl\u0131 olacakt\u0131r. Sessiz mod \u00f6zelli\u011fini a\u00e7t\u0131\u011f\u0131n\u0131zda \u00f6zelle\u015ftirmeleri kendinize g\u00f6re ger\u00e7ekle\u015ftirerek kullanmaya haz\u0131r hale getirebilirsiniz.&nbsp;<\/li>\n\n\n\n<li>Instagram sizler i\u00e7in sessiz moda ge\u00e7meniz konusunda da uyar\u0131larda bulunacakt\u0131r. \u00d6zellikle gece ge\u00e7 saatlerde Instagram kullan\u0131m\u0131n\u0131zda art\u0131\u015f varsa sessiz moda ge\u00e7meniz i\u00e7in size bir uyar\u0131 g\u00f6nderecektir. Instagram sessiz moddan \u00e7\u0131kt\u0131\u011f\u0131n\u0131z zaman da size uygulamadan sessiz modun a\u00e7\u0131k oldu\u011fu s\u00fcre boyunca gelen bildirimler hakk\u0131nda bir \u00f6zet de sa\u011flaancakt\u0131r. Bu sayede sosyal medya kullan\u0131m\u0131n\u0131z\u0131 d\u00fczenli bir \u015fekilde ger\u00e7ekle\u015ftirmi\u015f olacaks\u0131n\u0131z.&nbsp;<\/li>\n<\/ul>\n\n\n<div class=\"wp-block-image\">\n<figure class=\"aligncenter size-full\"><img loading=\"lazy\" decoding=\"async\" width=\"960\" height=\"480\" src=\"https:\/\/www.fenomist.com\/blog\/wp-content\/uploads\/instagram-sessiz-mod-ozelligi-nasil-acilir.jpg\" alt=\"Instagram Sessiz Mod \u00d6zelli\u011fi Nas\u0131l A\u00e7\u0131l\u0131r\" class=\"wp-image-41273\" srcset=\"https:\/\/www.fenomist.com\/blog\/wp-content\/uploads\/instagram-sessiz-mod-ozelligi-nasil-acilir.jpg 960w, https:\/\/www.fenomist.com\/blog\/wp-content\/uploads\/instagram-sessiz-mod-ozelligi-nasil-acilir-768x384.jpg 768w\" sizes=\"(max-width: 960px) 100vw, 960px\" \/><\/figure><\/div>\n\n\n<h2 class=\"wp-block-heading\"><span class=\"ez-toc-section\" id=\"Instagram_Sessiz_Mod_Ozelligi_Nasil_Acilir\"><\/span>Instagram Sessiz Mod \u00d6zelli\u011fi Nas\u0131l A\u00e7\u0131l\u0131r?<span class=\"ez-toc-section-end\"><\/span><\/h2>\n\n\n\n<p>Instagram sessiz mod \u00f6zelli\u011fini kullanmak isteyen kullan\u0131c\u0131lar bu \u00f6zelli\u011fin nas\u0131l a\u00e7\u0131ld\u0131\u011f\u0131n\u0131 merak etmektedir. Bu nedenle sizler i\u00e7in a\u015fa\u011f\u0131da detayl\u0131 bir \u015fekilde ad\u0131mlar bulunmaktad\u0131r. Sizlerde bu ad\u0131mlar\u0131 takip ederek Instagram sessiz mod \u00f6zelli\u011finden yararlanabilirsiniz.&nbsp;<\/p>\n\n\n\n<ol class=\"wp-block-list\">\n<li>Instagram uygulamas\u0131nda hesab\u0131n\u0131za giri\u015f yapmal\u0131s\u0131n\u0131z. Daha sonra profilinize girdi\u011finizde profil simgesine t\u0131klaman\u0131z gerekmektedir.&nbsp;<\/li>\n\n\n\n<li>Profil simgesine t\u0131klad\u0131ktan sonra sa\u011f \u00fcst k\u00f6\u015fede bulunan \u00fc\u00e7 yatay \u00e7izgi i\u015faretine t\u0131klamal\u0131s\u0131n\u0131z.&nbsp;<\/li>\n\n\n\n<li>Kar\u015f\u0131n\u0131za \u00e7\u0131kacak olan men\u00fcde \u2018\u2019Ayarlar\u2019\u2019 se\u00e7ene\u011fine t\u0131klad\u0131ktan sonra kar\u015f\u0131n\u0131za bildirimler \u00e7\u0131kacakt\u0131r.&nbsp;<\/li>\n\n\n\n<li>Bildirimler k\u0131sm\u0131nda \u2018\u2019Sessiz Mod\u2019\u2019 tu\u015funu g\u00f6rmeniz m\u00fcmk\u00fcnd\u00fcr. Bu sessiz mod tu\u015funu a\u00e7arak istedi\u011fini \u00f6zelle\u015ftirmeler ger\u00e7ekle\u015ftirip kullanmaya haz\u0131r hale getirebilirsiniz.&nbsp;<\/li>\n\n\n\n<li>Sessiz mod s\u00fcresini kendinize g\u00f6re ayarlayarak sizin i\u00e7in belirledi\u011finiz g\u00fcnlerde \u00e7al\u0131\u015fmas\u0131n\u0131 sa\u011flayabilirsiniz. B\u00f6ylelikle aktifle\u015ftirmi\u015f oldu\u011funuz sessiz mod se\u00e7ene\u011fi ile uygulama bildirimleri size gelmeyecektir.&nbsp;<\/li>\n<\/ol>\n\n\n\n<p>Sessiz mod \u00f6zelli\u011fini istedi\u011finiz zaman ayn\u0131 yerden kapayabilirsiniz. B\u00f6ylelikle sessiz modu kullanarak rahats\u0131z edilmekten uzak duracaks\u0131n\u0131z. \u0130\u015finize, okulunuza ve hayat\u0131n\u0131za odaklanman\u0131z i\u00e7in sessiz mod size s\u0131n\u0131rlama sa\u011flayacakt\u0131r. D\u00fczenli ve daha odakl\u0131 bir ya\u015fam tarz\u0131 benimsemek isteyen insanlar i\u00e7in tercih edilebilir bir \u00f6zelliktir.&nbsp;<\/p>\n\n\n\n<h2 class=\"wp-block-heading\"><span class=\"ez-toc-section\" id=\"Sessiz_Mod_Ozelligi_Kimlere_Hitap_Etmektedir\"><\/span>Sessiz Mod \u00d6zelli\u011fi Kimlere Hitap Etmektedir?<span class=\"ez-toc-section-end\"><\/span><\/h2>\n\n\n\n<p>Sessiz mod g\u00fcncellemesini getiren Instagram platformu yeniliklerine devam etmektedir. \u00d6zellikle \u00fczerinde \u00e7al\u0131\u015f\u0131lmakta olan sessiz mod \u00f6zelli\u011fi gen\u00e7lere y\u00f6nelik bir \u015fekilde ilerlemektedir. Sosyal medyay\u0131 s\u0131kl\u0131kla kullanan gen\u00e7 kullan\u0131c\u0131lar\u0131n kendilerine zaman ay\u0131rmas\u0131 i\u00e7in d\u00fczenleyici bir sistemi sa\u011flayacak olan sessiz mod \u00f6zelli\u011fi ebeveynler i\u00e7in kurtar\u0131c\u0131 nitelikte olacakt\u0131r. Ayn\u0131 zamanda sessiz mod \u00f6zelli\u011fi kullan\u0131c\u0131lar\u0131 mola verme d\u0131\u015f\u0131nda ger\u00e7ek d\u00fcnyaya odaklanmak konusunda da size destek sa\u011flayacakt\u0131r. Size s\u00fcrekli ula\u015fabilece\u011fini d\u00fc\u015f\u00fcnen arkada\u015flar, takip\u00e7iler i\u00e7in kendinize bir s\u0131n\u0131rlama koyaca\u011f\u0131n\u0131z sessiz moddan yararlan\u0131p i\u015f ya\u015fant\u0131n\u0131za, ailenize ve hobilerinize daha fazla vakit ay\u0131r\u0131p yapt\u0131\u011f\u0131n\u0131z aktiviteleri verimli bir \u015fekilde ge\u00e7irebilirsiniz.&nbsp;<\/p>\n\n\n\n<ul class=\"wp-block-list\">\n<li>Gen\u00e7leri hedefleyen bu \u00f6zellik onlar\u0131 sosyal medyan\u0131n etkisinden kurtarmay\u0131 da ama\u00e7lamaktad\u0131r. \u00d6zellikle gen\u00e7ler Instagram\u2019\u0131 mesajla\u015fma ve vakit ge\u00e7irmek i\u00e7in s\u0131kl\u0131kla tercih etmektedir. Bu nedenle okul hayat\u0131n\u0131 ve onlar\u0131n ger\u00e7ek hayata olan ba\u011flant\u0131s\u0131 Instagram nedeniyle etkilenmektedir. Sessiz modu a\u00e7an gen\u00e7ler Instagram\u2019a ay\u0131raca\u011f\u0131 vaktin \u00f6n\u00fcne ge\u00e7erek kendi s\u0131n\u0131rlamalar\u0131n\u0131 sa\u011flayabilecektir. Ayr\u0131ca geceleri verimli bir uyku isteyen insanlar bildirimlerden ka\u00e7\u0131nmak i\u00e7in sessiz modu a\u00e7arak geceleri uykular\u0131n\u0131 kesintisiz bir \u015fekilde ya\u015fayacakt\u0131r.&nbsp;<\/li>\n<\/ul>\n\n\n\n<h2 class=\"wp-block-heading\"><span class=\"ez-toc-section\" id=\"Sessiz_Mod_Ozelligini_Kapadiginizda_Ne_Olacaktir\"><\/span>Sessiz Mod \u00d6zelli\u011fini Kapad\u0131\u011f\u0131n\u0131zda Ne Olacakt\u0131r?<span class=\"ez-toc-section-end\"><\/span><\/h2>\n\n\n\n<p>Sessiz mod \u00f6zelli\u011fini a\u00e7an kullan\u0131c\u0131lar bu \u00f6zelli\u011fi kapad\u0131klar\u0131nda ne olaca\u011f\u0131n\u0131 da merak etmektedir. Instagram sizin i\u00e7in bunu da planlam\u0131\u015ft\u0131r. Platformdan uzakla\u015ft\u0131\u011f\u0131n\u0131z s\u00fcre boyunca size gelen DM ve bildirimler hakk\u0131nda haz\u0131rlanm\u0131\u015f olan \u00f6zet, sessiz mod kapand\u0131\u011f\u0131nda size sunulacakt\u0131r. Bu sayede sessiz mod a\u00e7\u0131kken neleri ka\u00e7\u0131rd\u0131\u011f\u0131n\u0131z\u0131 \u00f6zeti inceleyerek okumu\u015f olacaks\u0131n\u0131z.&nbsp;<\/p>\n\n\n\n<ul class=\"wp-block-list\">\n<li>Instagram, sessiz mod \u00f6zelli\u011fi d\u0131\u015f\u0131nda gen\u00e7lerin gizlili\u011fini korumak, reklam hedeflerini s\u0131n\u0131rlamak ve gen\u00e7lerin uygun olmayan i\u00e7eriklere eri\u015fimini k\u0131s\u0131tlamaka amac\u0131yla ek \u00f6zellikler de geli\u015ftirmektedir. Ebeveynlerin y\u00f6netimini kolayla\u015ft\u0131racak olan mevcut yenilikler de sessiz mod ile platforma eklenmektedir.&nbsp;<\/li>\n<\/ul>\n\n\n\n<h2 class=\"wp-block-heading\"><span class=\"ez-toc-section\" id=\"Sessiz_Mod_Ozelliginden_Herkes_Yararlanabilecek_mi\"><\/span>Sessiz Mod \u00d6zelli\u011finden Herkes Yararlanabilecek mi?<span class=\"ez-toc-section-end\"><\/span><\/h2>\n\n\n\n<p>Instagram, sessiz mod \u00f6zelli\u011fini ABD, Birle\u015fik Krall\u0131k, \u0130rlanda, Kanada, Avustralya ve Yeni Zelanda\u2019daki kullan\u0131c\u0131lara sunmaktad\u0131r. \u00d6nceli\u011fi bu \u00fclkelere veren platform ilerleyen zamanlarda daha fazla \u00fclkeye bu \u00f6zelli\u011fi yaymay\u0131 hedeflemektedir. B\u00f6ylelikle sessiz mod \u00f6zelli\u011fi bir\u00e7ok kullan\u0131c\u0131 taraf\u0131ndan kullan\u0131c\u0131lacak ve ya\u015fant\u0131n\u0131zda tercih edece\u011finiz bir yenilik olacak gibi g\u00f6z\u00fckmektedir.&nbsp;&nbsp;<\/p>\n\n\n\n<ul class=\"wp-block-list\">\n<li>Sizlerde Instagram\u2019a giri\u015f yapt\u0131\u011f\u0131n\u0131zda sessiz mod \u00f6zelli\u011fini g\u00f6remiyorsan\u0131z bu \u00f6zellik size daha sunulmam\u0131\u015ft\u0131r. Instagram yeni \u00f6zelli\u011fini a\u015famal\u0131 bir \u015fekilde sunarak ilerlemektedir. Bu nedenle sessiz mod \u00f6zelli\u011fi k\u00fcresel olarak sunulaca\u011f\u0131 vakte kadar beklemeniz gerekmektedir. Sessiz mod \u00f6zelli\u011fini kullanmak istiyorsan\u0131z Instagram\u2019\u0131n\u0131z\u0131 d\u00fczenli bir \u015fekilde g\u00fcncellemelisiniz. Bu sayede Instagram\u2019a gelen yenilikleri g\u00fcncellemeler sayesinde g\u00f6r\u00fcnt\u00fclemi\u015f ve incelemi\u015f olacaks\u0131n\u0131z. <a href=\"https:\/\/www.fenomist.com\/blog\/instagram-guncelleme-nasil-yapilir\" target=\"_blank\" rel=\"noopener\">Instagram g\u00fcncelleme<\/a> sonras\u0131nda g\u00fcncel s\u00fcr\u00fcm\u00fc sa\u011flad\u0131\u011f\u0131n\u0131z cihaz\u0131n\u0131zda sessiz modun geldi\u011fini g\u00f6rd\u00fc\u011f\u00fcn\u00fczde deneyebilirsiniz.&nbsp;<\/li>\n<\/ul>\n\n\n\n<p>Sessiz mod \u00f6zelli\u011fi hakk\u0131nda detayl\u0131 bilgilendirmeleri Instagram\u2019dan da takip ederek beklemede kalabilirsiniz. \u00dclkenize veya b\u00f6lgenize gelecek olan g\u00fcncelleme ile yeni s\u00fcr\u00fcm\u00fc deneyip sessiz modu kullanarak ya\u015fant\u0131n\u0131z\u0131 d\u00fczenlemeye ne dersiniz? \u0130\u015fte kendinize vakit ay\u0131rmak ve Instagram d\u00fcnyas\u0131ndan uzakla\u015fmak i\u00e7in f\u0131rsat size geliyor.&nbsp;<\/p>\n\n\n\n<figure class=\"wp-block-image size-full\"><img loading=\"lazy\" decoding=\"async\" width=\"960\" height=\"480\" src=\"https:\/\/www.fenomist.com\/blog\/wp-content\/uploads\/instagram-sessiz-mod-ozelligini-kullanmaniz-icin-nedenler.jpg\" alt=\"Instagram Sessiz Mod \u00d6zelli\u011fini Kullanman\u0131z \u0130\u00e7in Nedenler\" class=\"wp-image-41274\"\/><\/figure>\n\n\n\n<h2 class=\"wp-block-heading\"><span class=\"ez-toc-section\" id=\"Instagram_Sessiz_Mod_Ozelligini_Kullanmaniz_Icin_Nedenler\"><\/span>Instagram Sessiz Mod \u00d6zelli\u011fini Kullanman\u0131z \u0130\u00e7in Nedenler<span class=\"ez-toc-section-end\"><\/span><\/h2>\n\n\n\n<p>G\u00fcnl\u00fck ya\u015fant\u0131n\u0131zda Instagram\u2019da fazla vakit ge\u00e7irdi\u011finizi mi d\u00fc\u015f\u00fcn\u00fcyorsunuz? \u0130\u015f hayat\u0131n\u0131zda, okulda bildirimler sizin dikkatinizi da\u011f\u0131t\u0131yorsa Instagram sizler i\u00e7in olduk\u00e7a i\u015finize yarayacak bir g\u00fcncelleme getirmektedir. Instagram\u2019\u0131n getirece\u011fi yenilik olan sessiz modu neden kullanman\u0131z gerekti\u011fini merak ediyorsan\u0131z do\u011fru yerdesiniz. \u0130\u015fte sessiz modu kullanman\u0131z i\u00e7in en iyi nedenler:<\/p>\n\n\n\n<ul class=\"wp-block-list\">\n<li>\u0130\u015f hayat\u0131n\u0131zda i\u015flerinize odaklanman\u0131z gerekirken veya ders \u00e7al\u0131\u015f\u0131yorken telefonunuza gelen Instagram bildirimlerine bakmadan duram\u0131yorsan\u0131z sessiz modu a\u00e7arak hem bildirimlerin size ula\u015fmas\u0131n\u0131 engelleyebilir hem de takip\u00e7ilerinizin sizin rahats\u0131z edilmek istemedi\u011finizi g\u00f6r\u00fcnt\u00fclemelerini sa\u011flayabilirsiniz.&nbsp;<\/li>\n\n\n\n<li>Geceleri uykunuzu verimli bir \u015fekilde ge\u00e7irmek istedi\u011finizde Instagram\u2019dan gelen DM bildirimleri nedeniyle bazen uykunuzdan kalk\u0131p bildirimleri inceliyor olabilirsiniz. Bu duruma son vermek sessiz mod sayesinde sa\u011flanabilir. Sessiz modu a\u00e7t\u0131\u011f\u0131n\u0131zda geceleri rahats\u0131z edilmeden verimli bir uyku ge\u00e7irmek sizin elinizdedir.&nbsp;<\/li>\n\n\n\n<li>Ebeveynler, gen\u00e7lerin okul ya\u015fant\u0131s\u0131na veya sosyal hayat\u0131na odaklanmak yerine Instagram gibi sosyal medya platformlar\u0131nda ge\u00e7irdikleri zamandan rahats\u0131zd\u0131r. Bu nedenle gen\u00e7lerin tercih edece\u011fi sessiz mod \u00f6zelli\u011fi ile derslere ve sosyal hayata odaklanmak daha rahat olacakt\u0131r. Gen\u00e7 kullan\u0131c\u0131lar Instagram bildirimlerinden uzak kalarak sosyal hayatlar\u0131na ve okuldaki e\u011fitimlerine daha odakl\u0131 olacakt\u0131r.&nbsp;<\/li>\n<\/ul>\n\n\n\n<p>Instagram kullan\u0131m\u0131n\u0131n fazla oldu\u011funu d\u00fc\u015f\u00fcnen t\u00fcm kullan\u0131c\u0131lar sessiz moddan yararlanarak ya\u015fant\u0131lar\u0131 i\u00e7in Instagram s\u0131n\u0131rland\u0131rmalar\u0131n\u0131 sa\u011flam\u0131\u015f olacakt\u0131r. Sizlerde kendinize vakit ay\u0131rmak ve Instagram\u2019\u0131n bildirimlerinden bir s\u00fcreli\u011fine uzakla\u015fmak i\u00e7in sessiz modu denemeye haz\u0131r olun.&nbsp;<\/p>\n\n\n\n<figure class=\"wp-block-embed aligncenter is-type-video is-provider-youtube wp-block-embed-youtube wp-embed-aspect-16-9 wp-has-aspect-ratio\"><div class=\"wp-block-embed__wrapper\">\n<iframe title=\"Instagram Sessiz Modu se\u00e7ene\u011finin g\u00f6sterilmemesi Nas\u0131l Onar\u0131l\u0131r (2023)\" width=\"640\" height=\"360\" src=\"https:\/\/www.youtube.com\/embed\/DskI_tX_e6Y?feature=oembed\" frameborder=\"0\" allow=\"accelerometer; autoplay; clipboard-write; encrypted-media; gyroscope; picture-in-picture; web-share\" referrerpolicy=\"strict-origin-when-cross-origin\" allowfullscreen><\/iframe><script type=\"application\/ld+json\">\n    {\n      \"@context\": \"https:\/\/schema.org\",\n      \"@type\": \"VideoObject\",\n      \"name\": \"Instagram Sessiz Modu se\u00e7ene\u011finin g\u00f6sterilmemesi Nas\u0131l Onar\u0131l\u0131r (2023)\",\n      \"description\": \"Instagram Sessiz Mod Nedir?\",\n      \"thumbnailUrl\": \"https:\/\/i.ytimg.com\/vi_webp\/DskI_tX_e6Y\/mqdefault.webp\",\n      \"embedUrl\": \"https:\/\/www.youtube.com\/embed\/DskI_tX_e6Y?feature=oembed\",\n      \"uploadDate\": \"January 28, 2025 1:49 pm\"\n    }\n    <\/script>\n<\/div><\/figure>\n\n\n\n<h2 class=\"wp-block-heading\"><span class=\"ez-toc-section\" id=\"Sonuc\"><\/span>Sonu\u00e7<span class=\"ez-toc-section-end\"><\/span><\/h2>\n\n\n\n<p>Instagram yeniliklerinden biri olan sessiz mod \u00f6zelli\u011fi baz\u0131 \u00fclkelerde yeni gelen g\u00fcncelleme ile kullan\u0131c\u0131lar taraf\u0131ndan kullan\u0131lmaya ba\u015flanm\u0131\u015ft\u0131r. \u0130lerleyen zamanlarda t\u00fcm \u00fclkelerdeki kullan\u0131c\u0131lar i\u00e7in kullan\u0131lmaya haz\u0131rlan\u0131lan bu \u00f6zellik sayesinde insanlar Instagram kullan\u0131m\u0131n\u0131 s\u0131n\u0131rland\u0131rabilmektedir. Gen\u00e7 kullan\u0131c\u0131lar\u0131n sosyal hayatlar\u0131na ve okullar\u0131na odaklanabilmesi ve di\u011fer kullan\u0131c\u0131lar\u0131n da Instagram kullan\u0131m\u0131n\u0131 do\u011fru \u015fekilde y\u00f6netebilmesi i\u00e7in sessiz mod \u00f6zelli\u011finin etkili olaca\u011f\u0131 d\u00fc\u015f\u00fcn\u00fclmektedir.<\/p>\n\n\n\n<p>Instagram\u2019\u0131n yeni sunaca\u011f\u0131 \u00f6zellik kullan\u0131c\u0131lar taraf\u0131ndan merakla beklenmektedir. Baz\u0131 \u00fclkelerde kullan\u0131ma a\u00e7\u0131lm\u0131\u015f olan bu \u00f6zellik hakk\u0131nda merak edilen bir\u00e7ok soru bulunmaktad\u0131r. Sizler i\u00e7in a\u015fa\u011f\u0131da en s\u0131k sorulan sorular\u0131 ve cevaplar\u0131n\u0131 payla\u015ft\u0131k. \u0130ncelemeye ba\u015flayabilirsiniz.<\/p>\n\n\n\n<div class=\"schema-faq wp-block-yoast-faq-block\">   <\/div>\n\r\n\t\t\t<div id=\"daexthefu-container\"\r\n\t\t\t\tclass=\"daexthefu-container daexthefu-layout-side-by-side daexthefu-alignment-left\"\r\n\t\t\t\tdata-post-id=\"40608\">\r\n\r\n\t\t\t\t<div class=\"daexthefu-feedback\">\r\n\t\t\t\t\t<div class=\"daexthefu-text\">\r\n\t\t\t\t\t\t<h3 class=\"daexthefu-title\"><span class=\"ez-toc-section\" id=\"Bu_makale_faydali_miydi\"><\/span>Bu makale faydal\u0131 m\u0131yd\u0131?<span class=\"ez-toc-section-end\"><\/span><\/h3>\r\n\t\t\t\t\t<\/div>\r\n\t\t\t\t\t<div class=\"daexthefu-buttons-container\">\r\n\t\t\t\t\t\t<div class=\"daexthefu-buttons\">\r\n\t\t\t\t\t\t\t\r\n\t\t\t<div class=\"daexthefu-yes daexthefu-button daexthefu-button-type-text\" data-value=\"1\">\r\n\t\t\t\t<div class=\"daexthefu-button-text\">Faydal\u0131<\/div>\r\n\t\t\t<\/div>\r\n\r\n\t\t\t\t\t\t\t\t\t\t\r\n\t\t\t<div class=\"daexthefu-no daexthefu-button daexthefu-button-type-text\" data-value=\"0\">\r\n\t\t\t\t<div class=\"daexthefu-button-text\">Geli\u015ftirilmeli<\/div>\r\n\t\t\t<\/div>\r\n\r\n\t\t\t\t\t\t\t\t\t<\/div>\r\n\t\t\t\t\t<\/div>\r\n\t\t\t\t<\/div>\r\n\r\n\t\t\t\t<div class=\"daexthefu-comment\">\r\n\t\t\t\t\t<div class=\"daexthefu-comment-top-container\">\r\n\t\t\t\t\t\t<label id=\"daexthefu-comment-label\" class=\"daexthefu-comment-label\"><\/label>\r\n\t\t\t\t\t\t\t\t\t\t\t\t\t<div class=\"daexthefu-comment-character-counter-container\">\r\n\t\t\t\t\t\t\t\t<div id=\"daexthefu-comment-character-counter-number\"\r\n\t\t\t\t\t\t\t\t\tclass=\"daexthefu-comment-character-counter-number\"><\/div>\r\n\t\t\t\t\t\t\t\t<div class=\"daexthefu-comment-character-counter-text\"><\/div>\r\n\t\t\t\t\t\t\t<\/div>\r\n\t\t\t\t\t\t\t\t\t\t\t<\/div>\r\n\t\t\t\t\t<textarea id=\"daexthefu-comment-textarea\" class=\"daexthefu-comment-textarea\"\r\n\t\t\t\t\t\t\t\tplaceholder=\"Mesaj\u0131n\u0131z\u0131 giriniz\"\r\n\t\t\t\t\t\t\t\tmaxlength=\"\r\n\t\t\t\t\t\t\t\t400\t\t\t\t\t\t\t\t\t\"><\/textarea>\r\n\t\t\t\t\t<div class=\"daexthefu-comment-buttons-container\">\r\n\t\t\t\t\t\t<button class=\"daexthefu-comment-submit daexthefu-button\">G\u00f6nder<\/button>\r\n\t\t\t\t\t\t<button class=\"daexthefu-comment-cancel daexthefu-button\">\u0130ptal<\/button>\r\n\t\t\t\t\t<\/div>\r\n\t\t\t\t<\/div>\r\n\r\n\t\t\t\t<div class=\"daexthefu-successful-submission-text\">Geri bildirim i\u00e7in te\u015fekk\u00fcr ederiz!<\/div>\r\n\r\n\t\t\t<\/div>\r\n\r\n\t\t\t\n    <div class=\"container\">\n        <div class=\"faq accordion faq-drop\" id=\"accordion\">\n            <h2 class=\"accordion-title\"><span class=\"ez-toc-section\" id=\"Hakkinda_Sikca_Sorulan_Sorular\"><\/span> Hakk\u0131nda S\u0131k\u00e7a Sorulan Sorular<span class=\"ez-toc-section-end\"><\/span><\/h2>\n            <div class=\"col-md-12 faq-card\">\n                    <div class=\"card faq\">\n                        <div class=\"card-header collapsed d-flex justify-content-between align-items-center\" id=\"heading0\"\n                             data-toggle=\"collapse\" data-target=\"#collapse_0\" aria-expanded=\"true\" role=\"button\"\n                             aria-controls=\"collapse_0\">\n                            <div class=\"btn btn-link text-dark font-weight-bold\">\n                               Instagram Sessiz Mod \u00d6zelli\u011fi Kimleri Hedeflemektedir?\n                            <\/div>\n                            <div class=\"btn-toogle\">\n                                <span><\/span>\n                                <span><\/span>\n                            <\/div>\n                        <\/div>\n                        <div id=\"collapse_0\" class=\"collapse\" aria-labelledby=\"heading0\" data-parent=\"#accordion\">\n                            <div class=\"card-body\">\n                                <p>Instagram sessiz mod \u00f6zelli\u011fi \u00f6zellikle gen\u00e7 kullan\u0131c\u0131lar\u0131 hedeflemektedir. Gen\u00e7 kullan\u0131c\u0131lar\u0131n Instagram kullan\u0131m\u0131n\u0131 s\u0131n\u0131rland\u0131rabilmesi i\u00e7in bu \u00f6zelli\u011fin olduk\u00e7a faydal\u0131 olaca\u011f\u0131 d\u00fc\u015f\u00fcn\u00fclmektedir. Ayr\u0131ca i\u015flerine odaklanmak, ders \u00e7al\u0131\u015fmak isteyen kullan\u0131c\u0131lar i\u00e7in de etkili olacakt\u0131r.\u00a0<br\/><\/p>\n                            <\/div>\n                        <\/div>\n                        <\/div>\n                        \n                    <div class=\"card faq\">\n                        <div class=\"card-header collapsed d-flex justify-content-between align-items-center\" id=\"heading1\"\n                             data-toggle=\"collapse\" data-target=\"#collapse_1\" aria-expanded=\"true\" role=\"button\"\n                             aria-controls=\"collapse_1\">\n                            <div class=\"btn btn-link text-dark font-weight-bold\">\n                               Instagram Sessiz Mod \u00d6zelli\u011fini Kullanmak \u0130\u00e7in Ne Yapmal\u0131s\u0131n\u0131z?\n                            <\/div>\n                            <div class=\"btn-toogle\">\n                                <span><\/span>\n                                <span><\/span>\n                            <\/div>\n                        <\/div>\n                        <div id=\"collapse_1\" class=\"collapse\" aria-labelledby=\"heading1\" data-parent=\"#accordion\">\n                            <div class=\"card-body\">\n                                <p>Sessiz mod \u00f6zelli\u011fini kullanmak i\u00e7in Ayarlar se\u00e7ene\u011finden \u2018\u2019Bildirimler\u2019\u2019 k\u0131sm\u0131na girmelisiniz. Burada kar\u015f\u0131n\u0131za \u2018\u2019Sessiz Mod\u2019\u2019 se\u00e7ene\u011fi \u00e7\u0131kacakt\u0131r. Sessiz mod se\u00e7ene\u011fini a\u00e7arak kullanmaya ba\u015flayabilirsiniz.\u00a0<br\/><\/p>\n                            <\/div>\n                        <\/div>\n                        <\/div>\n                        \n                    <div class=\"card faq\">\n                        <div class=\"card-header collapsed d-flex justify-content-between align-items-center\" id=\"heading2\"\n                             data-toggle=\"collapse\" data-target=\"#collapse_2\" aria-expanded=\"true\" role=\"button\"\n                             aria-controls=\"collapse_2\">\n                            <div class=\"btn btn-link text-dark font-weight-bold\">\n                               Sessiz Mod \u00d6zelli\u011finden T\u00fcm Kullan\u0131c\u0131lar Faydalanabiliyor mu?\n                            <\/div>\n                            <div class=\"btn-toogle\">\n                                <span><\/span>\n                                <span><\/span>\n                            <\/div>\n                        <\/div>\n                        <div id=\"collapse_2\" class=\"collapse\" aria-labelledby=\"heading2\" data-parent=\"#accordion\">\n                            <div class=\"card-body\">\n                                <p>Instagram\u2019\u0131n yeni sunmu\u015f oldu\u011fu sessiz mod \u00f6zelli\u011finden \u015fu an belli ba\u015fl\u0131 \u00fclkelerdeki kullan\u0131c\u0131lar faydalanmaktad\u0131r. \u0130lerleyen zamanlarda Instagram, t\u00fcm \u00fclkelerdeki kullan\u0131c\u0131lar\u0131 i\u00e7in bu \u00f6zelli\u011fi g\u00fcncelleme ile sa\u011flayacakt\u0131r.\u00a0<br\/><\/p>\n                            <\/div>\n                        <\/div>\n                        <\/div>\n                        <\/div><\/div><\/div>","protected":false},"excerpt":{"rendered":"<p>Son zamanlar\u0131n en pop\u00fcler uygulamalar\u0131ndan biri olan Instagram, yeni sunaca\u011f\u0131 \u00f6zellik hakk\u0131nda \u00e7al\u0131\u015fmalar\u0131na devam etmektedir. Instagram sessiz mod olarak bilinen bu yeni \u00f6zellik insanlar\u0131n i\u015flerine odaklanmas\u0131na yard\u0131mc\u0131 olmay\u0131 ve sosyal medya hayat\u0131na bir d\u00fczen getirmeyi ama\u00e7lamakt\u0131r. Sizlerde Instagram\u2019da uzun zaman ge\u00e7irdi\u011finizi d\u00fc\u015f\u00fcn\u00fcyorsan\u0131z ve bu konuda bir s\u0131n\u0131rlama getirmekten yanaysan\u0131z sessiz [&hellip;]<\/p>\n","protected":false},"author":23,"featured_media":41271,"comment_status":"open","ping_status":"closed","sticky":false,"template":"","format":"standard","meta":{"_helpful_status":1,"footnotes":""},"categories":[1],"tags":[],"class_list":["post-40608","post","type-post","status-publish","format-standard","has-post-thumbnail","hentry","category-sosyal-medya","entry"],"yoast_head":"<!-- This site is optimized with the Yoast SEO plugin v26.5 - https:\/\/yoast.com\/wordpress\/plugins\/seo\/ -->\n<title>Instagram Sessiz Mod Nedir? - Fenomist.com<\/title>\n<meta name=\"description\" content=\"Instagram sessiz mod nedir? instagram sessiz mod nas\u0131l a\u00e7\u0131l\u0131r? Merak etti\u011finiz t\u00fcm sorular i\u00e7in hemen sayfam\u0131z\u0131 ziyaret edin!\" \/>\n<meta name=\"robots\" content=\"index, follow, max-snippet:-1, max-image-preview:large, max-video-preview:-1\" \/>\n<link rel=\"canonical\" href=\"https:\/\/www.fenomist.com\/blog\/instagram-sessiz-mod-nedir\" \/>\n<meta property=\"og:locale\" content=\"tr_TR\" \/>\n<meta property=\"og:type\" content=\"article\" \/>\n<meta property=\"og:title\" content=\"Instagram Sessiz Mod Nedir? - Fenomist.com\" \/>\n<meta property=\"og:description\" content=\"Instagram sessiz mod nedir? instagram sessiz mod nas\u0131l a\u00e7\u0131l\u0131r? Merak etti\u011finiz t\u00fcm sorular i\u00e7in hemen sayfam\u0131z\u0131 ziyaret edin!\" \/>\n<meta property=\"og:url\" content=\"https:\/\/www.fenomist.com\/blog\/instagram-sessiz-mod-nedir\" \/>\n<meta property=\"og:site_name\" content=\"Instagram Takip\u00e7i Blog - Son Dakika Haberler\" \/>\n<meta property=\"article:publisher\" content=\"https:\/\/www.facebook.com\/fenomist\" \/>\n<meta property=\"article:published_time\" content=\"2023-04-04T13:06:07+00:00\" \/>\n<meta property=\"article:modified_time\" content=\"2025-01-28T13:49:13+00:00\" \/>\n<meta property=\"og:image\" content=\"https:\/\/www.fenomist.com\/blog\/wp-content\/uploads\/instagram-sessiz-mod-nedir.jpg\" \/>\n\t<meta property=\"og:image:width\" content=\"960\" \/>\n\t<meta property=\"og:image:height\" content=\"640\" \/>\n\t<meta property=\"og:image:type\" content=\"image\/jpeg\" \/>\n<meta name=\"author\" content=\"Cemali Bat\u0131n\" \/>\n<meta name=\"twitter:card\" content=\"summary_large_image\" \/>\n<meta name=\"twitter:creator\" content=\"@BatCemali\" \/>\n<meta name=\"twitter:site\" content=\"@smipuclari\" \/>\n<meta name=\"twitter:label1\" content=\"Yazan:\" \/>\n\t<meta name=\"twitter:data1\" content=\"Cemali Bat\u0131n\" \/>\n\t<meta name=\"twitter:label2\" content=\"Tahmini okuma s\u00fcresi\" \/>\n\t<meta name=\"twitter:data2\" content=\"8 dakika\" \/>\n<script type=\"application\/ld+json\" class=\"yoast-schema-graph\">{\"@context\":\"https:\/\/schema.org\",\"@graph\":[{\"@type\":\"Article\",\"@id\":\"https:\/\/www.fenomist.com\/blog\/instagram-sessiz-mod-nedir#article\",\"isPartOf\":{\"@id\":\"https:\/\/www.fenomist.com\/blog\/instagram-sessiz-mod-nedir\"},\"author\":{\"name\":\"Cemali Bat\u0131n\",\"@id\":\"https:\/\/www.fenomist.com\/blog\/#\/schema\/person\/04b587ae5900dedfe21fefdff3757e2a\"},\"headline\":\"Instagram Sessiz Mod Nedir?\",\"datePublished\":\"2023-04-04T13:06:07+00:00\",\"dateModified\":\"2025-01-28T13:49:13+00:00\",\"mainEntityOfPage\":{\"@id\":\"https:\/\/www.fenomist.com\/blog\/instagram-sessiz-mod-nedir\"},\"wordCount\":1858,\"commentCount\":0,\"publisher\":{\"@id\":\"https:\/\/www.fenomist.com\/blog\/#organization\"},\"image\":{\"@id\":\"https:\/\/www.fenomist.com\/blog\/instagram-sessiz-mod-nedir#primaryimage\"},\"thumbnailUrl\":\"https:\/\/www.fenomist.com\/blog\/wp-content\/uploads\/instagram-sessiz-mod-nedir.jpg\",\"articleSection\":[\"Sosyal Medya\"],\"inLanguage\":\"tr\",\"potentialAction\":[{\"@type\":\"CommentAction\",\"name\":\"Comment\",\"target\":[\"https:\/\/www.fenomist.com\/blog\/instagram-sessiz-mod-nedir#respond\"]}]},{\"@type\":[\"WebPage\",\"FAQPage\"],\"@id\":\"https:\/\/www.fenomist.com\/blog\/instagram-sessiz-mod-nedir\",\"url\":\"https:\/\/www.fenomist.com\/blog\/instagram-sessiz-mod-nedir\",\"name\":\"Instagram Sessiz Mod Nedir? - Fenomist.com\",\"isPartOf\":{\"@id\":\"https:\/\/www.fenomist.com\/blog\/#website\"},\"primaryImageOfPage\":{\"@id\":\"https:\/\/www.fenomist.com\/blog\/instagram-sessiz-mod-nedir#primaryimage\"},\"image\":{\"@id\":\"https:\/\/www.fenomist.com\/blog\/instagram-sessiz-mod-nedir#primaryimage\"},\"thumbnailUrl\":\"https:\/\/www.fenomist.com\/blog\/wp-content\/uploads\/instagram-sessiz-mod-nedir.jpg\",\"datePublished\":\"2023-04-04T13:06:07+00:00\",\"dateModified\":\"2025-01-28T13:49:13+00:00\",\"description\":\"Instagram sessiz mod nedir? instagram sessiz mod nas\u0131l a\u00e7\u0131l\u0131r? Merak etti\u011finiz t\u00fcm sorular i\u00e7in hemen sayfam\u0131z\u0131 ziyaret edin!\",\"breadcrumb\":{\"@id\":\"https:\/\/www.fenomist.com\/blog\/instagram-sessiz-mod-nedir#breadcrumb\"},\"mainEntity\":[{\"@id\":\"https:\/\/www.fenomist.com\/blog\/instagram-sessiz-mod-nedir#faq-question-1680611091662\"},{\"@id\":\"https:\/\/www.fenomist.com\/blog\/instagram-sessiz-mod-nedir#faq-question-1680611155841\"},{\"@id\":\"https:\/\/www.fenomist.com\/blog\/instagram-sessiz-mod-nedir#faq-question-1680611172204\"}],\"inLanguage\":\"tr\",\"potentialAction\":[{\"@type\":\"ReadAction\",\"target\":[\"https:\/\/www.fenomist.com\/blog\/instagram-sessiz-mod-nedir\"]}]},{\"@type\":\"ImageObject\",\"inLanguage\":\"tr\",\"@id\":\"https:\/\/www.fenomist.com\/blog\/instagram-sessiz-mod-nedir#primaryimage\",\"url\":\"https:\/\/www.fenomist.com\/blog\/wp-content\/uploads\/instagram-sessiz-mod-nedir.jpg\",\"contentUrl\":\"https:\/\/www.fenomist.com\/blog\/wp-content\/uploads\/instagram-sessiz-mod-nedir.jpg\",\"width\":960,\"height\":640,\"caption\":\"instagram sessiz mod nedir\"},{\"@type\":\"BreadcrumbList\",\"@id\":\"https:\/\/www.fenomist.com\/blog\/instagram-sessiz-mod-nedir#breadcrumb\",\"itemListElement\":[{\"@type\":\"ListItem\",\"position\":1,\"name\":\"Ana sayfa\",\"item\":\"https:\/\/www.fenomist.com\/blog\"},{\"@type\":\"ListItem\",\"position\":2,\"name\":\"Sosyal Medya\",\"item\":\"https:\/\/www.fenomist.com\/blog\/sosyal-medya\"},{\"@type\":\"ListItem\",\"position\":3,\"name\":\"Instagram Sessiz Mod Nedir?\"}]},{\"@type\":\"WebSite\",\"@id\":\"https:\/\/www.fenomist.com\/blog\/#website\",\"url\":\"https:\/\/www.fenomist.com\/blog\/\",\"name\":\"Sosyal Medya Haberleri - Son Dakika\",\"description\":\"Sosyal Medya Haberleri - Son Dakika\",\"publisher\":{\"@id\":\"https:\/\/www.fenomist.com\/blog\/#organization\"},\"alternateName\":\"fenomist.com\",\"potentialAction\":[{\"@type\":\"SearchAction\",\"target\":{\"@type\":\"EntryPoint\",\"urlTemplate\":\"https:\/\/www.fenomist.com\/blog\/?s={search_term_string}\"},\"query-input\":{\"@type\":\"PropertyValueSpecification\",\"valueRequired\":true,\"valueName\":\"search_term_string\"}}],\"inLanguage\":\"tr\"},{\"@type\":\"Organization\",\"@id\":\"https:\/\/www.fenomist.com\/blog\/#organization\",\"name\":\"Fenomist\",\"alternateName\":\"fenomist.com\",\"url\":\"https:\/\/www.fenomist.com\/blog\/\",\"logo\":{\"@type\":\"ImageObject\",\"inLanguage\":\"tr\",\"@id\":\"https:\/\/www.fenomist.com\/blog\/#\/schema\/logo\/image\/\",\"url\":\"https:\/\/www.fenomist.com\/blog\/wp-content\/uploads\/instagram-takipci-satin-al-blog.svg\",\"contentUrl\":\"https:\/\/www.fenomist.com\/blog\/wp-content\/uploads\/instagram-takipci-satin-al-blog.svg\",\"caption\":\"Fenomist\"},\"image\":{\"@id\":\"https:\/\/www.fenomist.com\/blog\/#\/schema\/logo\/image\/\"},\"sameAs\":[\"https:\/\/www.facebook.com\/fenomist\",\"https:\/\/x.com\/smipuclari\",\"https:\/\/www.instagram.com\/sosyal_fabrika\/\",\"https:\/\/tr.linkedin.com\/in\/instatakipcicom\",\"https:\/\/myspace.com\/instatakipci22\",\"https:\/\/fi.pinterest.com\/instatakipcisosyal\/\",\"https:\/\/www.youtube.com\/instatakipcicom\"]},{\"@type\":\"Person\",\"@id\":\"https:\/\/www.fenomist.com\/blog\/#\/schema\/person\/04b587ae5900dedfe21fefdff3757e2a\",\"name\":\"Cemali Bat\u0131n\",\"image\":{\"@type\":\"ImageObject\",\"inLanguage\":\"tr\",\"@id\":\"https:\/\/www.fenomist.com\/blog\/#\/schema\/person\/image\/\",\"url\":\"https:\/\/www.fenomist.com\/blog\/wp-content\/uploads\/cemali-batin-96x96.webp\",\"contentUrl\":\"https:\/\/www.fenomist.com\/blog\/wp-content\/uploads\/cemali-batin-96x96.webp\",\"caption\":\"Cemali Bat\u0131n\"},\"description\":\"Herkese merhaba, Ben Cemali! Sosyal medya konusunda yakla\u015f\u0131k 10 y\u0131ll\u0131k deneyime sahibim. \u0130lk olarak Facebook \u00fczerinde ba\u015flayan ser\u00fcvenim git gide bir maceraya ve daha sonra tutkuya d\u00f6n\u00fc\u015ft\u00fc. Sonra ise t\u00fcm platformlar hakk\u0131nda elimden geldi\u011finde bilgi edindim. \u015eimdi ise 10 y\u0131l i\u00e7erisinde \u00f6\u011frendi\u011fim t\u00fcm bilgileri InstaTakipci \u00fczerinden sizler ile payla\u015f\u0131yor, sizlere faydal\u0131 olmas\u0131 amac\u0131yla i\u00e7erikler \u00fcretiyorum. Takipte kal\u0131n, g\u00fcncel yaz\u0131lar\u0131m\u0131z\u0131 ka\u00e7\u0131rmay\u0131n!\",\"sameAs\":[\"https:\/\/www.fenomist.com\/blog\/author\/cemali\",\"https:\/\/x.com\/BatCemali\"],\"url\":\"https:\/\/www.fenomist.com\/blog\/author\/cemali\"},{\"@type\":\"Question\",\"@id\":\"https:\/\/www.fenomist.com\/blog\/instagram-sessiz-mod-nedir#faq-question-1680611091662\",\"position\":1,\"url\":\"https:\/\/www.fenomist.com\/blog\/instagram-sessiz-mod-nedir#faq-question-1680611091662\",\"name\":\"Instagram Sessiz Mod \u00d6zelli\u011fi Kimleri Hedeflemektedir?\",\"answerCount\":1,\"acceptedAnswer\":{\"@type\":\"Answer\",\"text\":\"Instagram sessiz mod \u00f6zelli\u011fi \u00f6zellikle gen\u00e7 kullan\u0131c\u0131lar\u0131 hedeflemektedir. Gen\u00e7 kullan\u0131c\u0131lar\u0131n Instagram kullan\u0131m\u0131n\u0131 s\u0131n\u0131rland\u0131rabilmesi i\u00e7in bu \u00f6zelli\u011fin olduk\u00e7a faydal\u0131 olaca\u011f\u0131 d\u00fc\u015f\u00fcn\u00fclmektedir. Ayr\u0131ca i\u015flerine odaklanmak, ders \u00e7al\u0131\u015fmak isteyen kullan\u0131c\u0131lar i\u00e7in de etkili olacakt\u0131r.\u00a0<br\/>\",\"inLanguage\":\"tr\"},\"inLanguage\":\"tr\"},{\"@type\":\"Question\",\"@id\":\"https:\/\/www.fenomist.com\/blog\/instagram-sessiz-mod-nedir#faq-question-1680611155841\",\"position\":2,\"url\":\"https:\/\/www.fenomist.com\/blog\/instagram-sessiz-mod-nedir#faq-question-1680611155841\",\"name\":\"Instagram Sessiz Mod \u00d6zelli\u011fini Kullanmak \u0130\u00e7in Ne Yapmal\u0131s\u0131n\u0131z?\",\"answerCount\":1,\"acceptedAnswer\":{\"@type\":\"Answer\",\"text\":\"Sessiz mod \u00f6zelli\u011fini kullanmak i\u00e7in Ayarlar se\u00e7ene\u011finden \u2018\u2019Bildirimler\u2019\u2019 k\u0131sm\u0131na girmelisiniz. Burada kar\u015f\u0131n\u0131za \u2018\u2019Sessiz Mod\u2019\u2019 se\u00e7ene\u011fi \u00e7\u0131kacakt\u0131r. Sessiz mod se\u00e7ene\u011fini a\u00e7arak kullanmaya ba\u015flayabilirsiniz.\u00a0<br\/>\",\"inLanguage\":\"tr\"},\"inLanguage\":\"tr\"},{\"@type\":\"Question\",\"@id\":\"https:\/\/www.fenomist.com\/blog\/instagram-sessiz-mod-nedir#faq-question-1680611172204\",\"position\":3,\"url\":\"https:\/\/www.fenomist.com\/blog\/instagram-sessiz-mod-nedir#faq-question-1680611172204\",\"name\":\"Sessiz Mod \u00d6zelli\u011finden T\u00fcm Kullan\u0131c\u0131lar Faydalanabiliyor mu?\",\"answerCount\":1,\"acceptedAnswer\":{\"@type\":\"Answer\",\"text\":\"Instagram\u2019\u0131n yeni sunmu\u015f oldu\u011fu sessiz mod \u00f6zelli\u011finden \u015fu an belli ba\u015fl\u0131 \u00fclkelerdeki kullan\u0131c\u0131lar faydalanmaktad\u0131r. \u0130lerleyen zamanlarda Instagram, t\u00fcm \u00fclkelerdeki kullan\u0131c\u0131lar\u0131 i\u00e7in bu \u00f6zelli\u011fi g\u00fcncelleme ile sa\u011flayacakt\u0131r.\u00a0<br\/>\",\"inLanguage\":\"tr\"},\"inLanguage\":\"tr\"}]}<\/script>\n<!-- \/ Yoast SEO plugin. -->","yoast_head_json":{"title":"Instagram Sessiz Mod Nedir? - Fenomist.com","description":"Instagram sessiz mod nedir? instagram sessiz mod nas\u0131l a\u00e7\u0131l\u0131r? Merak etti\u011finiz t\u00fcm sorular i\u00e7in hemen sayfam\u0131z\u0131 ziyaret edin!","robots":{"index":"index","follow":"follow","max-snippet":"max-snippet:-1","max-image-preview":"max-image-preview:large","max-video-preview":"max-video-preview:-1"},"canonical":"https:\/\/www.fenomist.com\/blog\/instagram-sessiz-mod-nedir","og_locale":"tr_TR","og_type":"article","og_title":"Instagram Sessiz Mod Nedir? - Fenomist.com","og_description":"Instagram sessiz mod nedir? instagram sessiz mod nas\u0131l a\u00e7\u0131l\u0131r? Merak etti\u011finiz t\u00fcm sorular i\u00e7in hemen sayfam\u0131z\u0131 ziyaret edin!","og_url":"https:\/\/www.fenomist.com\/blog\/instagram-sessiz-mod-nedir","og_site_name":"Instagram Takip\u00e7i Blog - Son Dakika Haberler","article_publisher":"https:\/\/www.facebook.com\/fenomist","article_published_time":"2023-04-04T13:06:07+00:00","article_modified_time":"2025-01-28T13:49:13+00:00","og_image":[{"width":960,"height":640,"url":"https:\/\/www.fenomist.com\/blog\/wp-content\/uploads\/instagram-sessiz-mod-nedir.jpg","type":"image\/jpeg"}],"author":"Cemali Bat\u0131n","twitter_card":"summary_large_image","twitter_creator":"@BatCemali","twitter_site":"@smipuclari","twitter_misc":{"Yazan:":"Cemali Bat\u0131n","Tahmini okuma s\u00fcresi":"8 dakika"},"schema":{"@context":"https:\/\/schema.org","@graph":[{"@type":"Article","@id":"https:\/\/www.fenomist.com\/blog\/instagram-sessiz-mod-nedir#article","isPartOf":{"@id":"https:\/\/www.fenomist.com\/blog\/instagram-sessiz-mod-nedir"},"author":{"name":"Cemali Bat\u0131n","@id":"https:\/\/www.fenomist.com\/blog\/#\/schema\/person\/04b587ae5900dedfe21fefdff3757e2a"},"headline":"Instagram Sessiz Mod Nedir?","datePublished":"2023-04-04T13:06:07+00:00","dateModified":"2025-01-28T13:49:13+00:00","mainEntityOfPage":{"@id":"https:\/\/www.fenomist.com\/blog\/instagram-sessiz-mod-nedir"},"wordCount":1858,"commentCount":0,"publisher":{"@id":"https:\/\/www.fenomist.com\/blog\/#organization"},"image":{"@id":"https:\/\/www.fenomist.com\/blog\/instagram-sessiz-mod-nedir#primaryimage"},"thumbnailUrl":"https:\/\/www.fenomist.com\/blog\/wp-content\/uploads\/instagram-sessiz-mod-nedir.jpg","articleSection":["Sosyal Medya"],"inLanguage":"tr","potentialAction":[{"@type":"CommentAction","name":"Comment","target":["https:\/\/www.fenomist.com\/blog\/instagram-sessiz-mod-nedir#respond"]}]},{"@type":["WebPage","FAQPage"],"@id":"https:\/\/www.fenomist.com\/blog\/instagram-sessiz-mod-nedir","url":"https:\/\/www.fenomist.com\/blog\/instagram-sessiz-mod-nedir","name":"Instagram Sessiz Mod Nedir? - Fenomist.com","isPartOf":{"@id":"https:\/\/www.fenomist.com\/blog\/#website"},"primaryImageOfPage":{"@id":"https:\/\/www.fenomist.com\/blog\/instagram-sessiz-mod-nedir#primaryimage"},"image":{"@id":"https:\/\/www.fenomist.com\/blog\/instagram-sessiz-mod-nedir#primaryimage"},"thumbnailUrl":"https:\/\/www.fenomist.com\/blog\/wp-content\/uploads\/instagram-sessiz-mod-nedir.jpg","datePublished":"2023-04-04T13:06:07+00:00","dateModified":"2025-01-28T13:49:13+00:00","description":"Instagram sessiz mod nedir? instagram sessiz mod nas\u0131l a\u00e7\u0131l\u0131r? Merak etti\u011finiz t\u00fcm sorular i\u00e7in hemen sayfam\u0131z\u0131 ziyaret edin!","breadcrumb":{"@id":"https:\/\/www.fenomist.com\/blog\/instagram-sessiz-mod-nedir#breadcrumb"},"mainEntity":[{"@id":"https:\/\/www.fenomist.com\/blog\/instagram-sessiz-mod-nedir#faq-question-1680611091662"},{"@id":"https:\/\/www.fenomist.com\/blog\/instagram-sessiz-mod-nedir#faq-question-1680611155841"},{"@id":"https:\/\/www.fenomist.com\/blog\/instagram-sessiz-mod-nedir#faq-question-1680611172204"}],"inLanguage":"tr","potentialAction":[{"@type":"ReadAction","target":["https:\/\/www.fenomist.com\/blog\/instagram-sessiz-mod-nedir"]}]},{"@type":"ImageObject","inLanguage":"tr","@id":"https:\/\/www.fenomist.com\/blog\/instagram-sessiz-mod-nedir#primaryimage","url":"https:\/\/www.fenomist.com\/blog\/wp-content\/uploads\/instagram-sessiz-mod-nedir.jpg","contentUrl":"https:\/\/www.fenomist.com\/blog\/wp-content\/uploads\/instagram-sessiz-mod-nedir.jpg","width":960,"height":640,"caption":"instagram sessiz mod nedir"},{"@type":"BreadcrumbList","@id":"https:\/\/www.fenomist.com\/blog\/instagram-sessiz-mod-nedir#breadcrumb","itemListElement":[{"@type":"ListItem","position":1,"name":"Ana sayfa","item":"https:\/\/www.fenomist.com\/blog"},{"@type":"ListItem","position":2,"name":"Sosyal Medya","item":"https:\/\/www.fenomist.com\/blog\/sosyal-medya"},{"@type":"ListItem","position":3,"name":"Instagram Sessiz Mod Nedir?"}]},{"@type":"WebSite","@id":"https:\/\/www.fenomist.com\/blog\/#website","url":"https:\/\/www.fenomist.com\/blog\/","name":"Sosyal Medya Haberleri - Son Dakika","description":"Sosyal Medya Haberleri - Son Dakika","publisher":{"@id":"https:\/\/www.fenomist.com\/blog\/#organization"},"alternateName":"fenomist.com","potentialAction":[{"@type":"SearchAction","target":{"@type":"EntryPoint","urlTemplate":"https:\/\/www.fenomist.com\/blog\/?s={search_term_string}"},"query-input":{"@type":"PropertyValueSpecification","valueRequired":true,"valueName":"search_term_string"}}],"inLanguage":"tr"},{"@type":"Organization","@id":"https:\/\/www.fenomist.com\/blog\/#organization","name":"Fenomist","alternateName":"fenomist.com","url":"https:\/\/www.fenomist.com\/blog\/","logo":{"@type":"ImageObject","inLanguage":"tr","@id":"https:\/\/www.fenomist.com\/blog\/#\/schema\/logo\/image\/","url":"https:\/\/www.fenomist.com\/blog\/wp-content\/uploads\/instagram-takipci-satin-al-blog.svg","contentUrl":"https:\/\/www.fenomist.com\/blog\/wp-content\/uploads\/instagram-takipci-satin-al-blog.svg","caption":"Fenomist"},"image":{"@id":"https:\/\/www.fenomist.com\/blog\/#\/schema\/logo\/image\/"},"sameAs":["https:\/\/www.facebook.com\/fenomist","https:\/\/x.com\/smipuclari","https:\/\/www.instagram.com\/sosyal_fabrika\/","https:\/\/tr.linkedin.com\/in\/instatakipcicom","https:\/\/myspace.com\/instatakipci22","https:\/\/fi.pinterest.com\/instatakipcisosyal\/","https:\/\/www.youtube.com\/instatakipcicom"]},{"@type":"Person","@id":"https:\/\/www.fenomist.com\/blog\/#\/schema\/person\/04b587ae5900dedfe21fefdff3757e2a","name":"Cemali Bat\u0131n","image":{"@type":"ImageObject","inLanguage":"tr","@id":"https:\/\/www.fenomist.com\/blog\/#\/schema\/person\/image\/","url":"https:\/\/www.fenomist.com\/blog\/wp-content\/uploads\/cemali-batin-96x96.webp","contentUrl":"https:\/\/www.fenomist.com\/blog\/wp-content\/uploads\/cemali-batin-96x96.webp","caption":"Cemali Bat\u0131n"},"description":"Herkese merhaba, Ben Cemali! Sosyal medya konusunda yakla\u015f\u0131k 10 y\u0131ll\u0131k deneyime sahibim. \u0130lk olarak Facebook \u00fczerinde ba\u015flayan ser\u00fcvenim git gide bir maceraya ve daha sonra tutkuya d\u00f6n\u00fc\u015ft\u00fc. Sonra ise t\u00fcm platformlar hakk\u0131nda elimden geldi\u011finde bilgi edindim. \u015eimdi ise 10 y\u0131l i\u00e7erisinde \u00f6\u011frendi\u011fim t\u00fcm bilgileri InstaTakipci \u00fczerinden sizler ile payla\u015f\u0131yor, sizlere faydal\u0131 olmas\u0131 amac\u0131yla i\u00e7erikler \u00fcretiyorum. Takipte kal\u0131n, g\u00fcncel yaz\u0131lar\u0131m\u0131z\u0131 ka\u00e7\u0131rmay\u0131n!","sameAs":["https:\/\/www.fenomist.com\/blog\/author\/cemali","https:\/\/x.com\/BatCemali"],"url":"https:\/\/www.fenomist.com\/blog\/author\/cemali"},{"@type":"Question","@id":"https:\/\/www.fenomist.com\/blog\/instagram-sessiz-mod-nedir#faq-question-1680611091662","position":1,"url":"https:\/\/www.fenomist.com\/blog\/instagram-sessiz-mod-nedir#faq-question-1680611091662","name":"Instagram Sessiz Mod \u00d6zelli\u011fi Kimleri Hedeflemektedir?","answerCount":1,"acceptedAnswer":{"@type":"Answer","text":"Instagram sessiz mod \u00f6zelli\u011fi \u00f6zellikle gen\u00e7 kullan\u0131c\u0131lar\u0131 hedeflemektedir. Gen\u00e7 kullan\u0131c\u0131lar\u0131n Instagram kullan\u0131m\u0131n\u0131 s\u0131n\u0131rland\u0131rabilmesi i\u00e7in bu \u00f6zelli\u011fin olduk\u00e7a faydal\u0131 olaca\u011f\u0131 d\u00fc\u015f\u00fcn\u00fclmektedir. Ayr\u0131ca i\u015flerine odaklanmak, ders \u00e7al\u0131\u015fmak isteyen kullan\u0131c\u0131lar i\u00e7in de etkili olacakt\u0131r.\u00a0<br\/>","inLanguage":"tr"},"inLanguage":"tr"},{"@type":"Question","@id":"https:\/\/www.fenomist.com\/blog\/instagram-sessiz-mod-nedir#faq-question-1680611155841","position":2,"url":"https:\/\/www.fenomist.com\/blog\/instagram-sessiz-mod-nedir#faq-question-1680611155841","name":"Instagram Sessiz Mod \u00d6zelli\u011fini Kullanmak \u0130\u00e7in Ne Yapmal\u0131s\u0131n\u0131z?","answerCount":1,"acceptedAnswer":{"@type":"Answer","text":"Sessiz mod \u00f6zelli\u011fini kullanmak i\u00e7in Ayarlar se\u00e7ene\u011finden \u2018\u2019Bildirimler\u2019\u2019 k\u0131sm\u0131na girmelisiniz. Burada kar\u015f\u0131n\u0131za \u2018\u2019Sessiz Mod\u2019\u2019 se\u00e7ene\u011fi \u00e7\u0131kacakt\u0131r. Sessiz mod se\u00e7ene\u011fini a\u00e7arak kullanmaya ba\u015flayabilirsiniz.\u00a0<br\/>","inLanguage":"tr"},"inLanguage":"tr"},{"@type":"Question","@id":"https:\/\/www.fenomist.com\/blog\/instagram-sessiz-mod-nedir#faq-question-1680611172204","position":3,"url":"https:\/\/www.fenomist.com\/blog\/instagram-sessiz-mod-nedir#faq-question-1680611172204","name":"Sessiz Mod \u00d6zelli\u011finden T\u00fcm Kullan\u0131c\u0131lar Faydalanabiliyor mu?","answerCount":1,"acceptedAnswer":{"@type":"Answer","text":"Instagram\u2019\u0131n yeni sunmu\u015f oldu\u011fu sessiz mod \u00f6zelli\u011finden \u015fu an belli ba\u015fl\u0131 \u00fclkelerdeki kullan\u0131c\u0131lar faydalanmaktad\u0131r. \u0130lerleyen zamanlarda Instagram, t\u00fcm \u00fclkelerdeki kullan\u0131c\u0131lar\u0131 i\u00e7in bu \u00f6zelli\u011fi g\u00fcncelleme ile sa\u011flayacakt\u0131r.\u00a0<br\/>","inLanguage":"tr"},"inLanguage":"tr"}]}},"_links":{"self":[{"href":"https:\/\/www.fenomist.com\/blog\/wp-json\/wp\/v2\/posts\/40608","targetHints":{"allow":["GET"]}}],"collection":[{"href":"https:\/\/www.fenomist.com\/blog\/wp-json\/wp\/v2\/posts"}],"about":[{"href":"https:\/\/www.fenomist.com\/blog\/wp-json\/wp\/v2\/types\/post"}],"author":[{"embeddable":true,"href":"https:\/\/www.fenomist.com\/blog\/wp-json\/wp\/v2\/users\/23"}],"replies":[{"embeddable":true,"href":"https:\/\/www.fenomist.com\/blog\/wp-json\/wp\/v2\/comments?post=40608"}],"version-history":[{"count":6,"href":"https:\/\/www.fenomist.com\/blog\/wp-json\/wp\/v2\/posts\/40608\/revisions"}],"predecessor-version":[{"id":46359,"href":"https:\/\/www.fenomist.com\/blog\/wp-json\/wp\/v2\/posts\/40608\/revisions\/46359"}],"wp:featuredmedia":[{"embeddable":true,"href":"https:\/\/www.fenomist.com\/blog\/wp-json\/wp\/v2\/media\/41271"}],"wp:attachment":[{"href":"https:\/\/www.fenomist.com\/blog\/wp-json\/wp\/v2\/media?parent=40608"}],"wp:term":[{"taxonomy":"category","embeddable":true,"href":"https:\/\/www.fenomist.com\/blog\/wp-json\/wp\/v2\/categories?post=40608"},{"taxonomy":"post_tag","embeddable":true,"href":"https:\/\/www.fenomist.com\/blog\/wp-json\/wp\/v2\/tags?post=40608"}],"curies":[{"name":"wp","href":"https:\/\/api.w.org\/{rel}","templated":true}]}}