{"id":41053,"date":"2023-03-24T17:17:41","date_gmt":"2023-03-24T14:17:41","guid":{"rendered":"https:\/\/www.instatakipci.com\/blog\/?p=41053"},"modified":"2025-01-28T17:04:49","modified_gmt":"2025-01-28T14:04:49","slug":"instagram-hesabin-kosullarimizi-ihlal-ettigin-icin-kapatilmistir-hatasinin-cozumu","status":"publish","type":"post","link":"https:\/\/www.fenomist.com\/blog\/instagram-hesabin-kosullarimizi-ihlal-ettigin-icin-kapatilmistir-hatasinin-cozumu","title":{"rendered":"Instagram \u201cHesab\u0131n Ko\u015fullar\u0131m\u0131z\u0131 \u0130hlal Etti\u011fin i\u00e7in Kapat\u0131lm\u0131\u015ft\u0131r\u201d Hatas\u0131n\u0131n \u00c7\u00f6z\u00fcm\u00fc"},"content":{"rendered":"\n<p>Instagram uygulamas\u0131na giri\u015f yapmak istendi\u011finde baz\u0131 kullan\u0131c\u0131lar <strong>Instagram hesab\u0131n ko\u015fullar\u0131m\u0131z\u0131 ihlal etti\u011fin i\u00e7in kapat\u0131lm\u0131\u015ft\u0131r <\/strong>uyar\u0131s\u0131 alabilmektedir. Olduk\u00e7a can s\u0131k\u0131c\u0131 olan bu durum i\u00e7in belirli i\u015flem ad\u0131mlar\u0131n\u0131n takip edilmesi gerekir. Bu i\u00e7eri\u011fimizde <strong>\u201cInstagram<\/strong> <strong>hesab\u0131m kapat\u0131ld\u0131\u2019\u2019 <\/strong>sorununa \u00e7\u00f6z\u00fcm yolu arayanlar i\u00e7in faydal\u0131 bilgiler sunuyoruz.<\/p><div id=\"ez-toc-container\" class=\"ez-toc-v2_0_79_2 counter-hierarchy ez-toc-counter ez-toc-grey ez-toc-container-direction\">\n<div class=\"ez-toc-title-container\">\n<p class=\"ez-toc-title\" style=\"cursor:inherit\">\u0130\u00e7indekiler<\/p>\n<span class=\"ez-toc-title-toggle\"><a href=\"#\" class=\"ez-toc-pull-right ez-toc-btn ez-toc-btn-xs ez-toc-btn-default ez-toc-toggle\" aria-label=\"Toggle Table of Content\"><span class=\"ez-toc-js-icon-con\"><span class=\"\"><span class=\"eztoc-hide\" style=\"display:none;\">Toggle<\/span><span class=\"ez-toc-icon-toggle-span\"><svg style=\"fill: #999;color:#999\" xmlns=\"http:\/\/www.w3.org\/2000\/svg\" class=\"list-377408\" width=\"20px\" height=\"20px\" viewBox=\"0 0 24 24\" fill=\"none\"><path d=\"M6 6H4v2h2V6zm14 0H8v2h12V6zM4 11h2v2H4v-2zm16 0H8v2h12v-2zM4 16h2v2H4v-2zm16 0H8v2h12v-2z\" fill=\"currentColor\"><\/path><\/svg><svg style=\"fill: #999;color:#999\" class=\"arrow-unsorted-368013\" xmlns=\"http:\/\/www.w3.org\/2000\/svg\" width=\"10px\" height=\"10px\" viewBox=\"0 0 24 24\" version=\"1.2\" baseProfile=\"tiny\"><path d=\"M18.2 9.3l-6.2-6.3-6.2 6.3c-.2.2-.3.4-.3.7s.1.5.3.7c.2.2.4.3.7.3h11c.3 0 .5-.1.7-.3.2-.2.3-.5.3-.7s-.1-.5-.3-.7zM5.8 14.7l6.2 6.3 6.2-6.3c.2-.2.3-.5.3-.7s-.1-.5-.3-.7c-.2-.2-.4-.3-.7-.3h-11c-.3 0-.5.1-.7.3-.2.2-.3.5-.3.7s.1.5.3.7z\"\/><\/svg><\/span><\/span><\/span><\/a><\/span><\/div>\n<nav><ul class='ez-toc-list ez-toc-list-level-1 ' ><li class='ez-toc-page-1 ez-toc-heading-level-2'><a class=\"ez-toc-link ez-toc-heading-1\" href=\"https:\/\/www.fenomist.com\/blog\/instagram-hesabin-kosullarimizi-ihlal-ettigin-icin-kapatilmistir-hatasinin-cozumu\/#Kosul_Ihlali_Nedeniyle_Kapatilan_Instagram_Hesabi_icin_Yapilmasi_Gerekenler\" >Ko\u015ful \u0130hlali Nedeniyle Kapat\u0131lan Instagram Hesab\u0131 i\u00e7in Yap\u0131lmas\u0131 Gerekenler<\/a><\/li><li class='ez-toc-page-1 ez-toc-heading-level-2'><a class=\"ez-toc-link ez-toc-heading-2\" href=\"https:\/\/www.fenomist.com\/blog\/instagram-hesabin-kosullarimizi-ihlal-ettigin-icin-kapatilmistir-hatasinin-cozumu\/#Instagram_Hesabiniz_Kapatildiysa_Neler_Yapmalisiniz\" >Instagram Hesab\u0131n\u0131z Kapat\u0131ld\u0131ysa Neler Yapmal\u0131s\u0131n\u0131z?<\/a><\/li><li class='ez-toc-page-1 ez-toc-heading-level-2'><a class=\"ez-toc-link ez-toc-heading-3\" href=\"https:\/\/www.fenomist.com\/blog\/instagram-hesabin-kosullarimizi-ihlal-ettigin-icin-kapatilmistir-hatasinin-cozumu\/#Kapatilan_Instagram_Hesabini_Kurtarmak_Icin_Alternatif_Yontem\" >Kapat\u0131lan Instagram Hesab\u0131n\u0131 Kurtarmak \u0130\u00e7in Alternatif Y\u00f6ntem<\/a><\/li><li class='ez-toc-page-1 ez-toc-heading-level-2'><a class=\"ez-toc-link ez-toc-heading-4\" href=\"https:\/\/www.fenomist.com\/blog\/instagram-hesabin-kosullarimizi-ihlal-ettigin-icin-kapatilmistir-hatasinin-cozumu\/#Instagram_Hesabinizin_Kayitli_E-Posta_Adresine_Ulasamiyorsaniz_Ne_Olur\" >Instagram Hesab\u0131n\u0131z\u0131n Kay\u0131tl\u0131 E-Posta Adresine Ula\u015fam\u0131yorsan\u0131z Ne Olur?<\/a><\/li><li class='ez-toc-page-1 ez-toc-heading-level-2'><a class=\"ez-toc-link ez-toc-heading-5\" href=\"https:\/\/www.fenomist.com\/blog\/instagram-hesabin-kosullarimizi-ihlal-ettigin-icin-kapatilmistir-hatasinin-cozumu\/#Uygulamada_Yapilan_Guncellemelerin_Detaylarini_Ogrenin\" >Uygulamada Yap\u0131lan G\u00fcncellemelerin Detaylar\u0131n\u0131 \u00d6\u011frenin<\/a><ul class='ez-toc-list-level-3' ><li class='ez-toc-heading-level-3'><a class=\"ez-toc-link ez-toc-heading-6\" href=\"https:\/\/www.fenomist.com\/blog\/instagram-hesabin-kosullarimizi-ihlal-ettigin-icin-kapatilmistir-hatasinin-cozumu\/#Bu_makale_faydali_miydi\" >Bu makale faydal\u0131 m\u0131yd\u0131?<\/a><\/li><\/ul><\/li><li class='ez-toc-page-1 ez-toc-heading-level-2'><a class=\"ez-toc-link ez-toc-heading-7\" href=\"https:\/\/www.fenomist.com\/blog\/instagram-hesabin-kosullarimizi-ihlal-ettigin-icin-kapatilmistir-hatasinin-cozumu\/#Hakkinda_Sikca_Sorulan_Sorular\" >Hakk\u0131nda S\u0131k\u00e7a Sorulan Sorular<\/a><\/li><\/ul><\/nav><\/div>\n\n\n\n\n<figure class=\"wp-block-embed aligncenter is-type-video is-provider-youtube wp-block-embed-youtube wp-embed-aspect-16-9 wp-has-aspect-ratio\"><div class=\"wp-block-embed__wrapper\">\n<iframe title=\"Instagram hesab\u0131m kapat\u0131ld\u0131 | Hesab\u0131n ko\u015fullar\u0131m\u0131z\u0131 ihlal etti\u011fin i\u00e7in kapat\u0131lm\u0131\u015ft\u0131r\" width=\"640\" height=\"360\" src=\"https:\/\/www.youtube.com\/embed\/zs0t00RSJGM?feature=oembed\" frameborder=\"0\" allow=\"accelerometer; autoplay; clipboard-write; encrypted-media; gyroscope; picture-in-picture; web-share\" referrerpolicy=\"strict-origin-when-cross-origin\" allowfullscreen><\/iframe><script type=\"application\/ld+json\">\n    {\n      \"@context\": \"https:\/\/schema.org\",\n      \"@type\": \"VideoObject\",\n      \"name\": \"Instagram hesab\u0131m kapat\u0131ld\u0131 | Hesab\u0131n ko\u015fullar\u0131m\u0131z\u0131 ihlal etti\u011fin i\u00e7in kapat\u0131lm\u0131\u015ft\u0131r\",\n      \"description\": \"Instagram \u201cHesab\u0131n Ko\u015fullar\u0131m\u0131z\u0131 \u0130hlal Etti\u011fin i\u00e7in Kapat\u0131lm\u0131\u015ft\u0131r\u201d Hatas\u0131n\u0131n \u00c7\u00f6z\u00fcm\u00fc\",\n      \"thumbnailUrl\": \"https:\/\/i.ytimg.com\/vi_webp\/zs0t00RSJGM\/mqdefault.webp\",\n      \"embedUrl\": \"https:\/\/www.youtube.com\/embed\/zs0t00RSJGM?feature=oembed\",\n      \"uploadDate\": \"January 28, 2025 2:04 pm\"\n    }\n    <\/script>\n<\/div><\/figure>\n\n\n\n<p>Son zamanlarda ortaya \u00e7\u0131kan <strong>Instagram hesab\u0131n ko\u015fullar\u0131m\u0131z\u0131 ihlal etti\u011fin i\u00e7in kapat\u0131lm\u0131\u015ft\u0131r <\/strong>hatas\u0131yla bir\u00e7ok ki\u015fi kar\u015f\u0131la\u015fmaktad\u0131r. Durum b\u00f6yleyken Instagram\u2019da ya\u015fanan g\u00fcncellemeler sonucunda g\u00fcvenlik politikalar\u0131nda geli\u015fmeler ya\u015fanmaya devam etmektedir. Ayr\u0131ca ara y\u00fcz \u00fczerinde yenilikler yap\u0131lmaktad\u0131r. Yap\u0131lan t\u00fcm g\u00fcncelleme ve yenilikler ko\u015fullar\u0131n ihlal edilmesi nedeniyle yo\u011fun \u015fekilde olmaktad\u0131r.<\/p>\n\n\n\n<p>\u00d6zellikle bot hesaplar ve kullan\u0131lan \u00e7e\u015fitli yaz\u0131l\u0131mlarla yorum, be\u011feni ve takip\u00e7i say\u0131lar\u0131 artt\u0131r\u0131l\u0131yor. Instagram bu tarz durumlara \u00f6nlem ama\u00e7l\u0131 kendini belirli aral\u0131klarla g\u00fcncellemektedir. Spam i\u00e7erikler ve telif i\u00e7erikleri payla\u015fmak kural d\u0131\u015f\u0131d\u0131r. Bu y\u00fczden <strong>Instagram<\/strong> <strong>ko\u015ful ihlalleri <\/strong>konusunda titiz davranmakta fayda var.<\/p>\n\n\n\n<p>Yasakl\u0131 olan i\u00e7erikleri payla\u015fman\u0131z durumunda <strong>Instagram<\/strong> <strong>topluluk kurallar\u0131 ihlali <\/strong>ger\u00e7ekle\u015ftirmi\u015f olursunuz. Bu ihlalden sonra Instagram yetkililerine yap\u0131lan bildirim sonucunda hesab\u0131n\u0131z kapat\u0131l\u0131r. Hesab\u0131n\u0131z i\u00e7in <strong>Instagram<\/strong> <strong>hesab\u0131n ko\u015fullar\u0131m\u0131z\u0131 ihlal etti\u011fin i\u00e7in kapat\u0131lm\u0131\u015ft\u0131r <\/strong>uyar\u0131s\u0131 alman\u0131z durumunda izlemeniz gereken yollar bulunmaktad\u0131r.<\/p>\n\n\n<div class=\"bestSellListContainer bestByProduct price w-100\">\n    <div class=\"bestSellList best-card\">\n        <div class=\"bestSell-list bestsell nowrap slick-initialized slick-slider\" data-slide=\"12\">\n            <div class=\"slick-list swiper best-product-slider draggable\">\n                <div class=\"slick-track swiper-wrapper\">\n<div class=\"slide swiper-slide slick-slide\" data-slick-index=\"3\"\n     aria-hidden=\"true\"\n     tabindex=\"-1\">\n    <div class=\"card border-bestSell\">\n        <a href=\"https:\/\/www.fenomist.com\/instagram-turk-takipci?amount=2500&ps4\" class=\"stretched-link blog-product-slider\" target=\"_blank\"\n           tabindex=\"-1\"><\/a>\n        <div class=\"card-header btn-like-color btn-like-bg-color\">\n           <img decoding=\"async\" src=\"https:\/\/www.fenomist.com\/blog\/wp-content\/uploads\/instagram-takipci-slide.webp\" width=\"64\" height=\"64\">\n        <\/div>\n        <div class=\"card-body\">\n            <div class=\"best-name btn-like-color\">Instagram Takip\u00e7i<\/div>\n            <div class=\"best-amount\">2.500<\/div>\n            <hr class=\"border-like\">\n        <\/div>\n        <div class=\"card-footer\">\n            <div class='best-discount'>%36 Discounted<\/div>            <div>\n                <p class='pricesClass pricesOld'> 625\u20ba <\/p>                <p class=\"h4 text-black\">397.25\u20ba<\/p>\n            <\/div>\n            <input type=\"button\" value=\"Buy Now\" class=\"btn-primary btn\">\n        <\/div>\n    <\/div>\n<\/div>\n<div class=\"slide swiper-slide slick-slide\" data-slick-index=\"3\"\n     aria-hidden=\"true\"\n     tabindex=\"-1\">\n    <div class=\"card border-bestSell\">\n        <a href=\"https:\/\/www.fenomist.com\/instagram-begeni-satin-al?amount=250&ps4\" class=\"stretched-link blog-product-slider\" target=\"_blank\"\n           tabindex=\"-1\"><\/a>\n        <div class=\"card-header btn-like-color btn-like-bg-color\">\n           <img decoding=\"async\" src=\"https:\/\/www.fenomist.com\/blog\/wp-content\/uploads\/instagram-begeni-slide.webp\" width=\"64\" height=\"64\">\n        <\/div>\n        <div class=\"card-body\">\n            <div class=\"best-name btn-like-color\">Instagram Be\u011feni<\/div>\n            <div class=\"best-amount\">250<\/div>\n            <hr class=\"border-like\">\n        <\/div>\n        <div class=\"card-footer\">\n            <div class='best-discount'>%40 Discounted<\/div>            <div>\n                <p class='pricesClass pricesOld'> 34.38\u20ba <\/p>                <p class=\"h4 text-black\">20.75\u20ba<\/p>\n            <\/div>\n            <input type=\"button\" value=\"Buy Now\" class=\"btn-primary btn\">\n        <\/div>\n    <\/div>\n<\/div>\n<div class=\"slide swiper-slide slick-slide\" data-slick-index=\"3\"\n     aria-hidden=\"true\"\n     tabindex=\"-1\">\n    <div class=\"card border-bestSell\">\n        <a href=\"https:\/\/www.fenomist.com\/tiktok-takipci-satin-al?amount=2500&ps4\" class=\"stretched-link blog-product-slider\" target=\"_blank\"\n           tabindex=\"-1\"><\/a>\n        <div class=\"card-header btn-like-color btn-like-bg-color\">\n           <img decoding=\"async\" src=\"https:\/\/www.fenomist.com\/blog\/wp-content\/uploads\/tiktok-begeni-slide.webp\" width=\"64\" height=\"64\">\n        <\/div>\n        <div class=\"card-body\">\n            <div class=\"best-name btn-like-color\">TikTok Takip\u00e7i<\/div>\n            <div class=\"best-amount\">2.500<\/div>\n            <hr class=\"border-like\">\n        <\/div>\n        <div class=\"card-footer\">\n            <div class='best-discount'>%65 Discounted<\/div>            <div>\n                <p class='pricesClass pricesOld'> 750\u20ba <\/p>                <p class=\"h4 text-black\">262.5\u20ba<\/p>\n            <\/div>\n            <input type=\"button\" value=\"Buy Now\" class=\"btn-primary btn\">\n        <\/div>\n    <\/div>\n<\/div>\n<div class=\"slide swiper-slide slick-slide\" data-slick-index=\"3\"\n     aria-hidden=\"true\"\n     tabindex=\"-1\">\n    <div class=\"card border-bestSell\">\n        <a href=\"https:\/\/www.fenomist.com\/tiktok-begeni-satin-al?amount=100&ps4\" class=\"stretched-link blog-product-slider\" target=\"_blank\"\n           tabindex=\"-1\"><\/a>\n        <div class=\"card-header btn-like-color btn-like-bg-color\">\n           <img decoding=\"async\" src=\"https:\/\/www.fenomist.com\/blog\/wp-content\/uploads\/tiktok-begeni-slide.webp\" width=\"64\" height=\"64\">\n        <\/div>\n        <div class=\"card-body\">\n            <div class=\"best-name btn-like-color\">TikTok Be\u011feni<\/div>\n            <div class=\"best-amount\">100<\/div>\n            <hr class=\"border-like\">\n        <\/div>\n        <div class=\"card-footer\">\n            <div class='best-discount'>%20 Discounted<\/div>            <div>\n                <p class='pricesClass pricesOld'> 19.9\u20ba <\/p>                <p class=\"h4 text-black\">15.99\u20ba<\/p>\n            <\/div>\n            <input type=\"button\" value=\"Buy Now\" class=\"btn-primary btn\">\n        <\/div>\n    <\/div>\n<\/div>\n<div class=\"slide swiper-slide slick-slide\" data-slick-index=\"3\"\n     aria-hidden=\"true\"\n     tabindex=\"-1\">\n    <div class=\"card border-bestSell\">\n        <a href=\"https:\/\/www.fenomist.com\/instagram-yorum-satin-al?amount=10&ps4\" class=\"stretched-link blog-product-slider\" target=\"_blank\"\n           tabindex=\"-1\"><\/a>\n        <div class=\"card-header btn-like-color btn-like-bg-color\">\n           <img decoding=\"async\" src=\"https:\/\/www.fenomist.com\/blog\/wp-content\/uploads\/instagram-takipci-slide.webp\" width=\"64\" height=\"64\">\n        <\/div>\n        <div class=\"card-body\">\n            <div class=\"best-name btn-like-color\">Instagram Yorum<\/div>\n            <div class=\"best-amount\">10<\/div>\n            <hr class=\"border-like\">\n        <\/div>\n        <div class=\"card-footer\">\n            <div class='best-discount'>%4 Discounted<\/div>            <div>\n                <p class='pricesClass pricesOld'> 30.08\u20ba <\/p>                <p class=\"h4 text-black\">28.85\u20ba<\/p>\n            <\/div>\n            <input type=\"button\" value=\"Buy Now\" class=\"btn-primary btn\">\n        <\/div>\n    <\/div>\n<\/div>\n<\/div>\n<div class=\"custom-pagination swiper-pagination\"><\/div>\n<\/div>\n<\/div>\n<\/div>\n<\/div>\n\n\n\n\n<div class=\"wp-block-image\">\n<figure class=\"aligncenter size-full\"><img loading=\"lazy\" decoding=\"async\" width=\"960\" height=\"480\" src=\"https:\/\/www.fenomist.com\/blog\/wp-content\/uploads\/kosul-ihlali-instagram-itiraz-formu.jpg\" alt=\" Instagram hesab\u0131n ko\u015fullar\u0131m\u0131z\u0131 ihlal etti\u011fin i\u00e7in kapat\u0131lm\u0131\u015ft\u0131r itiraz formu\" class=\"wp-image-41058\" srcset=\"https:\/\/www.fenomist.com\/blog\/wp-content\/uploads\/kosul-ihlali-instagram-itiraz-formu.jpg 960w, https:\/\/www.fenomist.com\/blog\/wp-content\/uploads\/kosul-ihlali-instagram-itiraz-formu-768x384.jpg 768w\" sizes=\"(max-width: 960px) 100vw, 960px\" \/><\/figure><\/div>\n\n\n<h2 class=\"wp-block-heading\"><span class=\"ez-toc-section\" id=\"Kosul_Ihlali_Nedeniyle_Kapatilan_Instagram_Hesabi_icin_Yapilmasi_Gerekenler\"><\/span><strong>Ko\u015ful \u0130hlali Nedeniyle Kapat\u0131lan Instagram Hesab\u0131 i\u00e7in Yap\u0131lmas\u0131 Gerekenler<\/strong><span class=\"ez-toc-section-end\"><\/span><\/h2>\n\n\n\n<p>\u0130hlal gerek\u00e7esiyle kapat\u0131lan Instagram sayfan\u0131z i\u00e7in <strong>Instagram<\/strong> <strong>yard\u0131m merkezi, <\/strong>\u00f6ncelikle ba\u015fvurulmas\u0131 gereken yerdir. A\u015fa\u011f\u0131daki ad\u0131mlar\u0131 izleyerek kapat\u0131lan sayfan\u0131z i\u00e7inde itirazda bulunabilirsiniz:<\/p>\n\n\n\n<ul class=\"wp-block-list\">\n<li>\u0130lk olarak Instagram uygulamas\u0131n\u0131 a\u00e7man\u0131z gerekir. Uygulamay\u0131 a\u00e7t\u0131ktan sonra kullan\u0131c\u0131 ad\u0131n\u0131z\u0131 ve \u015fifrenizi yazarak giri\u015f tu\u015funa basmal\u0131s\u0131n\u0131z.<\/li>\n\n\n\n<li>Bilgilerinizi girdikten sonra <strong>Instagram<\/strong> <strong>hesab\u0131n ko\u015fullar\u0131m\u0131z\u0131 ihlal etti\u011fin i\u00e7in kapat\u0131lm\u0131\u015ft\u0131r <\/strong>uyar\u0131s\u0131 kar\u015f\u0131n\u0131za \u00e7\u0131kacakt\u0131r. Uyar\u0131n\u0131n alt k\u0131sm\u0131nda bulunan daha fazla bilgi al se\u00e7ene\u011fine basarak i\u015flemlere devam edin.<\/li>\n\n\n\n<li>Ekrana gelecek metin \u00fczerinde \u2018\u2019Bize Bildirin\u2019\u2019 ba\u011flant\u0131s\u0131na t\u0131klamal\u0131s\u0131n\u0131z.<\/li>\n\n\n\n<li>Bu a\u015famada kar\u015f\u0131n\u0131za <strong>Instagram<\/strong> <strong>itiraz formu <\/strong>gelecektir.<\/li>\n\n\n\n<li>\u0130tiraz formunda istenilen bilgileri eksiksiz bir \u015fekilde doldurmal\u0131s\u0131n\u0131z.&nbsp;<\/li>\n\n\n\n<li>Bilgilerinizi doldurduktan sonra formun alt k\u0131sm\u0131ndaki b\u00f6l\u00fcme itiraz\u0131n\u0131z\u0131 yaz\u0131n.<\/li>\n\n\n\n<li>\u0130tiraz\u0131n\u0131z\u0131, topluluk kurallar\u0131n\u0131 ihlal etmedi\u011finiz \u00e7er\u00e7evesinde yazarak g\u00f6nder tu\u015funa basabilirsiniz.<\/li>\n<\/ul>\n\n\n\n<p>Ad\u0131mlar\u0131 izleyerek <strong>Instagram<\/strong> <strong>ihlal formu <\/strong>g\u00f6nderme i\u015flemlerini tamamlam\u0131\u015f olacaks\u0131n\u0131z. Mesaj\u0131n\u0131z\u0131n sonras\u0131nda e-posta adresinize mesaj gelmesini beklemeniz gerekecek. E-posta adresinize gelen Instagram kodunu k\u00e2\u011f\u0131da yazarak resim \u00e7ekmeniz ve e-postaya cevap vermeniz istenecektir. Mail ile bildirilen y\u00f6nlendirmeleri do\u011fru \u015fekilde tamamlaman\u0131z gerekmektedir.<\/p>\n\n\n\n<p>Ortalama bir hafta i\u00e7erisinde <strong>Instagram<\/strong> <strong>ko\u015ful ihlali <\/strong>ile alakal\u0131 cevap size iletilecektir. Yapt\u0131\u011f\u0131n\u0131z itiraz sonucunda \u015fayet hakl\u0131 bulunursan\u0131z, hesab\u0131n\u0131z\u0131 geri alabilirsiniz. Doldurdu\u011funuz <strong>Instagram<\/strong> <strong>kapanan hesab\u0131 a\u00e7ma formu <\/strong>i\u00e7erisine yazd\u0131\u011f\u0131n\u0131z e-posta adresinizden cevab\u0131 kontrol edebilmektesiniz. Cevap gelme s\u00fcreci biraz uzun s\u00fcr\u00fcyor olsa da herhangi bir ihlal yapmad\u0131ysan\u0131z, hesab\u0131n\u0131z tekrar aktif hale gelecektir.<\/p>\n\n\n\n<p>E\u011fer Instagram&#8217;da yasakl\u0131 ya da sans\u00fcrs\u00fcz bir g\u00f6nderi payla\u015ft\u0131ysan\u0131z, hesab\u0131n\u0131za eri\u015femeyebilirsiniz. Bununla birlikte yaln\u0131zca yasakl\u0131 g\u00f6nderinizin silinmesi di\u011fer bir \u00e7\u00f6z\u00fcm yolu olmaktad\u0131r. Siz de <strong>Instagram<\/strong> <strong>hesab\u0131m kapat\u0131ld\u0131 form <\/strong>doldurma nas\u0131l olacak diye d\u00fc\u015f\u00fcn\u00fcyorsan\u0131z, yukar\u0131daki y\u00f6ntemi mutlaka denemelisiniz.<\/p>\n\n\n\n<h2 class=\"wp-block-heading\"><span class=\"ez-toc-section\" id=\"Instagram_Hesabiniz_Kapatildiysa_Neler_Yapmalisiniz\"><\/span><strong>Instagram Hesab\u0131n\u0131z Kapat\u0131ld\u0131ysa Neler Yapmal\u0131s\u0131n\u0131z?<\/strong><span class=\"ez-toc-section-end\"><\/span><\/h2>\n\n\n\n<p><strong>\u2018\u2019Durduk yere Instagram<\/strong> <strong>hesab\u0131m kapat\u0131ld\u0131\u2019\u2019 <\/strong>diye d\u00fc\u015f\u00fcn\u00fcyorsan\u0131z, payla\u015f\u0131mlar\u0131n\u0131z\u0131 hat\u0131rlaman\u0131zda fayda var. Hesab\u0131n\u0131z\u0131n kapanma nedeni telif ihlali olabilir. Bu durumda muhtemelen hesab\u0131n\u0131za <strong>instagram ihlal atma <\/strong>i\u015flemini telif sahibi yapm\u0131\u015ft\u0131r. Ancak telifi atan ki\u015fi itiraz\u0131n\u0131 geri \u00e7ekerse hesab\u0131n\u0131z\u0131 daha kolay kurtarabilirsiniz. Bu itiraz\u0131 kald\u0131rmak i\u00e7in telif sahibi sizden belli bir \u00fccret talep edilebilir. Bunu kabul edip \u00f6deme yaparsan\u0131z <strong>ihlalden kapanan Instagram<\/strong> <strong>a\u00e7ma <\/strong>ihtimaliniz y\u00fckselir.<\/p>\n\n\n\n<p>Instagram hesab\u0131n\u0131z\u0131n kapanma sebeplerinden biri de taklit olabilir. Taklit y\u00fcz\u00fcnden hesab\u0131n\u0131z kapand\u0131ysa, bu size bildirilecektir. Bunun bir hata sonucu oldu\u011funu d\u00fc\u015f\u00fcn\u00fcyorsan\u0131z, Instagram ekibi bu durumu kendilerine bildirmenizi isteyecektir. Taklit nedeniyle yap\u0131lan itiraza cevap gelmesi, ekstra uzun s\u00fcrebilmektedir.<\/p>\n\n\n\n<p>Uygulama \u00fczerinden<strong> Instagram hesab\u0131n ko\u015fullar\u0131m\u0131z\u0131 ihlal etti\u011fin i\u00e7in kapat\u0131lm\u0131\u015ft\u0131r <\/strong>\u015feklinde uyar\u0131 alman\u0131z durumunda mutlaka \u00f6ncelikle Instagram yetkilileri ile ileti\u015fim kurun. Daha sonra size gelecek cevab\u0131 beklemeniz gerekecektir.<\/p>\n\n\n\n<p>Cevap beklerken mail adresinizi s\u00fcrekli bir \u015fekilde kontrol etmeyi unutmay\u0131n. Doldurdu\u011funuz <strong>Instagram<\/strong> <strong>topluluk kurallar\u0131 ihlali formu <\/strong>neticesinde mail yoluyla itiraz\u0131n\u0131z\u0131n kabul edildi\u011fiyle birlikte onay vermeniz istenecektir. E-postalar\u0131n\u0131z\u0131 kontrol etmez ve gelen maile cevap vermezseniz s\u00fcre\u00e7ler ekstra uzayacakt\u0131r. Onaylayaca\u011f\u0131n\u0131z mail sonras\u0131 hesab\u0131n\u0131z\u0131n kesin olarak a\u00e7\u0131laca\u011f\u0131 gibi bir durum s\u00f6z konusu de\u011fildir. Hesab\u0131n\u0131z\u0131n tekrar a\u00e7\u0131lmas\u0131 <strong>instagram kural ihlali <\/strong>seviyesine ba\u011fl\u0131d\u0131r. Daha fazla sorunuz var ise mutlaka <a href=\"https:\/\/help.instagram.com\/366993040048856\/?helpref=search&amp;query=instagram%20hesab%C4%B1m%20kapat%C4%B1ld%C4%B1&amp;search_session_id=1898e4c30517cee75987369066c0dacf&amp;sr=0\" target=\"_blank\" rel=\"noopener\">Instagram Destek<\/a> sayfas\u0131na bir g\u00f6z at\u0131n!<\/p>\n\n\n\n<h2 class=\"wp-block-heading\"><span class=\"ez-toc-section\" id=\"Kapatilan_Instagram_Hesabini_Kurtarmak_Icin_Alternatif_Yontem\"><\/span><strong>Kapat\u0131lan Instagram Hesab\u0131n\u0131 Kurtarmak \u0130\u00e7in Alternatif Y\u00f6ntem<\/strong><span class=\"ez-toc-section-end\"><\/span><\/h2>\n\n\n\n<p>E\u011fer siz de <strong>Instagram<\/strong> <strong>ko\u015fullar\u0131 ihlal mesaj\u0131 <\/strong>ald\u0131ysan\u0131z ve bu durum i\u00e7in itiraz etmek istiyorsan\u0131z, belirtti\u011fimiz i\u015flem ad\u0131mlar\u0131n\u0131z takip edebilirsiniz. \u0130tiraz etmek i\u00e7in geri bildirim yapma b\u00f6l\u00fcm\u00fc otomatik olarak kar\u015f\u0131n\u0131za \u00e7\u0131km\u0131yorsa, kendiniz bu <strong>Instagram<\/strong> <strong>itiraz ba\u011flant\u0131s\u0131 <\/strong>k\u0131sm\u0131na ula\u015fabilirsiniz. Yard\u0131m merkezine girdi\u011finizde, kar\u015f\u0131n\u0131za hesab\u0131n\u0131z\u0131n kullan\u0131m amac\u0131yla ilgili bir soru gelecektir. Bu soruya hesab\u0131n\u0131za g\u00f6re cevap vermeniz gerekir.<\/p>\n\n\n\n<p>\u0130lgili soruya cevap verdikten sonra <strong>Instagram<\/strong> <strong>ihlal kald\u0131rma <\/strong>i\u015flemleri i\u00e7in itiraz formu \u00f6n\u00fcn\u00fcze gelmektedir. Form \u00fczerinde gerekli bilgileri atlamadan doldurarak yard\u0131m merkezine yollayabilirsiniz. B\u00f6ylece <strong>\u201cInstagram<\/strong> <strong>hesab\u0131m kapat\u0131ld\u0131 itiraz\u2019\u2019 <\/strong>ad\u0131mlar\u0131n\u0131 tamamlayabilirsiniz. Daha sonra otomatik itiraz b\u00f6l\u00fcm\u00fcnde oldu\u011fu gibi ortalama olarak bir hafta cevap gelmesini beklemeniz gerekecek.<\/p>\n\n\n\n<h2 class=\"wp-block-heading\"><span class=\"ez-toc-section\" id=\"Instagram_Hesabinizin_Kayitli_E-Posta_Adresine_Ulasamiyorsaniz_Ne_Olur\"><\/span><strong>Instagram Hesab\u0131n\u0131z\u0131n Kay\u0131tl\u0131 E-Posta Adresine Ula\u015fam\u0131yorsan\u0131z Ne Olur?<\/strong><span class=\"ez-toc-section-end\"><\/span><\/h2>\n\n\n\n<p>Hesab\u0131n\u0131z i\u00e7in <strong>Instagram<\/strong> <strong>topluluk kurallar\u0131 ihlali uyar\u0131s\u0131 <\/strong>ald\u0131ysan\u0131z, itiraz i\u015flemlerine ba\u015flamal\u0131s\u0131n\u0131z. Yapaca\u011f\u0131n\u0131z <strong>Instagram<\/strong> <strong>topluluk kurallar\u0131 ihlali kald\u0131rma <\/strong>i\u015flemleri i\u00e7in e-posta adresinizi a\u00e7abiliyor olman\u0131z gerekmektedir. Instagram yetkilileri hesab\u0131n size ait oldu\u011funu anlamak i\u00e7in i\u015flem talebinde bulunacakt\u0131r. Mail adresinize giremiyorsan\u0131z maalesef itiraz edemezsiniz. Kar\u015f\u0131la\u015ft\u0131\u011f\u0131n\u0131z <strong>topluluk kurallar\u0131 ihlali Instagram<\/strong> sorunu i\u00e7in mail adresi \u00e7ok \u00f6nemlidir.<\/p>\n\n\n\n<p><a href=\"https:\/\/www.fenomist.com\/blog\/instagram-e-posta-sorunlari\" target=\"_blank\" rel=\"noopener\">Instagram E-Posta Sorunlar\u0131 Nas\u0131l \u00c7\u00f6z\u00fcl\u00fcr?<\/a>&nbsp; yaz\u0131m\u0131z\u0131 inceleyerek bu konuda destek alabilirsiniz.<\/p>\n\n\n\n<p>G\u00f6nderilen <strong>Instagram<\/strong> <strong>ko\u015ful ihlali <\/strong>uyar\u0131s\u0131 sonras\u0131 g\u00fcvenlik tedbirleri gere\u011fi mailiniz kullan\u0131lmaktad\u0131r. Hesab\u0131n\u0131z i\u00e7in <strong>\u201cDurduk yere Instagram<\/strong> <strong>hesab\u0131m kapat\u0131ld\u0131\u2019\u2019 <\/strong>diye ara\u015ft\u0131rma yapmadan \u00f6nce e-posta adresinizi kontrol etmelisiniz.<\/p>\n\n\n<div class=\"wp-block-image\">\n<figure class=\"aligncenter size-full\"><img loading=\"lazy\" decoding=\"async\" width=\"960\" height=\"480\" src=\"https:\/\/www.fenomist.com\/blog\/wp-content\/uploads\/instagram-guvenlik-guncellemelerinin-detaylarini-ogrenin.jpg\" alt=\"Uygulamada Yap\u0131lan G\u00fcncellemelerin Detaylar\u0131n\u0131 \u00d6\u011frenin\" class=\"wp-image-41059\" srcset=\"https:\/\/www.fenomist.com\/blog\/wp-content\/uploads\/instagram-guvenlik-guncellemelerinin-detaylarini-ogrenin.jpg 960w, https:\/\/www.fenomist.com\/blog\/wp-content\/uploads\/instagram-guvenlik-guncellemelerinin-detaylarini-ogrenin-768x384.jpg 768w\" sizes=\"(max-width: 960px) 100vw, 960px\" \/><\/figure><\/div>\n\n\n<h2 class=\"wp-block-heading\"><span class=\"ez-toc-section\" id=\"Uygulamada_Yapilan_Guncellemelerin_Detaylarini_Ogrenin\"><\/span><strong>Uygulamada Yap\u0131lan G\u00fcncellemelerin Detaylar\u0131n\u0131 \u00d6\u011frenin<\/strong><span class=\"ez-toc-section-end\"><\/span><\/h2>\n\n\n\n<p>Instagram taraf\u0131ndan<strong> Instagram<\/strong> <strong>hesab\u0131n ko\u015fullar\u0131m\u0131z\u0131 ihlal etti\u011fin i\u00e7in kapat\u0131lm\u0131\u015ft\u0131r <\/strong>mesaj\u0131n\u0131 almamak i\u00e7in detaylar\u0131 tam olarak \u00f6\u011frenmeniz gerekir. Ald\u0131\u011f\u0131n\u0131z uyar\u0131yla <strong>\u201cInstagram<\/strong> <strong>hesab\u0131m\u0131 kapatt\u0131\u2019\u2019 <\/strong>\u015feklinde d\u00fc\u015f\u00fcn\u00fcyorsan\u0131z, ihlal yapmad\u0131\u011f\u0131n\u0131z\u0131 ispat etmelisiniz. Bu durumu tersine \u00e7evirmek i\u00e7in ise yeni g\u00fcvenlik \u00f6nlemlerini iyi bilmeniz \u00f6nemli.<\/p>\n\n\n\n<p>Kulland\u0131\u011f\u0131n\u0131z hesap i\u00e7in <strong>\u201cInstagram<\/strong> <strong>hesab\u0131m topluluk kurallar\u0131 ihlali\u2019\u2019 <\/strong>yapm\u0131\u015f olamaz diyorsan\u0131z, belirlenen kurallar\u0131 incelemelisiniz. <strong>\u2018\u2019Kapat\u0131lan instagram hesab\u0131 nas\u0131l a\u00e7\u0131l\u0131r?\u2019\u2019 <\/strong>aray\u0131\u015flar\u0131na instatakipci.com ailesi olarak kar\u015f\u0131l\u0131k veriyoruz. \u00d6zellikle, kullan\u0131c\u0131lara <strong>\u2018\u2019Instagram<\/strong> <strong>hesabim kapandi\u2019\u2019 <\/strong>sorununun \u00e7\u00f6z\u00fcm\u00fc i\u00e7in yaz\u0131m\u0131z\u0131 incelemelerini tavsiye ediyoruz.<\/p>\n\n\n\n<p>Hesap giri\u015f a\u015famas\u0131nda <strong>Instagram<\/strong> <strong>kural ihlali mesaj\u0131 <\/strong>alan kullan\u0131c\u0131lara h\u0131zl\u0131 bir \u015fekilde itiraz edebileceklerini hat\u0131rlatmak istiyoruz. Hesap sahiplerine <strong>\u201cInstagram<\/strong> <strong>destek formu doldur\u2019\u2019 <\/strong>\u015feklinde uyar\u0131da bulunmadan \u00f6nce g\u00fcvenlik kurallar\u0131n\u0131 bilip bilmedi\u011fi sorulmal\u0131d\u0131r. Topluluk kurallar\u0131na sa\u011flanan tam uyum sonras\u0131nda <strong>kapanan Instagram<\/strong> <strong>hesab\u0131 a\u00e7ma formu <\/strong>muhtemelen olumlu sonu\u00e7lara ula\u015ft\u0131racakt\u0131r.<\/p>\n\n\n\n<p><strong>\u2018\u2019Hesab\u0131m kapat\u0131ld\u0131 Instagram\u2019\u2019 <\/strong>sorununa kar\u015f\u0131 \u00e7\u00f6z\u00fcm yollar\u0131 oldu\u011funu unutmay\u0131n. Bu y\u00fczden, gerekli kurallara uygun olan hesaplar\u0131n sorun ya\u015famayaca\u011f\u0131 bilinmelidir. Bug\u00fcn ge\u00e7erlili\u011fi olan bir kural\u0131n, yap\u0131lan geli\u015ftirmeler sonucunda de\u011fi\u015febilece\u011fi de dikkat edilmesi gereken konulardan biri. Bu y\u00fczden hesab\u0131n\u0131z\u0131 korumak ve normal olarak kullanmaya devam etmek i\u00e7in belirtilen kurallara mutlaka uyun. \u00d6zellikle y\u00fcksek takip\u00e7i ve etkile\u015fime sahip hesaplardan yap\u0131lan payla\u015f\u0131mlara \u00f6zen g\u00f6sterilmesi gerekmektedir.<\/p>\n\n\n\n<p>Hesab\u0131n\u0131z ile alakal\u0131 olarak <strong>Instagram<\/strong> <strong>inceleme formu <\/strong>doldurarak, anlam veremedi\u011finiz kapatma nedeni hakk\u0131nda detayl\u0131 bilgi sahibi olabilirsiniz. \u00d6zellikle siz de <strong>\u201cInstagram<\/strong> <strong>hesab\u0131n ko\u015fullar\u0131m\u0131z\u0131 ihlal etti\u011fin i\u00e7in kapat\u0131lm\u0131\u015ft\u0131r\u2019\u2019 <\/strong>uyar\u0131s\u0131n\u0131 ald\u0131ysan\u0131z mutlaka sayfam\u0131za g\u00f6z at\u0131n. <\/p>\n\n\n\n<p><a href=\"https:\/\/www.fenomist.com\/instagram-analiz\" target=\"_blank\" rel=\"noopener\">Instagram Takip\u00e7i analizi<\/a> hizmeti ile saniyeler i\u00e7erisinde diledi\u011finiz profilin analizini \u00e7\u0131kar\u0131n!<\/p>\n\n\n\n<figure class=\"wp-block-embed aligncenter is-type-video is-provider-youtube wp-block-embed-youtube wp-embed-aspect-16-9 wp-has-aspect-ratio\"><div class=\"wp-block-embed__wrapper\">\n<iframe title=\"\u0130nstagram \u0130hlal Yemi\u015f Hesap A\u00e7ma - \u0130hlal Kald\u0131rma\" width=\"640\" height=\"360\" src=\"https:\/\/www.youtube.com\/embed\/ml0Vs0EHtZE?feature=oembed\" frameborder=\"0\" allow=\"accelerometer; autoplay; clipboard-write; encrypted-media; gyroscope; picture-in-picture; web-share\" referrerpolicy=\"strict-origin-when-cross-origin\" allowfullscreen><\/iframe><script type=\"application\/ld+json\">\n    {\n      \"@context\": \"https:\/\/schema.org\",\n      \"@type\": \"VideoObject\",\n      \"name\": \"\u0130nstagram \u0130hlal Yemi\u015f Hesap A\u00e7ma - \u0130hlal Kald\u0131rma\",\n      \"description\": \"Instagram \u201cHesab\u0131n Ko\u015fullar\u0131m\u0131z\u0131 \u0130hlal Etti\u011fin i\u00e7in Kapat\u0131lm\u0131\u015ft\u0131r\u201d Hatas\u0131n\u0131n \u00c7\u00f6z\u00fcm\u00fc\",\n      \"thumbnailUrl\": \"https:\/\/i.ytimg.com\/vi_webp\/ml0Vs0EHtZE\/mqdefault.webp\",\n      \"embedUrl\": \"https:\/\/www.youtube.com\/embed\/ml0Vs0EHtZE?feature=oembed\",\n      \"uploadDate\": \"January 28, 2025 2:04 pm\"\n    }\n    <\/script>\n<\/div><\/figure>\n\n\n\n<div class=\"schema-faq wp-block-yoast-faq-block\">   <\/div>\n\r\n\t\t\t<div id=\"daexthefu-container\"\r\n\t\t\t\tclass=\"daexthefu-container daexthefu-layout-side-by-side daexthefu-alignment-left\"\r\n\t\t\t\tdata-post-id=\"41053\">\r\n\r\n\t\t\t\t<div class=\"daexthefu-feedback\">\r\n\t\t\t\t\t<div class=\"daexthefu-text\">\r\n\t\t\t\t\t\t<h3 class=\"daexthefu-title\"><span class=\"ez-toc-section\" id=\"Bu_makale_faydali_miydi\"><\/span>Bu makale faydal\u0131 m\u0131yd\u0131?<span class=\"ez-toc-section-end\"><\/span><\/h3>\r\n\t\t\t\t\t<\/div>\r\n\t\t\t\t\t<div class=\"daexthefu-buttons-container\">\r\n\t\t\t\t\t\t<div class=\"daexthefu-buttons\">\r\n\t\t\t\t\t\t\t\r\n\t\t\t<div class=\"daexthefu-yes daexthefu-button daexthefu-button-type-text\" data-value=\"1\">\r\n\t\t\t\t<div class=\"daexthefu-button-text\">Faydal\u0131<\/div>\r\n\t\t\t<\/div>\r\n\r\n\t\t\t\t\t\t\t\t\t\t\r\n\t\t\t<div class=\"daexthefu-no daexthefu-button daexthefu-button-type-text\" data-value=\"0\">\r\n\t\t\t\t<div class=\"daexthefu-button-text\">Geli\u015ftirilmeli<\/div>\r\n\t\t\t<\/div>\r\n\r\n\t\t\t\t\t\t\t\t\t<\/div>\r\n\t\t\t\t\t<\/div>\r\n\t\t\t\t<\/div>\r\n\r\n\t\t\t\t<div class=\"daexthefu-comment\">\r\n\t\t\t\t\t<div class=\"daexthefu-comment-top-container\">\r\n\t\t\t\t\t\t<label id=\"daexthefu-comment-label\" class=\"daexthefu-comment-label\"><\/label>\r\n\t\t\t\t\t\t\t\t\t\t\t\t\t<div class=\"daexthefu-comment-character-counter-container\">\r\n\t\t\t\t\t\t\t\t<div id=\"daexthefu-comment-character-counter-number\"\r\n\t\t\t\t\t\t\t\t\tclass=\"daexthefu-comment-character-counter-number\"><\/div>\r\n\t\t\t\t\t\t\t\t<div class=\"daexthefu-comment-character-counter-text\"><\/div>\r\n\t\t\t\t\t\t\t<\/div>\r\n\t\t\t\t\t\t\t\t\t\t\t<\/div>\r\n\t\t\t\t\t<textarea id=\"daexthefu-comment-textarea\" class=\"daexthefu-comment-textarea\"\r\n\t\t\t\t\t\t\t\tplaceholder=\"Mesaj\u0131n\u0131z\u0131 giriniz\"\r\n\t\t\t\t\t\t\t\tmaxlength=\"\r\n\t\t\t\t\t\t\t\t400\t\t\t\t\t\t\t\t\t\"><\/textarea>\r\n\t\t\t\t\t<div class=\"daexthefu-comment-buttons-container\">\r\n\t\t\t\t\t\t<button class=\"daexthefu-comment-submit daexthefu-button\">G\u00f6nder<\/button>\r\n\t\t\t\t\t\t<button class=\"daexthefu-comment-cancel daexthefu-button\">\u0130ptal<\/button>\r\n\t\t\t\t\t<\/div>\r\n\t\t\t\t<\/div>\r\n\r\n\t\t\t\t<div class=\"daexthefu-successful-submission-text\">Geri bildirim i\u00e7in te\u015fekk\u00fcr ederiz!<\/div>\r\n\r\n\t\t\t<\/div>\r\n\r\n\t\t\t\n    <div class=\"container\">\n        <div class=\"faq accordion faq-drop\" id=\"accordion\">\n            <h2 class=\"accordion-title\"><span class=\"ez-toc-section\" id=\"Hakkinda_Sikca_Sorulan_Sorular\"><\/span> Hakk\u0131nda S\u0131k\u00e7a Sorulan Sorular<span class=\"ez-toc-section-end\"><\/span><\/h2>\n            <div class=\"col-md-12 faq-card\">\n                    <div class=\"card faq\">\n                        <div class=\"card-header collapsed d-flex justify-content-between align-items-center\" id=\"heading0\"\n                             data-toggle=\"collapse\" data-target=\"#collapse_0\" aria-expanded=\"true\" role=\"button\"\n                             aria-controls=\"collapse_0\">\n                            <div class=\"btn btn-link text-dark font-weight-bold\">\n                               <strong>Instagram Hesab\u0131m Neden Kapat\u0131ld\u0131?\n                            <\/div>\n                            <div class=\"btn-toogle\">\n                                <span><\/span>\n                                <span><\/span>\n                            <\/div>\n                        <\/div>\n                        <div id=\"collapse_0\" class=\"collapse\" aria-labelledby=\"heading0\" data-parent=\"#accordion\">\n                            <div class=\"card-body\">\n                                <p>Instagram hesaplar\u0131n\u0131n kapanmas\u0131, belirlenen yasaklara uyulmamas\u0131 sonucu ortaya \u00e7\u0131kar. K\u00fcf\u00fcr, hakaret, \u0131rk\u00e7\u0131l\u0131k, cinsellik, insan ve hayvan haklar\u0131na dair kurallara uymayan payla\u015f\u0131mlar sonucu hesaplar kapat\u0131lmaktad\u0131r.<\/p>\n                            <\/div>\n                        <\/div>\n                        <\/div>\n                        \n                    <div class=\"card faq\">\n                        <div class=\"card-header collapsed d-flex justify-content-between align-items-center\" id=\"heading1\"\n                             data-toggle=\"collapse\" data-target=\"#collapse_1\" aria-expanded=\"true\" role=\"button\"\n                             aria-controls=\"collapse_1\">\n                            <div class=\"btn btn-link text-dark font-weight-bold\">\n                               <strong>Instagram Hesab\u0131n\n                            <\/div>\n                            <div class=\"btn-toogle\">\n                                <span><\/span>\n                                <span><\/span>\n                            <\/div>\n                        <\/div>\n                        <div id=\"collapse_1\" class=\"collapse\" aria-labelledby=\"heading1\" data-parent=\"#accordion\">\n                            <div class=\"card-body\">\n                                <p>Kapat\u0131lan hesaplar platform \u00fczerinde g\u00f6r\u00fcnt\u00fclenememektedir. Di\u011fer kullan\u0131c\u0131larda kapat\u0131lan hesaplar\u0131 g\u00f6remez. Hesaba giri\u015f yap\u0131lmaya \u00e7al\u0131\u015f\u0131ld\u0131\u011f\u0131nda eri\u015fim sa\u011flanamayacakt\u0131r.<br\/><\/p>\n                            <\/div>\n                        <\/div>\n                        <\/div>\n                        \n                    <div class=\"card faq\">\n                        <div class=\"card-header collapsed d-flex justify-content-between align-items-center\" id=\"heading2\"\n                             data-toggle=\"collapse\" data-target=\"#collapse_2\" aria-expanded=\"true\" role=\"button\"\n                             aria-controls=\"collapse_2\">\n                            <div class=\"btn btn-link text-dark font-weight-bold\">\n                               <strong>Instagram Hesab\u0131m\u0131n \u015eik\u00e2yet Edildi\u011fini Nas\u0131l Anlar\u0131m?\n                            <\/div>\n                            <div class=\"btn-toogle\">\n                                <span><\/span>\n                                <span><\/span>\n                            <\/div>\n                        <\/div>\n                        <div id=\"collapse_2\" class=\"collapse\" aria-labelledby=\"heading2\" data-parent=\"#accordion\">\n                            <div class=\"card-body\">\n                                <p>Profil sayfas\u0131ndaki ayarlar b\u00f6l\u00fcm\u00fcndeki destek taleplerinden, \u015fikayetler yazan k\u0131s\u0131m t\u0131klanmal\u0131d\u0131r. \u0130\u015flem sonunda varsa \u015fikayetler listelenecektir. Instagram hakk\u0131ndaki yard\u0131mlar\u0131yla instatakipci.com kullan\u0131c\u0131lar\u0131na destek vermektedir.<\/p>\n                            <\/div>\n                        <\/div>\n                        <\/div>\n                        <\/div><\/div><\/div>","protected":false},"excerpt":{"rendered":"<p>Instagram \u201cHesab\u0131n Ko\u015fullar\u0131m\u0131z\u0131 \u0130hlal Etti\u011fin i\u00e7in Kapat\u0131lm\u0131\u015ft\u0131r\u201d Hatas\u0131n\u0131n \u00c7\u00f6z\u00fcm\u00fc<\/p>\n","protected":false},"author":23,"featured_media":41069,"comment_status":"open","ping_status":"closed","sticky":false,"template":"","format":"standard","meta":{"_helpful_status":1,"footnotes":""},"categories":[1],"tags":[],"class_list":["post-41053","post","type-post","status-publish","format-standard","has-post-thumbnail","hentry","category-sosyal-medya","entry"],"yoast_head":"<!-- This site is optimized with the Yoast SEO plugin v26.5 - https:\/\/yoast.com\/wordpress\/plugins\/seo\/ -->\n<title>Instagram &quot;Hesab\u0131n Ko\u015fullar\u0131m\u0131z\u0131 \u0130hlal Etti\u011fin i\u00e7in Kapat\u0131lm\u0131\u015ft\u0131r&quot; Hatas\u0131<\/title>\n<meta name=\"description\" content=\"Instagram Hesab\u0131n Ko\u015fullar\u0131m\u0131z\u0131 \u0130hlal Etti\u011fin i\u00e7in Kapat\u0131lm\u0131\u015ft\u0131r Hatas\u0131 ne anlama gelmektedir? Nas\u0131l \u00c7\u00f6z\u00fcl\u00fcr? Hemen t\u0131kla!\" \/>\n<meta name=\"robots\" content=\"index, follow, max-snippet:-1, max-image-preview:large, max-video-preview:-1\" \/>\n<link rel=\"canonical\" href=\"https:\/\/www.fenomist.com\/blog\/instagram-hesabin-kosullarimizi-ihlal-ettigin-icin-kapatilmistir-hatasinin-cozumu\" \/>\n<meta property=\"og:locale\" content=\"tr_TR\" \/>\n<meta property=\"og:type\" content=\"article\" \/>\n<meta property=\"og:title\" content=\"Instagram &quot;Hesab\u0131n Ko\u015fullar\u0131m\u0131z\u0131 \u0130hlal Etti\u011fin i\u00e7in Kapat\u0131lm\u0131\u015ft\u0131r&quot; Hatas\u0131\" \/>\n<meta property=\"og:description\" content=\"Instagram Hesab\u0131n Ko\u015fullar\u0131m\u0131z\u0131 \u0130hlal Etti\u011fin i\u00e7in Kapat\u0131lm\u0131\u015ft\u0131r Hatas\u0131 ne anlama gelmektedir? Nas\u0131l \u00c7\u00f6z\u00fcl\u00fcr? Hemen t\u0131kla!\" \/>\n<meta property=\"og:url\" content=\"https:\/\/www.fenomist.com\/blog\/instagram-hesabin-kosullarimizi-ihlal-ettigin-icin-kapatilmistir-hatasinin-cozumu\" \/>\n<meta property=\"og:site_name\" content=\"Instagram Takip\u00e7i Blog - Son Dakika Haberler\" \/>\n<meta property=\"article:publisher\" content=\"https:\/\/www.facebook.com\/fenomist\" \/>\n<meta property=\"article:published_time\" content=\"2023-03-24T14:17:41+00:00\" \/>\n<meta property=\"article:modified_time\" content=\"2025-01-28T14:04:49+00:00\" \/>\n<meta property=\"og:image\" content=\"https:\/\/www.fenomist.com\/blog\/wp-content\/uploads\/instagram-hesabin-kosullarimizi-ihlal-ettigin-icin-kapatilmistir-hatasinin-cozumu.jpg\" \/>\n\t<meta property=\"og:image:width\" content=\"960\" \/>\n\t<meta property=\"og:image:height\" content=\"640\" \/>\n\t<meta property=\"og:image:type\" content=\"image\/jpeg\" \/>\n<meta name=\"author\" content=\"Cemali Bat\u0131n\" \/>\n<meta name=\"twitter:card\" content=\"summary_large_image\" \/>\n<meta name=\"twitter:creator\" content=\"@BatCemali\" \/>\n<meta name=\"twitter:site\" content=\"@smipuclari\" \/>\n<meta name=\"twitter:label1\" content=\"Yazan:\" \/>\n\t<meta name=\"twitter:data1\" content=\"Cemali Bat\u0131n\" \/>\n\t<meta name=\"twitter:label2\" content=\"Tahmini okuma s\u00fcresi\" \/>\n\t<meta name=\"twitter:data2\" content=\"8 dakika\" \/>\n<script type=\"application\/ld+json\" class=\"yoast-schema-graph\">{\"@context\":\"https:\/\/schema.org\",\"@graph\":[{\"@type\":\"Article\",\"@id\":\"https:\/\/www.fenomist.com\/blog\/instagram-hesabin-kosullarimizi-ihlal-ettigin-icin-kapatilmistir-hatasinin-cozumu#article\",\"isPartOf\":{\"@id\":\"https:\/\/www.fenomist.com\/blog\/instagram-hesabin-kosullarimizi-ihlal-ettigin-icin-kapatilmistir-hatasinin-cozumu\"},\"author\":{\"name\":\"Cemali Bat\u0131n\",\"@id\":\"https:\/\/www.fenomist.com\/blog\/#\/schema\/person\/04b587ae5900dedfe21fefdff3757e2a\"},\"headline\":\"Instagram \u201cHesab\u0131n Ko\u015fullar\u0131m\u0131z\u0131 \u0130hlal Etti\u011fin i\u00e7in Kapat\u0131lm\u0131\u015ft\u0131r\u201d Hatas\u0131n\u0131n \u00c7\u00f6z\u00fcm\u00fc\",\"datePublished\":\"2023-03-24T14:17:41+00:00\",\"dateModified\":\"2025-01-28T14:04:49+00:00\",\"mainEntityOfPage\":{\"@id\":\"https:\/\/www.fenomist.com\/blog\/instagram-hesabin-kosullarimizi-ihlal-ettigin-icin-kapatilmistir-hatasinin-cozumu\"},\"wordCount\":1775,\"commentCount\":0,\"publisher\":{\"@id\":\"https:\/\/www.fenomist.com\/blog\/#organization\"},\"image\":{\"@id\":\"https:\/\/www.fenomist.com\/blog\/instagram-hesabin-kosullarimizi-ihlal-ettigin-icin-kapatilmistir-hatasinin-cozumu#primaryimage\"},\"thumbnailUrl\":\"https:\/\/www.fenomist.com\/blog\/wp-content\/uploads\/instagram-hesabin-kosullarimizi-ihlal-ettigin-icin-kapatilmistir-hatasinin-cozumu.jpg\",\"articleSection\":[\"Sosyal Medya\"],\"inLanguage\":\"tr\",\"potentialAction\":[{\"@type\":\"CommentAction\",\"name\":\"Comment\",\"target\":[\"https:\/\/www.fenomist.com\/blog\/instagram-hesabin-kosullarimizi-ihlal-ettigin-icin-kapatilmistir-hatasinin-cozumu#respond\"]}]},{\"@type\":[\"WebPage\",\"FAQPage\"],\"@id\":\"https:\/\/www.fenomist.com\/blog\/instagram-hesabin-kosullarimizi-ihlal-ettigin-icin-kapatilmistir-hatasinin-cozumu\",\"url\":\"https:\/\/www.fenomist.com\/blog\/instagram-hesabin-kosullarimizi-ihlal-ettigin-icin-kapatilmistir-hatasinin-cozumu\",\"name\":\"Instagram \\\"Hesab\u0131n Ko\u015fullar\u0131m\u0131z\u0131 \u0130hlal Etti\u011fin i\u00e7in Kapat\u0131lm\u0131\u015ft\u0131r\\\" Hatas\u0131\",\"isPartOf\":{\"@id\":\"https:\/\/www.fenomist.com\/blog\/#website\"},\"primaryImageOfPage\":{\"@id\":\"https:\/\/www.fenomist.com\/blog\/instagram-hesabin-kosullarimizi-ihlal-ettigin-icin-kapatilmistir-hatasinin-cozumu#primaryimage\"},\"image\":{\"@id\":\"https:\/\/www.fenomist.com\/blog\/instagram-hesabin-kosullarimizi-ihlal-ettigin-icin-kapatilmistir-hatasinin-cozumu#primaryimage\"},\"thumbnailUrl\":\"https:\/\/www.fenomist.com\/blog\/wp-content\/uploads\/instagram-hesabin-kosullarimizi-ihlal-ettigin-icin-kapatilmistir-hatasinin-cozumu.jpg\",\"datePublished\":\"2023-03-24T14:17:41+00:00\",\"dateModified\":\"2025-01-28T14:04:49+00:00\",\"description\":\"Instagram Hesab\u0131n Ko\u015fullar\u0131m\u0131z\u0131 \u0130hlal Etti\u011fin i\u00e7in Kapat\u0131lm\u0131\u015ft\u0131r Hatas\u0131 ne anlama gelmektedir? Nas\u0131l \u00c7\u00f6z\u00fcl\u00fcr? Hemen t\u0131kla!\",\"breadcrumb\":{\"@id\":\"https:\/\/www.fenomist.com\/blog\/instagram-hesabin-kosullarimizi-ihlal-ettigin-icin-kapatilmistir-hatasinin-cozumu#breadcrumb\"},\"mainEntity\":[{\"@id\":\"https:\/\/www.fenomist.com\/blog\/instagram-hesabin-kosullarimizi-ihlal-ettigin-icin-kapatilmistir-hatasinin-cozumu#faq-question-1679662612966\"},{\"@id\":\"https:\/\/www.fenomist.com\/blog\/instagram-hesabin-kosullarimizi-ihlal-ettigin-icin-kapatilmistir-hatasinin-cozumu#faq-question-1679662624960\"},{\"@id\":\"https:\/\/www.fenomist.com\/blog\/instagram-hesabin-kosullarimizi-ihlal-ettigin-icin-kapatilmistir-hatasinin-cozumu#faq-question-1679662632226\"}],\"inLanguage\":\"tr\",\"potentialAction\":[{\"@type\":\"ReadAction\",\"target\":[\"https:\/\/www.fenomist.com\/blog\/instagram-hesabin-kosullarimizi-ihlal-ettigin-icin-kapatilmistir-hatasinin-cozumu\"]}]},{\"@type\":\"ImageObject\",\"inLanguage\":\"tr\",\"@id\":\"https:\/\/www.fenomist.com\/blog\/instagram-hesabin-kosullarimizi-ihlal-ettigin-icin-kapatilmistir-hatasinin-cozumu#primaryimage\",\"url\":\"https:\/\/www.fenomist.com\/blog\/wp-content\/uploads\/instagram-hesabin-kosullarimizi-ihlal-ettigin-icin-kapatilmistir-hatasinin-cozumu.jpg\",\"contentUrl\":\"https:\/\/www.fenomist.com\/blog\/wp-content\/uploads\/instagram-hesabin-kosullarimizi-ihlal-ettigin-icin-kapatilmistir-hatasinin-cozumu.jpg\",\"width\":960,\"height\":640},{\"@type\":\"BreadcrumbList\",\"@id\":\"https:\/\/www.fenomist.com\/blog\/instagram-hesabin-kosullarimizi-ihlal-ettigin-icin-kapatilmistir-hatasinin-cozumu#breadcrumb\",\"itemListElement\":[{\"@type\":\"ListItem\",\"position\":1,\"name\":\"Ana sayfa\",\"item\":\"https:\/\/www.fenomist.com\/blog\"},{\"@type\":\"ListItem\",\"position\":2,\"name\":\"Sosyal Medya\",\"item\":\"https:\/\/www.fenomist.com\/blog\/sosyal-medya\"},{\"@type\":\"ListItem\",\"position\":3,\"name\":\"Instagram \u201cHesab\u0131n Ko\u015fullar\u0131m\u0131z\u0131 \u0130hlal Etti\u011fin i\u00e7in Kapat\u0131lm\u0131\u015ft\u0131r\u201d Hatas\u0131n\u0131n \u00c7\u00f6z\u00fcm\u00fc\"}]},{\"@type\":\"WebSite\",\"@id\":\"https:\/\/www.fenomist.com\/blog\/#website\",\"url\":\"https:\/\/www.fenomist.com\/blog\/\",\"name\":\"Sosyal Medya Haberleri - Son Dakika\",\"description\":\"Sosyal Medya Haberleri - Son Dakika\",\"publisher\":{\"@id\":\"https:\/\/www.fenomist.com\/blog\/#organization\"},\"alternateName\":\"fenomist.com\",\"potentialAction\":[{\"@type\":\"SearchAction\",\"target\":{\"@type\":\"EntryPoint\",\"urlTemplate\":\"https:\/\/www.fenomist.com\/blog\/?s={search_term_string}\"},\"query-input\":{\"@type\":\"PropertyValueSpecification\",\"valueRequired\":true,\"valueName\":\"search_term_string\"}}],\"inLanguage\":\"tr\"},{\"@type\":\"Organization\",\"@id\":\"https:\/\/www.fenomist.com\/blog\/#organization\",\"name\":\"Fenomist\",\"alternateName\":\"fenomist.com\",\"url\":\"https:\/\/www.fenomist.com\/blog\/\",\"logo\":{\"@type\":\"ImageObject\",\"inLanguage\":\"tr\",\"@id\":\"https:\/\/www.fenomist.com\/blog\/#\/schema\/logo\/image\/\",\"url\":\"https:\/\/www.fenomist.com\/blog\/wp-content\/uploads\/instagram-takipci-satin-al-blog.svg\",\"contentUrl\":\"https:\/\/www.fenomist.com\/blog\/wp-content\/uploads\/instagram-takipci-satin-al-blog.svg\",\"caption\":\"Fenomist\"},\"image\":{\"@id\":\"https:\/\/www.fenomist.com\/blog\/#\/schema\/logo\/image\/\"},\"sameAs\":[\"https:\/\/www.facebook.com\/fenomist\",\"https:\/\/x.com\/smipuclari\",\"https:\/\/www.instagram.com\/sosyal_fabrika\/\",\"https:\/\/tr.linkedin.com\/in\/instatakipcicom\",\"https:\/\/myspace.com\/instatakipci22\",\"https:\/\/fi.pinterest.com\/instatakipcisosyal\/\",\"https:\/\/www.youtube.com\/instatakipcicom\"]},{\"@type\":\"Person\",\"@id\":\"https:\/\/www.fenomist.com\/blog\/#\/schema\/person\/04b587ae5900dedfe21fefdff3757e2a\",\"name\":\"Cemali Bat\u0131n\",\"image\":{\"@type\":\"ImageObject\",\"inLanguage\":\"tr\",\"@id\":\"https:\/\/www.fenomist.com\/blog\/#\/schema\/person\/image\/\",\"url\":\"https:\/\/www.fenomist.com\/blog\/wp-content\/uploads\/cemali-batin-96x96.webp\",\"contentUrl\":\"https:\/\/www.fenomist.com\/blog\/wp-content\/uploads\/cemali-batin-96x96.webp\",\"caption\":\"Cemali Bat\u0131n\"},\"description\":\"Herkese merhaba, Ben Cemali! Sosyal medya konusunda yakla\u015f\u0131k 10 y\u0131ll\u0131k deneyime sahibim. \u0130lk olarak Facebook \u00fczerinde ba\u015flayan ser\u00fcvenim git gide bir maceraya ve daha sonra tutkuya d\u00f6n\u00fc\u015ft\u00fc. Sonra ise t\u00fcm platformlar hakk\u0131nda elimden geldi\u011finde bilgi edindim. \u015eimdi ise 10 y\u0131l i\u00e7erisinde \u00f6\u011frendi\u011fim t\u00fcm bilgileri InstaTakipci \u00fczerinden sizler ile payla\u015f\u0131yor, sizlere faydal\u0131 olmas\u0131 amac\u0131yla i\u00e7erikler \u00fcretiyorum. Takipte kal\u0131n, g\u00fcncel yaz\u0131lar\u0131m\u0131z\u0131 ka\u00e7\u0131rmay\u0131n!\",\"sameAs\":[\"https:\/\/www.fenomist.com\/blog\/author\/cemali\",\"https:\/\/x.com\/BatCemali\"],\"url\":\"https:\/\/www.fenomist.com\/blog\/author\/cemali\"},{\"@type\":\"Question\",\"@id\":\"https:\/\/www.fenomist.com\/blog\/instagram-hesabin-kosullarimizi-ihlal-ettigin-icin-kapatilmistir-hatasinin-cozumu#faq-question-1679662612966\",\"position\":1,\"url\":\"https:\/\/www.fenomist.com\/blog\/instagram-hesabin-kosullarimizi-ihlal-ettigin-icin-kapatilmistir-hatasinin-cozumu#faq-question-1679662612966\",\"name\":\"Instagram Hesab\u0131m Neden Kapat\u0131ld\u0131?\",\"answerCount\":1,\"acceptedAnswer\":{\"@type\":\"Answer\",\"text\":\"Instagram hesaplar\u0131n\u0131n kapanmas\u0131, belirlenen yasaklara uyulmamas\u0131 sonucu ortaya \u00e7\u0131kar. K\u00fcf\u00fcr, hakaret, \u0131rk\u00e7\u0131l\u0131k, cinsellik, insan ve hayvan haklar\u0131na dair kurallara uymayan payla\u015f\u0131mlar sonucu hesaplar kapat\u0131lmaktad\u0131r.\",\"inLanguage\":\"tr\"},\"inLanguage\":\"tr\"},{\"@type\":\"Question\",\"@id\":\"https:\/\/www.fenomist.com\/blog\/instagram-hesabin-kosullarimizi-ihlal-ettigin-icin-kapatilmistir-hatasinin-cozumu#faq-question-1679662624960\",\"position\":2,\"url\":\"https:\/\/www.fenomist.com\/blog\/instagram-hesabin-kosullarimizi-ihlal-ettigin-icin-kapatilmistir-hatasinin-cozumu#faq-question-1679662624960\",\"name\":\"Instagram Hesab\u0131n\u0131n Kapat\u0131ld\u0131\u011f\u0131 Nas\u0131l Anla\u015f\u0131l\u0131r?\",\"answerCount\":1,\"acceptedAnswer\":{\"@type\":\"Answer\",\"text\":\"Kapat\u0131lan hesaplar platform \u00fczerinde g\u00f6r\u00fcnt\u00fclenememektedir. Di\u011fer kullan\u0131c\u0131larda kapat\u0131lan hesaplar\u0131 g\u00f6remez. Hesaba giri\u015f yap\u0131lmaya \u00e7al\u0131\u015f\u0131ld\u0131\u011f\u0131nda eri\u015fim sa\u011flanamayacakt\u0131r.<br\/>\",\"inLanguage\":\"tr\"},\"inLanguage\":\"tr\"},{\"@type\":\"Question\",\"@id\":\"https:\/\/www.fenomist.com\/blog\/instagram-hesabin-kosullarimizi-ihlal-ettigin-icin-kapatilmistir-hatasinin-cozumu#faq-question-1679662632226\",\"position\":3,\"url\":\"https:\/\/www.fenomist.com\/blog\/instagram-hesabin-kosullarimizi-ihlal-ettigin-icin-kapatilmistir-hatasinin-cozumu#faq-question-1679662632226\",\"name\":\"Instagram Hesab\u0131m\u0131n \u015eik\u00e2yet Edildi\u011fini Nas\u0131l Anlar\u0131m?\",\"answerCount\":1,\"acceptedAnswer\":{\"@type\":\"Answer\",\"text\":\"Profil sayfas\u0131ndaki ayarlar b\u00f6l\u00fcm\u00fcndeki destek taleplerinden, \u015fikayetler yazan k\u0131s\u0131m t\u0131klanmal\u0131d\u0131r. \u0130\u015flem sonunda varsa \u015fikayetler listelenecektir. Instagram hakk\u0131ndaki yard\u0131mlar\u0131yla instatakipci.com kullan\u0131c\u0131lar\u0131na destek vermektedir.\",\"inLanguage\":\"tr\"},\"inLanguage\":\"tr\"}]}<\/script>\n<!-- \/ Yoast SEO plugin. -->","yoast_head_json":{"title":"Instagram \"Hesab\u0131n Ko\u015fullar\u0131m\u0131z\u0131 \u0130hlal Etti\u011fin i\u00e7in Kapat\u0131lm\u0131\u015ft\u0131r\" Hatas\u0131","description":"Instagram Hesab\u0131n Ko\u015fullar\u0131m\u0131z\u0131 \u0130hlal Etti\u011fin i\u00e7in Kapat\u0131lm\u0131\u015ft\u0131r Hatas\u0131 ne anlama gelmektedir? Nas\u0131l \u00c7\u00f6z\u00fcl\u00fcr? Hemen t\u0131kla!","robots":{"index":"index","follow":"follow","max-snippet":"max-snippet:-1","max-image-preview":"max-image-preview:large","max-video-preview":"max-video-preview:-1"},"canonical":"https:\/\/www.fenomist.com\/blog\/instagram-hesabin-kosullarimizi-ihlal-ettigin-icin-kapatilmistir-hatasinin-cozumu","og_locale":"tr_TR","og_type":"article","og_title":"Instagram \"Hesab\u0131n Ko\u015fullar\u0131m\u0131z\u0131 \u0130hlal Etti\u011fin i\u00e7in Kapat\u0131lm\u0131\u015ft\u0131r\" Hatas\u0131","og_description":"Instagram Hesab\u0131n Ko\u015fullar\u0131m\u0131z\u0131 \u0130hlal Etti\u011fin i\u00e7in Kapat\u0131lm\u0131\u015ft\u0131r Hatas\u0131 ne anlama gelmektedir? Nas\u0131l \u00c7\u00f6z\u00fcl\u00fcr? Hemen t\u0131kla!","og_url":"https:\/\/www.fenomist.com\/blog\/instagram-hesabin-kosullarimizi-ihlal-ettigin-icin-kapatilmistir-hatasinin-cozumu","og_site_name":"Instagram Takip\u00e7i Blog - Son Dakika Haberler","article_publisher":"https:\/\/www.facebook.com\/fenomist","article_published_time":"2023-03-24T14:17:41+00:00","article_modified_time":"2025-01-28T14:04:49+00:00","og_image":[{"width":960,"height":640,"url":"https:\/\/www.fenomist.com\/blog\/wp-content\/uploads\/instagram-hesabin-kosullarimizi-ihlal-ettigin-icin-kapatilmistir-hatasinin-cozumu.jpg","type":"image\/jpeg"}],"author":"Cemali Bat\u0131n","twitter_card":"summary_large_image","twitter_creator":"@BatCemali","twitter_site":"@smipuclari","twitter_misc":{"Yazan:":"Cemali Bat\u0131n","Tahmini okuma s\u00fcresi":"8 dakika"},"schema":{"@context":"https:\/\/schema.org","@graph":[{"@type":"Article","@id":"https:\/\/www.fenomist.com\/blog\/instagram-hesabin-kosullarimizi-ihlal-ettigin-icin-kapatilmistir-hatasinin-cozumu#article","isPartOf":{"@id":"https:\/\/www.fenomist.com\/blog\/instagram-hesabin-kosullarimizi-ihlal-ettigin-icin-kapatilmistir-hatasinin-cozumu"},"author":{"name":"Cemali Bat\u0131n","@id":"https:\/\/www.fenomist.com\/blog\/#\/schema\/person\/04b587ae5900dedfe21fefdff3757e2a"},"headline":"Instagram \u201cHesab\u0131n Ko\u015fullar\u0131m\u0131z\u0131 \u0130hlal Etti\u011fin i\u00e7in Kapat\u0131lm\u0131\u015ft\u0131r\u201d Hatas\u0131n\u0131n \u00c7\u00f6z\u00fcm\u00fc","datePublished":"2023-03-24T14:17:41+00:00","dateModified":"2025-01-28T14:04:49+00:00","mainEntityOfPage":{"@id":"https:\/\/www.fenomist.com\/blog\/instagram-hesabin-kosullarimizi-ihlal-ettigin-icin-kapatilmistir-hatasinin-cozumu"},"wordCount":1775,"commentCount":0,"publisher":{"@id":"https:\/\/www.fenomist.com\/blog\/#organization"},"image":{"@id":"https:\/\/www.fenomist.com\/blog\/instagram-hesabin-kosullarimizi-ihlal-ettigin-icin-kapatilmistir-hatasinin-cozumu#primaryimage"},"thumbnailUrl":"https:\/\/www.fenomist.com\/blog\/wp-content\/uploads\/instagram-hesabin-kosullarimizi-ihlal-ettigin-icin-kapatilmistir-hatasinin-cozumu.jpg","articleSection":["Sosyal Medya"],"inLanguage":"tr","potentialAction":[{"@type":"CommentAction","name":"Comment","target":["https:\/\/www.fenomist.com\/blog\/instagram-hesabin-kosullarimizi-ihlal-ettigin-icin-kapatilmistir-hatasinin-cozumu#respond"]}]},{"@type":["WebPage","FAQPage"],"@id":"https:\/\/www.fenomist.com\/blog\/instagram-hesabin-kosullarimizi-ihlal-ettigin-icin-kapatilmistir-hatasinin-cozumu","url":"https:\/\/www.fenomist.com\/blog\/instagram-hesabin-kosullarimizi-ihlal-ettigin-icin-kapatilmistir-hatasinin-cozumu","name":"Instagram \"Hesab\u0131n Ko\u015fullar\u0131m\u0131z\u0131 \u0130hlal Etti\u011fin i\u00e7in Kapat\u0131lm\u0131\u015ft\u0131r\" Hatas\u0131","isPartOf":{"@id":"https:\/\/www.fenomist.com\/blog\/#website"},"primaryImageOfPage":{"@id":"https:\/\/www.fenomist.com\/blog\/instagram-hesabin-kosullarimizi-ihlal-ettigin-icin-kapatilmistir-hatasinin-cozumu#primaryimage"},"image":{"@id":"https:\/\/www.fenomist.com\/blog\/instagram-hesabin-kosullarimizi-ihlal-ettigin-icin-kapatilmistir-hatasinin-cozumu#primaryimage"},"thumbnailUrl":"https:\/\/www.fenomist.com\/blog\/wp-content\/uploads\/instagram-hesabin-kosullarimizi-ihlal-ettigin-icin-kapatilmistir-hatasinin-cozumu.jpg","datePublished":"2023-03-24T14:17:41+00:00","dateModified":"2025-01-28T14:04:49+00:00","description":"Instagram Hesab\u0131n Ko\u015fullar\u0131m\u0131z\u0131 \u0130hlal Etti\u011fin i\u00e7in Kapat\u0131lm\u0131\u015ft\u0131r Hatas\u0131 ne anlama gelmektedir? Nas\u0131l \u00c7\u00f6z\u00fcl\u00fcr? Hemen t\u0131kla!","breadcrumb":{"@id":"https:\/\/www.fenomist.com\/blog\/instagram-hesabin-kosullarimizi-ihlal-ettigin-icin-kapatilmistir-hatasinin-cozumu#breadcrumb"},"mainEntity":[{"@id":"https:\/\/www.fenomist.com\/blog\/instagram-hesabin-kosullarimizi-ihlal-ettigin-icin-kapatilmistir-hatasinin-cozumu#faq-question-1679662612966"},{"@id":"https:\/\/www.fenomist.com\/blog\/instagram-hesabin-kosullarimizi-ihlal-ettigin-icin-kapatilmistir-hatasinin-cozumu#faq-question-1679662624960"},{"@id":"https:\/\/www.fenomist.com\/blog\/instagram-hesabin-kosullarimizi-ihlal-ettigin-icin-kapatilmistir-hatasinin-cozumu#faq-question-1679662632226"}],"inLanguage":"tr","potentialAction":[{"@type":"ReadAction","target":["https:\/\/www.fenomist.com\/blog\/instagram-hesabin-kosullarimizi-ihlal-ettigin-icin-kapatilmistir-hatasinin-cozumu"]}]},{"@type":"ImageObject","inLanguage":"tr","@id":"https:\/\/www.fenomist.com\/blog\/instagram-hesabin-kosullarimizi-ihlal-ettigin-icin-kapatilmistir-hatasinin-cozumu#primaryimage","url":"https:\/\/www.fenomist.com\/blog\/wp-content\/uploads\/instagram-hesabin-kosullarimizi-ihlal-ettigin-icin-kapatilmistir-hatasinin-cozumu.jpg","contentUrl":"https:\/\/www.fenomist.com\/blog\/wp-content\/uploads\/instagram-hesabin-kosullarimizi-ihlal-ettigin-icin-kapatilmistir-hatasinin-cozumu.jpg","width":960,"height":640},{"@type":"BreadcrumbList","@id":"https:\/\/www.fenomist.com\/blog\/instagram-hesabin-kosullarimizi-ihlal-ettigin-icin-kapatilmistir-hatasinin-cozumu#breadcrumb","itemListElement":[{"@type":"ListItem","position":1,"name":"Ana sayfa","item":"https:\/\/www.fenomist.com\/blog"},{"@type":"ListItem","position":2,"name":"Sosyal Medya","item":"https:\/\/www.fenomist.com\/blog\/sosyal-medya"},{"@type":"ListItem","position":3,"name":"Instagram \u201cHesab\u0131n Ko\u015fullar\u0131m\u0131z\u0131 \u0130hlal Etti\u011fin i\u00e7in Kapat\u0131lm\u0131\u015ft\u0131r\u201d Hatas\u0131n\u0131n \u00c7\u00f6z\u00fcm\u00fc"}]},{"@type":"WebSite","@id":"https:\/\/www.fenomist.com\/blog\/#website","url":"https:\/\/www.fenomist.com\/blog\/","name":"Sosyal Medya Haberleri - Son Dakika","description":"Sosyal Medya Haberleri - Son Dakika","publisher":{"@id":"https:\/\/www.fenomist.com\/blog\/#organization"},"alternateName":"fenomist.com","potentialAction":[{"@type":"SearchAction","target":{"@type":"EntryPoint","urlTemplate":"https:\/\/www.fenomist.com\/blog\/?s={search_term_string}"},"query-input":{"@type":"PropertyValueSpecification","valueRequired":true,"valueName":"search_term_string"}}],"inLanguage":"tr"},{"@type":"Organization","@id":"https:\/\/www.fenomist.com\/blog\/#organization","name":"Fenomist","alternateName":"fenomist.com","url":"https:\/\/www.fenomist.com\/blog\/","logo":{"@type":"ImageObject","inLanguage":"tr","@id":"https:\/\/www.fenomist.com\/blog\/#\/schema\/logo\/image\/","url":"https:\/\/www.fenomist.com\/blog\/wp-content\/uploads\/instagram-takipci-satin-al-blog.svg","contentUrl":"https:\/\/www.fenomist.com\/blog\/wp-content\/uploads\/instagram-takipci-satin-al-blog.svg","caption":"Fenomist"},"image":{"@id":"https:\/\/www.fenomist.com\/blog\/#\/schema\/logo\/image\/"},"sameAs":["https:\/\/www.facebook.com\/fenomist","https:\/\/x.com\/smipuclari","https:\/\/www.instagram.com\/sosyal_fabrika\/","https:\/\/tr.linkedin.com\/in\/instatakipcicom","https:\/\/myspace.com\/instatakipci22","https:\/\/fi.pinterest.com\/instatakipcisosyal\/","https:\/\/www.youtube.com\/instatakipcicom"]},{"@type":"Person","@id":"https:\/\/www.fenomist.com\/blog\/#\/schema\/person\/04b587ae5900dedfe21fefdff3757e2a","name":"Cemali Bat\u0131n","image":{"@type":"ImageObject","inLanguage":"tr","@id":"https:\/\/www.fenomist.com\/blog\/#\/schema\/person\/image\/","url":"https:\/\/www.fenomist.com\/blog\/wp-content\/uploads\/cemali-batin-96x96.webp","contentUrl":"https:\/\/www.fenomist.com\/blog\/wp-content\/uploads\/cemali-batin-96x96.webp","caption":"Cemali Bat\u0131n"},"description":"Herkese merhaba, Ben Cemali! Sosyal medya konusunda yakla\u015f\u0131k 10 y\u0131ll\u0131k deneyime sahibim. \u0130lk olarak Facebook \u00fczerinde ba\u015flayan ser\u00fcvenim git gide bir maceraya ve daha sonra tutkuya d\u00f6n\u00fc\u015ft\u00fc. Sonra ise t\u00fcm platformlar hakk\u0131nda elimden geldi\u011finde bilgi edindim. \u015eimdi ise 10 y\u0131l i\u00e7erisinde \u00f6\u011frendi\u011fim t\u00fcm bilgileri InstaTakipci \u00fczerinden sizler ile payla\u015f\u0131yor, sizlere faydal\u0131 olmas\u0131 amac\u0131yla i\u00e7erikler \u00fcretiyorum. Takipte kal\u0131n, g\u00fcncel yaz\u0131lar\u0131m\u0131z\u0131 ka\u00e7\u0131rmay\u0131n!","sameAs":["https:\/\/www.fenomist.com\/blog\/author\/cemali","https:\/\/x.com\/BatCemali"],"url":"https:\/\/www.fenomist.com\/blog\/author\/cemali"},{"@type":"Question","@id":"https:\/\/www.fenomist.com\/blog\/instagram-hesabin-kosullarimizi-ihlal-ettigin-icin-kapatilmistir-hatasinin-cozumu#faq-question-1679662612966","position":1,"url":"https:\/\/www.fenomist.com\/blog\/instagram-hesabin-kosullarimizi-ihlal-ettigin-icin-kapatilmistir-hatasinin-cozumu#faq-question-1679662612966","name":"Instagram Hesab\u0131m Neden Kapat\u0131ld\u0131?","answerCount":1,"acceptedAnswer":{"@type":"Answer","text":"Instagram hesaplar\u0131n\u0131n kapanmas\u0131, belirlenen yasaklara uyulmamas\u0131 sonucu ortaya \u00e7\u0131kar. K\u00fcf\u00fcr, hakaret, \u0131rk\u00e7\u0131l\u0131k, cinsellik, insan ve hayvan haklar\u0131na dair kurallara uymayan payla\u015f\u0131mlar sonucu hesaplar kapat\u0131lmaktad\u0131r.","inLanguage":"tr"},"inLanguage":"tr"},{"@type":"Question","@id":"https:\/\/www.fenomist.com\/blog\/instagram-hesabin-kosullarimizi-ihlal-ettigin-icin-kapatilmistir-hatasinin-cozumu#faq-question-1679662624960","position":2,"url":"https:\/\/www.fenomist.com\/blog\/instagram-hesabin-kosullarimizi-ihlal-ettigin-icin-kapatilmistir-hatasinin-cozumu#faq-question-1679662624960","name":"Instagram Hesab\u0131n\u0131n Kapat\u0131ld\u0131\u011f\u0131 Nas\u0131l Anla\u015f\u0131l\u0131r?","answerCount":1,"acceptedAnswer":{"@type":"Answer","text":"Kapat\u0131lan hesaplar platform \u00fczerinde g\u00f6r\u00fcnt\u00fclenememektedir. Di\u011fer kullan\u0131c\u0131larda kapat\u0131lan hesaplar\u0131 g\u00f6remez. Hesaba giri\u015f yap\u0131lmaya \u00e7al\u0131\u015f\u0131ld\u0131\u011f\u0131nda eri\u015fim sa\u011flanamayacakt\u0131r.<br\/>","inLanguage":"tr"},"inLanguage":"tr"},{"@type":"Question","@id":"https:\/\/www.fenomist.com\/blog\/instagram-hesabin-kosullarimizi-ihlal-ettigin-icin-kapatilmistir-hatasinin-cozumu#faq-question-1679662632226","position":3,"url":"https:\/\/www.fenomist.com\/blog\/instagram-hesabin-kosullarimizi-ihlal-ettigin-icin-kapatilmistir-hatasinin-cozumu#faq-question-1679662632226","name":"Instagram Hesab\u0131m\u0131n \u015eik\u00e2yet Edildi\u011fini Nas\u0131l Anlar\u0131m?","answerCount":1,"acceptedAnswer":{"@type":"Answer","text":"Profil sayfas\u0131ndaki ayarlar b\u00f6l\u00fcm\u00fcndeki destek taleplerinden, \u015fikayetler yazan k\u0131s\u0131m t\u0131klanmal\u0131d\u0131r. \u0130\u015flem sonunda varsa \u015fikayetler listelenecektir. Instagram hakk\u0131ndaki yard\u0131mlar\u0131yla instatakipci.com kullan\u0131c\u0131lar\u0131na destek vermektedir.","inLanguage":"tr"},"inLanguage":"tr"}]}},"_links":{"self":[{"href":"https:\/\/www.fenomist.com\/blog\/wp-json\/wp\/v2\/posts\/41053","targetHints":{"allow":["GET"]}}],"collection":[{"href":"https:\/\/www.fenomist.com\/blog\/wp-json\/wp\/v2\/posts"}],"about":[{"href":"https:\/\/www.fenomist.com\/blog\/wp-json\/wp\/v2\/types\/post"}],"author":[{"embeddable":true,"href":"https:\/\/www.fenomist.com\/blog\/wp-json\/wp\/v2\/users\/23"}],"replies":[{"embeddable":true,"href":"https:\/\/www.fenomist.com\/blog\/wp-json\/wp\/v2\/comments?post=41053"}],"version-history":[{"count":11,"href":"https:\/\/www.fenomist.com\/blog\/wp-json\/wp\/v2\/posts\/41053\/revisions"}],"predecessor-version":[{"id":46382,"href":"https:\/\/www.fenomist.com\/blog\/wp-json\/wp\/v2\/posts\/41053\/revisions\/46382"}],"wp:featuredmedia":[{"embeddable":true,"href":"https:\/\/www.fenomist.com\/blog\/wp-json\/wp\/v2\/media\/41069"}],"wp:attachment":[{"href":"https:\/\/www.fenomist.com\/blog\/wp-json\/wp\/v2\/media?parent=41053"}],"wp:term":[{"taxonomy":"category","embeddable":true,"href":"https:\/\/www.fenomist.com\/blog\/wp-json\/wp\/v2\/categories?post=41053"},{"taxonomy":"post_tag","embeddable":true,"href":"https:\/\/www.fenomist.com\/blog\/wp-json\/wp\/v2\/tags?post=41053"}],"curies":[{"name":"wp","href":"https:\/\/api.w.org\/{rel}","templated":true}]}}