{"id":4142,"date":"2018-02-09T13:02:49","date_gmt":"2018-02-09T11:02:49","guid":{"rendered":"https:\/\/www.instatakipci.com\/blog\/?p=4142"},"modified":"2025-04-08T11:13:56","modified_gmt":"2025-04-08T08:13:56","slug":"instagram-arsiv-fotograflari-hesap-sikayet-engelleme","status":"publish","type":"post","link":"https:\/\/www.fenomist.com\/blog\/instagram-arsiv-fotograflari-hesap-sikayet-engelleme","title":{"rendered":"Instagram Ar\u015fiv Foto\u011fraflar\u0131 Nerede Saklan\u0131yor ?"},"content":{"rendered":"\n<p>Sosyal medya d\u00fc\u015fk\u00fcnleri sosyal mecralarda g\u00f6rd\u00fckleri g\u00fczel foto\u011fraflar\u0131 saklamak isterler. Bu nedenle bir\u00e7ok foto\u011fraf\u0131 kaydetmeye \u00e7al\u0131\u015f\u0131rlar ve telefon ya da bilgisayar haf\u0131zalar\u0131n\u0131 doldururlar. Instagram ar\u015fiv foto\u011fraflar\u0131 sayesinde kullan\u0131c\u0131lar b\u00fcy\u00fck bir u\u011fra\u015ftan kurtulmu\u015ftu ancak \u00e7o\u011fu kullan\u0131c\u0131 hala bu ar\u015fiv sisteminin nas\u0131l \u00e7al\u0131\u015ft\u0131\u011f\u0131n\u0131 bilmiyor ve &#8220;<strong>Instagram ar\u015fivlenen foto\u011fraflar nereye gidiyor ?<\/strong>&#8221; sorusunu sorabiliyor.<\/p><div id=\"ez-toc-container\" class=\"ez-toc-v2_0_79_2 counter-hierarchy ez-toc-counter ez-toc-grey ez-toc-container-direction\">\n<div class=\"ez-toc-title-container\">\n<p class=\"ez-toc-title\" style=\"cursor:inherit\">\u0130\u00e7indekiler<\/p>\n<span class=\"ez-toc-title-toggle\"><a href=\"#\" class=\"ez-toc-pull-right ez-toc-btn ez-toc-btn-xs ez-toc-btn-default ez-toc-toggle\" aria-label=\"Toggle Table of Content\"><span class=\"ez-toc-js-icon-con\"><span class=\"\"><span class=\"eztoc-hide\" style=\"display:none;\">Toggle<\/span><span class=\"ez-toc-icon-toggle-span\"><svg style=\"fill: #999;color:#999\" xmlns=\"http:\/\/www.w3.org\/2000\/svg\" class=\"list-377408\" width=\"20px\" height=\"20px\" viewBox=\"0 0 24 24\" fill=\"none\"><path d=\"M6 6H4v2h2V6zm14 0H8v2h12V6zM4 11h2v2H4v-2zm16 0H8v2h12v-2zM4 16h2v2H4v-2zm16 0H8v2h12v-2z\" fill=\"currentColor\"><\/path><\/svg><svg style=\"fill: #999;color:#999\" class=\"arrow-unsorted-368013\" xmlns=\"http:\/\/www.w3.org\/2000\/svg\" width=\"10px\" height=\"10px\" viewBox=\"0 0 24 24\" version=\"1.2\" baseProfile=\"tiny\"><path d=\"M18.2 9.3l-6.2-6.3-6.2 6.3c-.2.2-.3.4-.3.7s.1.5.3.7c.2.2.4.3.7.3h11c.3 0 .5-.1.7-.3.2-.2.3-.5.3-.7s-.1-.5-.3-.7zM5.8 14.7l6.2 6.3 6.2-6.3c.2-.2.3-.5.3-.7s-.1-.5-.3-.7c-.2-.2-.4-.3-.7-.3h-11c-.3 0-.5.1-.7.3-.2.2-.3.5-.3.7s.1.5.3.7z\"\/><\/svg><\/span><\/span><\/span><\/a><\/span><\/div>\n<nav><ul class='ez-toc-list ez-toc-list-level-1 ' ><li class='ez-toc-page-1 ez-toc-heading-level-2'><a class=\"ez-toc-link ez-toc-heading-1\" href=\"https:\/\/www.fenomist.com\/blog\/instagram-arsiv-fotograflari-hesap-sikayet-engelleme\/#Instagram_Arsivleri_Nasil_Calisiyor\" >Instagram Ar\u015fivleri Nas\u0131l \u00c7al\u0131\u015f\u0131yor ?<\/a><\/li><li class='ez-toc-page-1 ez-toc-heading-level-2'><a class=\"ez-toc-link ez-toc-heading-2\" href=\"https:\/\/www.fenomist.com\/blog\/instagram-arsiv-fotograflari-hesap-sikayet-engelleme\/#Instagram_Arsivlenen_Gonderiler_Nasil_Bulunur\" >Instagram Ar\u015fivlenen G\u00f6nderiler Nas\u0131l Bulunur ?<\/a><ul class='ez-toc-list-level-3' ><li class='ez-toc-heading-level-3'><a class=\"ez-toc-link ez-toc-heading-3\" href=\"https:\/\/www.fenomist.com\/blog\/instagram-arsiv-fotograflari-hesap-sikayet-engelleme\/#Bu_makale_faydali_miydi\" >Bu makale faydal\u0131 m\u0131yd\u0131?<\/a><\/li><\/ul><\/li><li class='ez-toc-page-1 ez-toc-heading-level-2'><a class=\"ez-toc-link ez-toc-heading-4\" href=\"https:\/\/www.fenomist.com\/blog\/instagram-arsiv-fotograflari-hesap-sikayet-engelleme\/#Hakkinda_Sikca_Sorulan_Sorular\" >Hakk\u0131nda S\u0131k\u00e7a Sorulan Sorular<\/a><\/li><\/ul><\/nav><\/div>\n\n\n\n\n<figure class=\"wp-block-embed is-type-video is-provider-youtube wp-block-embed-youtube wp-embed-aspect-16-9 wp-has-aspect-ratio\"><div class=\"wp-block-embed__wrapper\">\n<iframe title=\"INSTAGRAM AR\u015e\u0130VLENEN FOTO\u011eRAFLARI GER\u0130 GET\u0130RME\" width=\"640\" height=\"360\" src=\"https:\/\/www.youtube.com\/embed\/DukxdeVwZKY?feature=oembed\" frameborder=\"0\" allow=\"accelerometer; autoplay; clipboard-write; encrypted-media; gyroscope; picture-in-picture; web-share\" referrerpolicy=\"strict-origin-when-cross-origin\" allowfullscreen><\/iframe><script type=\"application\/ld+json\">\n    {\n      \"@context\": \"https:\/\/schema.org\",\n      \"@type\": \"VideoObject\",\n      \"name\": \"INSTAGRAM AR\u015e\u0130VLENEN FOTO\u011eRAFLARI GER\u0130 GET\u0130RME\",\n      \"description\": \"Instagram Ar\u015fiv Foto\u011fraflar\u0131 Nerede Saklan\u0131yor ?\",\n      \"thumbnailUrl\": \"https:\/\/i.ytimg.com\/vi_webp\/DukxdeVwZKY\/mqdefault.webp\",\n      \"embedUrl\": \"https:\/\/www.youtube.com\/embed\/DukxdeVwZKY?feature=oembed\",\n      \"uploadDate\": \"April 08, 2025 8:13 am\"\n    }\n    <\/script>\n<\/div><\/figure>\n\n\n\n<p>Sosyal medya uygulamalar\u0131 aras\u0131nda en \u00e7ok dikkat \u00e7eken uygulama <strong>Instagram<\/strong>. Bu uygulama asl\u0131nda <strong>Facebook<\/strong> adl\u0131 herkes taraf\u0131nda sosyal medyan\u0131n kurucusu olarak bilinen uygulaman\u0131n sat\u0131n ald\u0131\u011f\u0131 bir uygulama. Ge\u00e7ti\u011fimiz y\u0131llarda bu uygulama i\u00e7in ar\u015fiv yapabilme imkan\u0131 ortaya \u00e7\u0131km\u0131\u015ft\u0131.<\/p>\n\n\n<div class=\"bestSellListContainer bestByProduct price w-100\">\n    <div class=\"bestSellList best-card\">\n        <div class=\"bestSell-list bestsell nowrap slick-initialized slick-slider\" data-slide=\"12\">\n            <div class=\"slick-list swiper best-product-slider draggable\">\n                <div class=\"slick-track swiper-wrapper\">\n<div class=\"slide swiper-slide slick-slide\" data-slick-index=\"3\"\n     aria-hidden=\"true\"\n     tabindex=\"-1\">\n    <div class=\"card border-bestSell\">\n        <a href=\"https:\/\/www.fenomist.com\/instagram-turk-takipci?amount=2500&ps4\" class=\"stretched-link blog-product-slider\" target=\"_blank\"\n           tabindex=\"-1\"><\/a>\n        <div class=\"card-header btn-like-color btn-like-bg-color\">\n           <img decoding=\"async\" src=\"https:\/\/www.fenomist.com\/blog\/wp-content\/uploads\/instagram-takipci-slide.webp\" width=\"64\" height=\"64\">\n        <\/div>\n        <div class=\"card-body\">\n            <div class=\"best-name btn-like-color\">Instagram Takip\u00e7i<\/div>\n            <div class=\"best-amount\">2.500<\/div>\n            <hr class=\"border-like\">\n        <\/div>\n        <div class=\"card-footer\">\n            <div class='best-discount'>%36 Discounted<\/div>            <div>\n                <p class='pricesClass pricesOld'> 625\u20ba <\/p>                <p class=\"h4 text-black\">397.25\u20ba<\/p>\n            <\/div>\n            <input type=\"button\" value=\"Buy Now\" class=\"btn-primary btn\">\n        <\/div>\n    <\/div>\n<\/div>\n<div class=\"slide swiper-slide slick-slide\" data-slick-index=\"3\"\n     aria-hidden=\"true\"\n     tabindex=\"-1\">\n    <div class=\"card border-bestSell\">\n        <a href=\"https:\/\/www.fenomist.com\/instagram-begeni-satin-al?amount=250&ps4\" class=\"stretched-link blog-product-slider\" target=\"_blank\"\n           tabindex=\"-1\"><\/a>\n        <div class=\"card-header btn-like-color btn-like-bg-color\">\n           <img decoding=\"async\" src=\"https:\/\/www.fenomist.com\/blog\/wp-content\/uploads\/instagram-begeni-slide.webp\" width=\"64\" height=\"64\">\n        <\/div>\n        <div class=\"card-body\">\n            <div class=\"best-name btn-like-color\">Instagram Be\u011feni<\/div>\n            <div class=\"best-amount\">250<\/div>\n            <hr class=\"border-like\">\n        <\/div>\n        <div class=\"card-footer\">\n            <div class='best-discount'>%40 Discounted<\/div>            <div>\n                <p class='pricesClass pricesOld'> 34.38\u20ba <\/p>                <p class=\"h4 text-black\">20.75\u20ba<\/p>\n            <\/div>\n            <input type=\"button\" value=\"Buy Now\" class=\"btn-primary btn\">\n        <\/div>\n    <\/div>\n<\/div>\n<div class=\"slide swiper-slide slick-slide\" data-slick-index=\"3\"\n     aria-hidden=\"true\"\n     tabindex=\"-1\">\n    <div class=\"card border-bestSell\">\n        <a href=\"https:\/\/www.fenomist.com\/tiktok-takipci-satin-al?amount=2500&ps4\" class=\"stretched-link blog-product-slider\" target=\"_blank\"\n           tabindex=\"-1\"><\/a>\n        <div class=\"card-header btn-like-color btn-like-bg-color\">\n           <img decoding=\"async\" src=\"https:\/\/www.fenomist.com\/blog\/wp-content\/uploads\/tiktok-begeni-slide.webp\" width=\"64\" height=\"64\">\n        <\/div>\n        <div class=\"card-body\">\n            <div class=\"best-name btn-like-color\">TikTok Takip\u00e7i<\/div>\n            <div class=\"best-amount\">2.500<\/div>\n            <hr class=\"border-like\">\n        <\/div>\n        <div class=\"card-footer\">\n            <div class='best-discount'>%65 Discounted<\/div>            <div>\n                <p class='pricesClass pricesOld'> 750\u20ba <\/p>                <p class=\"h4 text-black\">262.5\u20ba<\/p>\n            <\/div>\n            <input type=\"button\" value=\"Buy Now\" class=\"btn-primary btn\">\n        <\/div>\n    <\/div>\n<\/div>\n<div class=\"slide swiper-slide slick-slide\" data-slick-index=\"3\"\n     aria-hidden=\"true\"\n     tabindex=\"-1\">\n    <div class=\"card border-bestSell\">\n        <a href=\"https:\/\/www.fenomist.com\/tiktok-begeni-satin-al?amount=100&ps4\" class=\"stretched-link blog-product-slider\" target=\"_blank\"\n           tabindex=\"-1\"><\/a>\n        <div class=\"card-header btn-like-color btn-like-bg-color\">\n           <img decoding=\"async\" src=\"https:\/\/www.fenomist.com\/blog\/wp-content\/uploads\/tiktok-begeni-slide.webp\" width=\"64\" height=\"64\">\n        <\/div>\n        <div class=\"card-body\">\n            <div class=\"best-name btn-like-color\">TikTok Be\u011feni<\/div>\n            <div class=\"best-amount\">100<\/div>\n            <hr class=\"border-like\">\n        <\/div>\n        <div class=\"card-footer\">\n            <div class='best-discount'>%20 Discounted<\/div>            <div>\n                <p class='pricesClass pricesOld'> 19.9\u20ba <\/p>                <p class=\"h4 text-black\">15.99\u20ba<\/p>\n            <\/div>\n            <input type=\"button\" value=\"Buy Now\" class=\"btn-primary btn\">\n        <\/div>\n    <\/div>\n<\/div>\n<div class=\"slide swiper-slide slick-slide\" data-slick-index=\"3\"\n     aria-hidden=\"true\"\n     tabindex=\"-1\">\n    <div class=\"card border-bestSell\">\n        <a href=\"https:\/\/www.fenomist.com\/instagram-yorum-satin-al?amount=10&ps4\" class=\"stretched-link blog-product-slider\" target=\"_blank\"\n           tabindex=\"-1\"><\/a>\n        <div class=\"card-header btn-like-color btn-like-bg-color\">\n           <img decoding=\"async\" src=\"https:\/\/www.fenomist.com\/blog\/wp-content\/uploads\/instagram-takipci-slide.webp\" width=\"64\" height=\"64\">\n        <\/div>\n        <div class=\"card-body\">\n            <div class=\"best-name btn-like-color\">Instagram Yorum<\/div>\n            <div class=\"best-amount\">10<\/div>\n            <hr class=\"border-like\">\n        <\/div>\n        <div class=\"card-footer\">\n            <div class='best-discount'>%4 Discounted<\/div>            <div>\n                <p class='pricesClass pricesOld'> 30.08\u20ba <\/p>                <p class=\"h4 text-black\">28.85\u20ba<\/p>\n            <\/div>\n            <input type=\"button\" value=\"Buy Now\" class=\"btn-primary btn\">\n        <\/div>\n    <\/div>\n<\/div>\n<\/div>\n<div class=\"custom-pagination swiper-pagination\"><\/div>\n<\/div>\n<\/div>\n<\/div>\n<\/div>\n\n\n\n\n\n<p><strong>Ar\u015fiv yapabilme \u00f6zelli\u011finin<\/strong> ortaya \u00e7\u0131kmas\u0131n\u0131n esas nedeni, bu mecralar\u0131 kullanan insanlar\u0131n, g\u00f6rd\u00fckleri ve be\u011fendikleri foto\u011fraflar\u0131 daha sonra tekrar g\u00f6rebilmek ve tan\u0131d\u0131klar\u0131na da g\u00f6sterebilmek i\u00e7in saklamak istemeleridir. Bu istek ve beklentinin kar\u015f\u0131lanmas\u0131 i\u00e7in <strong>Instagram<\/strong> bir ar\u015fiv sistemi \u00f6zelli\u011fi geli\u015ftirdi ve kullan\u0131c\u0131lar\u0131n\u0131n hizmetine sundu. Peki ya <strong>Instagram g\u00f6nderi ar\u015fivi nerede<\/strong> ve nas\u0131l \u00e7al\u0131\u015f\u0131yor ?<\/p>\n\n\n\n<h2 class=\"wp-block-heading\"><span class=\"ez-toc-section\" id=\"Instagram_Arsivleri_Nasil_Calisiyor\"><\/span>Instagram Ar\u015fivleri Nas\u0131l \u00c7al\u0131\u015f\u0131yor ?<span class=\"ez-toc-section-end\"><\/span><\/h2>\n\n\n\n<p>Ge\u00e7en y\u0131l ger\u00e7ekle\u015fen bu hizmet sayesinde art\u0131k kullan\u0131c\u0131lar <strong>Instagram&#8217;da<\/strong> g\u00f6rd\u00fckleri foto\u011fraflar\u0131 indirmek ya da ba\u011flant\u0131lar\u0131n\u0131 kopyalamak zorunda kalm\u0131yor. <strong>Instagram ar\u015fiv foto\u011fraflar\u0131<\/strong> olarak adland\u0131r\u0131lan bu \u00f6zellik olduk\u00e7a kullan\u0131\u015fl\u0131. Ancak sosyal medya trendlerini \u00e7ok s\u0131k takip etmeyen baz\u0131 kullan\u0131c\u0131lar bu uygulama ile ar\u015fiv i\u00e7in <a href=\"https:\/\/www.fenomist.com\/instagram-kaydetme-satin-al\">Instagram kaydetme<\/a> \u00f6zelli\u011fi ve ar\u015five g\u00f6nderdikleri foto\u011fraf ve videolar\u0131 daha sonra nas\u0131l g\u00f6r\u00fcnt\u00fcleyeceklerini bilmeyebiliyorlar.<\/p>\n\n\n\n<p><strong>Ar\u015fivleme \u00f6zelli\u011fi<\/strong> kullan\u0131rken&nbsp; olduk\u00e7a s\u0131k kar\u015f\u0131la\u015ft\u0131\u011f\u0131m\u0131z i\u00e7in kullan\u0131c\u0131lara anla\u015f\u0131l\u0131r bir \u015fekilde bu ar\u015fivleme sisteminin nas\u0131l \u00e7al\u0131\u015ft\u0131\u011f\u0131n\u0131 anlatmak istedik. \u00d6ncelikle ad\u0131mlar\u0131 takip ederek, belirtti\u011fimiz ad\u0131mlar\u0131 siz de elinizde telefonunuzla uygulayabilirsiniz. B\u00f6ylece daha pratik ve h\u0131zl\u0131 olarak sistemi anlam\u0131\u015f olacaks\u0131n\u0131z.<\/p>\n\n\n\n<h2 class=\"wp-block-heading\"><span class=\"ez-toc-section\" id=\"Instagram_Arsivlenen_Gonderiler_Nasil_Bulunur\"><\/span>Instagram Ar\u015fivlenen G\u00f6nderiler Nas\u0131l Bulunur ?<span class=\"ez-toc-section-end\"><\/span><\/h2>\n\n\n\n<p>Instagram hesab\u0131n\u0131z\u0131 a\u00e7\u0131n ve herhangi bir foto\u011fraf veya video g\u00f6nderisinin \u00fczerine gelin. Daha sonra a\u015fa\u011f\u0131da g\u00f6rd\u00fc\u011f\u00fcn\u00fcz foto\u011fraf ya da video g\u00f6nderisinin <strong>en alt sa\u011f taraf\u0131ndaki ar\u015fivleme<\/strong> i\u015faretine dokunun.<\/p>\n\n\n\n<figure class=\"wp-block-image size-full\"><img loading=\"lazy\" decoding=\"async\" width=\"960\" height=\"480\" src=\"https:\/\/www.fenomist.com\/blog\/wp-content\/uploads\/instagram-ars\u0327iv-fotograflari.jpg\" alt=\"Instagram Ar\u015fivlenen G\u00f6nderiler Nas\u0131l Bulunur ?\" class=\"wp-image-44640\" srcset=\"https:\/\/www.fenomist.com\/blog\/wp-content\/uploads\/instagram-ars\u0327iv-fotograflari.jpg 960w, https:\/\/www.fenomist.com\/blog\/wp-content\/uploads\/instagram-ars\u0327iv-fotograflari-768x384.jpg 768w\" sizes=\"(max-width: 960px) 100vw, 960px\" \/><\/figure>\n\n\n\n<p>Daha sonra i\u015farete t\u0131klad\u0131\u011f\u0131n\u0131zda kar\u015f\u0131n\u0131za bir uyar\u0131 mesaj\u0131 \u00e7\u0131kacakt\u0131r. Bu mesajda i\u015faretlemi\u015f oldu\u011funuz foto\u011fraf\u0131n ar\u015fivinize eklendi\u011fi belirtilmektedir. Ayn\u0131 zamanda foto\u011fraflar\u0131 i\u015faretledi\u011finiz zaman <strong>ar\u015fivleme i\u015fareti renk de\u011fi\u015ftirecektir<\/strong>.<\/p>\n\n\n\n<p>Bu i\u015flemleri yapt\u0131\u011f\u0131n\u0131z da i\u015faretledi\u011finiz foto\u011fraf sizin ar\u015fivinize kaydedilmi\u015f olur. Kaydedilen Instagram g\u00f6nderilerini daha sonra a\u00e7arak tekrar g\u00f6rebilmek i\u00e7in yapman\u0131z gereken \u00e7ok basit iki ad\u0131m var ;<\/p>\n\n\n\n<ul class=\"wp-block-list\">\n<li>Bunlardan birincisi<strong>  en sa\u011f alta bulunan profil ikonuna dokunmak<\/strong> ve kendi profil sayfan\u0131za gitmek.<\/li>\n\n\n\n<li>Daha sonra burada bulunan <strong>beyaz ar\u015fivleme ikonuna dokunarak daha \u00f6nce ar\u015fivlerinize kaydetti\u011finiz Instagram g\u00f6nderilerini<\/strong> g\u00f6rebilirsiniz. <\/li>\n<\/ul>\n\n\n\n<p>E\u011fer ar\u015fivlerinize \u00f6zel isimler vererek daha ki\u015fisel bir ar\u015fivleme sistemi olu\u015fturmak isterseniz yukar\u0131da bulunan <strong>+ i\u015faretine dokunarak<\/strong> bunu ger\u00e7ekle\u015ftirebilirsiniz. \u0130\u015fte Instagram g\u00f6nderilerini ar\u015fivlemek bu kadar kolay.<\/p>\n\n\n\n<p>Ar\u015fivledi\u011finiz g\u00f6nderiler Instagram ke\u015ffeti i\u00e7erisinde olabilece\u011fi gibi <a href=\"https:\/\/www.fenomist.com\/\">Instagram takip\u00e7ileriniz<\/a> aras\u0131ndan da olabilir. Kaydetme ve ar\u015fivleme se\u00e7enekleri i\u00e7in her hangi bir k\u0131s\u0131tlama yoktur.<\/p>\n\n\n\n<figure class=\"wp-block-embed aligncenter is-type-video is-provider-youtube wp-block-embed-youtube wp-embed-aspect-16-9 wp-has-aspect-ratio\"><div class=\"wp-block-embed__wrapper\">\n<iframe title=\"INSTAGRAM AR\u015e\u0130V NEREDE? - FOTO\u011eRAF AR\u015e\u0130VLEME\" width=\"640\" height=\"360\" src=\"https:\/\/www.youtube.com\/embed\/PixON03RvmA?feature=oembed\" frameborder=\"0\" allow=\"accelerometer; autoplay; clipboard-write; encrypted-media; gyroscope; picture-in-picture; web-share\" referrerpolicy=\"strict-origin-when-cross-origin\" allowfullscreen><\/iframe><script type=\"application\/ld+json\">\n    {\n      \"@context\": \"https:\/\/schema.org\",\n      \"@type\": \"VideoObject\",\n      \"name\": \"INSTAGRAM AR\u015e\u0130V NEREDE? - FOTO\u011eRAF AR\u015e\u0130VLEME\",\n      \"description\": \"Instagram Ar\u015fiv Foto\u011fraflar\u0131 Nerede Saklan\u0131yor ?\",\n      \"thumbnailUrl\": \"https:\/\/i.ytimg.com\/vi_webp\/PixON03RvmA\/mqdefault.webp\",\n      \"embedUrl\": \"https:\/\/www.youtube.com\/embed\/PixON03RvmA?feature=oembed\",\n      \"uploadDate\": \"April 08, 2025 8:13 am\"\n    }\n    <\/script>\n<\/div><\/figure>\n\n\n\n<div class=\"schema-faq wp-block-yoast-faq-block\">       <\/div>\n\r\n\t\t\t<div id=\"daexthefu-container\"\r\n\t\t\t\tclass=\"daexthefu-container daexthefu-layout-side-by-side daexthefu-alignment-left\"\r\n\t\t\t\tdata-post-id=\"4142\">\r\n\r\n\t\t\t\t<div class=\"daexthefu-feedback\">\r\n\t\t\t\t\t<div class=\"daexthefu-text\">\r\n\t\t\t\t\t\t<h3 class=\"daexthefu-title\"><span class=\"ez-toc-section\" id=\"Bu_makale_faydali_miydi\"><\/span>Bu makale faydal\u0131 m\u0131yd\u0131?<span class=\"ez-toc-section-end\"><\/span><\/h3>\r\n\t\t\t\t\t<\/div>\r\n\t\t\t\t\t<div class=\"daexthefu-buttons-container\">\r\n\t\t\t\t\t\t<div class=\"daexthefu-buttons\">\r\n\t\t\t\t\t\t\t\r\n\t\t\t<div class=\"daexthefu-yes daexthefu-button daexthefu-button-type-text\" data-value=\"1\">\r\n\t\t\t\t<div class=\"daexthefu-button-text\">Faydal\u0131<\/div>\r\n\t\t\t<\/div>\r\n\r\n\t\t\t\t\t\t\t\t\t\t\r\n\t\t\t<div class=\"daexthefu-no daexthefu-button daexthefu-button-type-text\" data-value=\"0\">\r\n\t\t\t\t<div class=\"daexthefu-button-text\">Geli\u015ftirilmeli<\/div>\r\n\t\t\t<\/div>\r\n\r\n\t\t\t\t\t\t\t\t\t<\/div>\r\n\t\t\t\t\t<\/div>\r\n\t\t\t\t<\/div>\r\n\r\n\t\t\t\t<div class=\"daexthefu-comment\">\r\n\t\t\t\t\t<div class=\"daexthefu-comment-top-container\">\r\n\t\t\t\t\t\t<label id=\"daexthefu-comment-label\" class=\"daexthefu-comment-label\"><\/label>\r\n\t\t\t\t\t\t\t\t\t\t\t\t\t<div class=\"daexthefu-comment-character-counter-container\">\r\n\t\t\t\t\t\t\t\t<div id=\"daexthefu-comment-character-counter-number\"\r\n\t\t\t\t\t\t\t\t\tclass=\"daexthefu-comment-character-counter-number\"><\/div>\r\n\t\t\t\t\t\t\t\t<div class=\"daexthefu-comment-character-counter-text\"><\/div>\r\n\t\t\t\t\t\t\t<\/div>\r\n\t\t\t\t\t\t\t\t\t\t\t<\/div>\r\n\t\t\t\t\t<textarea id=\"daexthefu-comment-textarea\" class=\"daexthefu-comment-textarea\"\r\n\t\t\t\t\t\t\t\tplaceholder=\"Mesaj\u0131n\u0131z\u0131 giriniz\"\r\n\t\t\t\t\t\t\t\tmaxlength=\"\r\n\t\t\t\t\t\t\t\t400\t\t\t\t\t\t\t\t\t\"><\/textarea>\r\n\t\t\t\t\t<div class=\"daexthefu-comment-buttons-container\">\r\n\t\t\t\t\t\t<button class=\"daexthefu-comment-submit daexthefu-button\">G\u00f6nder<\/button>\r\n\t\t\t\t\t\t<button class=\"daexthefu-comment-cancel daexthefu-button\">\u0130ptal<\/button>\r\n\t\t\t\t\t<\/div>\r\n\t\t\t\t<\/div>\r\n\r\n\t\t\t\t<div class=\"daexthefu-successful-submission-text\">Geri bildirim i\u00e7in te\u015fekk\u00fcr ederiz!<\/div>\r\n\r\n\t\t\t<\/div>\r\n\r\n\t\t\t\n    <div class=\"container\">\n        <div class=\"faq accordion faq-drop\" id=\"accordion\">\n            <h2 class=\"accordion-title\"><span class=\"ez-toc-section\" id=\"Hakkinda_Sikca_Sorulan_Sorular\"><\/span> Hakk\u0131nda S\u0131k\u00e7a Sorulan Sorular<span class=\"ez-toc-section-end\"><\/span><\/h2>\n            <div class=\"col-md-12 faq-card\">\n                    <div class=\"card faq\">\n                        <div class=\"card-header collapsed d-flex justify-content-between align-items-center\" id=\"heading0\"\n                             data-toggle=\"collapse\" data-target=\"#collapse_0\" aria-expanded=\"true\" role=\"button\"\n                             aria-controls=\"collapse_0\">\n                            <div class=\"btn btn-link text-dark font-weight-bold\">\n                               Instagram Ar\u015fiv Foto\u011fraf\u0131 Ne Kadar S\u00fcre Saklar?\n                            <\/div>\n                            <div class=\"btn-toogle\">\n                                <span><\/span>\n                                <span><\/span>\n                            <\/div>\n                        <\/div>\n                        <div id=\"collapse_0\" class=\"collapse\" aria-labelledby=\"heading0\" data-parent=\"#accordion\">\n                            <div class=\"card-body\">\n                                <p>Instagram hesab\u0131n\u0131z\u0131 silmedi\u011finiz takdirde ar\u015fivde ki foto\u011fraflar\u0131n\u0131z silinmeyecektir. Instagram\u0131n\u0131z\u0131 kal\u0131c\u0131 olarak sildi\u011finiz takdirde t\u00fcm bilgileriniz ile beraber 30 g\u00fcn i\u00e7erisinde silinecektir.<\/p>\n                            <\/div>\n                        <\/div>\n                        <\/div>\n                        \n                    <div class=\"card faq\">\n                        <div class=\"card-header collapsed d-flex justify-content-between align-items-center\" id=\"heading1\"\n                             data-toggle=\"collapse\" data-target=\"#collapse_1\" aria-expanded=\"true\" role=\"button\"\n                             aria-controls=\"collapse_1\">\n                            <div class=\"btn btn-link text-dark font-weight-bold\">\n                               Instagram&#8217;da \u015eikayer Ederek Hesap Kapatt\u0131rabilir miyim?\n                            <\/div>\n                            <div class=\"btn-toogle\">\n                                <span><\/span>\n                                <span><\/span>\n                            <\/div>\n                        <\/div>\n                        <div id=\"collapse_1\" class=\"collapse\" aria-labelledby=\"heading1\" data-parent=\"#accordion\">\n                            <div class=\"card-body\">\n                                <p>Kullan\u0131c\u0131 hesab\u0131 yo\u011fun \u015fikayet ve spam yedi\u011fi takdirde instagram hesab\u0131 k\u0131sa s\u00fcre i\u00e7erisinde kapanacakt\u0131r. Ancak onayl\u0131 hesaplarda bu s\u00fcre daha uzun olabilir.<\/p>\n                            <\/div>\n                        <\/div>\n                        <\/div>\n                        \n                    <div class=\"card faq\">\n                        <div class=\"card-header collapsed d-flex justify-content-between align-items-center\" id=\"heading2\"\n                             data-toggle=\"collapse\" data-target=\"#collapse_2\" aria-expanded=\"true\" role=\"button\"\n                             aria-controls=\"collapse_2\">\n                            <div class=\"btn btn-link text-dark font-weight-bold\">\n                               Ar\u015fivlenmi\u015f Foto\u011fraf\u0131n Kalitesi D\u00fc\u015fer mi?\n                            <\/div>\n                            <div class=\"btn-toogle\">\n                                <span><\/span>\n                                <span><\/span>\n                            <\/div>\n                        <\/div>\n                        <div id=\"collapse_2\" class=\"collapse\" aria-labelledby=\"heading2\" data-parent=\"#accordion\">\n                            <div class=\"card-body\">\n                                <p>Instagram ar\u015five ald\u0131\u011f\u0131n\u0131z foto\u011fraflar\u0131n kalitesi d\u00fc\u015fmemektedir. Yaln\u0131z att\u0131\u011f\u0131n\u0131z foto\u011fraf g\u00fcncel instagram boyutlar\u0131 ile uyu\u015fmuyorsa kalitesi d\u00fc\u015febilir.<\/p>\n                            <\/div>\n                        <\/div>\n                        <\/div>\n                        \n                    <div class=\"card faq\">\n                        <div class=\"card-header collapsed d-flex justify-content-between align-items-center\" id=\"heading3\"\n                             data-toggle=\"collapse\" data-target=\"#collapse_3\" aria-expanded=\"true\" role=\"button\"\n                             aria-controls=\"collapse_3\">\n                            <div class=\"btn btn-link text-dark font-weight-bold\">\n                               Foto\u011fraf Ar\u015fivleme S\u0131n\u0131r\u0131 Var m\u0131?\n                            <\/div>\n                            <div class=\"btn-toogle\">\n                                <span><\/span>\n                                <span><\/span>\n                            <\/div>\n                        <\/div>\n                        <div id=\"collapse_3\" class=\"collapse\" aria-labelledby=\"heading3\" data-parent=\"#accordion\">\n                            <div class=\"card-body\">\n                                <p>Ar\u015fiv \u00f6zelli\u011fi kullan\u0131rken Instagram taraf\u0131ndan sizlere herhangi bir s\u0131n\u0131r sunulmaz. Tamamen s\u0131n\u0131rs\u0131z bir \u015fekilde kullanabileceksiniz. <\/p>\n                            <\/div>\n                        <\/div>\n                        <\/div>\n                        \n                    <div class=\"card faq\">\n                        <div class=\"card-header collapsed d-flex justify-content-between align-items-center\" id=\"heading4\"\n                             data-toggle=\"collapse\" data-target=\"#collapse_4\" aria-expanded=\"true\" role=\"button\"\n                             aria-controls=\"collapse_4\">\n                            <div class=\"btn btn-link text-dark font-weight-bold\">\n                               Ar\u015fivlenen Foto\u011fraflar\u0131n Bilgileri Kay\u0131\u011f Olur mu?\n                            <\/div>\n                            <div class=\"btn-toogle\">\n                                <span><\/span>\n                                <span><\/span>\n                            <\/div>\n                        <\/div>\n                        <div id=\"collapse_4\" class=\"collapse\" aria-labelledby=\"heading4\" data-parent=\"#accordion\">\n                            <div class=\"card-body\">\n                                <p>Ar\u015fivlenen foto\u011fraflar\u0131n bilgileri oldu\u011fu gibi kalmaktad\u0131r. Herhangi bir \u015fekilde bilgilerinizde de\u011fi\u015fme olmaz ve ilk g\u00fcnki gibi kalmaya devam eder. <\/p>\n                            <\/div>\n                        <\/div>\n                        <\/div>\n                        \n                    <div class=\"card faq\">\n                        <div class=\"card-header collapsed d-flex justify-content-between align-items-center\" id=\"heading5\"\n                             data-toggle=\"collapse\" data-target=\"#collapse_5\" aria-expanded=\"true\" role=\"button\"\n                             aria-controls=\"collapse_5\">\n                            <div class=\"btn btn-link text-dark font-weight-bold\">\n                               Foto\u011fraflar\u0131 Ar\u015fivledi\u011fim Fark Edilir mi?\n                            <\/div>\n                            <div class=\"btn-toogle\">\n                                <span><\/span>\n                                <span><\/span>\n                            <\/div>\n                        <\/div>\n                        <div id=\"collapse_5\" class=\"collapse\" aria-labelledby=\"heading5\" data-parent=\"#accordion\">\n                            <div class=\"card-body\">\n                                <p>Instagram profilinizi \u00e7ok detayl\u0131 bir \u015fekilde takip etmekte olan ki\u015filer bu durumu fark edebilir. Ancak di\u011fer a\u00e7\u0131dan fark edilmesi m\u00fcmk\u00fcn de\u011fildir. <\/p>\n                            <\/div>\n                        <\/div>\n                        <\/div>\n                        \n                    <div class=\"card faq\">\n                        <div class=\"card-header collapsed d-flex justify-content-between align-items-center\" id=\"heading6\"\n                             data-toggle=\"collapse\" data-target=\"#collapse_6\" aria-expanded=\"true\" role=\"button\"\n                             aria-controls=\"collapse_6\">\n                            <div class=\"btn btn-link text-dark font-weight-bold\">\n                               Instagram Ar\u015fivi G\u00f6remiyorum Ne Yapmam Laz\u0131m?\n                            <\/div>\n                            <div class=\"btn-toogle\">\n                                <span><\/span>\n                                <span><\/span>\n                            <\/div>\n                        <\/div>\n                        <div id=\"collapse_6\" class=\"collapse\" aria-labelledby=\"heading6\" data-parent=\"#accordion\">\n                            <div class=\"card-body\">\n                                <p>Uygulamay\u0131 a\u00e7\u0131p, hesab\u0131n\u0131za giri\u015f yapt\u0131ktan sonra profilinizi a\u00e7\u0131n. Profilinizi a\u00e7t\u0131ktan sonra ekran\u0131n en sa\u011f \u00fcst k\u0131sm\u0131nda bulunan saat simgesine t\u0131klay\u0131n. Ar\u015fiv ekran\u0131 kar\u015f\u0131n\u0131za gelmi\u015f olacakt\u0131r.<\/p>\n                            <\/div>\n                        <\/div>\n                        <\/div>\n                        <\/div><\/div><\/div>","protected":false},"excerpt":{"rendered":"<p>Sosyal medya d\u00fc\u015fk\u00fcnleri sosyal mecralarda g\u00f6rd\u00fckleri g\u00fczel foto\u011fraflar\u0131 saklamak isterler. Bu nedenle bir\u00e7ok foto\u011fraf\u0131 kaydetmeye \u00e7al\u0131\u015f\u0131rlar ve telefon ya da bilgisayar haf\u0131zalar\u0131n\u0131 doldururlar. Instagram ar\u015fiv foto\u011fraflar\u0131 sayesinde kullan\u0131c\u0131lar b\u00fcy\u00fck bir u\u011fra\u015ftan kurtulmu\u015ftu ancak \u00e7o\u011fu kullan\u0131c\u0131 hala bu ar\u015fiv sisteminin nas\u0131l \u00e7al\u0131\u015ft\u0131\u011f\u0131n\u0131 bilmiyor ve &#8220;Instagram ar\u015fivlenen foto\u011fraflar nereye gidiyor ?&#8221; sorusunu [&hellip;]<\/p>\n","protected":false},"author":1,"featured_media":44639,"comment_status":"open","ping_status":"open","sticky":false,"template":"","format":"standard","meta":{"_helpful_status":1,"footnotes":""},"categories":[1753,12],"tags":[],"class_list":["post-4142","post","type-post","status-publish","format-standard","has-post-thumbnail","hentry","category-instagram-destek","category-instagram-haberleri","entry"],"yoast_head":"<!-- This site is optimized with the Yoast SEO plugin v26.5 - https:\/\/yoast.com\/wordpress\/plugins\/seo\/ -->\n<title>Instagram Ar\u015fiv Foto\u011fraflar\u0131 Nerede Saklan\u0131yor ? - Resimli Anlat\u0131m<\/title>\n<meta name=\"description\" content=\"Sosyal medya mecralarda g\u00f6rd\u00fckleri g\u00fczel foto\u011fraflar\u0131 saklamak i\u00e7in kulland\u0131\u011f\u0131 Instagram ar\u015fiv foto\u011fraflar\u0131 nerede sakland\u0131\u011f\u0131n\u0131 inceleyelim.\" \/>\n<meta name=\"robots\" content=\"index, follow, max-snippet:-1, max-image-preview:large, max-video-preview:-1\" \/>\n<link rel=\"canonical\" href=\"https:\/\/www.fenomist.com\/blog\/instagram-arsiv-fotograflari-hesap-sikayet-engelleme\" \/>\n<meta property=\"og:locale\" content=\"tr_TR\" \/>\n<meta property=\"og:type\" content=\"article\" \/>\n<meta property=\"og:title\" content=\"Instagram Ar\u015fiv Foto\u011fraflar\u0131 Nerede Saklan\u0131yor ? - Resimli Anlat\u0131m\" \/>\n<meta property=\"og:description\" content=\"Sosyal medya mecralarda g\u00f6rd\u00fckleri g\u00fczel foto\u011fraflar\u0131 saklamak i\u00e7in kulland\u0131\u011f\u0131 Instagram ar\u015fiv foto\u011fraflar\u0131 nerede sakland\u0131\u011f\u0131n\u0131 inceleyelim.\" \/>\n<meta property=\"og:url\" content=\"https:\/\/www.fenomist.com\/blog\/instagram-arsiv-fotograflari-hesap-sikayet-engelleme\" \/>\n<meta property=\"og:site_name\" content=\"Instagram Takip\u00e7i Blog - Son Dakika Haberler\" \/>\n<meta property=\"article:publisher\" content=\"https:\/\/www.facebook.com\/fenomist\" \/>\n<meta property=\"article:published_time\" content=\"2018-02-09T11:02:49+00:00\" \/>\n<meta property=\"article:modified_time\" content=\"2025-04-08T08:13:56+00:00\" \/>\n<meta property=\"og:image\" content=\"https:\/\/www.fenomist.com\/blog\/wp-content\/uploads\/instagram-ars\u0327iv-fotog\u0306raflari-nerede-saklaniyor.jpg\" \/>\n\t<meta property=\"og:image:width\" content=\"960\" \/>\n\t<meta property=\"og:image:height\" content=\"640\" \/>\n\t<meta property=\"og:image:type\" content=\"image\/jpeg\" \/>\n<meta name=\"author\" content=\"Enes Bulut\" \/>\n<meta name=\"twitter:card\" content=\"summary_large_image\" \/>\n<meta name=\"twitter:creator\" content=\"@bulut_enesss\" \/>\n<meta name=\"twitter:site\" content=\"@smipuclari\" \/>\n<meta name=\"twitter:label1\" content=\"Yazan:\" \/>\n\t<meta name=\"twitter:data1\" content=\"Enes Bulut\" \/>\n\t<meta name=\"twitter:label2\" content=\"Tahmini okuma s\u00fcresi\" \/>\n\t<meta name=\"twitter:data2\" content=\"4 dakika\" \/>\n<script type=\"application\/ld+json\" class=\"yoast-schema-graph\">{\"@context\":\"https:\/\/schema.org\",\"@graph\":[{\"@type\":\"Article\",\"@id\":\"https:\/\/www.fenomist.com\/blog\/instagram-arsiv-fotograflari-hesap-sikayet-engelleme#article\",\"isPartOf\":{\"@id\":\"https:\/\/www.fenomist.com\/blog\/instagram-arsiv-fotograflari-hesap-sikayet-engelleme\"},\"author\":{\"name\":\"Enes Bulut\",\"@id\":\"https:\/\/www.fenomist.com\/blog\/#\/schema\/person\/235d54527608230f6c9e9d95b6d15f99\"},\"headline\":\"Instagram Ar\u015fiv Foto\u011fraflar\u0131 Nerede Saklan\u0131yor ?\",\"datePublished\":\"2018-02-09T11:02:49+00:00\",\"dateModified\":\"2025-04-08T08:13:56+00:00\",\"mainEntityOfPage\":{\"@id\":\"https:\/\/www.fenomist.com\/blog\/instagram-arsiv-fotograflari-hesap-sikayet-engelleme\"},\"wordCount\":909,\"commentCount\":2,\"publisher\":{\"@id\":\"https:\/\/www.fenomist.com\/blog\/#organization\"},\"image\":{\"@id\":\"https:\/\/www.fenomist.com\/blog\/instagram-arsiv-fotograflari-hesap-sikayet-engelleme#primaryimage\"},\"thumbnailUrl\":\"https:\/\/www.fenomist.com\/blog\/wp-content\/uploads\/instagram-ars\u0327iv-fotog\u0306raflari-nerede-saklaniyor.jpg\",\"articleSection\":[\"Instagram Destek\",\"Instagram Haberleri\"],\"inLanguage\":\"tr\",\"potentialAction\":[{\"@type\":\"CommentAction\",\"name\":\"Comment\",\"target\":[\"https:\/\/www.fenomist.com\/blog\/instagram-arsiv-fotograflari-hesap-sikayet-engelleme#respond\"]}]},{\"@type\":[\"WebPage\",\"FAQPage\"],\"@id\":\"https:\/\/www.fenomist.com\/blog\/instagram-arsiv-fotograflari-hesap-sikayet-engelleme\",\"url\":\"https:\/\/www.fenomist.com\/blog\/instagram-arsiv-fotograflari-hesap-sikayet-engelleme\",\"name\":\"Instagram Ar\u015fiv Foto\u011fraflar\u0131 Nerede Saklan\u0131yor ? - Resimli Anlat\u0131m\",\"isPartOf\":{\"@id\":\"https:\/\/www.fenomist.com\/blog\/#website\"},\"primaryImageOfPage\":{\"@id\":\"https:\/\/www.fenomist.com\/blog\/instagram-arsiv-fotograflari-hesap-sikayet-engelleme#primaryimage\"},\"image\":{\"@id\":\"https:\/\/www.fenomist.com\/blog\/instagram-arsiv-fotograflari-hesap-sikayet-engelleme#primaryimage\"},\"thumbnailUrl\":\"https:\/\/www.fenomist.com\/blog\/wp-content\/uploads\/instagram-ars\u0327iv-fotog\u0306raflari-nerede-saklaniyor.jpg\",\"datePublished\":\"2018-02-09T11:02:49+00:00\",\"dateModified\":\"2025-04-08T08:13:56+00:00\",\"description\":\"Sosyal medya mecralarda g\u00f6rd\u00fckleri g\u00fczel foto\u011fraflar\u0131 saklamak i\u00e7in kulland\u0131\u011f\u0131 Instagram ar\u015fiv foto\u011fraflar\u0131 nerede sakland\u0131\u011f\u0131n\u0131 inceleyelim.\",\"breadcrumb\":{\"@id\":\"https:\/\/www.fenomist.com\/blog\/instagram-arsiv-fotograflari-hesap-sikayet-engelleme#breadcrumb\"},\"mainEntity\":[{\"@id\":\"https:\/\/www.fenomist.com\/blog\/instagram-arsiv-fotograflari-hesap-sikayet-engelleme#faq-question-1578926009517\"},{\"@id\":\"https:\/\/www.fenomist.com\/blog\/instagram-arsiv-fotograflari-hesap-sikayet-engelleme#faq-question-1578926015831\"},{\"@id\":\"https:\/\/www.fenomist.com\/blog\/instagram-arsiv-fotograflari-hesap-sikayet-engelleme#faq-question-1578926016783\"},{\"@id\":\"https:\/\/www.fenomist.com\/blog\/instagram-arsiv-fotograflari-hesap-sikayet-engelleme#faq-question-1601042223029\"},{\"@id\":\"https:\/\/www.fenomist.com\/blog\/instagram-arsiv-fotograflari-hesap-sikayet-engelleme#faq-question-1601042223621\"},{\"@id\":\"https:\/\/www.fenomist.com\/blog\/instagram-arsiv-fotograflari-hesap-sikayet-engelleme#faq-question-1601042223773\"},{\"@id\":\"https:\/\/www.fenomist.com\/blog\/instagram-arsiv-fotograflari-hesap-sikayet-engelleme#faq-question-1620744166420\"}],\"inLanguage\":\"tr\",\"potentialAction\":[{\"@type\":\"ReadAction\",\"target\":[\"https:\/\/www.fenomist.com\/blog\/instagram-arsiv-fotograflari-hesap-sikayet-engelleme\"]}]},{\"@type\":\"ImageObject\",\"inLanguage\":\"tr\",\"@id\":\"https:\/\/www.fenomist.com\/blog\/instagram-arsiv-fotograflari-hesap-sikayet-engelleme#primaryimage\",\"url\":\"https:\/\/www.fenomist.com\/blog\/wp-content\/uploads\/instagram-ars\u0327iv-fotog\u0306raflari-nerede-saklaniyor.jpg\",\"contentUrl\":\"https:\/\/www.fenomist.com\/blog\/wp-content\/uploads\/instagram-ars\u0327iv-fotog\u0306raflari-nerede-saklaniyor.jpg\",\"width\":960,\"height\":640,\"caption\":\"Instagram Ar\u015fiv Foto\u011fraflar\u0131 Nerede Saklan\u0131yor ?\"},{\"@type\":\"BreadcrumbList\",\"@id\":\"https:\/\/www.fenomist.com\/blog\/instagram-arsiv-fotograflari-hesap-sikayet-engelleme#breadcrumb\",\"itemListElement\":[{\"@type\":\"ListItem\",\"position\":1,\"name\":\"Ana sayfa\",\"item\":\"https:\/\/www.fenomist.com\/blog\"},{\"@type\":\"ListItem\",\"position\":2,\"name\":\"Instagram Haberleri\",\"item\":\"https:\/\/www.fenomist.com\/blog\/instagram-haberleri\"},{\"@type\":\"ListItem\",\"position\":3,\"name\":\"Instagram Ar\u015fiv Foto\u011fraflar\u0131 Nerede Saklan\u0131yor ?\"}]},{\"@type\":\"WebSite\",\"@id\":\"https:\/\/www.fenomist.com\/blog\/#website\",\"url\":\"https:\/\/www.fenomist.com\/blog\/\",\"name\":\"Sosyal Medya Haberleri - Son Dakika\",\"description\":\"Sosyal Medya Haberleri - Son Dakika\",\"publisher\":{\"@id\":\"https:\/\/www.fenomist.com\/blog\/#organization\"},\"alternateName\":\"fenomist.com\",\"potentialAction\":[{\"@type\":\"SearchAction\",\"target\":{\"@type\":\"EntryPoint\",\"urlTemplate\":\"https:\/\/www.fenomist.com\/blog\/?s={search_term_string}\"},\"query-input\":{\"@type\":\"PropertyValueSpecification\",\"valueRequired\":true,\"valueName\":\"search_term_string\"}}],\"inLanguage\":\"tr\"},{\"@type\":\"Organization\",\"@id\":\"https:\/\/www.fenomist.com\/blog\/#organization\",\"name\":\"Fenomist\",\"alternateName\":\"fenomist.com\",\"url\":\"https:\/\/www.fenomist.com\/blog\/\",\"logo\":{\"@type\":\"ImageObject\",\"inLanguage\":\"tr\",\"@id\":\"https:\/\/www.fenomist.com\/blog\/#\/schema\/logo\/image\/\",\"url\":\"https:\/\/www.fenomist.com\/blog\/wp-content\/uploads\/instagram-takipci-satin-al-blog.svg\",\"contentUrl\":\"https:\/\/www.fenomist.com\/blog\/wp-content\/uploads\/instagram-takipci-satin-al-blog.svg\",\"caption\":\"Fenomist\"},\"image\":{\"@id\":\"https:\/\/www.fenomist.com\/blog\/#\/schema\/logo\/image\/\"},\"sameAs\":[\"https:\/\/www.facebook.com\/fenomist\",\"https:\/\/x.com\/smipuclari\",\"https:\/\/www.instagram.com\/sosyal_fabrika\/\",\"https:\/\/tr.linkedin.com\/in\/instatakipcicom\",\"https:\/\/myspace.com\/instatakipci22\",\"https:\/\/fi.pinterest.com\/instatakipcisosyal\/\",\"https:\/\/www.youtube.com\/instatakipcicom\"]},{\"@type\":\"Person\",\"@id\":\"https:\/\/www.fenomist.com\/blog\/#\/schema\/person\/235d54527608230f6c9e9d95b6d15f99\",\"name\":\"Enes Bulut\",\"image\":{\"@type\":\"ImageObject\",\"inLanguage\":\"tr\",\"@id\":\"https:\/\/www.fenomist.com\/blog\/#\/schema\/person\/image\/\",\"url\":\"https:\/\/www.fenomist.com\/blog\/wp-content\/uploads\/enes-bulut-96x96.webp\",\"contentUrl\":\"https:\/\/www.fenomist.com\/blog\/wp-content\/uploads\/enes-bulut-96x96.webp\",\"caption\":\"Enes Bulut\"},\"description\":\"Ben Enes Bulut, 2014 y\u0131l\u0131nda Yeditepe \u00dcniversitesi Reklamc\u0131l\u0131k b\u00f6l\u00fcm\u00fcn\u00fc tamamlad\u0131ktan sonra \u0130\u00e7erik Yazarl\u0131\u011f\u0131 ve Edit\u00f6rl\u00fck alan\u0131na y\u00f6neldim. Bu alanda yakla\u015f\u0131k 6 y\u0131ld\u0131r fenomist.com b\u00fcnyesinde \u00e7al\u0131\u015f\u0131yorum. Sosyal medya ve dijital pazarlama uzmanl\u0131k alan\u0131m olmak \u00fczere bir\u00e7ok konuda \u00f6zg\u00fcn ve \u00f6zel i\u00e7erikler haz\u0131rl\u0131yorum.\",\"sameAs\":[\"https:\/\/www.fenomist.com\/blog\/author\/enesbulut\",\"https:\/\/x.com\/bulut_enesss\"],\"url\":\"https:\/\/www.fenomist.com\/blog\/author\/enesbulut\"},{\"@type\":\"Question\",\"@id\":\"https:\/\/www.fenomist.com\/blog\/instagram-arsiv-fotograflari-hesap-sikayet-engelleme#faq-question-1578926009517\",\"position\":1,\"url\":\"https:\/\/www.fenomist.com\/blog\/instagram-arsiv-fotograflari-hesap-sikayet-engelleme#faq-question-1578926009517\",\"name\":\"Instagram Ar\u015fiv Foto\u011fraf\u0131 Ne Kadar S\u00fcre Saklar?\",\"answerCount\":1,\"acceptedAnswer\":{\"@type\":\"Answer\",\"text\":\"Instagram hesab\u0131n\u0131z\u0131 silmedi\u011finiz takdirde ar\u015fivde ki foto\u011fraflar\u0131n\u0131z silinmeyecektir. Instagram\u0131n\u0131z\u0131 kal\u0131c\u0131 olarak sildi\u011finiz takdirde t\u00fcm bilgileriniz ile beraber 30 g\u00fcn i\u00e7erisinde silinecektir.\",\"inLanguage\":\"tr\"},\"inLanguage\":\"tr\"},{\"@type\":\"Question\",\"@id\":\"https:\/\/www.fenomist.com\/blog\/instagram-arsiv-fotograflari-hesap-sikayet-engelleme#faq-question-1578926015831\",\"position\":2,\"url\":\"https:\/\/www.fenomist.com\/blog\/instagram-arsiv-fotograflari-hesap-sikayet-engelleme#faq-question-1578926015831\",\"name\":\"Instagram'da \u015eikayer Ederek Hesap Kapatt\u0131rabilir miyim?\",\"answerCount\":1,\"acceptedAnswer\":{\"@type\":\"Answer\",\"text\":\"Kullan\u0131c\u0131 hesab\u0131 yo\u011fun \u015fikayet ve spam yedi\u011fi takdirde instagram hesab\u0131 k\u0131sa s\u00fcre i\u00e7erisinde kapanacakt\u0131r. Ancak onayl\u0131 hesaplarda bu s\u00fcre daha uzun olabilir.\",\"inLanguage\":\"tr\"},\"inLanguage\":\"tr\"},{\"@type\":\"Question\",\"@id\":\"https:\/\/www.fenomist.com\/blog\/instagram-arsiv-fotograflari-hesap-sikayet-engelleme#faq-question-1578926016783\",\"position\":3,\"url\":\"https:\/\/www.fenomist.com\/blog\/instagram-arsiv-fotograflari-hesap-sikayet-engelleme#faq-question-1578926016783\",\"name\":\"Ar\u015fivlenmi\u015f Foto\u011fraf\u0131n Kalitesi D\u00fc\u015fer mi?\",\"answerCount\":1,\"acceptedAnswer\":{\"@type\":\"Answer\",\"text\":\"Instagram ar\u015five ald\u0131\u011f\u0131n\u0131z foto\u011fraflar\u0131n kalitesi d\u00fc\u015fmemektedir. Yaln\u0131z att\u0131\u011f\u0131n\u0131z foto\u011fraf g\u00fcncel instagram boyutlar\u0131 ile uyu\u015fmuyorsa kalitesi d\u00fc\u015febilir.\",\"inLanguage\":\"tr\"},\"inLanguage\":\"tr\"},{\"@type\":\"Question\",\"@id\":\"https:\/\/www.fenomist.com\/blog\/instagram-arsiv-fotograflari-hesap-sikayet-engelleme#faq-question-1601042223029\",\"position\":4,\"url\":\"https:\/\/www.fenomist.com\/blog\/instagram-arsiv-fotograflari-hesap-sikayet-engelleme#faq-question-1601042223029\",\"name\":\"Foto\u011fraf Ar\u015fivleme S\u0131n\u0131r\u0131 Var m\u0131?\",\"answerCount\":1,\"acceptedAnswer\":{\"@type\":\"Answer\",\"text\":\"Ar\u015fiv \u00f6zelli\u011fi kullan\u0131rken Instagram taraf\u0131ndan sizlere herhangi bir s\u0131n\u0131r sunulmaz. Tamamen s\u0131n\u0131rs\u0131z bir \u015fekilde kullanabileceksiniz. \",\"inLanguage\":\"tr\"},\"inLanguage\":\"tr\"},{\"@type\":\"Question\",\"@id\":\"https:\/\/www.fenomist.com\/blog\/instagram-arsiv-fotograflari-hesap-sikayet-engelleme#faq-question-1601042223621\",\"position\":5,\"url\":\"https:\/\/www.fenomist.com\/blog\/instagram-arsiv-fotograflari-hesap-sikayet-engelleme#faq-question-1601042223621\",\"name\":\"Ar\u015fivlenen Foto\u011fraflar\u0131n Bilgileri Kay\u0131\u011f Olur mu?\",\"answerCount\":1,\"acceptedAnswer\":{\"@type\":\"Answer\",\"text\":\"Ar\u015fivlenen foto\u011fraflar\u0131n bilgileri oldu\u011fu gibi kalmaktad\u0131r. Herhangi bir \u015fekilde bilgilerinizde de\u011fi\u015fme olmaz ve ilk g\u00fcnki gibi kalmaya devam eder. \",\"inLanguage\":\"tr\"},\"inLanguage\":\"tr\"},{\"@type\":\"Question\",\"@id\":\"https:\/\/www.fenomist.com\/blog\/instagram-arsiv-fotograflari-hesap-sikayet-engelleme#faq-question-1601042223773\",\"position\":6,\"url\":\"https:\/\/www.fenomist.com\/blog\/instagram-arsiv-fotograflari-hesap-sikayet-engelleme#faq-question-1601042223773\",\"name\":\"Foto\u011fraflar\u0131 Ar\u015fivledi\u011fim Fark Edilir mi?\",\"answerCount\":1,\"acceptedAnswer\":{\"@type\":\"Answer\",\"text\":\"Instagram profilinizi \u00e7ok detayl\u0131 bir \u015fekilde takip etmekte olan ki\u015filer bu durumu fark edebilir. Ancak di\u011fer a\u00e7\u0131dan fark edilmesi m\u00fcmk\u00fcn de\u011fildir. \",\"inLanguage\":\"tr\"},\"inLanguage\":\"tr\"},{\"@type\":\"Question\",\"@id\":\"https:\/\/www.fenomist.com\/blog\/instagram-arsiv-fotograflari-hesap-sikayet-engelleme#faq-question-1620744166420\",\"position\":7,\"url\":\"https:\/\/www.fenomist.com\/blog\/instagram-arsiv-fotograflari-hesap-sikayet-engelleme#faq-question-1620744166420\",\"name\":\"Instagram Ar\u015fivi G\u00f6remiyorum Ne Yapmam Laz\u0131m?\",\"answerCount\":1,\"acceptedAnswer\":{\"@type\":\"Answer\",\"text\":\"Uygulamay\u0131 a\u00e7\u0131p, hesab\u0131n\u0131za giri\u015f yapt\u0131ktan sonra profilinizi a\u00e7\u0131n. Profilinizi a\u00e7t\u0131ktan sonra ekran\u0131n en sa\u011f \u00fcst k\u0131sm\u0131nda bulunan saat simgesine t\u0131klay\u0131n. Ar\u015fiv ekran\u0131 kar\u015f\u0131n\u0131za gelmi\u015f olacakt\u0131r.\",\"inLanguage\":\"tr\"},\"inLanguage\":\"tr\"}]}<\/script>\n<!-- \/ Yoast SEO plugin. -->","yoast_head_json":{"title":"Instagram Ar\u015fiv Foto\u011fraflar\u0131 Nerede Saklan\u0131yor ? - Resimli Anlat\u0131m","description":"Sosyal medya mecralarda g\u00f6rd\u00fckleri g\u00fczel foto\u011fraflar\u0131 saklamak i\u00e7in kulland\u0131\u011f\u0131 Instagram ar\u015fiv foto\u011fraflar\u0131 nerede sakland\u0131\u011f\u0131n\u0131 inceleyelim.","robots":{"index":"index","follow":"follow","max-snippet":"max-snippet:-1","max-image-preview":"max-image-preview:large","max-video-preview":"max-video-preview:-1"},"canonical":"https:\/\/www.fenomist.com\/blog\/instagram-arsiv-fotograflari-hesap-sikayet-engelleme","og_locale":"tr_TR","og_type":"article","og_title":"Instagram Ar\u015fiv Foto\u011fraflar\u0131 Nerede Saklan\u0131yor ? - Resimli Anlat\u0131m","og_description":"Sosyal medya mecralarda g\u00f6rd\u00fckleri g\u00fczel foto\u011fraflar\u0131 saklamak i\u00e7in kulland\u0131\u011f\u0131 Instagram ar\u015fiv foto\u011fraflar\u0131 nerede sakland\u0131\u011f\u0131n\u0131 inceleyelim.","og_url":"https:\/\/www.fenomist.com\/blog\/instagram-arsiv-fotograflari-hesap-sikayet-engelleme","og_site_name":"Instagram Takip\u00e7i Blog - Son Dakika Haberler","article_publisher":"https:\/\/www.facebook.com\/fenomist","article_published_time":"2018-02-09T11:02:49+00:00","article_modified_time":"2025-04-08T08:13:56+00:00","og_image":[{"width":960,"height":640,"url":"https:\/\/www.fenomist.com\/blog\/wp-content\/uploads\/instagram-ars\u0327iv-fotog\u0306raflari-nerede-saklaniyor.jpg","type":"image\/jpeg"}],"author":"Enes Bulut","twitter_card":"summary_large_image","twitter_creator":"@bulut_enesss","twitter_site":"@smipuclari","twitter_misc":{"Yazan:":"Enes Bulut","Tahmini okuma s\u00fcresi":"4 dakika"},"schema":{"@context":"https:\/\/schema.org","@graph":[{"@type":"Article","@id":"https:\/\/www.fenomist.com\/blog\/instagram-arsiv-fotograflari-hesap-sikayet-engelleme#article","isPartOf":{"@id":"https:\/\/www.fenomist.com\/blog\/instagram-arsiv-fotograflari-hesap-sikayet-engelleme"},"author":{"name":"Enes Bulut","@id":"https:\/\/www.fenomist.com\/blog\/#\/schema\/person\/235d54527608230f6c9e9d95b6d15f99"},"headline":"Instagram Ar\u015fiv Foto\u011fraflar\u0131 Nerede Saklan\u0131yor ?","datePublished":"2018-02-09T11:02:49+00:00","dateModified":"2025-04-08T08:13:56+00:00","mainEntityOfPage":{"@id":"https:\/\/www.fenomist.com\/blog\/instagram-arsiv-fotograflari-hesap-sikayet-engelleme"},"wordCount":909,"commentCount":2,"publisher":{"@id":"https:\/\/www.fenomist.com\/blog\/#organization"},"image":{"@id":"https:\/\/www.fenomist.com\/blog\/instagram-arsiv-fotograflari-hesap-sikayet-engelleme#primaryimage"},"thumbnailUrl":"https:\/\/www.fenomist.com\/blog\/wp-content\/uploads\/instagram-ars\u0327iv-fotog\u0306raflari-nerede-saklaniyor.jpg","articleSection":["Instagram Destek","Instagram Haberleri"],"inLanguage":"tr","potentialAction":[{"@type":"CommentAction","name":"Comment","target":["https:\/\/www.fenomist.com\/blog\/instagram-arsiv-fotograflari-hesap-sikayet-engelleme#respond"]}]},{"@type":["WebPage","FAQPage"],"@id":"https:\/\/www.fenomist.com\/blog\/instagram-arsiv-fotograflari-hesap-sikayet-engelleme","url":"https:\/\/www.fenomist.com\/blog\/instagram-arsiv-fotograflari-hesap-sikayet-engelleme","name":"Instagram Ar\u015fiv Foto\u011fraflar\u0131 Nerede Saklan\u0131yor ? - Resimli Anlat\u0131m","isPartOf":{"@id":"https:\/\/www.fenomist.com\/blog\/#website"},"primaryImageOfPage":{"@id":"https:\/\/www.fenomist.com\/blog\/instagram-arsiv-fotograflari-hesap-sikayet-engelleme#primaryimage"},"image":{"@id":"https:\/\/www.fenomist.com\/blog\/instagram-arsiv-fotograflari-hesap-sikayet-engelleme#primaryimage"},"thumbnailUrl":"https:\/\/www.fenomist.com\/blog\/wp-content\/uploads\/instagram-ars\u0327iv-fotog\u0306raflari-nerede-saklaniyor.jpg","datePublished":"2018-02-09T11:02:49+00:00","dateModified":"2025-04-08T08:13:56+00:00","description":"Sosyal medya mecralarda g\u00f6rd\u00fckleri g\u00fczel foto\u011fraflar\u0131 saklamak i\u00e7in kulland\u0131\u011f\u0131 Instagram ar\u015fiv foto\u011fraflar\u0131 nerede sakland\u0131\u011f\u0131n\u0131 inceleyelim.","breadcrumb":{"@id":"https:\/\/www.fenomist.com\/blog\/instagram-arsiv-fotograflari-hesap-sikayet-engelleme#breadcrumb"},"mainEntity":[{"@id":"https:\/\/www.fenomist.com\/blog\/instagram-arsiv-fotograflari-hesap-sikayet-engelleme#faq-question-1578926009517"},{"@id":"https:\/\/www.fenomist.com\/blog\/instagram-arsiv-fotograflari-hesap-sikayet-engelleme#faq-question-1578926015831"},{"@id":"https:\/\/www.fenomist.com\/blog\/instagram-arsiv-fotograflari-hesap-sikayet-engelleme#faq-question-1578926016783"},{"@id":"https:\/\/www.fenomist.com\/blog\/instagram-arsiv-fotograflari-hesap-sikayet-engelleme#faq-question-1601042223029"},{"@id":"https:\/\/www.fenomist.com\/blog\/instagram-arsiv-fotograflari-hesap-sikayet-engelleme#faq-question-1601042223621"},{"@id":"https:\/\/www.fenomist.com\/blog\/instagram-arsiv-fotograflari-hesap-sikayet-engelleme#faq-question-1601042223773"},{"@id":"https:\/\/www.fenomist.com\/blog\/instagram-arsiv-fotograflari-hesap-sikayet-engelleme#faq-question-1620744166420"}],"inLanguage":"tr","potentialAction":[{"@type":"ReadAction","target":["https:\/\/www.fenomist.com\/blog\/instagram-arsiv-fotograflari-hesap-sikayet-engelleme"]}]},{"@type":"ImageObject","inLanguage":"tr","@id":"https:\/\/www.fenomist.com\/blog\/instagram-arsiv-fotograflari-hesap-sikayet-engelleme#primaryimage","url":"https:\/\/www.fenomist.com\/blog\/wp-content\/uploads\/instagram-ars\u0327iv-fotog\u0306raflari-nerede-saklaniyor.jpg","contentUrl":"https:\/\/www.fenomist.com\/blog\/wp-content\/uploads\/instagram-ars\u0327iv-fotog\u0306raflari-nerede-saklaniyor.jpg","width":960,"height":640,"caption":"Instagram Ar\u015fiv Foto\u011fraflar\u0131 Nerede Saklan\u0131yor ?"},{"@type":"BreadcrumbList","@id":"https:\/\/www.fenomist.com\/blog\/instagram-arsiv-fotograflari-hesap-sikayet-engelleme#breadcrumb","itemListElement":[{"@type":"ListItem","position":1,"name":"Ana sayfa","item":"https:\/\/www.fenomist.com\/blog"},{"@type":"ListItem","position":2,"name":"Instagram Haberleri","item":"https:\/\/www.fenomist.com\/blog\/instagram-haberleri"},{"@type":"ListItem","position":3,"name":"Instagram Ar\u015fiv Foto\u011fraflar\u0131 Nerede Saklan\u0131yor ?"}]},{"@type":"WebSite","@id":"https:\/\/www.fenomist.com\/blog\/#website","url":"https:\/\/www.fenomist.com\/blog\/","name":"Sosyal Medya Haberleri - Son Dakika","description":"Sosyal Medya Haberleri - Son Dakika","publisher":{"@id":"https:\/\/www.fenomist.com\/blog\/#organization"},"alternateName":"fenomist.com","potentialAction":[{"@type":"SearchAction","target":{"@type":"EntryPoint","urlTemplate":"https:\/\/www.fenomist.com\/blog\/?s={search_term_string}"},"query-input":{"@type":"PropertyValueSpecification","valueRequired":true,"valueName":"search_term_string"}}],"inLanguage":"tr"},{"@type":"Organization","@id":"https:\/\/www.fenomist.com\/blog\/#organization","name":"Fenomist","alternateName":"fenomist.com","url":"https:\/\/www.fenomist.com\/blog\/","logo":{"@type":"ImageObject","inLanguage":"tr","@id":"https:\/\/www.fenomist.com\/blog\/#\/schema\/logo\/image\/","url":"https:\/\/www.fenomist.com\/blog\/wp-content\/uploads\/instagram-takipci-satin-al-blog.svg","contentUrl":"https:\/\/www.fenomist.com\/blog\/wp-content\/uploads\/instagram-takipci-satin-al-blog.svg","caption":"Fenomist"},"image":{"@id":"https:\/\/www.fenomist.com\/blog\/#\/schema\/logo\/image\/"},"sameAs":["https:\/\/www.facebook.com\/fenomist","https:\/\/x.com\/smipuclari","https:\/\/www.instagram.com\/sosyal_fabrika\/","https:\/\/tr.linkedin.com\/in\/instatakipcicom","https:\/\/myspace.com\/instatakipci22","https:\/\/fi.pinterest.com\/instatakipcisosyal\/","https:\/\/www.youtube.com\/instatakipcicom"]},{"@type":"Person","@id":"https:\/\/www.fenomist.com\/blog\/#\/schema\/person\/235d54527608230f6c9e9d95b6d15f99","name":"Enes Bulut","image":{"@type":"ImageObject","inLanguage":"tr","@id":"https:\/\/www.fenomist.com\/blog\/#\/schema\/person\/image\/","url":"https:\/\/www.fenomist.com\/blog\/wp-content\/uploads\/enes-bulut-96x96.webp","contentUrl":"https:\/\/www.fenomist.com\/blog\/wp-content\/uploads\/enes-bulut-96x96.webp","caption":"Enes Bulut"},"description":"Ben Enes Bulut, 2014 y\u0131l\u0131nda Yeditepe \u00dcniversitesi Reklamc\u0131l\u0131k b\u00f6l\u00fcm\u00fcn\u00fc tamamlad\u0131ktan sonra \u0130\u00e7erik Yazarl\u0131\u011f\u0131 ve Edit\u00f6rl\u00fck alan\u0131na y\u00f6neldim. Bu alanda yakla\u015f\u0131k 6 y\u0131ld\u0131r fenomist.com b\u00fcnyesinde \u00e7al\u0131\u015f\u0131yorum. Sosyal medya ve dijital pazarlama uzmanl\u0131k alan\u0131m olmak \u00fczere bir\u00e7ok konuda \u00f6zg\u00fcn ve \u00f6zel i\u00e7erikler haz\u0131rl\u0131yorum.","sameAs":["https:\/\/www.fenomist.com\/blog\/author\/enesbulut","https:\/\/x.com\/bulut_enesss"],"url":"https:\/\/www.fenomist.com\/blog\/author\/enesbulut"},{"@type":"Question","@id":"https:\/\/www.fenomist.com\/blog\/instagram-arsiv-fotograflari-hesap-sikayet-engelleme#faq-question-1578926009517","position":1,"url":"https:\/\/www.fenomist.com\/blog\/instagram-arsiv-fotograflari-hesap-sikayet-engelleme#faq-question-1578926009517","name":"Instagram Ar\u015fiv Foto\u011fraf\u0131 Ne Kadar S\u00fcre Saklar?","answerCount":1,"acceptedAnswer":{"@type":"Answer","text":"Instagram hesab\u0131n\u0131z\u0131 silmedi\u011finiz takdirde ar\u015fivde ki foto\u011fraflar\u0131n\u0131z silinmeyecektir. Instagram\u0131n\u0131z\u0131 kal\u0131c\u0131 olarak sildi\u011finiz takdirde t\u00fcm bilgileriniz ile beraber 30 g\u00fcn i\u00e7erisinde silinecektir.","inLanguage":"tr"},"inLanguage":"tr"},{"@type":"Question","@id":"https:\/\/www.fenomist.com\/blog\/instagram-arsiv-fotograflari-hesap-sikayet-engelleme#faq-question-1578926015831","position":2,"url":"https:\/\/www.fenomist.com\/blog\/instagram-arsiv-fotograflari-hesap-sikayet-engelleme#faq-question-1578926015831","name":"Instagram'da \u015eikayer Ederek Hesap Kapatt\u0131rabilir miyim?","answerCount":1,"acceptedAnswer":{"@type":"Answer","text":"Kullan\u0131c\u0131 hesab\u0131 yo\u011fun \u015fikayet ve spam yedi\u011fi takdirde instagram hesab\u0131 k\u0131sa s\u00fcre i\u00e7erisinde kapanacakt\u0131r. Ancak onayl\u0131 hesaplarda bu s\u00fcre daha uzun olabilir.","inLanguage":"tr"},"inLanguage":"tr"},{"@type":"Question","@id":"https:\/\/www.fenomist.com\/blog\/instagram-arsiv-fotograflari-hesap-sikayet-engelleme#faq-question-1578926016783","position":3,"url":"https:\/\/www.fenomist.com\/blog\/instagram-arsiv-fotograflari-hesap-sikayet-engelleme#faq-question-1578926016783","name":"Ar\u015fivlenmi\u015f Foto\u011fraf\u0131n Kalitesi D\u00fc\u015fer mi?","answerCount":1,"acceptedAnswer":{"@type":"Answer","text":"Instagram ar\u015five ald\u0131\u011f\u0131n\u0131z foto\u011fraflar\u0131n kalitesi d\u00fc\u015fmemektedir. Yaln\u0131z att\u0131\u011f\u0131n\u0131z foto\u011fraf g\u00fcncel instagram boyutlar\u0131 ile uyu\u015fmuyorsa kalitesi d\u00fc\u015febilir.","inLanguage":"tr"},"inLanguage":"tr"},{"@type":"Question","@id":"https:\/\/www.fenomist.com\/blog\/instagram-arsiv-fotograflari-hesap-sikayet-engelleme#faq-question-1601042223029","position":4,"url":"https:\/\/www.fenomist.com\/blog\/instagram-arsiv-fotograflari-hesap-sikayet-engelleme#faq-question-1601042223029","name":"Foto\u011fraf Ar\u015fivleme S\u0131n\u0131r\u0131 Var m\u0131?","answerCount":1,"acceptedAnswer":{"@type":"Answer","text":"Ar\u015fiv \u00f6zelli\u011fi kullan\u0131rken Instagram taraf\u0131ndan sizlere herhangi bir s\u0131n\u0131r sunulmaz. Tamamen s\u0131n\u0131rs\u0131z bir \u015fekilde kullanabileceksiniz. ","inLanguage":"tr"},"inLanguage":"tr"},{"@type":"Question","@id":"https:\/\/www.fenomist.com\/blog\/instagram-arsiv-fotograflari-hesap-sikayet-engelleme#faq-question-1601042223621","position":5,"url":"https:\/\/www.fenomist.com\/blog\/instagram-arsiv-fotograflari-hesap-sikayet-engelleme#faq-question-1601042223621","name":"Ar\u015fivlenen Foto\u011fraflar\u0131n Bilgileri Kay\u0131\u011f Olur mu?","answerCount":1,"acceptedAnswer":{"@type":"Answer","text":"Ar\u015fivlenen foto\u011fraflar\u0131n bilgileri oldu\u011fu gibi kalmaktad\u0131r. Herhangi bir \u015fekilde bilgilerinizde de\u011fi\u015fme olmaz ve ilk g\u00fcnki gibi kalmaya devam eder. ","inLanguage":"tr"},"inLanguage":"tr"},{"@type":"Question","@id":"https:\/\/www.fenomist.com\/blog\/instagram-arsiv-fotograflari-hesap-sikayet-engelleme#faq-question-1601042223773","position":6,"url":"https:\/\/www.fenomist.com\/blog\/instagram-arsiv-fotograflari-hesap-sikayet-engelleme#faq-question-1601042223773","name":"Foto\u011fraflar\u0131 Ar\u015fivledi\u011fim Fark Edilir mi?","answerCount":1,"acceptedAnswer":{"@type":"Answer","text":"Instagram profilinizi \u00e7ok detayl\u0131 bir \u015fekilde takip etmekte olan ki\u015filer bu durumu fark edebilir. Ancak di\u011fer a\u00e7\u0131dan fark edilmesi m\u00fcmk\u00fcn de\u011fildir. ","inLanguage":"tr"},"inLanguage":"tr"},{"@type":"Question","@id":"https:\/\/www.fenomist.com\/blog\/instagram-arsiv-fotograflari-hesap-sikayet-engelleme#faq-question-1620744166420","position":7,"url":"https:\/\/www.fenomist.com\/blog\/instagram-arsiv-fotograflari-hesap-sikayet-engelleme#faq-question-1620744166420","name":"Instagram Ar\u015fivi G\u00f6remiyorum Ne Yapmam Laz\u0131m?","answerCount":1,"acceptedAnswer":{"@type":"Answer","text":"Uygulamay\u0131 a\u00e7\u0131p, hesab\u0131n\u0131za giri\u015f yapt\u0131ktan sonra profilinizi a\u00e7\u0131n. Profilinizi a\u00e7t\u0131ktan sonra ekran\u0131n en sa\u011f \u00fcst k\u0131sm\u0131nda bulunan saat simgesine t\u0131klay\u0131n. Ar\u015fiv ekran\u0131 kar\u015f\u0131n\u0131za gelmi\u015f olacakt\u0131r.","inLanguage":"tr"},"inLanguage":"tr"}]}},"_links":{"self":[{"href":"https:\/\/www.fenomist.com\/blog\/wp-json\/wp\/v2\/posts\/4142","targetHints":{"allow":["GET"]}}],"collection":[{"href":"https:\/\/www.fenomist.com\/blog\/wp-json\/wp\/v2\/posts"}],"about":[{"href":"https:\/\/www.fenomist.com\/blog\/wp-json\/wp\/v2\/types\/post"}],"author":[{"embeddable":true,"href":"https:\/\/www.fenomist.com\/blog\/wp-json\/wp\/v2\/users\/1"}],"replies":[{"embeddable":true,"href":"https:\/\/www.fenomist.com\/blog\/wp-json\/wp\/v2\/comments?post=4142"}],"version-history":[{"count":6,"href":"https:\/\/www.fenomist.com\/blog\/wp-json\/wp\/v2\/posts\/4142\/revisions"}],"predecessor-version":[{"id":46720,"href":"https:\/\/www.fenomist.com\/blog\/wp-json\/wp\/v2\/posts\/4142\/revisions\/46720"}],"wp:featuredmedia":[{"embeddable":true,"href":"https:\/\/www.fenomist.com\/blog\/wp-json\/wp\/v2\/media\/44639"}],"wp:attachment":[{"href":"https:\/\/www.fenomist.com\/blog\/wp-json\/wp\/v2\/media?parent=4142"}],"wp:term":[{"taxonomy":"category","embeddable":true,"href":"https:\/\/www.fenomist.com\/blog\/wp-json\/wp\/v2\/categories?post=4142"},{"taxonomy":"post_tag","embeddable":true,"href":"https:\/\/www.fenomist.com\/blog\/wp-json\/wp\/v2\/tags?post=4142"}],"curies":[{"name":"wp","href":"https:\/\/api.w.org\/{rel}","templated":true}]}}