{"id":4987,"date":"2018-06-18T19:26:40","date_gmt":"2018-06-18T16:26:40","guid":{"rendered":"https:\/\/www.instatakipci.com\/blog\/?p=4987"},"modified":"2023-07-31T17:39:42","modified_gmt":"2023-07-31T14:39:42","slug":"facebook-engel-kaldirma","status":"publish","type":"post","link":"https:\/\/www.fenomist.com\/blog\/facebook-engel-kaldirma","title":{"rendered":"Facebook Engel Kald\u0131rma Sorunu (Facebook Engeli Nas\u0131l Kald\u0131r\u0131l\u0131r?)"},"content":{"rendered":"\n<p>Facebook kuruldu\u011fu ilk g\u00fcnden bu yana \u00e7ok muhte\u015fem bir h\u0131zla ilerlemeye ve geli\u015fmeye devam etmi\u015f, bunun yan\u0131nda her ge\u00e7en g\u00fcn kitlesini art\u0131rmay\u0131 ba\u015farm\u0131\u015ft\u0131r. Sosyal medyan\u0131n mega g\u00fcc\u00fc olan Facebook s\u00fcrekli kullan\u0131c\u0131 say\u0131s\u0131n\u0131 artt\u0131rm\u0131\u015ft\u0131r. Ancak ne yaz\u0131k ki sosyal medyan\u0131n bu kadar geli\u015fmesi ile art\u0131k hayat\u0131m\u0131z\u0131n bir par\u00e7as\u0131 haline gelen bu sosyal medya a\u011flar\u0131 pek \u00e7ok k\u00f6t\u00fc niyetli insanlar\u0131 da hayatlar\u0131m\u0131z\u0131n i\u00e7erisine dahil edebilmektedir. S\u00fcrekli bir \u015fekilde gelmekte olan <strong>arkada\u015fl\u0131k iste\u011fi<\/strong>, mesajla\u015fma iste\u011fi gibi durumlar kullan\u0131c\u0131lar\u0131 rahats\u0131z etmeye ba\u015flam\u0131\u015ft\u0131r. Facebook Engel Kald\u0131rma Sorunu (Facebook Engeli Nas\u0131l Kald\u0131r\u0131l\u0131r?) detayl\u0131ca anlatt\u0131k.<\/p><div id=\"ez-toc-container\" class=\"ez-toc-v2_0_79_2 counter-hierarchy ez-toc-counter ez-toc-grey ez-toc-container-direction\">\n<div class=\"ez-toc-title-container\">\n<p class=\"ez-toc-title\" style=\"cursor:inherit\">\u0130\u00e7indekiler<\/p>\n<span class=\"ez-toc-title-toggle\"><a href=\"#\" class=\"ez-toc-pull-right ez-toc-btn ez-toc-btn-xs ez-toc-btn-default ez-toc-toggle\" aria-label=\"Toggle Table of Content\"><span class=\"ez-toc-js-icon-con\"><span class=\"\"><span class=\"eztoc-hide\" style=\"display:none;\">Toggle<\/span><span class=\"ez-toc-icon-toggle-span\"><svg style=\"fill: #999;color:#999\" xmlns=\"http:\/\/www.w3.org\/2000\/svg\" class=\"list-377408\" width=\"20px\" height=\"20px\" viewBox=\"0 0 24 24\" fill=\"none\"><path d=\"M6 6H4v2h2V6zm14 0H8v2h12V6zM4 11h2v2H4v-2zm16 0H8v2h12v-2zM4 16h2v2H4v-2zm16 0H8v2h12v-2z\" fill=\"currentColor\"><\/path><\/svg><svg style=\"fill: #999;color:#999\" class=\"arrow-unsorted-368013\" xmlns=\"http:\/\/www.w3.org\/2000\/svg\" width=\"10px\" height=\"10px\" viewBox=\"0 0 24 24\" version=\"1.2\" baseProfile=\"tiny\"><path d=\"M18.2 9.3l-6.2-6.3-6.2 6.3c-.2.2-.3.4-.3.7s.1.5.3.7c.2.2.4.3.7.3h11c.3 0 .5-.1.7-.3.2-.2.3-.5.3-.7s-.1-.5-.3-.7zM5.8 14.7l6.2 6.3 6.2-6.3c.2-.2.3-.5.3-.7s-.1-.5-.3-.7c-.2-.2-.4-.3-.7-.3h-11c-.3 0-.5.1-.7.3-.2.2-.3.5-.3.7s.1.5.3.7z\"\/><\/svg><\/span><\/span><\/span><\/a><\/span><\/div>\n<nav><ul class='ez-toc-list ez-toc-list-level-1 ' ><li class='ez-toc-page-1 ez-toc-heading-level-2'><a class=\"ez-toc-link ez-toc-heading-1\" href=\"https:\/\/www.fenomist.com\/blog\/facebook-engel-kaldirma\/#Facebook_Engel_Kaldirma\" >Facebook Engel Kald\u0131rma<\/a><\/li><li class='ez-toc-page-1 ez-toc-heading-level-2'><a class=\"ez-toc-link ez-toc-heading-2\" href=\"https:\/\/www.fenomist.com\/blog\/facebook-engel-kaldirma\/#Facebook_Engelleme_Kisitlamasi_Var_midir\" >Facebook Engelleme K\u0131s\u0131tlamas\u0131 Var m\u0131d\u0131r?<\/a><ul class='ez-toc-list-level-3' ><li class='ez-toc-heading-level-3'><a class=\"ez-toc-link ez-toc-heading-3\" href=\"https:\/\/www.fenomist.com\/blog\/facebook-engel-kaldirma\/#Facebook_Engel_Kaldirma_Sorunu\" >Facebook Engel Kald\u0131rma Sorunu<\/a><\/li><li class='ez-toc-page-1 ez-toc-heading-level-3'><a class=\"ez-toc-link ez-toc-heading-4\" href=\"https:\/\/www.fenomist.com\/blog\/facebook-engel-kaldirma\/#Bu_makale_faydali_miydi\" >Bu makale faydal\u0131 m\u0131yd\u0131?<\/a><\/li><\/ul><\/li><li class='ez-toc-page-1 ez-toc-heading-level-2'><a class=\"ez-toc-link ez-toc-heading-5\" href=\"https:\/\/www.fenomist.com\/blog\/facebook-engel-kaldirma\/#Hakkinda_Sikca_Sorulan_Sorular\" >Hakk\u0131nda S\u0131k\u00e7a Sorulan Sorular<\/a><\/li><\/ul><\/nav><\/div>\n\n\n\n\n<figure class=\"wp-block-embed aligncenter is-type-video is-provider-youtube wp-block-embed-youtube wp-embed-aspect-16-9 wp-has-aspect-ratio\"><div class=\"wp-block-embed__wrapper\">\n<iframe title=\"FACEBOOK ENGEL KALDIRMA\" width=\"640\" height=\"360\" src=\"https:\/\/www.youtube.com\/embed\/R0TrnPQBoXk?feature=oembed\" frameborder=\"0\" allow=\"accelerometer; autoplay; clipboard-write; encrypted-media; gyroscope; picture-in-picture; web-share\" referrerpolicy=\"strict-origin-when-cross-origin\" allowfullscreen><\/iframe><script type=\"application\/ld+json\">\n    {\n      \"@context\": \"https:\/\/schema.org\",\n      \"@type\": \"VideoObject\",\n      \"name\": \"FACEBOOK ENGEL KALDIRMA\",\n      \"description\": \"Facebook Engel Kald\u0131rma Sorunu (Facebook Engeli Nas\u0131l Kald\u0131r\u0131l\u0131r?)\",\n      \"thumbnailUrl\": \"https:\/\/i.ytimg.com\/vi_webp\/R0TrnPQBoXk\/mqdefault.webp\",\n      \"embedUrl\": \"https:\/\/www.youtube.com\/embed\/R0TrnPQBoXk?feature=oembed\",\n      \"uploadDate\": \"July 31, 2023 2:39 pm\"\n    }\n    <\/script>\n<\/div><\/figure>\n\n\n\n<p>Bu anlamda g\u00fcvenlik boyutuna da yeni bir boyut gelmi\u015f ve art\u0131k sosyal medyas\u0131 ve internet olan insanlar her zaman baz\u0131 ger\u00e7ekle\u015fmesi k\u00f6t\u00fc olabilecek olan durumlarla risk sahibi olmaktad\u0131rlar. Elbette ki Facebook yetkilileri de g\u00fcvenliklerimiz i\u00e7in ellerinden gelenleri yapmaktad\u0131rlar ve bu anlamda kullan\u0131c\u0131lar\u0131 rahats\u0131z eden herhangi bir durum s\u00f6z konusu oldu\u011fu zaman hemen inceleme ba\u015flatmaktad\u0131rlar. O ana gelene de\u011fin de kullan\u0131c\u0131lar\u0131 rahats\u0131z eden hesaplar i\u00e7in kullan\u0131c\u0131lara o \u015fahs\u0131 engelleme olana\u011f\u0131 tan\u0131maktad\u0131rlar. Pek \u00e7ok Facebook kullan\u0131c\u0131s\u0131n\u0131n engellemi\u015f oldu\u011fu bir s\u00fcr\u00fc insan bulunmaktad\u0131r \u00e7\u00fcnk\u00fc ne yaz\u0131k ki bu k\u00f6t\u00fc niyetli \u015fah\u0131slar\u0131n say\u0131lar\u0131 \u00f6nemsenemeyecek kadar fazla olmaktad\u0131r. Bazen de bilerek engelledi\u011fimiz insanlar\u0131 daha sonralar\u0131 vazge\u00e7erek engellerini kald\u0131rmak isteyebilirsiniz. Elbette bunun da bir \u00e7\u00f6z\u00fcm\u00fc var, Facebook <strong>engel kald\u0131rma <\/strong>konusu i\u00e7in \u00e7ok basit bir ka\u00e7 yol izlememiz gerekmektedir. A\u015fa\u011f\u0131da bu anlamda yap\u0131lacak olan ad\u0131mlar\u0131 izleyerek <strong>Facebook engel kald\u0131rma <\/strong>i\u015flemini h\u0131zl\u0131ca ger\u00e7ekle\u015ftirebilirsiniz.<\/p>\n\n\n<div class=\"wp-block-image\">\n<figure class=\"aligncenter size-large\"><img fetchpriority=\"high\" decoding=\"async\" width=\"682\" height=\"455\" src=\"https:\/\/www.fenomist.com\/blog\/wp-content\/uploads\/facebook-engel-kaldirma.jpg\" alt=\"Facebook engel kald\u0131rma\" class=\"wp-image-19258\" title=\"Facebook engel kald\u0131rma\" srcset=\"https:\/\/www.fenomist.com\/blog\/wp-content\/uploads\/facebook-engel-kaldirma.jpg 682w, https:\/\/www.fenomist.com\/blog\/wp-content\/uploads\/facebook-engel-kaldirma-480x320.jpg 480w, https:\/\/www.fenomist.com\/blog\/wp-content\/uploads\/facebook-engel-kaldirma-192x128.jpg 192w\" sizes=\"(max-width: 682px) 100vw, 682px\" \/><\/figure><\/div>\n\n<div class=\"bestSellListContainer bestByProduct price w-100\">\n    <div class=\"bestSellList best-card\">\n        <div class=\"bestSell-list bestsell nowrap slick-initialized slick-slider\" data-slide=\"12\">\n            <div class=\"slick-list swiper best-product-slider draggable\">\n                <div class=\"slick-track swiper-wrapper\">\n<div class=\"slide swiper-slide slick-slide\" data-slick-index=\"3\"\n     aria-hidden=\"true\"\n     tabindex=\"-1\">\n    <div class=\"card border-bestSell\">\n        <a href=\"https:\/\/www.fenomist.com\/instagram-turk-takipci?amount=2500&ps4\" class=\"stretched-link blog-product-slider\" target=\"_blank\"\n           tabindex=\"-1\"><\/a>\n        <div class=\"card-header btn-like-color btn-like-bg-color\">\n           <img decoding=\"async\" src=\"https:\/\/www.fenomist.com\/blog\/wp-content\/uploads\/instagram-takipci-slide.webp\" width=\"64\" height=\"64\">\n        <\/div>\n        <div class=\"card-body\">\n            <div class=\"best-name btn-like-color\">Instagram Takip\u00e7i<\/div>\n            <div class=\"best-amount\">2.500<\/div>\n            <hr class=\"border-like\">\n        <\/div>\n        <div class=\"card-footer\">\n            <div class='best-discount'>%36 Discounted<\/div>            <div>\n                <p class='pricesClass pricesOld'> 625\u20ba <\/p>                <p class=\"h4 text-black\">397.25\u20ba<\/p>\n            <\/div>\n            <input type=\"button\" value=\"Buy Now\" class=\"btn-primary btn\">\n        <\/div>\n    <\/div>\n<\/div>\n<div class=\"slide swiper-slide slick-slide\" data-slick-index=\"3\"\n     aria-hidden=\"true\"\n     tabindex=\"-1\">\n    <div class=\"card border-bestSell\">\n        <a href=\"https:\/\/www.fenomist.com\/instagram-begeni-satin-al?amount=250&ps4\" class=\"stretched-link blog-product-slider\" target=\"_blank\"\n           tabindex=\"-1\"><\/a>\n        <div class=\"card-header btn-like-color btn-like-bg-color\">\n           <img decoding=\"async\" src=\"https:\/\/www.fenomist.com\/blog\/wp-content\/uploads\/instagram-begeni-slide.webp\" width=\"64\" height=\"64\">\n        <\/div>\n        <div class=\"card-body\">\n            <div class=\"best-name btn-like-color\">Instagram Be\u011feni<\/div>\n            <div class=\"best-amount\">250<\/div>\n            <hr class=\"border-like\">\n        <\/div>\n        <div class=\"card-footer\">\n            <div class='best-discount'>%40 Discounted<\/div>            <div>\n                <p class='pricesClass pricesOld'> 34.38\u20ba <\/p>                <p class=\"h4 text-black\">20.75\u20ba<\/p>\n            <\/div>\n            <input type=\"button\" value=\"Buy Now\" class=\"btn-primary btn\">\n        <\/div>\n    <\/div>\n<\/div>\n<div class=\"slide swiper-slide slick-slide\" data-slick-index=\"3\"\n     aria-hidden=\"true\"\n     tabindex=\"-1\">\n    <div class=\"card border-bestSell\">\n        <a href=\"https:\/\/www.fenomist.com\/tiktok-takipci-satin-al?amount=2500&ps4\" class=\"stretched-link blog-product-slider\" target=\"_blank\"\n           tabindex=\"-1\"><\/a>\n        <div class=\"card-header btn-like-color btn-like-bg-color\">\n           <img loading=\"lazy\" decoding=\"async\" src=\"https:\/\/www.fenomist.com\/blog\/wp-content\/uploads\/tiktok-begeni-slide.webp\" width=\"64\" height=\"64\">\n        <\/div>\n        <div class=\"card-body\">\n            <div class=\"best-name btn-like-color\">TikTok Takip\u00e7i<\/div>\n            <div class=\"best-amount\">2.500<\/div>\n            <hr class=\"border-like\">\n        <\/div>\n        <div class=\"card-footer\">\n            <div class='best-discount'>%65 Discounted<\/div>            <div>\n                <p class='pricesClass pricesOld'> 750\u20ba <\/p>                <p class=\"h4 text-black\">262.5\u20ba<\/p>\n            <\/div>\n            <input type=\"button\" value=\"Buy Now\" class=\"btn-primary btn\">\n        <\/div>\n    <\/div>\n<\/div>\n<div class=\"slide swiper-slide slick-slide\" data-slick-index=\"3\"\n     aria-hidden=\"true\"\n     tabindex=\"-1\">\n    <div class=\"card border-bestSell\">\n        <a href=\"https:\/\/www.fenomist.com\/tiktok-begeni-satin-al?amount=100&ps4\" class=\"stretched-link blog-product-slider\" target=\"_blank\"\n           tabindex=\"-1\"><\/a>\n        <div class=\"card-header btn-like-color btn-like-bg-color\">\n           <img loading=\"lazy\" decoding=\"async\" src=\"https:\/\/www.fenomist.com\/blog\/wp-content\/uploads\/tiktok-begeni-slide.webp\" width=\"64\" height=\"64\">\n        <\/div>\n        <div class=\"card-body\">\n            <div class=\"best-name btn-like-color\">TikTok Be\u011feni<\/div>\n            <div class=\"best-amount\">100<\/div>\n            <hr class=\"border-like\">\n        <\/div>\n        <div class=\"card-footer\">\n            <div class='best-discount'>%20 Discounted<\/div>            <div>\n                <p class='pricesClass pricesOld'> 19.9\u20ba <\/p>                <p class=\"h4 text-black\">15.99\u20ba<\/p>\n            <\/div>\n            <input type=\"button\" value=\"Buy Now\" class=\"btn-primary btn\">\n        <\/div>\n    <\/div>\n<\/div>\n<div class=\"slide swiper-slide slick-slide\" data-slick-index=\"3\"\n     aria-hidden=\"true\"\n     tabindex=\"-1\">\n    <div class=\"card border-bestSell\">\n        <a href=\"https:\/\/www.fenomist.com\/instagram-yorum-satin-al?amount=10&ps4\" class=\"stretched-link blog-product-slider\" target=\"_blank\"\n           tabindex=\"-1\"><\/a>\n        <div class=\"card-header btn-like-color btn-like-bg-color\">\n           <img decoding=\"async\" src=\"https:\/\/www.fenomist.com\/blog\/wp-content\/uploads\/instagram-takipci-slide.webp\" width=\"64\" height=\"64\">\n        <\/div>\n        <div class=\"card-body\">\n            <div class=\"best-name btn-like-color\">Instagram Yorum<\/div>\n            <div class=\"best-amount\">10<\/div>\n            <hr class=\"border-like\">\n        <\/div>\n        <div class=\"card-footer\">\n            <div class='best-discount'>%4 Discounted<\/div>            <div>\n                <p class='pricesClass pricesOld'> 30.08\u20ba <\/p>                <p class=\"h4 text-black\">28.85\u20ba<\/p>\n            <\/div>\n            <input type=\"button\" value=\"Buy Now\" class=\"btn-primary btn\">\n        <\/div>\n    <\/div>\n<\/div>\n<\/div>\n<div class=\"custom-pagination swiper-pagination\"><\/div>\n<\/div>\n<\/div>\n<\/div>\n<\/div>\n\n\n\n\n\n<h2 class=\"wp-block-heading\"><span class=\"ez-toc-section\" id=\"Facebook_Engel_Kaldirma\"><\/span><strong>Facebook Engel Kald\u0131rma<a href=\"http:\/\/www.instatakipci.com\/blog\/wp-content\/uploads\/2018\/06\/Facebook-Engel-Kaldirma-Sorunu.jpg\"><img loading=\"lazy\" decoding=\"async\" class=\"size-full wp-image-4989 alignright\" title=\"Facebook Engel Kald\u0131r\" src=\"https:\/\/www.fenomist.com\/blog\/wp-content\/uploads\/2018\/06\/Facebook-Engel-Kaldirma-Sorunu.jpg\" alt=\"facebook engel kaldir\" width=\"278\" height=\"181\" srcset=\"https:\/\/www.fenomist.com\/blog\/wp-content\/uploads\/2018\/06\/Facebook-Engel-Kaldirma-Sorunu.jpg 278w, https:\/\/www.fenomist.com\/blog\/wp-content\/uploads\/2018\/06\/Facebook-Engel-Kaldirma-Sorunu-30x20.jpg 30w\" sizes=\"(max-width: 278px) 100vw, 278px\" \/><\/a><\/strong><span class=\"ez-toc-section-end\"><\/span><\/h2>\n\n\n\n<p><a href=\"https:\/\/facebook.com\/\" target=\"_blank\" rel=\"noopener\">Facebook<\/a> sayfam\u0131za giri\u015f yapt\u0131ktan sonra ya da bir mobil cihaz \u00fczerinden Facebook hesab\u0131m\u0131za giri\u015f yapt\u0131ktan sonra engellemi\u015f oldu\u011funuz kullan\u0131c\u0131lara ula\u015fabilmek ve engellerini kald\u0131rmak i\u00e7in \u00f6ncelikle sa\u011f \u00fcst k\u0131s\u0131mda yer alan \u201dyard\u0131m\u201d se\u00e7ene\u011finin hemen sa\u011f\u0131nda bulunan butona bas\u0131n\u0131z. Daha sonra Ayarlar k\u0131sm\u0131na geldikten sonra sol k\u0131s\u0131mdaki panel \u00fczerinden \u201dEngelleme\u201d b\u00f6l\u00fcm\u00fcne gelin. Kar\u015f\u0131n\u0131za a\u00e7\u0131lacak olan sayfada <strong>Facebook engel kald\u0131rma <\/strong>yapabilmek i\u00e7in bu zamana kadar engellemi\u015f oldu\u011funuz b\u00fct\u00fcn Facebook kullan\u0131c\u0131lar\u0131n\u0131 bir liste \u015fekilde g\u00f6receksiniz. Buradan da istedi\u011finiz kullan\u0131c\u0131n\u0131n isminin yan\u0131nda bulunan engellemeyi kald\u0131rma se\u00e7ene\u011fine t\u0131klayarak <strong>Facebook engel kald\u0131rma<\/strong> i\u015flemini ger\u00e7ekle\u015ftirebilirsiniz. Daha \u00f6ncesinde engellemi\u015f oldu\u011funuz bir kullan\u0131c\u0131n\u0131n engelini kald\u0131rabilmek i\u015fte bu kadar kolay bir i\u015flem. Peki, engelleme yapmak istedi\u011finiz zaman ne yapman\u0131z gerekmektedir? Bu sorunun da cevab\u0131 <strong>Facebook engel kald\u0131rma <\/strong>kadar kolayd\u0131r. Engellemek istedi\u011finiz profilin \u00fczerine gelerek hemen sa\u011f k\u0131s\u0131mda bulunan engelle butonuna basarak kullan\u0131c\u0131y\u0131 engelleyebilirsiniz. Daha sonra pi\u015fman olur da engeli kald\u0131rmak isterseniz yukar\u0131da bahsetti\u011fimiz <strong>Facebook engel kald\u0131rma <\/strong>ad\u0131mlar\u0131n\u0131 izleyerek engelleri kald\u0131rabilirsiniz. Facebook Engel Kald\u0131rma Sorunu (Facebook Engeli Nas\u0131l Kald\u0131r\u0131l\u0131r?) Gelin yak\u0131ndan bakal\u0131m.<\/p>\n\n\n\n<h2 class=\"wp-block-heading\"><span class=\"ez-toc-section\" id=\"Facebook_Engelleme_Kisitlamasi_Var_midir\"><\/span><strong>Facebook Engelleme K\u0131s\u0131tlamas\u0131 Var m\u0131d\u0131r?<\/strong><span class=\"ez-toc-section-end\"><\/span><\/h2>\n\n\n\n<p>Facebook <strong>engelleme se\u00e7enekleri<\/strong> aras\u0131nda, ard\u0131 ard\u0131na yap\u0131lan engellemelere bir engel koymaktad\u0131r, nitekim bu do\u011fal bir y\u00f6ntem olarak da g\u00f6r\u00fclmemektedir. Yukar\u0131da bahsetti\u011fimiz gibi h\u0131zla geli\u015fen ve yenilenen Facebook mecras\u0131nda da son getirilen \u00f6zellikler aras\u0131na ne yaz\u0131k ki engelleme i\u00e7in bir s\u00fcre eklenmi\u015ftir. K\u0131sacas\u0131 Facebook\u2019ta bir kullan\u0131c\u0131y\u0131 engelledikten sonra tekrardan engelleyebilmeniz i\u00e7in aradan bir s\u00fcre ge\u00e7mesi gerekmektedir ki bu ge\u00e7mesi gereken s\u00fcre de 48 saat olmaktad\u0131r. Bu anlamda b\u00fct\u00fcn Facebook kullan\u0131c\u0131lar\u0131 olan \u015fah\u0131slar Facebook\u2019ta \u00f6nceden engellemi\u015f olup <strong>Facebook engel kald\u0131rma <\/strong>ad\u0131mlar\u0131n\u0131 izleyerek engeli kald\u0131rd\u0131ktan daha sonra da o ki\u015fiyi tekrar ve tekrar engelleyebilmesi i\u00e7in yukar\u0131da belirtti\u011fimiz 48 saatlik bu s\u00fcrenin ge\u00e7mesini beklemesi gerekmektedir. Facebook \u00fczerinde ya\u015fanan b\u00fcy\u00fck problemlerden biri olan engelleyememe problemi tam olarak da i\u015fte bu nedenden dolay\u0131 kaynaklanmaktad\u0131r.&nbsp; \u00c7\u00f6z\u00fcm\u00fc de 48 saatlik s\u00fcrenin ge\u00e7mesini beklemektir.<\/p>\n\n\n\n<p>K\u0131sacas\u0131 Facebook \u00fczerinde engelleme ve <strong>Facebook engel kald\u0131rma <\/strong>i\u015flemleri asl\u0131nda son derece kolay i\u015flemlerdir ancak bazen kullan\u0131c\u0131lar s\u00fcre engeline de tak\u0131labilmektedirler.<\/p>\n\n\n\n<p><a href=\"https:\/\/www.fenomist.com\/blog\/facebook-hesabiniz-gecici-olarak-kilitlendi\" target=\"_blank\" rel=\"noopener\">Facebook Hesap Kitlendi Sorunu<\/a> \u00e7\u00f6z\u00fcm\u00fc i\u00e7in ilgili blog yaz\u0131m\u0131z\u0131 okuyun!<\/p>\n\n\n\n<figure class=\"wp-block-image size-large\"><img loading=\"lazy\" decoding=\"async\" width=\"960\" height=\"640\" src=\"https:\/\/www.fenomist.com\/blog\/wp-content\/uploads\/facebook-engel-kaldirma-sorunu.jpg\" alt=\"Facebook engel kald\u0131rma sorunu\" class=\"wp-image-19259\" title=\"Facebook engel kald\u0131rma sorunu\" srcset=\"https:\/\/www.fenomist.com\/blog\/wp-content\/uploads\/facebook-engel-kaldirma-sorunu.jpg 960w, https:\/\/www.fenomist.com\/blog\/wp-content\/uploads\/facebook-engel-kaldirma-sorunu-480x320.jpg 480w, https:\/\/www.fenomist.com\/blog\/wp-content\/uploads\/facebook-engel-kaldirma-sorunu-192x128.jpg 192w, https:\/\/www.fenomist.com\/blog\/wp-content\/uploads\/facebook-engel-kaldirma-sorunu-768x512.jpg 768w\" sizes=\"(max-width: 960px) 100vw, 960px\" \/><\/figure>\n\n\n\n<h3 class=\"wp-block-heading\"><span class=\"ez-toc-section\" id=\"Facebook_Engel_Kaldirma_Sorunu\"><\/span><strong>Facebook Engel Kald\u0131rma Sorunu<\/strong><span class=\"ez-toc-section-end\"><\/span><\/h3>\n\n\n\n<p>Yukar\u0131da da belirtti\u011fimiz \u00fczere engel kald\u0131rma i\u015fleminde \u00f6ncelikle 48 saatlik s\u00fcrenin ge\u00e7mesini beklemelisiniz. Bu s\u00fcre dolduktan sonra da sorun ya\u015famaya devam ediyorsan\u0131z, \u00f6ncelikle internet ba\u011flant\u0131n\u0131z\u0131 kontrol etmelisiniz. Anl\u0131k ba\u011flant\u0131 sorunlar\u0131 nedeniyle engel kald\u0131rma i\u015flemini ger\u00e7ekle\u015ftiremiyor olabilirsiniz. Bu nedenle \u00f6ncelikle ba\u015fka bir sayfa a\u00e7arak internet durumunuzu kontrol etmelisiniz. \u0130nternette sorun ya\u015f\u0131yorsan\u0131z mobil veriden wi-fi ye ge\u00e7erek Facebook engel kald\u0131rma sorununu ortadan kald\u0131rabilirsiniz. <\/p>\n\n\n\n<p>Facebook ve di\u011fer sosyal medya uygulamalar\u0131nda ya\u015fad\u0131\u011f\u0131n\u0131z sorunlar\u0131 \u00e7\u00f6zmek i\u00e7in bizi takipte kal\u0131n. Sorunlar\u0131n\u0131zla ilgili bilgi almak i\u00e7in yorumlar k\u0131sm\u0131ndan bize ula\u015fabilirsiniz. <a href=\"https:\/\/www.fenomist.com\/blog\/facebook-musteri-hizmetleri\" target=\"_blank\" rel=\"noopener\">Facebook m\u00fc\u015fteri hizmetlerine<\/a> ula\u015fmak istiyorsan\u0131z yaz\u0131m\u0131z\u0131 okuyarak bilgi alabilirsiniz. Facebook sayfa be\u011feni ve <a href=\"https:\/\/www.facebook.com\/help\/\">Facebook<\/a> grup kat\u0131l\u0131mc\u0131s\u0131 sat\u0131n almak i\u00e7in bizimle ileti\u015fime ge\u00e7ebilirsiniz.<\/p>\n\n\n\n<figure class=\"wp-block-embed aligncenter is-type-video is-provider-youtube wp-block-embed-youtube wp-embed-aspect-16-9 wp-has-aspect-ratio\"><div class=\"wp-block-embed__wrapper\">\n<iframe title=\"Facebook Engel Kald\u0131rma | Facebook Engelleme - Facebook Engellenen Ki\u015fileri G\u00f6rme - #sosyalmedya\" width=\"640\" height=\"360\" src=\"https:\/\/www.youtube.com\/embed\/6pAAulfG6GU?feature=oembed\" frameborder=\"0\" allow=\"accelerometer; autoplay; clipboard-write; encrypted-media; gyroscope; picture-in-picture; web-share\" referrerpolicy=\"strict-origin-when-cross-origin\" allowfullscreen><\/iframe><script type=\"application\/ld+json\">\n    {\n      \"@context\": \"https:\/\/schema.org\",\n      \"@type\": \"VideoObject\",\n      \"name\": \"Facebook Engel Kald\u0131rma | Facebook Engelleme - Facebook Engellenen Ki\u015fileri G\u00f6rme - #sosyalmedya\",\n      \"description\": \"Facebook Engel Kald\u0131rma Sorunu (Facebook Engeli Nas\u0131l Kald\u0131r\u0131l\u0131r?)\",\n      \"thumbnailUrl\": \"https:\/\/i.ytimg.com\/vi_webp\/6pAAulfG6GU\/mqdefault.webp\",\n      \"embedUrl\": \"https:\/\/www.youtube.com\/embed\/6pAAulfG6GU?feature=oembed\",\n      \"uploadDate\": \"July 31, 2023 2:39 pm\"\n    }\n    <\/script>\n<\/div><\/figure>\n\n\n\n<p>E\u011fer Instagram uygulamas\u0131 kullan\u0131yorsan\u0131z ve bu uygulamada da engel kald\u0131rmay\u0131 \u00f6\u011frenmek istiyorsan\u0131z, <a href=\"https:\/\/www.fenomist.com\/blog\/instagram-engel-kaldirma\" target=\"_blank\" rel=\"noopener\">Instagram engel kald\u0131rma<\/a> yaz\u0131m\u0131z\u0131 okuyabilirsiniz.<\/p>\n\n\n\n<div class=\"schema-faq wp-block-yoast-faq-block\">      <\/div>\n\r\n\t\t\t<div id=\"daexthefu-container\"\r\n\t\t\t\tclass=\"daexthefu-container daexthefu-layout-side-by-side daexthefu-alignment-left\"\r\n\t\t\t\tdata-post-id=\"4987\">\r\n\r\n\t\t\t\t<div class=\"daexthefu-feedback\">\r\n\t\t\t\t\t<div class=\"daexthefu-text\">\r\n\t\t\t\t\t\t<h3 class=\"daexthefu-title\"><span class=\"ez-toc-section\" id=\"Bu_makale_faydali_miydi\"><\/span>Bu makale faydal\u0131 m\u0131yd\u0131?<span class=\"ez-toc-section-end\"><\/span><\/h3>\r\n\t\t\t\t\t<\/div>\r\n\t\t\t\t\t<div class=\"daexthefu-buttons-container\">\r\n\t\t\t\t\t\t<div class=\"daexthefu-buttons\">\r\n\t\t\t\t\t\t\t\r\n\t\t\t<div class=\"daexthefu-yes daexthefu-button daexthefu-button-type-text\" data-value=\"1\">\r\n\t\t\t\t<div class=\"daexthefu-button-text\">Faydal\u0131<\/div>\r\n\t\t\t<\/div>\r\n\r\n\t\t\t\t\t\t\t\t\t\t\r\n\t\t\t<div class=\"daexthefu-no daexthefu-button daexthefu-button-type-text\" data-value=\"0\">\r\n\t\t\t\t<div class=\"daexthefu-button-text\">Geli\u015ftirilmeli<\/div>\r\n\t\t\t<\/div>\r\n\r\n\t\t\t\t\t\t\t\t\t<\/div>\r\n\t\t\t\t\t<\/div>\r\n\t\t\t\t<\/div>\r\n\r\n\t\t\t\t<div class=\"daexthefu-comment\">\r\n\t\t\t\t\t<div class=\"daexthefu-comment-top-container\">\r\n\t\t\t\t\t\t<label id=\"daexthefu-comment-label\" class=\"daexthefu-comment-label\"><\/label>\r\n\t\t\t\t\t\t\t\t\t\t\t\t\t<div class=\"daexthefu-comment-character-counter-container\">\r\n\t\t\t\t\t\t\t\t<div id=\"daexthefu-comment-character-counter-number\"\r\n\t\t\t\t\t\t\t\t\tclass=\"daexthefu-comment-character-counter-number\"><\/div>\r\n\t\t\t\t\t\t\t\t<div class=\"daexthefu-comment-character-counter-text\"><\/div>\r\n\t\t\t\t\t\t\t<\/div>\r\n\t\t\t\t\t\t\t\t\t\t\t<\/div>\r\n\t\t\t\t\t<textarea id=\"daexthefu-comment-textarea\" class=\"daexthefu-comment-textarea\"\r\n\t\t\t\t\t\t\t\tplaceholder=\"Mesaj\u0131n\u0131z\u0131 giriniz\"\r\n\t\t\t\t\t\t\t\tmaxlength=\"\r\n\t\t\t\t\t\t\t\t400\t\t\t\t\t\t\t\t\t\"><\/textarea>\r\n\t\t\t\t\t<div class=\"daexthefu-comment-buttons-container\">\r\n\t\t\t\t\t\t<button class=\"daexthefu-comment-submit daexthefu-button\">G\u00f6nder<\/button>\r\n\t\t\t\t\t\t<button class=\"daexthefu-comment-cancel daexthefu-button\">\u0130ptal<\/button>\r\n\t\t\t\t\t<\/div>\r\n\t\t\t\t<\/div>\r\n\r\n\t\t\t\t<div class=\"daexthefu-successful-submission-text\">Geri bildirim i\u00e7in te\u015fekk\u00fcr ederiz!<\/div>\r\n\r\n\t\t\t<\/div>\r\n\r\n\t\t\t\n    <div class=\"container\">\n        <div class=\"faq accordion faq-drop\" id=\"accordion\">\n            <h2 class=\"accordion-title\"><span class=\"ez-toc-section\" id=\"Hakkinda_Sikca_Sorulan_Sorular\"><\/span> Hakk\u0131nda S\u0131k\u00e7a Sorulan Sorular<span class=\"ez-toc-section-end\"><\/span><\/h2>\n            <div class=\"col-md-12 faq-card\">\n                    <div class=\"card faq\">\n                        <div class=\"card-header collapsed d-flex justify-content-between align-items-center\" id=\"heading0\"\n                             data-toggle=\"collapse\" data-target=\"#collapse_0\" aria-expanded=\"true\" role=\"button\"\n                             aria-controls=\"collapse_0\">\n                            <div class=\"btn btn-link text-dark font-weight-bold\">\n                               Facebook Engel Ne Demektir? \n                            <\/div>\n                            <div class=\"btn-toogle\">\n                                <span><\/span>\n                                <span><\/span>\n                            <\/div>\n                        <\/div>\n                        <div id=\"collapse_0\" class=\"collapse\" aria-labelledby=\"heading0\" data-parent=\"#accordion\">\n                            <div class=\"card-body\">\n                                <p>Facebook \u00fczerinden sizinle ileti\u015fime ge\u00e7mesini istemedi\u011finiz, sizi g\u00f6rmesini istemedi\u011finiz ki\u015fileri engelleyebilirsiniz. Ayn\u0131 \u015fekilde di\u011fer facebook kullan\u0131c\u0131lar\u0131 da sizleri engelleyebilir.<\/p>\n                            <\/div>\n                        <\/div>\n                        <\/div>\n                        \n                    <div class=\"card faq\">\n                        <div class=\"card-header collapsed d-flex justify-content-between align-items-center\" id=\"heading1\"\n                             data-toggle=\"collapse\" data-target=\"#collapse_1\" aria-expanded=\"true\" role=\"button\"\n                             aria-controls=\"collapse_1\">\n                            <div class=\"btn btn-link text-dark font-weight-bold\">\n                               Bir Kullan\u0131c\u0131y\u0131 Tekrar Engelleyebilir Miyim?\n                            <\/div>\n                            <div class=\"btn-toogle\">\n                                <span><\/span>\n                                <span><\/span>\n                            <\/div>\n                        <\/div>\n                        <div id=\"collapse_1\" class=\"collapse\" aria-labelledby=\"heading1\" data-parent=\"#accordion\">\n                            <div class=\"card-body\">\n                                <p>Facebook \u00fczerinden bir kullan\u0131c\u0131n\u0131n engelini kald\u0131r\u0131p tekrar engelleyebilirsiniz. Ancak tekrar engellemeniz i\u00e7in aradan en az 48 saat ge\u00e7mesi gerekmektedir. <\/p>\n                            <\/div>\n                        <\/div>\n                        <\/div>\n                        \n                    <div class=\"card faq\">\n                        <div class=\"card-header collapsed d-flex justify-content-between align-items-center\" id=\"heading2\"\n                             data-toggle=\"collapse\" data-target=\"#collapse_2\" aria-expanded=\"true\" role=\"button\"\n                             aria-controls=\"collapse_2\">\n                            <div class=\"btn btn-link text-dark font-weight-bold\">\n                               Engel Kald\u0131rmada Sorun Ya\u015f\u0131yorum Ne Yapmal\u0131y\u0131m?\n                            <\/div>\n                            <div class=\"btn-toogle\">\n                                <span><\/span>\n                                <span><\/span>\n                            <\/div>\n                        <\/div>\n                        <div id=\"collapse_2\" class=\"collapse\" aria-labelledby=\"heading2\" data-parent=\"#accordion\">\n                            <div class=\"card-body\">\n                                <p>Baz\u0131 durumlarda engelledi\u011finiz kullan\u0131c\u0131n\u0131n engelini kald\u0131rmak i\u00e7in sorun ya\u015fayabilirsiniz. Bu durumda engelleme i\u015fleminin \u00fczerinden 48 saat ge\u00e7ti\u011finden emin olun. Daha sonra ise yaz\u0131m\u0131zda ki t\u00fcm y\u00f6ntemleri kullanarak sorunlar\u0131 \u00e7\u00f6zebilirsiniz.<\/p>\n                            <\/div>\n                        <\/div>\n                        <\/div>\n                        \n                    <div class=\"card faq\">\n                        <div class=\"card-header collapsed d-flex justify-content-between align-items-center\" id=\"heading3\"\n                             data-toggle=\"collapse\" data-target=\"#collapse_3\" aria-expanded=\"true\" role=\"button\"\n                             aria-controls=\"collapse_3\">\n                            <div class=\"btn btn-link text-dark font-weight-bold\">\n                               Facebook Engel S\u0131n\u0131r\u0131 Var m\u0131?\n                            <\/div>\n                            <div class=\"btn-toogle\">\n                                <span><\/span>\n                                <span><\/span>\n                            <\/div>\n                        <\/div>\n                        <div id=\"collapse_3\" class=\"collapse\" aria-labelledby=\"heading3\" data-parent=\"#accordion\">\n                            <div class=\"card-body\">\n                                <p>Facebook uygulamas\u0131nda uyman\u0131z gereken herhangi bir engel s\u0131n\u0131r\u0131 yoktur. <\/p>\n                            <\/div>\n                        <\/div>\n                        <\/div>\n                        \n                    <div class=\"card faq\">\n                        <div class=\"card-header collapsed d-flex justify-content-between align-items-center\" id=\"heading4\"\n                             data-toggle=\"collapse\" data-target=\"#collapse_4\" aria-expanded=\"true\" role=\"button\"\n                             aria-controls=\"collapse_4\">\n                            <div class=\"btn btn-link text-dark font-weight-bold\">\n                               Facebook Hesab\u0131m\u0131 Silersem Ne Olur?\n                            <\/div>\n                            <div class=\"btn-toogle\">\n                                <span><\/span>\n                                <span><\/span>\n                            <\/div>\n                        <\/div>\n                        <div id=\"collapse_4\" class=\"collapse\" aria-labelledby=\"heading4\" data-parent=\"#accordion\">\n                            <div class=\"card-body\">\n                                <p>Facebook hesab\u0131n\u0131z\u0131 silmeniz durumunda t\u00fcm bilgileriniz kal\u0131c\u0131 olarak ortadan kalkacakt\u0131r. <\/p>\n                            <\/div>\n                        <\/div>\n                        <\/div>\n                        \n                    <div class=\"card faq\">\n                        <div class=\"card-header collapsed d-flex justify-content-between align-items-center\" id=\"heading5\"\n                             data-toggle=\"collapse\" data-target=\"#collapse_5\" aria-expanded=\"true\" role=\"button\"\n                             aria-controls=\"collapse_5\">\n                            <div class=\"btn btn-link text-dark font-weight-bold\">\n                               Facebook Hesap Dondurma S\u00fcresi Var m\u0131?\n                            <\/div>\n                            <div class=\"btn-toogle\">\n                                <span><\/span>\n                                <span><\/span>\n                            <\/div>\n                        <\/div>\n                        <div id=\"collapse_5\" class=\"collapse\" aria-labelledby=\"heading5\" data-parent=\"#accordion\">\n                            <div class=\"card-body\">\n                                <p>Facebook hesaplar\u0131n\u0131z i\u00e7in belirli bir dondurma s\u00fcresi yoktur. Hesab\u0131n\u0131z istedi\u011finiz s\u00fcre pasif kalabilir.<\/p>\n                            <\/div>\n                        <\/div>\n                        <\/div>\n                        <\/div><\/div><\/div>","protected":false},"excerpt":{"rendered":"<p>Facebook kuruldu\u011fu ilk g\u00fcnden bu yana \u00e7ok muhte\u015fem bir h\u0131zla ilerlemeye ve geli\u015fmeye devam etmi\u015f, bunun yan\u0131nda her ge\u00e7en g\u00fcn kitlesini art\u0131rmay\u0131 ba\u015farm\u0131\u015ft\u0131r. Sosyal medyan\u0131n mega g\u00fcc\u00fc olan Facebook s\u00fcrekli kullan\u0131c\u0131 say\u0131s\u0131n\u0131 artt\u0131rm\u0131\u015ft\u0131r. Ancak ne yaz\u0131k ki sosyal medyan\u0131n bu kadar geli\u015fmesi ile art\u0131k hayat\u0131m\u0131z\u0131n bir par\u00e7as\u0131 haline gelen bu [&hellip;]<\/p>\n","protected":false},"author":1,"featured_media":4988,"comment_status":"open","ping_status":"closed","sticky":false,"template":"","format":"standard","meta":{"_helpful_status":1,"footnotes":""},"categories":[2816,1],"tags":[],"class_list":["post-4987","post","type-post","status-publish","format-standard","has-post-thumbnail","hentry","category-facebook-destek","category-sosyal-medya","entry"],"yoast_head":"<!-- This site is optimized with the Yoast SEO plugin v26.5 - https:\/\/yoast.com\/wordpress\/plugins\/seo\/ -->\n<title>Facebook Engeli Kald\u0131rma Sorunu (Nas\u0131l Kald\u0131r\u0131l\u0131r?) - Instatakipci<\/title>\n<meta name=\"description\" content=\"Facebook Engel Kald\u0131rma Sorunu (Facebook Engeli Nas\u0131l Kald\u0131r\u0131l\u0131r?) engel kald\u0131rma konusu i\u00e7in \u00e7ok basit bir ka\u00e7 yol izlememiz gerekmektedir.\" \/>\n<meta name=\"robots\" content=\"index, follow, max-snippet:-1, max-image-preview:large, max-video-preview:-1\" \/>\n<link rel=\"canonical\" href=\"https:\/\/www.fenomist.com\/blog\/facebook-engel-kaldirma\" \/>\n<meta property=\"og:locale\" content=\"tr_TR\" \/>\n<meta property=\"og:type\" content=\"article\" \/>\n<meta property=\"og:title\" content=\"Facebook Engeli Kald\u0131rma Sorunu (Nas\u0131l Kald\u0131r\u0131l\u0131r?) - Instatakipci\" \/>\n<meta property=\"og:description\" content=\"Facebook Engel Kald\u0131rma Sorunu (Facebook Engeli Nas\u0131l Kald\u0131r\u0131l\u0131r?) engel kald\u0131rma konusu i\u00e7in \u00e7ok basit bir ka\u00e7 yol izlememiz gerekmektedir.\" \/>\n<meta property=\"og:url\" content=\"https:\/\/www.fenomist.com\/blog\/facebook-engel-kaldirma\" \/>\n<meta property=\"og:site_name\" content=\"Instagram Takip\u00e7i Blog - Son Dakika Haberler\" \/>\n<meta property=\"article:publisher\" content=\"https:\/\/www.facebook.com\/fenomist\" \/>\n<meta property=\"article:published_time\" content=\"2018-06-18T16:26:40+00:00\" \/>\n<meta property=\"article:modified_time\" content=\"2023-07-31T14:39:42+00:00\" \/>\n<meta property=\"og:image\" content=\"https:\/\/www.fenomist.com\/blog\/wp-content\/uploads\/2018\/06\/Facebook-Engeli-Nasil-Kaldirilir.jpg\" \/>\n\t<meta property=\"og:image:width\" content=\"796\" \/>\n\t<meta property=\"og:image:height\" content=\"398\" \/>\n\t<meta property=\"og:image:type\" content=\"image\/jpeg\" \/>\n<meta name=\"author\" content=\"Enes Bulut\" \/>\n<meta name=\"twitter:card\" content=\"summary_large_image\" \/>\n<meta name=\"twitter:creator\" content=\"@bulut_enesss\" \/>\n<meta name=\"twitter:site\" content=\"@smipuclari\" \/>\n<meta name=\"twitter:label1\" content=\"Yazan:\" \/>\n\t<meta name=\"twitter:data1\" content=\"Enes Bulut\" \/>\n\t<meta name=\"twitter:label2\" content=\"Tahmini okuma s\u00fcresi\" \/>\n\t<meta name=\"twitter:data2\" content=\"6 dakika\" \/>\n<script type=\"application\/ld+json\" class=\"yoast-schema-graph\">{\"@context\":\"https:\/\/schema.org\",\"@graph\":[{\"@type\":\"Article\",\"@id\":\"https:\/\/www.fenomist.com\/blog\/facebook-engel-kaldirma#article\",\"isPartOf\":{\"@id\":\"https:\/\/www.fenomist.com\/blog\/facebook-engel-kaldirma\"},\"author\":{\"name\":\"Enes Bulut\",\"@id\":\"https:\/\/www.fenomist.com\/blog\/#\/schema\/person\/235d54527608230f6c9e9d95b6d15f99\"},\"headline\":\"Facebook Engel Kald\u0131rma Sorunu (Facebook Engeli Nas\u0131l Kald\u0131r\u0131l\u0131r?)\",\"datePublished\":\"2018-06-18T16:26:40+00:00\",\"dateModified\":\"2023-07-31T14:39:42+00:00\",\"mainEntityOfPage\":{\"@id\":\"https:\/\/www.fenomist.com\/blog\/facebook-engel-kaldirma\"},\"wordCount\":1218,\"commentCount\":23,\"publisher\":{\"@id\":\"https:\/\/www.fenomist.com\/blog\/#organization\"},\"image\":{\"@id\":\"https:\/\/www.fenomist.com\/blog\/facebook-engel-kaldirma#primaryimage\"},\"thumbnailUrl\":\"https:\/\/www.fenomist.com\/blog\/wp-content\/uploads\/2018\/06\/Facebook-Engeli-Nasil-Kaldirilir.jpg\",\"articleSection\":[\"Facebook Destek\",\"Sosyal Medya\"],\"inLanguage\":\"tr\",\"potentialAction\":[{\"@type\":\"CommentAction\",\"name\":\"Comment\",\"target\":[\"https:\/\/www.fenomist.com\/blog\/facebook-engel-kaldirma#respond\"]}]},{\"@type\":[\"WebPage\",\"FAQPage\"],\"@id\":\"https:\/\/www.fenomist.com\/blog\/facebook-engel-kaldirma\",\"url\":\"https:\/\/www.fenomist.com\/blog\/facebook-engel-kaldirma\",\"name\":\"Facebook Engeli Kald\u0131rma Sorunu (Nas\u0131l Kald\u0131r\u0131l\u0131r?) - Instatakipci\",\"isPartOf\":{\"@id\":\"https:\/\/www.fenomist.com\/blog\/#website\"},\"primaryImageOfPage\":{\"@id\":\"https:\/\/www.fenomist.com\/blog\/facebook-engel-kaldirma#primaryimage\"},\"image\":{\"@id\":\"https:\/\/www.fenomist.com\/blog\/facebook-engel-kaldirma#primaryimage\"},\"thumbnailUrl\":\"https:\/\/www.fenomist.com\/blog\/wp-content\/uploads\/2018\/06\/Facebook-Engeli-Nasil-Kaldirilir.jpg\",\"datePublished\":\"2018-06-18T16:26:40+00:00\",\"dateModified\":\"2023-07-31T14:39:42+00:00\",\"description\":\"Facebook Engel Kald\u0131rma Sorunu (Facebook Engeli Nas\u0131l Kald\u0131r\u0131l\u0131r?) engel kald\u0131rma konusu i\u00e7in \u00e7ok basit bir ka\u00e7 yol izlememiz gerekmektedir.\",\"breadcrumb\":{\"@id\":\"https:\/\/www.fenomist.com\/blog\/facebook-engel-kaldirma#breadcrumb\"},\"mainEntity\":[{\"@id\":\"https:\/\/www.fenomist.com\/blog\/facebook-engel-kaldirma#faq-question-1581335459255\"},{\"@id\":\"https:\/\/www.fenomist.com\/blog\/facebook-engel-kaldirma#faq-question-1581336517522\"},{\"@id\":\"https:\/\/www.fenomist.com\/blog\/facebook-engel-kaldirma#faq-question-1581336596777\"},{\"@id\":\"https:\/\/www.fenomist.com\/blog\/facebook-engel-kaldirma#faq-question-1597733333351\"},{\"@id\":\"https:\/\/www.fenomist.com\/blog\/facebook-engel-kaldirma#faq-question-1597733333452\"},{\"@id\":\"https:\/\/www.fenomist.com\/blog\/facebook-engel-kaldirma#faq-question-1597733333606\"}],\"inLanguage\":\"tr\",\"potentialAction\":[{\"@type\":\"ReadAction\",\"target\":[\"https:\/\/www.fenomist.com\/blog\/facebook-engel-kaldirma\"]}]},{\"@type\":\"ImageObject\",\"inLanguage\":\"tr\",\"@id\":\"https:\/\/www.fenomist.com\/blog\/facebook-engel-kaldirma#primaryimage\",\"url\":\"https:\/\/www.fenomist.com\/blog\/wp-content\/uploads\/2018\/06\/Facebook-Engeli-Nasil-Kaldirilir.jpg\",\"contentUrl\":\"https:\/\/www.fenomist.com\/blog\/wp-content\/uploads\/2018\/06\/Facebook-Engeli-Nasil-Kaldirilir.jpg\",\"width\":796,\"height\":398},{\"@type\":\"BreadcrumbList\",\"@id\":\"https:\/\/www.fenomist.com\/blog\/facebook-engel-kaldirma#breadcrumb\",\"itemListElement\":[{\"@type\":\"ListItem\",\"position\":1,\"name\":\"Ana sayfa\",\"item\":\"https:\/\/www.fenomist.com\/blog\"},{\"@type\":\"ListItem\",\"position\":2,\"name\":\"Sosyal Medya\",\"item\":\"https:\/\/www.fenomist.com\/blog\/sosyal-medya\"},{\"@type\":\"ListItem\",\"position\":3,\"name\":\"Facebook Engel Kald\u0131rma Sorunu (Facebook Engeli Nas\u0131l Kald\u0131r\u0131l\u0131r?)\"}]},{\"@type\":\"WebSite\",\"@id\":\"https:\/\/www.fenomist.com\/blog\/#website\",\"url\":\"https:\/\/www.fenomist.com\/blog\/\",\"name\":\"Sosyal Medya Haberleri - Son Dakika\",\"description\":\"Sosyal Medya Haberleri - Son Dakika\",\"publisher\":{\"@id\":\"https:\/\/www.fenomist.com\/blog\/#organization\"},\"alternateName\":\"fenomist.com\",\"potentialAction\":[{\"@type\":\"SearchAction\",\"target\":{\"@type\":\"EntryPoint\",\"urlTemplate\":\"https:\/\/www.fenomist.com\/blog\/?s={search_term_string}\"},\"query-input\":{\"@type\":\"PropertyValueSpecification\",\"valueRequired\":true,\"valueName\":\"search_term_string\"}}],\"inLanguage\":\"tr\"},{\"@type\":\"Organization\",\"@id\":\"https:\/\/www.fenomist.com\/blog\/#organization\",\"name\":\"Fenomist\",\"alternateName\":\"fenomist.com\",\"url\":\"https:\/\/www.fenomist.com\/blog\/\",\"logo\":{\"@type\":\"ImageObject\",\"inLanguage\":\"tr\",\"@id\":\"https:\/\/www.fenomist.com\/blog\/#\/schema\/logo\/image\/\",\"url\":\"https:\/\/www.fenomist.com\/blog\/wp-content\/uploads\/instagram-takipci-satin-al-blog.svg\",\"contentUrl\":\"https:\/\/www.fenomist.com\/blog\/wp-content\/uploads\/instagram-takipci-satin-al-blog.svg\",\"caption\":\"Fenomist\"},\"image\":{\"@id\":\"https:\/\/www.fenomist.com\/blog\/#\/schema\/logo\/image\/\"},\"sameAs\":[\"https:\/\/www.facebook.com\/fenomist\",\"https:\/\/x.com\/smipuclari\",\"https:\/\/www.instagram.com\/sosyal_fabrika\/\",\"https:\/\/tr.linkedin.com\/in\/instatakipcicom\",\"https:\/\/myspace.com\/instatakipci22\",\"https:\/\/fi.pinterest.com\/instatakipcisosyal\/\",\"https:\/\/www.youtube.com\/instatakipcicom\"]},{\"@type\":\"Person\",\"@id\":\"https:\/\/www.fenomist.com\/blog\/#\/schema\/person\/235d54527608230f6c9e9d95b6d15f99\",\"name\":\"Enes Bulut\",\"image\":{\"@type\":\"ImageObject\",\"inLanguage\":\"tr\",\"@id\":\"https:\/\/www.fenomist.com\/blog\/#\/schema\/person\/image\/\",\"url\":\"https:\/\/www.fenomist.com\/blog\/wp-content\/uploads\/enes-bulut-96x96.webp\",\"contentUrl\":\"https:\/\/www.fenomist.com\/blog\/wp-content\/uploads\/enes-bulut-96x96.webp\",\"caption\":\"Enes Bulut\"},\"description\":\"Ben Enes Bulut, 2014 y\u0131l\u0131nda Yeditepe \u00dcniversitesi Reklamc\u0131l\u0131k b\u00f6l\u00fcm\u00fcn\u00fc tamamlad\u0131ktan sonra \u0130\u00e7erik Yazarl\u0131\u011f\u0131 ve Edit\u00f6rl\u00fck alan\u0131na y\u00f6neldim. Bu alanda yakla\u015f\u0131k 6 y\u0131ld\u0131r fenomist.com b\u00fcnyesinde \u00e7al\u0131\u015f\u0131yorum. Sosyal medya ve dijital pazarlama uzmanl\u0131k alan\u0131m olmak \u00fczere bir\u00e7ok konuda \u00f6zg\u00fcn ve \u00f6zel i\u00e7erikler haz\u0131rl\u0131yorum.\",\"sameAs\":[\"https:\/\/www.fenomist.com\/blog\/author\/enesbulut\",\"https:\/\/x.com\/bulut_enesss\"],\"url\":\"https:\/\/www.fenomist.com\/blog\/author\/enesbulut\"},{\"@type\":\"Question\",\"@id\":\"https:\/\/www.fenomist.com\/blog\/facebook-engel-kaldirma#faq-question-1581335459255\",\"position\":1,\"url\":\"https:\/\/www.fenomist.com\/blog\/facebook-engel-kaldirma#faq-question-1581335459255\",\"name\":\"Facebook Engel Ne Demektir?\",\"answerCount\":1,\"acceptedAnswer\":{\"@type\":\"Answer\",\"text\":\"Facebook \u00fczerinden sizinle ileti\u015fime ge\u00e7mesini istemedi\u011finiz, sizi g\u00f6rmesini istemedi\u011finiz ki\u015fileri engelleyebilirsiniz. Ayn\u0131 \u015fekilde di\u011fer facebook kullan\u0131c\u0131lar\u0131 da sizleri engelleyebilir.\",\"inLanguage\":\"tr\"},\"inLanguage\":\"tr\"},{\"@type\":\"Question\",\"@id\":\"https:\/\/www.fenomist.com\/blog\/facebook-engel-kaldirma#faq-question-1581336517522\",\"position\":2,\"url\":\"https:\/\/www.fenomist.com\/blog\/facebook-engel-kaldirma#faq-question-1581336517522\",\"name\":\"Bir Kullan\u0131c\u0131y\u0131 Tekrar Engelleyebilir Miyim?\",\"answerCount\":1,\"acceptedAnswer\":{\"@type\":\"Answer\",\"text\":\"Facebook \u00fczerinden bir kullan\u0131c\u0131n\u0131n engelini kald\u0131r\u0131p tekrar engelleyebilirsiniz. Ancak tekrar engellemeniz i\u00e7in aradan en az 48 saat ge\u00e7mesi gerekmektedir. \",\"inLanguage\":\"tr\"},\"inLanguage\":\"tr\"},{\"@type\":\"Question\",\"@id\":\"https:\/\/www.fenomist.com\/blog\/facebook-engel-kaldirma#faq-question-1581336596777\",\"position\":3,\"url\":\"https:\/\/www.fenomist.com\/blog\/facebook-engel-kaldirma#faq-question-1581336596777\",\"name\":\"Engel Kald\u0131rmada Sorun Ya\u015f\u0131yorum Ne Yapmal\u0131y\u0131m?\",\"answerCount\":1,\"acceptedAnswer\":{\"@type\":\"Answer\",\"text\":\"Baz\u0131 durumlarda engelledi\u011finiz kullan\u0131c\u0131n\u0131n engelini kald\u0131rmak i\u00e7in sorun ya\u015fayabilirsiniz. Bu durumda engelleme i\u015fleminin \u00fczerinden 48 saat ge\u00e7ti\u011finden emin olun. Daha sonra ise yaz\u0131m\u0131zda ki t\u00fcm y\u00f6ntemleri kullanarak sorunlar\u0131 \u00e7\u00f6zebilirsiniz.\",\"inLanguage\":\"tr\"},\"inLanguage\":\"tr\"},{\"@type\":\"Question\",\"@id\":\"https:\/\/www.fenomist.com\/blog\/facebook-engel-kaldirma#faq-question-1597733333351\",\"position\":4,\"url\":\"https:\/\/www.fenomist.com\/blog\/facebook-engel-kaldirma#faq-question-1597733333351\",\"name\":\"Facebook Engel S\u0131n\u0131r\u0131 Var m\u0131?\",\"answerCount\":1,\"acceptedAnswer\":{\"@type\":\"Answer\",\"text\":\"Facebook uygulamas\u0131nda uyman\u0131z gereken herhangi bir engel s\u0131n\u0131r\u0131 yoktur. \",\"inLanguage\":\"tr\"},\"inLanguage\":\"tr\"},{\"@type\":\"Question\",\"@id\":\"https:\/\/www.fenomist.com\/blog\/facebook-engel-kaldirma#faq-question-1597733333452\",\"position\":5,\"url\":\"https:\/\/www.fenomist.com\/blog\/facebook-engel-kaldirma#faq-question-1597733333452\",\"name\":\"Facebook Hesab\u0131m\u0131 Silersem Ne Olur?\",\"answerCount\":1,\"acceptedAnswer\":{\"@type\":\"Answer\",\"text\":\"Facebook hesab\u0131n\u0131z\u0131 silmeniz durumunda t\u00fcm bilgileriniz kal\u0131c\u0131 olarak ortadan kalkacakt\u0131r. \",\"inLanguage\":\"tr\"},\"inLanguage\":\"tr\"},{\"@type\":\"Question\",\"@id\":\"https:\/\/www.fenomist.com\/blog\/facebook-engel-kaldirma#faq-question-1597733333606\",\"position\":6,\"url\":\"https:\/\/www.fenomist.com\/blog\/facebook-engel-kaldirma#faq-question-1597733333606\",\"name\":\"Facebook Hesap Dondurma S\u00fcresi Var m\u0131?\",\"answerCount\":1,\"acceptedAnswer\":{\"@type\":\"Answer\",\"text\":\"Facebook hesaplar\u0131n\u0131z i\u00e7in belirli bir dondurma s\u00fcresi yoktur. Hesab\u0131n\u0131z istedi\u011finiz s\u00fcre pasif kalabilir.\",\"inLanguage\":\"tr\"},\"inLanguage\":\"tr\"}]}<\/script>\n<!-- \/ Yoast SEO plugin. -->","yoast_head_json":{"title":"Facebook Engeli Kald\u0131rma Sorunu (Nas\u0131l Kald\u0131r\u0131l\u0131r?) - Instatakipci","description":"Facebook Engel Kald\u0131rma Sorunu (Facebook Engeli Nas\u0131l Kald\u0131r\u0131l\u0131r?) engel kald\u0131rma konusu i\u00e7in \u00e7ok basit bir ka\u00e7 yol izlememiz gerekmektedir.","robots":{"index":"index","follow":"follow","max-snippet":"max-snippet:-1","max-image-preview":"max-image-preview:large","max-video-preview":"max-video-preview:-1"},"canonical":"https:\/\/www.fenomist.com\/blog\/facebook-engel-kaldirma","og_locale":"tr_TR","og_type":"article","og_title":"Facebook Engeli Kald\u0131rma Sorunu (Nas\u0131l Kald\u0131r\u0131l\u0131r?) - Instatakipci","og_description":"Facebook Engel Kald\u0131rma Sorunu (Facebook Engeli Nas\u0131l Kald\u0131r\u0131l\u0131r?) engel kald\u0131rma konusu i\u00e7in \u00e7ok basit bir ka\u00e7 yol izlememiz gerekmektedir.","og_url":"https:\/\/www.fenomist.com\/blog\/facebook-engel-kaldirma","og_site_name":"Instagram Takip\u00e7i Blog - Son Dakika Haberler","article_publisher":"https:\/\/www.facebook.com\/fenomist","article_published_time":"2018-06-18T16:26:40+00:00","article_modified_time":"2023-07-31T14:39:42+00:00","og_image":[{"width":796,"height":398,"url":"https:\/\/www.fenomist.com\/blog\/wp-content\/uploads\/2018\/06\/Facebook-Engeli-Nasil-Kaldirilir.jpg","type":"image\/jpeg"}],"author":"Enes Bulut","twitter_card":"summary_large_image","twitter_creator":"@bulut_enesss","twitter_site":"@smipuclari","twitter_misc":{"Yazan:":"Enes Bulut","Tahmini okuma s\u00fcresi":"6 dakika"},"schema":{"@context":"https:\/\/schema.org","@graph":[{"@type":"Article","@id":"https:\/\/www.fenomist.com\/blog\/facebook-engel-kaldirma#article","isPartOf":{"@id":"https:\/\/www.fenomist.com\/blog\/facebook-engel-kaldirma"},"author":{"name":"Enes Bulut","@id":"https:\/\/www.fenomist.com\/blog\/#\/schema\/person\/235d54527608230f6c9e9d95b6d15f99"},"headline":"Facebook Engel Kald\u0131rma Sorunu (Facebook Engeli Nas\u0131l Kald\u0131r\u0131l\u0131r?)","datePublished":"2018-06-18T16:26:40+00:00","dateModified":"2023-07-31T14:39:42+00:00","mainEntityOfPage":{"@id":"https:\/\/www.fenomist.com\/blog\/facebook-engel-kaldirma"},"wordCount":1218,"commentCount":23,"publisher":{"@id":"https:\/\/www.fenomist.com\/blog\/#organization"},"image":{"@id":"https:\/\/www.fenomist.com\/blog\/facebook-engel-kaldirma#primaryimage"},"thumbnailUrl":"https:\/\/www.fenomist.com\/blog\/wp-content\/uploads\/2018\/06\/Facebook-Engeli-Nasil-Kaldirilir.jpg","articleSection":["Facebook Destek","Sosyal Medya"],"inLanguage":"tr","potentialAction":[{"@type":"CommentAction","name":"Comment","target":["https:\/\/www.fenomist.com\/blog\/facebook-engel-kaldirma#respond"]}]},{"@type":["WebPage","FAQPage"],"@id":"https:\/\/www.fenomist.com\/blog\/facebook-engel-kaldirma","url":"https:\/\/www.fenomist.com\/blog\/facebook-engel-kaldirma","name":"Facebook Engeli Kald\u0131rma Sorunu (Nas\u0131l Kald\u0131r\u0131l\u0131r?) - Instatakipci","isPartOf":{"@id":"https:\/\/www.fenomist.com\/blog\/#website"},"primaryImageOfPage":{"@id":"https:\/\/www.fenomist.com\/blog\/facebook-engel-kaldirma#primaryimage"},"image":{"@id":"https:\/\/www.fenomist.com\/blog\/facebook-engel-kaldirma#primaryimage"},"thumbnailUrl":"https:\/\/www.fenomist.com\/blog\/wp-content\/uploads\/2018\/06\/Facebook-Engeli-Nasil-Kaldirilir.jpg","datePublished":"2018-06-18T16:26:40+00:00","dateModified":"2023-07-31T14:39:42+00:00","description":"Facebook Engel Kald\u0131rma Sorunu (Facebook Engeli Nas\u0131l Kald\u0131r\u0131l\u0131r?) engel kald\u0131rma konusu i\u00e7in \u00e7ok basit bir ka\u00e7 yol izlememiz gerekmektedir.","breadcrumb":{"@id":"https:\/\/www.fenomist.com\/blog\/facebook-engel-kaldirma#breadcrumb"},"mainEntity":[{"@id":"https:\/\/www.fenomist.com\/blog\/facebook-engel-kaldirma#faq-question-1581335459255"},{"@id":"https:\/\/www.fenomist.com\/blog\/facebook-engel-kaldirma#faq-question-1581336517522"},{"@id":"https:\/\/www.fenomist.com\/blog\/facebook-engel-kaldirma#faq-question-1581336596777"},{"@id":"https:\/\/www.fenomist.com\/blog\/facebook-engel-kaldirma#faq-question-1597733333351"},{"@id":"https:\/\/www.fenomist.com\/blog\/facebook-engel-kaldirma#faq-question-1597733333452"},{"@id":"https:\/\/www.fenomist.com\/blog\/facebook-engel-kaldirma#faq-question-1597733333606"}],"inLanguage":"tr","potentialAction":[{"@type":"ReadAction","target":["https:\/\/www.fenomist.com\/blog\/facebook-engel-kaldirma"]}]},{"@type":"ImageObject","inLanguage":"tr","@id":"https:\/\/www.fenomist.com\/blog\/facebook-engel-kaldirma#primaryimage","url":"https:\/\/www.fenomist.com\/blog\/wp-content\/uploads\/2018\/06\/Facebook-Engeli-Nasil-Kaldirilir.jpg","contentUrl":"https:\/\/www.fenomist.com\/blog\/wp-content\/uploads\/2018\/06\/Facebook-Engeli-Nasil-Kaldirilir.jpg","width":796,"height":398},{"@type":"BreadcrumbList","@id":"https:\/\/www.fenomist.com\/blog\/facebook-engel-kaldirma#breadcrumb","itemListElement":[{"@type":"ListItem","position":1,"name":"Ana sayfa","item":"https:\/\/www.fenomist.com\/blog"},{"@type":"ListItem","position":2,"name":"Sosyal Medya","item":"https:\/\/www.fenomist.com\/blog\/sosyal-medya"},{"@type":"ListItem","position":3,"name":"Facebook Engel Kald\u0131rma Sorunu (Facebook Engeli Nas\u0131l Kald\u0131r\u0131l\u0131r?)"}]},{"@type":"WebSite","@id":"https:\/\/www.fenomist.com\/blog\/#website","url":"https:\/\/www.fenomist.com\/blog\/","name":"Sosyal Medya Haberleri - Son Dakika","description":"Sosyal Medya Haberleri - Son Dakika","publisher":{"@id":"https:\/\/www.fenomist.com\/blog\/#organization"},"alternateName":"fenomist.com","potentialAction":[{"@type":"SearchAction","target":{"@type":"EntryPoint","urlTemplate":"https:\/\/www.fenomist.com\/blog\/?s={search_term_string}"},"query-input":{"@type":"PropertyValueSpecification","valueRequired":true,"valueName":"search_term_string"}}],"inLanguage":"tr"},{"@type":"Organization","@id":"https:\/\/www.fenomist.com\/blog\/#organization","name":"Fenomist","alternateName":"fenomist.com","url":"https:\/\/www.fenomist.com\/blog\/","logo":{"@type":"ImageObject","inLanguage":"tr","@id":"https:\/\/www.fenomist.com\/blog\/#\/schema\/logo\/image\/","url":"https:\/\/www.fenomist.com\/blog\/wp-content\/uploads\/instagram-takipci-satin-al-blog.svg","contentUrl":"https:\/\/www.fenomist.com\/blog\/wp-content\/uploads\/instagram-takipci-satin-al-blog.svg","caption":"Fenomist"},"image":{"@id":"https:\/\/www.fenomist.com\/blog\/#\/schema\/logo\/image\/"},"sameAs":["https:\/\/www.facebook.com\/fenomist","https:\/\/x.com\/smipuclari","https:\/\/www.instagram.com\/sosyal_fabrika\/","https:\/\/tr.linkedin.com\/in\/instatakipcicom","https:\/\/myspace.com\/instatakipci22","https:\/\/fi.pinterest.com\/instatakipcisosyal\/","https:\/\/www.youtube.com\/instatakipcicom"]},{"@type":"Person","@id":"https:\/\/www.fenomist.com\/blog\/#\/schema\/person\/235d54527608230f6c9e9d95b6d15f99","name":"Enes Bulut","image":{"@type":"ImageObject","inLanguage":"tr","@id":"https:\/\/www.fenomist.com\/blog\/#\/schema\/person\/image\/","url":"https:\/\/www.fenomist.com\/blog\/wp-content\/uploads\/enes-bulut-96x96.webp","contentUrl":"https:\/\/www.fenomist.com\/blog\/wp-content\/uploads\/enes-bulut-96x96.webp","caption":"Enes Bulut"},"description":"Ben Enes Bulut, 2014 y\u0131l\u0131nda Yeditepe \u00dcniversitesi Reklamc\u0131l\u0131k b\u00f6l\u00fcm\u00fcn\u00fc tamamlad\u0131ktan sonra \u0130\u00e7erik Yazarl\u0131\u011f\u0131 ve Edit\u00f6rl\u00fck alan\u0131na y\u00f6neldim. Bu alanda yakla\u015f\u0131k 6 y\u0131ld\u0131r fenomist.com b\u00fcnyesinde \u00e7al\u0131\u015f\u0131yorum. Sosyal medya ve dijital pazarlama uzmanl\u0131k alan\u0131m olmak \u00fczere bir\u00e7ok konuda \u00f6zg\u00fcn ve \u00f6zel i\u00e7erikler haz\u0131rl\u0131yorum.","sameAs":["https:\/\/www.fenomist.com\/blog\/author\/enesbulut","https:\/\/x.com\/bulut_enesss"],"url":"https:\/\/www.fenomist.com\/blog\/author\/enesbulut"},{"@type":"Question","@id":"https:\/\/www.fenomist.com\/blog\/facebook-engel-kaldirma#faq-question-1581335459255","position":1,"url":"https:\/\/www.fenomist.com\/blog\/facebook-engel-kaldirma#faq-question-1581335459255","name":"Facebook Engel Ne Demektir?","answerCount":1,"acceptedAnswer":{"@type":"Answer","text":"Facebook \u00fczerinden sizinle ileti\u015fime ge\u00e7mesini istemedi\u011finiz, sizi g\u00f6rmesini istemedi\u011finiz ki\u015fileri engelleyebilirsiniz. Ayn\u0131 \u015fekilde di\u011fer facebook kullan\u0131c\u0131lar\u0131 da sizleri engelleyebilir.","inLanguage":"tr"},"inLanguage":"tr"},{"@type":"Question","@id":"https:\/\/www.fenomist.com\/blog\/facebook-engel-kaldirma#faq-question-1581336517522","position":2,"url":"https:\/\/www.fenomist.com\/blog\/facebook-engel-kaldirma#faq-question-1581336517522","name":"Bir Kullan\u0131c\u0131y\u0131 Tekrar Engelleyebilir Miyim?","answerCount":1,"acceptedAnswer":{"@type":"Answer","text":"Facebook \u00fczerinden bir kullan\u0131c\u0131n\u0131n engelini kald\u0131r\u0131p tekrar engelleyebilirsiniz. Ancak tekrar engellemeniz i\u00e7in aradan en az 48 saat ge\u00e7mesi gerekmektedir. ","inLanguage":"tr"},"inLanguage":"tr"},{"@type":"Question","@id":"https:\/\/www.fenomist.com\/blog\/facebook-engel-kaldirma#faq-question-1581336596777","position":3,"url":"https:\/\/www.fenomist.com\/blog\/facebook-engel-kaldirma#faq-question-1581336596777","name":"Engel Kald\u0131rmada Sorun Ya\u015f\u0131yorum Ne Yapmal\u0131y\u0131m?","answerCount":1,"acceptedAnswer":{"@type":"Answer","text":"Baz\u0131 durumlarda engelledi\u011finiz kullan\u0131c\u0131n\u0131n engelini kald\u0131rmak i\u00e7in sorun ya\u015fayabilirsiniz. Bu durumda engelleme i\u015fleminin \u00fczerinden 48 saat ge\u00e7ti\u011finden emin olun. Daha sonra ise yaz\u0131m\u0131zda ki t\u00fcm y\u00f6ntemleri kullanarak sorunlar\u0131 \u00e7\u00f6zebilirsiniz.","inLanguage":"tr"},"inLanguage":"tr"},{"@type":"Question","@id":"https:\/\/www.fenomist.com\/blog\/facebook-engel-kaldirma#faq-question-1597733333351","position":4,"url":"https:\/\/www.fenomist.com\/blog\/facebook-engel-kaldirma#faq-question-1597733333351","name":"Facebook Engel S\u0131n\u0131r\u0131 Var m\u0131?","answerCount":1,"acceptedAnswer":{"@type":"Answer","text":"Facebook uygulamas\u0131nda uyman\u0131z gereken herhangi bir engel s\u0131n\u0131r\u0131 yoktur. ","inLanguage":"tr"},"inLanguage":"tr"},{"@type":"Question","@id":"https:\/\/www.fenomist.com\/blog\/facebook-engel-kaldirma#faq-question-1597733333452","position":5,"url":"https:\/\/www.fenomist.com\/blog\/facebook-engel-kaldirma#faq-question-1597733333452","name":"Facebook Hesab\u0131m\u0131 Silersem Ne Olur?","answerCount":1,"acceptedAnswer":{"@type":"Answer","text":"Facebook hesab\u0131n\u0131z\u0131 silmeniz durumunda t\u00fcm bilgileriniz kal\u0131c\u0131 olarak ortadan kalkacakt\u0131r. ","inLanguage":"tr"},"inLanguage":"tr"},{"@type":"Question","@id":"https:\/\/www.fenomist.com\/blog\/facebook-engel-kaldirma#faq-question-1597733333606","position":6,"url":"https:\/\/www.fenomist.com\/blog\/facebook-engel-kaldirma#faq-question-1597733333606","name":"Facebook Hesap Dondurma S\u00fcresi Var m\u0131?","answerCount":1,"acceptedAnswer":{"@type":"Answer","text":"Facebook hesaplar\u0131n\u0131z i\u00e7in belirli bir dondurma s\u00fcresi yoktur. Hesab\u0131n\u0131z istedi\u011finiz s\u00fcre pasif kalabilir.","inLanguage":"tr"},"inLanguage":"tr"}]}},"_links":{"self":[{"href":"https:\/\/www.fenomist.com\/blog\/wp-json\/wp\/v2\/posts\/4987","targetHints":{"allow":["GET"]}}],"collection":[{"href":"https:\/\/www.fenomist.com\/blog\/wp-json\/wp\/v2\/posts"}],"about":[{"href":"https:\/\/www.fenomist.com\/blog\/wp-json\/wp\/v2\/types\/post"}],"author":[{"embeddable":true,"href":"https:\/\/www.fenomist.com\/blog\/wp-json\/wp\/v2\/users\/1"}],"replies":[{"embeddable":true,"href":"https:\/\/www.fenomist.com\/blog\/wp-json\/wp\/v2\/comments?post=4987"}],"version-history":[{"count":7,"href":"https:\/\/www.fenomist.com\/blog\/wp-json\/wp\/v2\/posts\/4987\/revisions"}],"predecessor-version":[{"id":43435,"href":"https:\/\/www.fenomist.com\/blog\/wp-json\/wp\/v2\/posts\/4987\/revisions\/43435"}],"wp:featuredmedia":[{"embeddable":true,"href":"https:\/\/www.fenomist.com\/blog\/wp-json\/wp\/v2\/media\/4988"}],"wp:attachment":[{"href":"https:\/\/www.fenomist.com\/blog\/wp-json\/wp\/v2\/media?parent=4987"}],"wp:term":[{"taxonomy":"category","embeddable":true,"href":"https:\/\/www.fenomist.com\/blog\/wp-json\/wp\/v2\/categories?post=4987"},{"taxonomy":"post_tag","embeddable":true,"href":"https:\/\/www.fenomist.com\/blog\/wp-json\/wp\/v2\/tags?post=4987"}],"curies":[{"name":"wp","href":"https:\/\/api.w.org\/{rel}","templated":true}]}}